{"id":474,"date":"2024-12-09T17:13:25","date_gmt":"2024-12-09T16:13:25","guid":{"rendered":"https:\/\/portail-animation.ufcv.fr\/accueil-loisirs-hom\/?p=474"},"modified":"2024-12-09T17:13:25","modified_gmt":"2024-12-09T16:13:25","slug":"ouverture-reservations-mercredis-2025","status":"publish","type":"post","link":"https:\/\/portail-animation.ufcv.fr\/accueil-loisirs-hom\/2024\/12\/09\/ouverture-reservations-mercredis-2025\/","title":{"rendered":"Ouverture R\u00e9servations Mercredis 2025"},"content":{"rendered":"\n<p>Les r\u00e9servations pour les mercredis du 8 janvier au 5 f\u00e9vrier 2025 s&rsquo;ouvriront le mercredi 11 d\u00e9cembre \u00e0 12h30.<\/p>\n","protected":false},"excerpt":{"rendered":"<p>Les r\u00e9servations pour les mercredis du 8 janvier au 5 f\u00e9vrier 2025 s&rsquo;ouvriront le mercredi 11 d\u00e9cembre \u00e0 12h30.<\/p>\n","protected":false},"author":74,"featured_media":475,"comment_status":"open","ping_status":"open","sticky":false,"template":"","format":"standard","meta":{"_acf_changed":false,"footnotes":""},"categories":[1],"tags":[],"class_list":["post-474","post","type-post","status-publish","format-standard","has-post-thumbnail","hentry","category-non-classe"],"acf":[],"yoast_head":"<!-- This site is optimized with the Yoast SEO plugin v23.9 - https:\/\/yoast.com\/wordpress\/plugins\/seo\/ -->\r\n<title>Ouverture R\u00e9servations Mercredis 2025 - Accueil de loisirs du Hom<\/title>\r\n<meta name=\"robots\" content=\"index, follow, max-snippet:-1, max-image-preview:large, max-video-preview:-1\" \/>\r\n<link rel=\"canonical\" href=\"https:\/\/portail-animation.ufcv.fr\/accueil-loisirs-hom\/2024\/12\/09\/ouverture-reservations-mercredis-2025\/\" \/>\r\n<meta property=\"og:locale\" content=\"fr_FR\" \/>\r\n<meta property=\"og:type\" content=\"article\" \/>\r\n<meta property=\"og:title\" content=\"Ouverture R\u00e9servations Mercredis 2025 - Accueil de loisirs du Hom\" \/>\r\n<meta property=\"og:description\" content=\"Les r\u00e9servations pour les mercredis du 8 janvier au 5 f\u00e9vrier 2025 s&rsquo;ouvriront le mercredi 11 d\u00e9cembre \u00e0 12h30.\" \/>\r\n<meta property=\"og:url\" content=\"https:\/\/portail-animation.ufcv.fr\/accueil-loisirs-hom\/2024\/12\/09\/ouverture-reservations-mercredis-2025\/\" \/>\r\n<meta property=\"og:site_name\" content=\"Accueil de loisirs du Hom\" \/>\r\n<meta property=\"article:published_time\" content=\"2024-12-09T16:13:25+00:00\" \/>\r\n<meta name=\"author\" content=\"dboudineau\" \/>\r\n<meta name=\"twitter:card\" content=\"summary_large_image\" \/>\r\n<meta name=\"twitter:label1\" content=\"\u00c9crit par\" \/>\n\t<meta name=\"twitter:data1\" content=\"dboudineau\" \/>\r\n<script type=\"application\/ld+json\" class=\"yoast-schema-graph\">{\"@context\":\"https:\/\/schema.org\",\"@graph\":[{\"@type\":\"WebPage\",\"@id\":\"https:\/\/portail-animation.ufcv.fr\/accueil-loisirs-hom\/2024\/12\/09\/ouverture-reservations-mercredis-2025\/\",\"url\":\"https:\/\/portail-animation.ufcv.fr\/accueil-loisirs-hom\/2024\/12\/09\/ouverture-reservations-mercredis-2025\/\",\"name\":\"Ouverture R\u00e9servations Mercredis 2025 - Accueil de loisirs du Hom\",\"isPartOf\":{\"@id\":\"https:\/\/portail-animation.ufcv.fr\/accueil-loisirs-hom\/#website\"},\"primaryImageOfPage\":{\"@id\":\"https:\/\/portail-animation.ufcv.fr\/accueil-loisirs-hom\/2024\/12\/09\/ouverture-reservations-mercredis-2025\/#primaryimage\"},\"image\":{\"@id\":\"https:\/\/portail-animation.ufcv.fr\/accueil-loisirs-hom\/2024\/12\/09\/ouverture-reservations-mercredis-2025\/#primaryimage\"},\"thumbnailUrl\":\"https:\/\/portail-animation.ufcv.fr\/accueil-loisirs-hom\/wp-content\/uploads\/sites\/159\/2024\/12\/RESERVATIONS-MERCREDIS-2025-bis.jpg\",\"datePublished\":\"2024-12-09T16:13:25+00:00\",\"dateModified\":\"2024-12-09T16:13:25+00:00\",\"author\":{\"@id\":\"https:\/\/portail-animation.ufcv.fr\/accueil-loisirs-hom\/#\/schema\/person\/ef5d74057e9dc13bf0e01621fa93829e\"},\"breadcrumb\":{\"@id\":\"https:\/\/portail-animation.ufcv.fr\/accueil-loisirs-hom\/2024\/12\/09\/ouverture-reservations-mercredis-2025\/#breadcrumb\"},\"inLanguage\":\"fr-FR\",\"potentialAction\":[{\"@type\":\"ReadAction\",\"target\":[\"https:\/\/portail-animation.ufcv.fr\/accueil-loisirs-hom\/2024\/12\/09\/ouverture-reservations-mercredis-2025\/\"]}]},{\"@type\":\"ImageObject\",\"inLanguage\":\"fr-FR\",\"@id\":\"https:\/\/portail-animation.ufcv.fr\/accueil-loisirs-hom\/2024\/12\/09\/ouverture-reservations-mercredis-2025\/#primaryimage\",\"url\":\"https:\/\/portail-animation.ufcv.fr\/accueil-loisirs-hom\/wp-content\/uploads\/sites\/159\/2024\/12\/RESERVATIONS-MERCREDIS-2025-bis.jpg\",\"contentUrl\":\"https:\/\/portail-animation.ufcv.fr\/accueil-loisirs-hom\/wp-content\/uploads\/sites\/159\/2024\/12\/RESERVATIONS-MERCREDIS-2025-bis.jpg\",\"width\":1280,\"height\":720},{\"@type\":\"BreadcrumbList\",\"@id\":\"https:\/\/portail-animation.ufcv.fr\/accueil-loisirs-hom\/2024\/12\/09\/ouverture-reservations-mercredis-2025\/#breadcrumb\",\"itemListElement\":[{\"@type\":\"ListItem\",\"position\":1,\"name\":\"Accueil\",\"item\":\"https:\/\/portail-animation.ufcv.fr\/accueil-loisirs-hom\/\"},{\"@type\":\"ListItem\",\"position\":2,\"name\":\"Ouverture R\u00e9servations Mercredis 2025\"}]},{\"@type\":\"WebSite\",\"@id\":\"https:\/\/portail-animation.ufcv.fr\/accueil-loisirs-hom\/#website\",\"url\":\"https:\/\/portail-animation.ufcv.fr\/accueil-loisirs-hom\/\",\"name\":\"Accueil de loisirs du Hom\",\"description\":\"Un site utilisant R\u00e9seau Portail Animation\",\"potentialAction\":[{\"@type\":\"SearchAction\",\"target\":{\"@type\":\"EntryPoint\",\"urlTemplate\":\"https:\/\/portail-animation.ufcv.fr\/accueil-loisirs-hom\/?s={search_term_string}\"},\"query-input\":{\"@type\":\"PropertyValueSpecification\",\"valueRequired\":true,\"valueName\":\"search_term_string\"}}],\"inLanguage\":\"fr-FR\"},{\"@type\":\"Person\",\"@id\":\"https:\/\/portail-animation.ufcv.fr\/accueil-loisirs-hom\/#\/schema\/person\/ef5d74057e9dc13bf0e01621fa93829e\",\"name\":\"dboudineau\",\"image\":{\"@type\":\"ImageObject\",\"inLanguage\":\"fr-FR\",\"@id\":\"https:\/\/portail-animation.ufcv.fr\/accueil-loisirs-hom\/#\/schema\/person\/image\/\",\"url\":\"https:\/\/secure.gravatar.com\/avatar\/5dbed005cf7790b1e2622a0138948505?s=96&d=mm&r=g\",\"contentUrl\":\"https:\/\/secure.gravatar.com\/avatar\/5dbed005cf7790b1e2622a0138948505?s=96&d=mm&r=g\",\"caption\":\"dboudineau\"},\"url\":\"https:\/\/portail-animation.ufcv.fr\/accueil-loisirs-hom\/author\/dboudineau\/\"}]}<\/script>\r\n<!-- \/ Yoast SEO plugin. -->","yoast_head_json":{"title":"Ouverture R\u00e9servations Mercredis 2025 - Accueil de loisirs du Hom","robots":{"index":"index","follow":"follow","max-snippet":"max-snippet:-1","max-image-preview":"max-image-preview:large","max-video-preview":"max-video-preview:-1"},"canonical":"https:\/\/portail-animation.ufcv.fr\/accueil-loisirs-hom\/2024\/12\/09\/ouverture-reservations-mercredis-2025\/","og_locale":"fr_FR","og_type":"article","og_title":"Ouverture R\u00e9servations Mercredis 2025 - Accueil de loisirs du Hom","og_description":"Les r\u00e9servations pour les mercredis du 8 janvier au 5 f\u00e9vrier 2025 s&rsquo;ouvriront le mercredi 11 d\u00e9cembre \u00e0 12h30.","og_url":"https:\/\/portail-animation.ufcv.fr\/accueil-loisirs-hom\/2024\/12\/09\/ouverture-reservations-mercredis-2025\/","og_site_name":"Accueil de loisirs du Hom","article_published_time":"2024-12-09T16:13:25+00:00","author":"dboudineau","twitter_card":"summary_large_image","twitter_misc":{"\u00c9crit par":"dboudineau"},"schema":{"@context":"https:\/\/schema.org","@graph":[{"@type":"WebPage","@id":"https:\/\/portail-animation.ufcv.fr\/accueil-loisirs-hom\/2024\/12\/09\/ouverture-reservations-mercredis-2025\/","url":"https:\/\/portail-animation.ufcv.fr\/accueil-loisirs-hom\/2024\/12\/09\/ouverture-reservations-mercredis-2025\/","name":"Ouverture R\u00e9servations Mercredis 2025 - Accueil de loisirs du Hom","isPartOf":{"@id":"https:\/\/portail-animation.ufcv.fr\/accueil-loisirs-hom\/#website"},"primaryImageOfPage":{"@id":"https:\/\/portail-animation.ufcv.fr\/accueil-loisirs-hom\/2024\/12\/09\/ouverture-reservations-mercredis-2025\/#primaryimage"},"image":{"@id":"https:\/\/portail-animation.ufcv.fr\/accueil-loisirs-hom\/2024\/12\/09\/ouverture-reservations-mercredis-2025\/#primaryimage"},"thumbnailUrl":"https:\/\/portail-animation.ufcv.fr\/accueil-loisirs-hom\/wp-content\/uploads\/sites\/159\/2024\/12\/RESERVATIONS-MERCREDIS-2025-bis.jpg","datePublished":"2024-12-09T16:13:25+00:00","dateModified":"2024-12-09T16:13:25+00:00","author":{"@id":"https:\/\/portail-animation.ufcv.fr\/accueil-loisirs-hom\/#\/schema\/person\/ef5d74057e9dc13bf0e01621fa93829e"},"breadcrumb":{"@id":"https:\/\/portail-animation.ufcv.fr\/accueil-loisirs-hom\/2024\/12\/09\/ouverture-reservations-mercredis-2025\/#breadcrumb"},"inLanguage":"fr-FR","potentialAction":[{"@type":"ReadAction","target":["https:\/\/portail-animation.ufcv.fr\/accueil-loisirs-hom\/2024\/12\/09\/ouverture-reservations-mercredis-2025\/"]}]},{"@type":"ImageObject","inLanguage":"fr-FR","@id":"https:\/\/portail-animation.ufcv.fr\/accueil-loisirs-hom\/2024\/12\/09\/ouverture-reservations-mercredis-2025\/#primaryimage","url":"https:\/\/portail-animation.ufcv.fr\/accueil-loisirs-hom\/wp-content\/uploads\/sites\/159\/2024\/12\/RESERVATIONS-MERCREDIS-2025-bis.jpg","contentUrl":"https:\/\/portail-animation.ufcv.fr\/accueil-loisirs-hom\/wp-content\/uploads\/sites\/159\/2024\/12\/RESERVATIONS-MERCREDIS-2025-bis.jpg","width":1280,"height":720},{"@type":"BreadcrumbList","@id":"https:\/\/portail-animation.ufcv.fr\/accueil-loisirs-hom\/2024\/12\/09\/ouverture-reservations-mercredis-2025\/#breadcrumb","itemListElement":[{"@type":"ListItem","position":1,"name":"Accueil","item":"https:\/\/portail-animation.ufcv.fr\/accueil-loisirs-hom\/"},{"@type":"ListItem","position":2,"name":"Ouverture R\u00e9servations Mercredis 2025"}]},{"@type":"WebSite","@id":"https:\/\/portail-animation.ufcv.fr\/accueil-loisirs-hom\/#website","url":"https:\/\/portail-animation.ufcv.fr\/accueil-loisirs-hom\/","name":"Accueil de loisirs du Hom","description":"Un site utilisant R\u00e9seau Portail Animation","potentialAction":[{"@type":"SearchAction","target":{"@type":"EntryPoint","urlTemplate":"https:\/\/portail-animation.ufcv.fr\/accueil-loisirs-hom\/?s={search_term_string}"},"query-input":{"@type":"PropertyValueSpecification","valueRequired":true,"valueName":"search_term_string"}}],"inLanguage":"fr-FR"},{"@type":"Person","@id":"https:\/\/portail-animation.ufcv.fr\/accueil-loisirs-hom\/#\/schema\/person\/ef5d74057e9dc13bf0e01621fa93829e","name":"dboudineau","image":{"@type":"ImageObject","inLanguage":"fr-FR","@id":"https:\/\/portail-animation.ufcv.fr\/accueil-loisirs-hom\/#\/schema\/person\/image\/","url":"https:\/\/secure.gravatar.com\/avatar\/5dbed005cf7790b1e2622a0138948505?s=96&d=mm&r=g","contentUrl":"https:\/\/secure.gravatar.com\/avatar\/5dbed005cf7790b1e2622a0138948505?s=96&d=mm&r=g","caption":"dboudineau"},"url":"https:\/\/portail-animation.ufcv.fr\/accueil-loisirs-hom\/author\/dboudineau\/"}]}},"_links":{"self":[{"href":"https:\/\/portail-animation.ufcv.fr\/accueil-loisirs-hom\/wp-json\/wp\/v2\/posts\/474","targetHints":{"allow":["GET"]}}],"collection":[{"href":"https:\/\/portail-animation.ufcv.fr\/accueil-loisirs-hom\/wp-json\/wp\/v2\/posts"}],"about":[{"href":"https:\/\/portail-animation.ufcv.fr\/accueil-loisirs-hom\/wp-json\/wp\/v2\/types\/post"}],"author":[{"embeddable":true,"href":"https:\/\/portail-animation.ufcv.fr\/accueil-loisirs-hom\/wp-json\/wp\/v2\/users\/74"}],"replies":[{"embeddable":true,"href":"https:\/\/portail-animation.ufcv.fr\/accueil-loisirs-hom\/wp-json\/wp\/v2\/comments?post=474"}],"version-history":[{"count":1,"href":"https:\/\/portail-animation.ufcv.fr\/accueil-loisirs-hom\/wp-json\/wp\/v2\/posts\/474\/revisions"}],"predecessor-version":[{"id":476,"href":"https:\/\/portail-animation.ufcv.fr\/accueil-loisirs-hom\/wp-json\/wp\/v2\/posts\/474\/revisions\/476"}],"wp:featuredmedia":[{"embeddable":true,"href":"https:\/\/portail-animation.ufcv.fr\/accueil-loisirs-hom\/wp-json\/wp\/v2\/media\/475"}],"wp:attachment":[{"href":"https:\/\/portail-animation.ufcv.fr\/accueil-loisirs-hom\/wp-json\/wp\/v2\/media?parent=474"}],"wp:term":[{"taxonomy":"category","embeddable":true,"href":"https:\/\/portail-animation.ufcv.fr\/accueil-loisirs-hom\/wp-json\/wp\/v2\/categories?post=474"},{"taxonomy":"post_tag","embeddable":true,"href":"https:\/\/portail-animation.ufcv.fr\/accueil-loisirs-hom\/wp-json\/wp\/v2\/tags?post=474"}],"curies":[{"name":"wp","href":"https:\/\/api.w.org\/{rel}","templated":true}]}}