{"id":67,"date":"2019-01-22T12:24:26","date_gmt":"2019-01-22T11:24:26","guid":{"rendered":"http:\/\/portail-animation.ufcv.fr\/accueil-loisirs-hom\/?p=67"},"modified":"2019-01-28T08:44:43","modified_gmt":"2019-01-28T07:44:43","slug":"vacances-dhivers","status":"publish","type":"post","link":"https:\/\/portail-animation.ufcv.fr\/accueil-loisirs-hom\/2019\/01\/22\/vacances-dhivers\/","title":{"rendered":"Vacances d&rsquo;hivers !"},"content":{"rendered":"<p>\u00ab\u00a0Et si nous visitions la terre ?\u00a0\u00bb<br \/>\nPour les vacances, nous vous proposons de d\u00e9couvrir les diff\u00e9rents pays du monde.<br \/>\nDiverses activit\u00e9s et sorties attendent vos enfants.<br \/>\nLe programme sera affich\u00e9 \u00e0 partir du lundi \u00e0 l\u2019accueil de loisirs.<\/p>\n<p>ATTENTION : Un minimum de 3 jours de pr\u00e9sence par semaine est exig\u00e9 et factur\u00e9 (m\u00eame en cas d&rsquo;une r\u00e9servation inf\u00e9rieure \u00e0 3 jours par semaine).<\/p>\n","protected":false},"excerpt":{"rendered":"<p>\u00ab\u00a0Et si nous visitions la terre ?\u00a0\u00bb Pour les vacances, nous vous proposons de d\u00e9couvrir les diff\u00e9rents pays du monde. Diverses activit\u00e9s et sorties attendent vos enfants. Le programme sera affich\u00e9 \u00e0 partir du lundi \u00e0 l\u2019accueil de loisirs. ATTENTION [&hellip;]<\/p>\n","protected":false},"author":74,"featured_media":68,"comment_status":"open","ping_status":"open","sticky":false,"template":"","format":"standard","meta":{"_acf_changed":false,"footnotes":""},"categories":[1],"tags":[],"class_list":["post-67","post","type-post","status-publish","format-standard","has-post-thumbnail","hentry","category-non-classe"],"acf":[],"yoast_head":"<!-- This site is optimized with the Yoast SEO plugin v23.9 - https:\/\/yoast.com\/wordpress\/plugins\/seo\/ -->\r\n<title>Vacances d&#039;hivers ! - Accueil de loisirs du Hom<\/title>\r\n<meta name=\"robots\" content=\"index, follow, max-snippet:-1, max-image-preview:large, max-video-preview:-1\" \/>\r\n<link rel=\"canonical\" href=\"https:\/\/portail-animation.ufcv.fr\/accueil-loisirs-hom\/2019\/01\/22\/vacances-dhivers\/\" \/>\r\n<meta property=\"og:locale\" content=\"fr_FR\" \/>\r\n<meta property=\"og:type\" content=\"article\" \/>\r\n<meta property=\"og:title\" content=\"Vacances d&#039;hivers ! - Accueil de loisirs du Hom\" \/>\r\n<meta property=\"og:description\" content=\"\u00ab\u00a0Et si nous visitions la terre ?\u00a0\u00bb Pour les vacances, nous vous proposons de d\u00e9couvrir les diff\u00e9rents pays du monde. Diverses activit\u00e9s et sorties attendent vos enfants. Le programme sera affich\u00e9 \u00e0 partir du lundi \u00e0 l\u2019accueil de loisirs. ATTENTION [&hellip;]\" \/>\r\n<meta property=\"og:url\" content=\"https:\/\/portail-animation.ufcv.fr\/accueil-loisirs-hom\/2019\/01\/22\/vacances-dhivers\/\" \/>\r\n<meta property=\"og:site_name\" content=\"Accueil de loisirs du Hom\" \/>\r\n<meta property=\"article:published_time\" content=\"2019-01-22T11:24:26+00:00\" \/>\r\n<meta property=\"article:modified_time\" content=\"2019-01-28T07:44:43+00:00\" \/>\r\n<meta property=\"og:image\" content=\"https:\/\/portail-animation.ufcv.fr\/accueil-loisirs-hom\/wp-content\/uploads\/sites\/159\/2019\/01\/hiver.jpg\" \/>\r\n\t<meta property=\"og:image:width\" content=\"623\" \/>\r\n\t<meta property=\"og:image:height\" content=\"346\" \/>\r\n\t<meta property=\"og:image:type\" content=\"image\/jpeg\" \/>\r\n<meta name=\"author\" content=\"dboudineau\" \/>\r\n<meta name=\"twitter:card\" content=\"summary_large_image\" \/>\r\n<meta name=\"twitter:label1\" content=\"\u00c9crit par\" \/>\n\t<meta name=\"twitter:data1\" content=\"dboudineau\" \/>\r\n<script type=\"application\/ld+json\" class=\"yoast-schema-graph\">{\"@context\":\"https:\/\/schema.org\",\"@graph\":[{\"@type\":\"WebPage\",\"@id\":\"https:\/\/portail-animation.ufcv.fr\/accueil-loisirs-hom\/2019\/01\/22\/vacances-dhivers\/\",\"url\":\"https:\/\/portail-animation.ufcv.fr\/accueil-loisirs-hom\/2019\/01\/22\/vacances-dhivers\/\",\"name\":\"Vacances d'hivers ! - Accueil de loisirs du Hom\",\"isPartOf\":{\"@id\":\"https:\/\/portail-animation.ufcv.fr\/accueil-loisirs-hom\/#website\"},\"primaryImageOfPage\":{\"@id\":\"https:\/\/portail-animation.ufcv.fr\/accueil-loisirs-hom\/2019\/01\/22\/vacances-dhivers\/#primaryimage\"},\"image\":{\"@id\":\"https:\/\/portail-animation.ufcv.fr\/accueil-loisirs-hom\/2019\/01\/22\/vacances-dhivers\/#primaryimage\"},\"thumbnailUrl\":\"https:\/\/portail-animation.ufcv.fr\/accueil-loisirs-hom\/wp-content\/uploads\/sites\/159\/2019\/01\/hiver.jpg\",\"datePublished\":\"2019-01-22T11:24:26+00:00\",\"dateModified\":\"2019-01-28T07:44:43+00:00\",\"author\":{\"@id\":\"https:\/\/portail-animation.ufcv.fr\/accueil-loisirs-hom\/#\/schema\/person\/ef5d74057e9dc13bf0e01621fa93829e\"},\"breadcrumb\":{\"@id\":\"https:\/\/portail-animation.ufcv.fr\/accueil-loisirs-hom\/2019\/01\/22\/vacances-dhivers\/#breadcrumb\"},\"inLanguage\":\"fr-FR\",\"potentialAction\":[{\"@type\":\"ReadAction\",\"target\":[\"https:\/\/portail-animation.ufcv.fr\/accueil-loisirs-hom\/2019\/01\/22\/vacances-dhivers\/\"]}]},{\"@type\":\"ImageObject\",\"inLanguage\":\"fr-FR\",\"@id\":\"https:\/\/portail-animation.ufcv.fr\/accueil-loisirs-hom\/2019\/01\/22\/vacances-dhivers\/#primaryimage\",\"url\":\"https:\/\/portail-animation.ufcv.fr\/accueil-loisirs-hom\/wp-content\/uploads\/sites\/159\/2019\/01\/hiver.jpg\",\"contentUrl\":\"https:\/\/portail-animation.ufcv.fr\/accueil-loisirs-hom\/wp-content\/uploads\/sites\/159\/2019\/01\/hiver.jpg\",\"width\":623,\"height\":346},{\"@type\":\"BreadcrumbList\",\"@id\":\"https:\/\/portail-animation.ufcv.fr\/accueil-loisirs-hom\/2019\/01\/22\/vacances-dhivers\/#breadcrumb\",\"itemListElement\":[{\"@type\":\"ListItem\",\"position\":1,\"name\":\"Accueil\",\"item\":\"https:\/\/portail-animation.ufcv.fr\/accueil-loisirs-hom\/\"},{\"@type\":\"ListItem\",\"position\":2,\"name\":\"Vacances d&rsquo;hivers !\"}]},{\"@type\":\"WebSite\",\"@id\":\"https:\/\/portail-animation.ufcv.fr\/accueil-loisirs-hom\/#website\",\"url\":\"https:\/\/portail-animation.ufcv.fr\/accueil-loisirs-hom\/\",\"name\":\"Accueil de loisirs du Hom\",\"description\":\"Un site utilisant R\u00e9seau Portail Animation\",\"potentialAction\":[{\"@type\":\"SearchAction\",\"target\":{\"@type\":\"EntryPoint\",\"urlTemplate\":\"https:\/\/portail-animation.ufcv.fr\/accueil-loisirs-hom\/?s={search_term_string}\"},\"query-input\":{\"@type\":\"PropertyValueSpecification\",\"valueRequired\":true,\"valueName\":\"search_term_string\"}}],\"inLanguage\":\"fr-FR\"},{\"@type\":\"Person\",\"@id\":\"https:\/\/portail-animation.ufcv.fr\/accueil-loisirs-hom\/#\/schema\/person\/ef5d74057e9dc13bf0e01621fa93829e\",\"name\":\"dboudineau\",\"image\":{\"@type\":\"ImageObject\",\"inLanguage\":\"fr-FR\",\"@id\":\"https:\/\/portail-animation.ufcv.fr\/accueil-loisirs-hom\/#\/schema\/person\/image\/\",\"url\":\"https:\/\/secure.gravatar.com\/avatar\/5dbed005cf7790b1e2622a0138948505?s=96&d=mm&r=g\",\"contentUrl\":\"https:\/\/secure.gravatar.com\/avatar\/5dbed005cf7790b1e2622a0138948505?s=96&d=mm&r=g\",\"caption\":\"dboudineau\"},\"url\":\"https:\/\/portail-animation.ufcv.fr\/accueil-loisirs-hom\/author\/dboudineau\/\"}]}<\/script>\r\n<!-- \/ Yoast SEO plugin. -->","yoast_head_json":{"title":"Vacances d'hivers ! - Accueil de loisirs du Hom","robots":{"index":"index","follow":"follow","max-snippet":"max-snippet:-1","max-image-preview":"max-image-preview:large","max-video-preview":"max-video-preview:-1"},"canonical":"https:\/\/portail-animation.ufcv.fr\/accueil-loisirs-hom\/2019\/01\/22\/vacances-dhivers\/","og_locale":"fr_FR","og_type":"article","og_title":"Vacances d'hivers ! - Accueil de loisirs du Hom","og_description":"\u00ab\u00a0Et si nous visitions la terre ?\u00a0\u00bb Pour les vacances, nous vous proposons de d\u00e9couvrir les diff\u00e9rents pays du monde. Diverses activit\u00e9s et sorties attendent vos enfants. Le programme sera affich\u00e9 \u00e0 partir du lundi \u00e0 l\u2019accueil de loisirs. ATTENTION [&hellip;]","og_url":"https:\/\/portail-animation.ufcv.fr\/accueil-loisirs-hom\/2019\/01\/22\/vacances-dhivers\/","og_site_name":"Accueil de loisirs du Hom","article_published_time":"2019-01-22T11:24:26+00:00","article_modified_time":"2019-01-28T07:44:43+00:00","og_image":[{"width":623,"height":346,"url":"https:\/\/portail-animation.ufcv.fr\/accueil-loisirs-hom\/wp-content\/uploads\/sites\/159\/2019\/01\/hiver.jpg","type":"image\/jpeg"}],"author":"dboudineau","twitter_card":"summary_large_image","twitter_misc":{"\u00c9crit par":"dboudineau"},"schema":{"@context":"https:\/\/schema.org","@graph":[{"@type":"WebPage","@id":"https:\/\/portail-animation.ufcv.fr\/accueil-loisirs-hom\/2019\/01\/22\/vacances-dhivers\/","url":"https:\/\/portail-animation.ufcv.fr\/accueil-loisirs-hom\/2019\/01\/22\/vacances-dhivers\/","name":"Vacances d'hivers ! - Accueil de loisirs du Hom","isPartOf":{"@id":"https:\/\/portail-animation.ufcv.fr\/accueil-loisirs-hom\/#website"},"primaryImageOfPage":{"@id":"https:\/\/portail-animation.ufcv.fr\/accueil-loisirs-hom\/2019\/01\/22\/vacances-dhivers\/#primaryimage"},"image":{"@id":"https:\/\/portail-animation.ufcv.fr\/accueil-loisirs-hom\/2019\/01\/22\/vacances-dhivers\/#primaryimage"},"thumbnailUrl":"https:\/\/portail-animation.ufcv.fr\/accueil-loisirs-hom\/wp-content\/uploads\/sites\/159\/2019\/01\/hiver.jpg","datePublished":"2019-01-22T11:24:26+00:00","dateModified":"2019-01-28T07:44:43+00:00","author":{"@id":"https:\/\/portail-animation.ufcv.fr\/accueil-loisirs-hom\/#\/schema\/person\/ef5d74057e9dc13bf0e01621fa93829e"},"breadcrumb":{"@id":"https:\/\/portail-animation.ufcv.fr\/accueil-loisirs-hom\/2019\/01\/22\/vacances-dhivers\/#breadcrumb"},"inLanguage":"fr-FR","potentialAction":[{"@type":"ReadAction","target":["https:\/\/portail-animation.ufcv.fr\/accueil-loisirs-hom\/2019\/01\/22\/vacances-dhivers\/"]}]},{"@type":"ImageObject","inLanguage":"fr-FR","@id":"https:\/\/portail-animation.ufcv.fr\/accueil-loisirs-hom\/2019\/01\/22\/vacances-dhivers\/#primaryimage","url":"https:\/\/portail-animation.ufcv.fr\/accueil-loisirs-hom\/wp-content\/uploads\/sites\/159\/2019\/01\/hiver.jpg","contentUrl":"https:\/\/portail-animation.ufcv.fr\/accueil-loisirs-hom\/wp-content\/uploads\/sites\/159\/2019\/01\/hiver.jpg","width":623,"height":346},{"@type":"BreadcrumbList","@id":"https:\/\/portail-animation.ufcv.fr\/accueil-loisirs-hom\/2019\/01\/22\/vacances-dhivers\/#breadcrumb","itemListElement":[{"@type":"ListItem","position":1,"name":"Accueil","item":"https:\/\/portail-animation.ufcv.fr\/accueil-loisirs-hom\/"},{"@type":"ListItem","position":2,"name":"Vacances d&rsquo;hivers !"}]},{"@type":"WebSite","@id":"https:\/\/portail-animation.ufcv.fr\/accueil-loisirs-hom\/#website","url":"https:\/\/portail-animation.ufcv.fr\/accueil-loisirs-hom\/","name":"Accueil de loisirs du Hom","description":"Un site utilisant R\u00e9seau Portail Animation","potentialAction":[{"@type":"SearchAction","target":{"@type":"EntryPoint","urlTemplate":"https:\/\/portail-animation.ufcv.fr\/accueil-loisirs-hom\/?s={search_term_string}"},"query-input":{"@type":"PropertyValueSpecification","valueRequired":true,"valueName":"search_term_string"}}],"inLanguage":"fr-FR"},{"@type":"Person","@id":"https:\/\/portail-animation.ufcv.fr\/accueil-loisirs-hom\/#\/schema\/person\/ef5d74057e9dc13bf0e01621fa93829e","name":"dboudineau","image":{"@type":"ImageObject","inLanguage":"fr-FR","@id":"https:\/\/portail-animation.ufcv.fr\/accueil-loisirs-hom\/#\/schema\/person\/image\/","url":"https:\/\/secure.gravatar.com\/avatar\/5dbed005cf7790b1e2622a0138948505?s=96&d=mm&r=g","contentUrl":"https:\/\/secure.gravatar.com\/avatar\/5dbed005cf7790b1e2622a0138948505?s=96&d=mm&r=g","caption":"dboudineau"},"url":"https:\/\/portail-animation.ufcv.fr\/accueil-loisirs-hom\/author\/dboudineau\/"}]}},"_links":{"self":[{"href":"https:\/\/portail-animation.ufcv.fr\/accueil-loisirs-hom\/wp-json\/wp\/v2\/posts\/67","targetHints":{"allow":["GET"]}}],"collection":[{"href":"https:\/\/portail-animation.ufcv.fr\/accueil-loisirs-hom\/wp-json\/wp\/v2\/posts"}],"about":[{"href":"https:\/\/portail-animation.ufcv.fr\/accueil-loisirs-hom\/wp-json\/wp\/v2\/types\/post"}],"author":[{"embeddable":true,"href":"https:\/\/portail-animation.ufcv.fr\/accueil-loisirs-hom\/wp-json\/wp\/v2\/users\/74"}],"replies":[{"embeddable":true,"href":"https:\/\/portail-animation.ufcv.fr\/accueil-loisirs-hom\/wp-json\/wp\/v2\/comments?post=67"}],"version-history":[{"count":3,"href":"https:\/\/portail-animation.ufcv.fr\/accueil-loisirs-hom\/wp-json\/wp\/v2\/posts\/67\/revisions"}],"predecessor-version":[{"id":72,"href":"https:\/\/portail-animation.ufcv.fr\/accueil-loisirs-hom\/wp-json\/wp\/v2\/posts\/67\/revisions\/72"}],"wp:featuredmedia":[{"embeddable":true,"href":"https:\/\/portail-animation.ufcv.fr\/accueil-loisirs-hom\/wp-json\/wp\/v2\/media\/68"}],"wp:attachment":[{"href":"https:\/\/portail-animation.ufcv.fr\/accueil-loisirs-hom\/wp-json\/wp\/v2\/media?parent=67"}],"wp:term":[{"taxonomy":"category","embeddable":true,"href":"https:\/\/portail-animation.ufcv.fr\/accueil-loisirs-hom\/wp-json\/wp\/v2\/categories?post=67"},{"taxonomy":"post_tag","embeddable":true,"href":"https:\/\/portail-animation.ufcv.fr\/accueil-loisirs-hom\/wp-json\/wp\/v2\/tags?post=67"}],"curies":[{"name":"wp","href":"https:\/\/api.w.org\/{rel}","templated":true}]}}