{"id":1404,"date":"2024-11-26T12:16:53","date_gmt":"2024-11-26T11:16:53","guid":{"rendered":"https:\/\/portail-animation.ufcv.fr\/accueil-loisirs-reau\/?p=1404"},"modified":"2024-11-26T12:16:55","modified_gmt":"2024-11-26T11:16:55","slug":"sejour-ski-2025-passion-montagne-dhiver","status":"publish","type":"post","link":"https:\/\/portail-animation.ufcv.fr\/accueil-loisirs-reau\/2024\/11\/26\/sejour-ski-2025-passion-montagne-dhiver\/","title":{"rendered":"S\u00e9jour SKI 2025 \u00ab\u00a0Passion Montagne d&rsquo;Hiver\u00a0\u00bb"},"content":{"rendered":"\n<p>La collectivit\u00e9 de R\u00e9au et l\u2019UFCV s\u2019associent pour proposer aux jeunes r\u00e9altais, entre <strong>6 et 12 ans<\/strong>, un <strong>s\u00e9jour au ski<\/strong> pour les vacances <strong>d\u2019hiver<\/strong> 2025.<\/p>\n\n\n\n<figure class=\"wp-block-image size-full\"><img loading=\"lazy\" decoding=\"async\" width=\"475\" height=\"295\" src=\"https:\/\/portail-animation.ufcv.fr\/accueil-loisirs-reau\/wp-content\/uploads\/sites\/90\/2024\/11\/SKI.png\" alt=\"\" class=\"wp-image-1405\" srcset=\"https:\/\/portail-animation.ufcv.fr\/accueil-loisirs-reau\/wp-content\/uploads\/sites\/90\/2024\/11\/SKI.png 475w, https:\/\/portail-animation.ufcv.fr\/accueil-loisirs-reau\/wp-content\/uploads\/sites\/90\/2024\/11\/SKI-300x186.png 300w, https:\/\/portail-animation.ufcv.fr\/accueil-loisirs-reau\/wp-content\/uploads\/sites\/90\/2024\/11\/SKI-129x80.png 129w, https:\/\/portail-animation.ufcv.fr\/accueil-loisirs-reau\/wp-content\/uploads\/sites\/90\/2024\/11\/SKI-340x211.png 340w\" sizes=\"auto, (max-width: 475px) 100vw, 475px\" \/><\/figure>\n\n\n\n<p>Le s\u00e9jour aura lieu au massif du Vercors du <strong>dimanche 23 f\u00e9vrier au dimanche 2 mars 2025<\/strong> pour les 6-12 ans.<\/p>\n\n\n\n<p>Le co\u00fbt du s\u00e9jour s&rsquo;\u00e9l\u00e8ve \u00e0 350 euros tout compris (transport, h\u00e9bergement, pension compl\u00e8te, activit\u00e9s).<\/p>\n\n\n\n<p><strong>Alors n&rsquo;attendez plus !!!<\/strong> Il reste peu de place, n\u2019h\u00e9sitez pas \u00e0 nous envoyer un mail pour d&rsquo;avantage d&rsquo;information : at-idf@ufcv.fr<\/p>\n\n\n\n<p>T\u00e9l\u00e9charger la plaquette : <a href=\"https:\/\/portail-animation.ufcv.fr\/accueil-loisirs-reau\/wp-content\/uploads\/sites\/90\/2024\/11\/Sejour-Reau-plaquette-2025-1.pdf\">S\u00e9jour R\u00e9au plaquette ski <\/a><\/p>\n\n\n\n<p><\/p>\n\n\n\n<p><\/p>\n","protected":false},"excerpt":{"rendered":"<p>La collectivit\u00e9 de R\u00e9au et l\u2019UFCV s\u2019associent pour proposer aux jeunes r\u00e9altais, entre 6 et 12 ans, un s\u00e9jour au ski pour les vacances d\u2019hiver 2025. Le s\u00e9jour aura lieu au massif du Vercors du dimanche 23 f\u00e9vrier au dimanche [&hellip;]<\/p>\n","protected":false},"author":221,"featured_media":1405,"comment_status":"open","ping_status":"open","sticky":false,"template":"","format":"standard","meta":{"_acf_changed":false,"footnotes":""},"categories":[1],"tags":[],"class_list":["post-1404","post","type-post","status-publish","format-standard","has-post-thumbnail","hentry","category-non-classe"],"acf":[],"yoast_head":"<!-- This site is optimized with the Yoast SEO plugin v23.9 - https:\/\/yoast.com\/wordpress\/plugins\/seo\/ -->\r\n<title>S\u00e9jour SKI 2025 &quot;Passion Montagne d&#039;Hiver&quot; - Accueil de Loisirs de R\u00e9au<\/title>\r\n<meta name=\"robots\" content=\"index, follow, max-snippet:-1, max-image-preview:large, max-video-preview:-1\" \/>\r\n<link rel=\"canonical\" href=\"https:\/\/portail-animation.ufcv.fr\/accueil-loisirs-reau\/2024\/11\/26\/sejour-ski-2025-passion-montagne-dhiver\/\" \/>\r\n<meta property=\"og:locale\" content=\"fr_FR\" \/>\r\n<meta property=\"og:type\" content=\"article\" \/>\r\n<meta property=\"og:title\" content=\"S\u00e9jour SKI 2025 &quot;Passion Montagne d&#039;Hiver&quot; - Accueil de Loisirs de R\u00e9au\" \/>\r\n<meta property=\"og:description\" content=\"La collectivit\u00e9 de R\u00e9au et l\u2019UFCV s\u2019associent pour proposer aux jeunes r\u00e9altais, entre 6 et 12 ans, un s\u00e9jour au ski pour les vacances d\u2019hiver 2025. Le s\u00e9jour aura lieu au massif du Vercors du dimanche 23 f\u00e9vrier au dimanche [&hellip;]\" \/>\r\n<meta property=\"og:url\" content=\"https:\/\/portail-animation.ufcv.fr\/accueil-loisirs-reau\/2024\/11\/26\/sejour-ski-2025-passion-montagne-dhiver\/\" \/>\r\n<meta property=\"og:site_name\" content=\"Accueil de Loisirs de R\u00e9au\" \/>\r\n<meta property=\"article:published_time\" content=\"2024-11-26T11:16:53+00:00\" \/>\r\n<meta property=\"article:modified_time\" content=\"2024-11-26T11:16:55+00:00\" \/>\r\n<meta property=\"og:image\" content=\"http:\/\/portail-animation.ufcv.fr\/accueil-loisirs-reau\/wp-content\/uploads\/sites\/90\/2024\/11\/SKI.png\" \/>\r\n\t<meta property=\"og:image:width\" content=\"475\" \/>\r\n\t<meta property=\"og:image:height\" content=\"295\" \/>\r\n\t<meta property=\"og:image:type\" content=\"image\/png\" \/>\r\n<meta name=\"author\" content=\"mallou\" \/>\r\n<meta name=\"twitter:card\" content=\"summary_large_image\" \/>\r\n<meta name=\"twitter:label1\" content=\"\u00c9crit par\" \/>\n\t<meta name=\"twitter:data1\" content=\"mallou\" \/>\n\t<meta name=\"twitter:label2\" content=\"Dur\u00e9e de lecture estim\u00e9e\" \/>\n\t<meta name=\"twitter:data2\" content=\"1 minute\" \/>\r\n<script type=\"application\/ld+json\" class=\"yoast-schema-graph\">{\"@context\":\"https:\/\/schema.org\",\"@graph\":[{\"@type\":\"WebPage\",\"@id\":\"https:\/\/portail-animation.ufcv.fr\/accueil-loisirs-reau\/2024\/11\/26\/sejour-ski-2025-passion-montagne-dhiver\/\",\"url\":\"https:\/\/portail-animation.ufcv.fr\/accueil-loisirs-reau\/2024\/11\/26\/sejour-ski-2025-passion-montagne-dhiver\/\",\"name\":\"S\u00e9jour SKI 2025 \\\"Passion Montagne d'Hiver\\\" - Accueil de Loisirs de R\u00e9au\",\"isPartOf\":{\"@id\":\"https:\/\/portail-animation.ufcv.fr\/accueil-loisirs-reau\/#website\"},\"primaryImageOfPage\":{\"@id\":\"https:\/\/portail-animation.ufcv.fr\/accueil-loisirs-reau\/2024\/11\/26\/sejour-ski-2025-passion-montagne-dhiver\/#primaryimage\"},\"image\":{\"@id\":\"https:\/\/portail-animation.ufcv.fr\/accueil-loisirs-reau\/2024\/11\/26\/sejour-ski-2025-passion-montagne-dhiver\/#primaryimage\"},\"thumbnailUrl\":\"https:\/\/portail-animation.ufcv.fr\/accueil-loisirs-reau\/wp-content\/uploads\/sites\/90\/2024\/11\/SKI.png\",\"datePublished\":\"2024-11-26T11:16:53+00:00\",\"dateModified\":\"2024-11-26T11:16:55+00:00\",\"author\":{\"@id\":\"https:\/\/portail-animation.ufcv.fr\/accueil-loisirs-reau\/#\/schema\/person\/9d4807aa0b5371dda69c3de782fd89f1\"},\"breadcrumb\":{\"@id\":\"https:\/\/portail-animation.ufcv.fr\/accueil-loisirs-reau\/2024\/11\/26\/sejour-ski-2025-passion-montagne-dhiver\/#breadcrumb\"},\"inLanguage\":\"fr-FR\",\"potentialAction\":[{\"@type\":\"ReadAction\",\"target\":[\"https:\/\/portail-animation.ufcv.fr\/accueil-loisirs-reau\/2024\/11\/26\/sejour-ski-2025-passion-montagne-dhiver\/\"]}]},{\"@type\":\"ImageObject\",\"inLanguage\":\"fr-FR\",\"@id\":\"https:\/\/portail-animation.ufcv.fr\/accueil-loisirs-reau\/2024\/11\/26\/sejour-ski-2025-passion-montagne-dhiver\/#primaryimage\",\"url\":\"https:\/\/portail-animation.ufcv.fr\/accueil-loisirs-reau\/wp-content\/uploads\/sites\/90\/2024\/11\/SKI.png\",\"contentUrl\":\"https:\/\/portail-animation.ufcv.fr\/accueil-loisirs-reau\/wp-content\/uploads\/sites\/90\/2024\/11\/SKI.png\",\"width\":475,\"height\":295},{\"@type\":\"BreadcrumbList\",\"@id\":\"https:\/\/portail-animation.ufcv.fr\/accueil-loisirs-reau\/2024\/11\/26\/sejour-ski-2025-passion-montagne-dhiver\/#breadcrumb\",\"itemListElement\":[{\"@type\":\"ListItem\",\"position\":1,\"name\":\"Accueil\",\"item\":\"https:\/\/portail-animation.ufcv.fr\/accueil-loisirs-reau\/\"},{\"@type\":\"ListItem\",\"position\":2,\"name\":\"S\u00e9jour SKI 2025 \u00ab\u00a0Passion Montagne d&rsquo;Hiver\u00a0\u00bb\"}]},{\"@type\":\"WebSite\",\"@id\":\"https:\/\/portail-animation.ufcv.fr\/accueil-loisirs-reau\/#website\",\"url\":\"https:\/\/portail-animation.ufcv.fr\/accueil-loisirs-reau\/\",\"name\":\"Accueil de Loisirs de R\u00e9au\",\"description\":\"Un site utilisant R\u00e9seau Portail Animation\",\"potentialAction\":[{\"@type\":\"SearchAction\",\"target\":{\"@type\":\"EntryPoint\",\"urlTemplate\":\"https:\/\/portail-animation.ufcv.fr\/accueil-loisirs-reau\/?s={search_term_string}\"},\"query-input\":{\"@type\":\"PropertyValueSpecification\",\"valueRequired\":true,\"valueName\":\"search_term_string\"}}],\"inLanguage\":\"fr-FR\"},{\"@type\":\"Person\",\"@id\":\"https:\/\/portail-animation.ufcv.fr\/accueil-loisirs-reau\/#\/schema\/person\/9d4807aa0b5371dda69c3de782fd89f1\",\"name\":\"mallou\",\"image\":{\"@type\":\"ImageObject\",\"inLanguage\":\"fr-FR\",\"@id\":\"https:\/\/portail-animation.ufcv.fr\/accueil-loisirs-reau\/#\/schema\/person\/image\/\",\"url\":\"https:\/\/secure.gravatar.com\/avatar\/4e3fc2e6378250d2cb47ac9d261b406e?s=96&d=mm&r=g\",\"contentUrl\":\"https:\/\/secure.gravatar.com\/avatar\/4e3fc2e6378250d2cb47ac9d261b406e?s=96&d=mm&r=g\",\"caption\":\"mallou\"},\"url\":\"https:\/\/portail-animation.ufcv.fr\/accueil-loisirs-reau\/author\/mallou\/\"}]}<\/script>\r\n<!-- \/ Yoast SEO plugin. -->","yoast_head_json":{"title":"S\u00e9jour SKI 2025 \"Passion Montagne d'Hiver\" - Accueil de Loisirs de R\u00e9au","robots":{"index":"index","follow":"follow","max-snippet":"max-snippet:-1","max-image-preview":"max-image-preview:large","max-video-preview":"max-video-preview:-1"},"canonical":"https:\/\/portail-animation.ufcv.fr\/accueil-loisirs-reau\/2024\/11\/26\/sejour-ski-2025-passion-montagne-dhiver\/","og_locale":"fr_FR","og_type":"article","og_title":"S\u00e9jour SKI 2025 \"Passion Montagne d'Hiver\" - Accueil de Loisirs de R\u00e9au","og_description":"La collectivit\u00e9 de R\u00e9au et l\u2019UFCV s\u2019associent pour proposer aux jeunes r\u00e9altais, entre 6 et 12 ans, un s\u00e9jour au ski pour les vacances d\u2019hiver 2025. Le s\u00e9jour aura lieu au massif du Vercors du dimanche 23 f\u00e9vrier au dimanche [&hellip;]","og_url":"https:\/\/portail-animation.ufcv.fr\/accueil-loisirs-reau\/2024\/11\/26\/sejour-ski-2025-passion-montagne-dhiver\/","og_site_name":"Accueil de Loisirs de R\u00e9au","article_published_time":"2024-11-26T11:16:53+00:00","article_modified_time":"2024-11-26T11:16:55+00:00","og_image":[{"width":475,"height":295,"url":"http:\/\/portail-animation.ufcv.fr\/accueil-loisirs-reau\/wp-content\/uploads\/sites\/90\/2024\/11\/SKI.png","type":"image\/png"}],"author":"mallou","twitter_card":"summary_large_image","twitter_misc":{"\u00c9crit par":"mallou","Dur\u00e9e de lecture estim\u00e9e":"1 minute"},"schema":{"@context":"https:\/\/schema.org","@graph":[{"@type":"WebPage","@id":"https:\/\/portail-animation.ufcv.fr\/accueil-loisirs-reau\/2024\/11\/26\/sejour-ski-2025-passion-montagne-dhiver\/","url":"https:\/\/portail-animation.ufcv.fr\/accueil-loisirs-reau\/2024\/11\/26\/sejour-ski-2025-passion-montagne-dhiver\/","name":"S\u00e9jour SKI 2025 \"Passion Montagne d'Hiver\" - Accueil de Loisirs de R\u00e9au","isPartOf":{"@id":"https:\/\/portail-animation.ufcv.fr\/accueil-loisirs-reau\/#website"},"primaryImageOfPage":{"@id":"https:\/\/portail-animation.ufcv.fr\/accueil-loisirs-reau\/2024\/11\/26\/sejour-ski-2025-passion-montagne-dhiver\/#primaryimage"},"image":{"@id":"https:\/\/portail-animation.ufcv.fr\/accueil-loisirs-reau\/2024\/11\/26\/sejour-ski-2025-passion-montagne-dhiver\/#primaryimage"},"thumbnailUrl":"https:\/\/portail-animation.ufcv.fr\/accueil-loisirs-reau\/wp-content\/uploads\/sites\/90\/2024\/11\/SKI.png","datePublished":"2024-11-26T11:16:53+00:00","dateModified":"2024-11-26T11:16:55+00:00","author":{"@id":"https:\/\/portail-animation.ufcv.fr\/accueil-loisirs-reau\/#\/schema\/person\/9d4807aa0b5371dda69c3de782fd89f1"},"breadcrumb":{"@id":"https:\/\/portail-animation.ufcv.fr\/accueil-loisirs-reau\/2024\/11\/26\/sejour-ski-2025-passion-montagne-dhiver\/#breadcrumb"},"inLanguage":"fr-FR","potentialAction":[{"@type":"ReadAction","target":["https:\/\/portail-animation.ufcv.fr\/accueil-loisirs-reau\/2024\/11\/26\/sejour-ski-2025-passion-montagne-dhiver\/"]}]},{"@type":"ImageObject","inLanguage":"fr-FR","@id":"https:\/\/portail-animation.ufcv.fr\/accueil-loisirs-reau\/2024\/11\/26\/sejour-ski-2025-passion-montagne-dhiver\/#primaryimage","url":"https:\/\/portail-animation.ufcv.fr\/accueil-loisirs-reau\/wp-content\/uploads\/sites\/90\/2024\/11\/SKI.png","contentUrl":"https:\/\/portail-animation.ufcv.fr\/accueil-loisirs-reau\/wp-content\/uploads\/sites\/90\/2024\/11\/SKI.png","width":475,"height":295},{"@type":"BreadcrumbList","@id":"https:\/\/portail-animation.ufcv.fr\/accueil-loisirs-reau\/2024\/11\/26\/sejour-ski-2025-passion-montagne-dhiver\/#breadcrumb","itemListElement":[{"@type":"ListItem","position":1,"name":"Accueil","item":"https:\/\/portail-animation.ufcv.fr\/accueil-loisirs-reau\/"},{"@type":"ListItem","position":2,"name":"S\u00e9jour SKI 2025 \u00ab\u00a0Passion Montagne d&rsquo;Hiver\u00a0\u00bb"}]},{"@type":"WebSite","@id":"https:\/\/portail-animation.ufcv.fr\/accueil-loisirs-reau\/#website","url":"https:\/\/portail-animation.ufcv.fr\/accueil-loisirs-reau\/","name":"Accueil de Loisirs de R\u00e9au","description":"Un site utilisant R\u00e9seau Portail Animation","potentialAction":[{"@type":"SearchAction","target":{"@type":"EntryPoint","urlTemplate":"https:\/\/portail-animation.ufcv.fr\/accueil-loisirs-reau\/?s={search_term_string}"},"query-input":{"@type":"PropertyValueSpecification","valueRequired":true,"valueName":"search_term_string"}}],"inLanguage":"fr-FR"},{"@type":"Person","@id":"https:\/\/portail-animation.ufcv.fr\/accueil-loisirs-reau\/#\/schema\/person\/9d4807aa0b5371dda69c3de782fd89f1","name":"mallou","image":{"@type":"ImageObject","inLanguage":"fr-FR","@id":"https:\/\/portail-animation.ufcv.fr\/accueil-loisirs-reau\/#\/schema\/person\/image\/","url":"https:\/\/secure.gravatar.com\/avatar\/4e3fc2e6378250d2cb47ac9d261b406e?s=96&d=mm&r=g","contentUrl":"https:\/\/secure.gravatar.com\/avatar\/4e3fc2e6378250d2cb47ac9d261b406e?s=96&d=mm&r=g","caption":"mallou"},"url":"https:\/\/portail-animation.ufcv.fr\/accueil-loisirs-reau\/author\/mallou\/"}]}},"_links":{"self":[{"href":"https:\/\/portail-animation.ufcv.fr\/accueil-loisirs-reau\/wp-json\/wp\/v2\/posts\/1404","targetHints":{"allow":["GET"]}}],"collection":[{"href":"https:\/\/portail-animation.ufcv.fr\/accueil-loisirs-reau\/wp-json\/wp\/v2\/posts"}],"about":[{"href":"https:\/\/portail-animation.ufcv.fr\/accueil-loisirs-reau\/wp-json\/wp\/v2\/types\/post"}],"author":[{"embeddable":true,"href":"https:\/\/portail-animation.ufcv.fr\/accueil-loisirs-reau\/wp-json\/wp\/v2\/users\/221"}],"replies":[{"embeddable":true,"href":"https:\/\/portail-animation.ufcv.fr\/accueil-loisirs-reau\/wp-json\/wp\/v2\/comments?post=1404"}],"version-history":[{"count":1,"href":"https:\/\/portail-animation.ufcv.fr\/accueil-loisirs-reau\/wp-json\/wp\/v2\/posts\/1404\/revisions"}],"predecessor-version":[{"id":1407,"href":"https:\/\/portail-animation.ufcv.fr\/accueil-loisirs-reau\/wp-json\/wp\/v2\/posts\/1404\/revisions\/1407"}],"wp:featuredmedia":[{"embeddable":true,"href":"https:\/\/portail-animation.ufcv.fr\/accueil-loisirs-reau\/wp-json\/wp\/v2\/media\/1405"}],"wp:attachment":[{"href":"https:\/\/portail-animation.ufcv.fr\/accueil-loisirs-reau\/wp-json\/wp\/v2\/media?parent=1404"}],"wp:term":[{"taxonomy":"category","embeddable":true,"href":"https:\/\/portail-animation.ufcv.fr\/accueil-loisirs-reau\/wp-json\/wp\/v2\/categories?post=1404"},{"taxonomy":"post_tag","embeddable":true,"href":"https:\/\/portail-animation.ufcv.fr\/accueil-loisirs-reau\/wp-json\/wp\/v2\/tags?post=1404"}],"curies":[{"name":"wp","href":"https:\/\/api.w.org\/{rel}","templated":true}]}}