{"id":219,"date":"2020-03-03T08:57:03","date_gmt":"2020-03-03T07:57:03","guid":{"rendered":"http:\/\/portail-animation.ufcv.fr\/accueil-loisirs-roncq\/?p=219"},"modified":"2020-03-13T13:55:39","modified_gmt":"2020-03-13T12:55:39","slug":"des-olympiades-sous-le-signe-du-handicap","status":"publish","type":"post","link":"https:\/\/portail-animation.ufcv.fr\/accueil-loisirs-roncq\/2020\/03\/03\/des-olympiades-sous-le-signe-du-handicap\/","title":{"rendered":"Des olympiades sous le signe du handicap"},"content":{"rendered":"<p>D\u00e9but janvier, des olympiades plac\u00e9es sous le signe du handicap ont \u00e9t\u00e9 organis\u00e9es en partenariat avec l\u2019association \u00ab Changeons de regard \u00bb. 20 jeunes de l\u2019association, en situation de handicap et non-handicap\u00e9s, ont ainsi rejoint les 61 enfants des ALSH de Roncq pour jouer ensemble. Au programme : des jeux handisports comme la p\u00e9tanque assise, des parcours les yeux band\u00e9s\u2026 et de nombreuses d\u00e9couvertes fortement appr\u00e9ci\u00e9es par les enfants !<\/p>\n<p><strong>Partout sur le territoire, l\u2019Ufcv est fi\u00e8re de mener des projets pour sensibiliser les enfants aux diff\u00e9rences d\u00e8s le plus jeune \u00e2ge, et favoriser le vivre-ensemble.\u00a0<\/strong>Dans les Hauts-de-France, elle propose ainsi depuis le d\u00e9but de l\u2019ann\u00e9e\u00a0<a href=\"https:\/\/portail-animation.ufcv.fr\/ufcv-national\/2020\/01\/28\/a-marquette-les-lille-lufcv-sensibilise-les-enfants-aux-differences\/\" target=\"_blank\" rel=\"noopener\">des sensibilisations au handicap et des ateliers interg\u00e9n\u00e9rationnels<\/a>\u00a0sur les accueils de loisirs de Marquette-lez-Lille.<\/p>\n<p>&nbsp;<\/p>\n<p>Article paru en premier sur <a href=\"https:\/\/www.ufcv.fr\/LUfcv\/Actualit%C3%A9s\/ID\/151\/ALSH-de-Roncq-les-projets-federateurs-et-engages-de-lUfcv\" target=\"_blank\" rel=\"noopener\">ufcv.fr<\/a><\/p>\n<p>&nbsp;<\/p>\n","protected":false},"excerpt":{"rendered":"<p>D\u00e9but janvier, des olympiades plac\u00e9es sous le signe du handicap ont \u00e9t\u00e9 organis\u00e9es en partenariat avec l\u2019association \u00ab Changeons de regard \u00bb. 20 jeunes de l\u2019association, en situation de handicap et non-handicap\u00e9s, ont ainsi rejoint les 61 enfants des ALSH [&hellip;]<\/p>\n","protected":false},"author":2,"featured_media":220,"comment_status":"open","ping_status":"open","sticky":false,"template":"","format":"standard","meta":{"_acf_changed":false,"footnotes":""},"categories":[1],"tags":[],"class_list":["post-219","post","type-post","status-publish","format-standard","has-post-thumbnail","hentry","category-non-classe"],"acf":[],"yoast_head":"<!-- This site is optimized with the Yoast SEO plugin v23.9 - https:\/\/yoast.com\/wordpress\/plugins\/seo\/ -->\r\n<title>Des olympiades sous le signe du handicap - Accueil de Loisirs de Roncq<\/title>\r\n<meta name=\"robots\" content=\"index, follow, max-snippet:-1, max-image-preview:large, max-video-preview:-1\" \/>\r\n<link rel=\"canonical\" href=\"https:\/\/portail-animation.ufcv.fr\/accueil-loisirs-roncq\/2020\/03\/03\/des-olympiades-sous-le-signe-du-handicap\/\" \/>\r\n<meta property=\"og:locale\" content=\"fr_FR\" \/>\r\n<meta property=\"og:type\" content=\"article\" \/>\r\n<meta property=\"og:title\" content=\"Des olympiades sous le signe du handicap - Accueil de Loisirs de Roncq\" \/>\r\n<meta property=\"og:description\" content=\"D\u00e9but janvier, des olympiades plac\u00e9es sous le signe du handicap ont \u00e9t\u00e9 organis\u00e9es en partenariat avec l\u2019association \u00ab Changeons de regard \u00bb. 20 jeunes de l\u2019association, en situation de handicap et non-handicap\u00e9s, ont ainsi rejoint les 61 enfants des ALSH [&hellip;]\" \/>\r\n<meta property=\"og:url\" content=\"https:\/\/portail-animation.ufcv.fr\/accueil-loisirs-roncq\/2020\/03\/03\/des-olympiades-sous-le-signe-du-handicap\/\" \/>\r\n<meta property=\"og:site_name\" content=\"Accueil de Loisirs de Roncq\" \/>\r\n<meta property=\"article:published_time\" content=\"2020-03-03T07:57:03+00:00\" \/>\r\n<meta property=\"article:modified_time\" content=\"2020-03-13T12:55:39+00:00\" \/>\r\n<meta property=\"og:image\" content=\"https:\/\/portail-animation.ufcv.fr\/accueil-loisirs-roncq\/wp-content\/uploads\/sites\/83\/2020\/03\/roncs-actu-2.jpg\" \/>\r\n\t<meta property=\"og:image:width\" content=\"623\" \/>\r\n\t<meta property=\"og:image:height\" content=\"346\" \/>\r\n\t<meta property=\"og:image:type\" content=\"image\/jpeg\" \/>\r\n<meta name=\"author\" content=\"ufcv\" \/>\r\n<meta name=\"twitter:card\" content=\"summary_large_image\" \/>\r\n<meta name=\"twitter:label1\" content=\"\u00c9crit par\" \/>\n\t<meta name=\"twitter:data1\" content=\"ufcv\" \/>\n\t<meta name=\"twitter:label2\" content=\"Dur\u00e9e de lecture estim\u00e9e\" \/>\n\t<meta name=\"twitter:data2\" content=\"1 minute\" \/>\r\n<script type=\"application\/ld+json\" class=\"yoast-schema-graph\">{\"@context\":\"https:\/\/schema.org\",\"@graph\":[{\"@type\":\"WebPage\",\"@id\":\"https:\/\/portail-animation.ufcv.fr\/accueil-loisirs-roncq\/2020\/03\/03\/des-olympiades-sous-le-signe-du-handicap\/\",\"url\":\"https:\/\/portail-animation.ufcv.fr\/accueil-loisirs-roncq\/2020\/03\/03\/des-olympiades-sous-le-signe-du-handicap\/\",\"name\":\"Des olympiades sous le signe du handicap - Accueil de Loisirs de Roncq\",\"isPartOf\":{\"@id\":\"https:\/\/portail-animation.ufcv.fr\/accueil-loisirs-roncq\/#website\"},\"primaryImageOfPage\":{\"@id\":\"https:\/\/portail-animation.ufcv.fr\/accueil-loisirs-roncq\/2020\/03\/03\/des-olympiades-sous-le-signe-du-handicap\/#primaryimage\"},\"image\":{\"@id\":\"https:\/\/portail-animation.ufcv.fr\/accueil-loisirs-roncq\/2020\/03\/03\/des-olympiades-sous-le-signe-du-handicap\/#primaryimage\"},\"thumbnailUrl\":\"https:\/\/portail-animation.ufcv.fr\/accueil-loisirs-roncq\/wp-content\/uploads\/sites\/83\/2020\/03\/roncs-actu-2.jpg\",\"datePublished\":\"2020-03-03T07:57:03+00:00\",\"dateModified\":\"2020-03-13T12:55:39+00:00\",\"author\":{\"@id\":\"https:\/\/portail-animation.ufcv.fr\/accueil-loisirs-roncq\/#\/schema\/person\/db43aa028db181476994f6f3e275d5d1\"},\"breadcrumb\":{\"@id\":\"https:\/\/portail-animation.ufcv.fr\/accueil-loisirs-roncq\/2020\/03\/03\/des-olympiades-sous-le-signe-du-handicap\/#breadcrumb\"},\"inLanguage\":\"fr-FR\",\"potentialAction\":[{\"@type\":\"ReadAction\",\"target\":[\"https:\/\/portail-animation.ufcv.fr\/accueil-loisirs-roncq\/2020\/03\/03\/des-olympiades-sous-le-signe-du-handicap\/\"]}]},{\"@type\":\"ImageObject\",\"inLanguage\":\"fr-FR\",\"@id\":\"https:\/\/portail-animation.ufcv.fr\/accueil-loisirs-roncq\/2020\/03\/03\/des-olympiades-sous-le-signe-du-handicap\/#primaryimage\",\"url\":\"https:\/\/portail-animation.ufcv.fr\/accueil-loisirs-roncq\/wp-content\/uploads\/sites\/83\/2020\/03\/roncs-actu-2.jpg\",\"contentUrl\":\"https:\/\/portail-animation.ufcv.fr\/accueil-loisirs-roncq\/wp-content\/uploads\/sites\/83\/2020\/03\/roncs-actu-2.jpg\",\"width\":623,\"height\":346},{\"@type\":\"BreadcrumbList\",\"@id\":\"https:\/\/portail-animation.ufcv.fr\/accueil-loisirs-roncq\/2020\/03\/03\/des-olympiades-sous-le-signe-du-handicap\/#breadcrumb\",\"itemListElement\":[{\"@type\":\"ListItem\",\"position\":1,\"name\":\"Accueil\",\"item\":\"https:\/\/portail-animation.ufcv.fr\/accueil-loisirs-roncq\/\"},{\"@type\":\"ListItem\",\"position\":2,\"name\":\"Des olympiades sous le signe du handicap\"}]},{\"@type\":\"WebSite\",\"@id\":\"https:\/\/portail-animation.ufcv.fr\/accueil-loisirs-roncq\/#website\",\"url\":\"https:\/\/portail-animation.ufcv.fr\/accueil-loisirs-roncq\/\",\"name\":\"Accueil de Loisirs de Roncq\",\"description\":\"Un site utilisant R\u00e9seau Portail Animation\",\"potentialAction\":[{\"@type\":\"SearchAction\",\"target\":{\"@type\":\"EntryPoint\",\"urlTemplate\":\"https:\/\/portail-animation.ufcv.fr\/accueil-loisirs-roncq\/?s={search_term_string}\"},\"query-input\":{\"@type\":\"PropertyValueSpecification\",\"valueRequired\":true,\"valueName\":\"search_term_string\"}}],\"inLanguage\":\"fr-FR\"},{\"@type\":\"Person\",\"@id\":\"https:\/\/portail-animation.ufcv.fr\/accueil-loisirs-roncq\/#\/schema\/person\/db43aa028db181476994f6f3e275d5d1\",\"name\":\"ufcv\",\"image\":{\"@type\":\"ImageObject\",\"inLanguage\":\"fr-FR\",\"@id\":\"https:\/\/portail-animation.ufcv.fr\/accueil-loisirs-roncq\/#\/schema\/person\/image\/\",\"url\":\"https:\/\/secure.gravatar.com\/avatar\/8f85696e48ce9983e48d26cb63894c8e?s=96&d=mm&r=g\",\"contentUrl\":\"https:\/\/secure.gravatar.com\/avatar\/8f85696e48ce9983e48d26cb63894c8e?s=96&d=mm&r=g\",\"caption\":\"ufcv\"},\"url\":\"https:\/\/portail-animation.ufcv.fr\/accueil-loisirs-roncq\/author\/ufcv\/\"}]}<\/script>\r\n<!-- \/ Yoast SEO plugin. -->","yoast_head_json":{"title":"Des olympiades sous le signe du handicap - Accueil de Loisirs de Roncq","robots":{"index":"index","follow":"follow","max-snippet":"max-snippet:-1","max-image-preview":"max-image-preview:large","max-video-preview":"max-video-preview:-1"},"canonical":"https:\/\/portail-animation.ufcv.fr\/accueil-loisirs-roncq\/2020\/03\/03\/des-olympiades-sous-le-signe-du-handicap\/","og_locale":"fr_FR","og_type":"article","og_title":"Des olympiades sous le signe du handicap - Accueil de Loisirs de Roncq","og_description":"D\u00e9but janvier, des olympiades plac\u00e9es sous le signe du handicap ont \u00e9t\u00e9 organis\u00e9es en partenariat avec l\u2019association \u00ab Changeons de regard \u00bb. 20 jeunes de l\u2019association, en situation de handicap et non-handicap\u00e9s, ont ainsi rejoint les 61 enfants des ALSH [&hellip;]","og_url":"https:\/\/portail-animation.ufcv.fr\/accueil-loisirs-roncq\/2020\/03\/03\/des-olympiades-sous-le-signe-du-handicap\/","og_site_name":"Accueil de Loisirs de Roncq","article_published_time":"2020-03-03T07:57:03+00:00","article_modified_time":"2020-03-13T12:55:39+00:00","og_image":[{"width":623,"height":346,"url":"https:\/\/portail-animation.ufcv.fr\/accueil-loisirs-roncq\/wp-content\/uploads\/sites\/83\/2020\/03\/roncs-actu-2.jpg","type":"image\/jpeg"}],"author":"ufcv","twitter_card":"summary_large_image","twitter_misc":{"\u00c9crit par":"ufcv","Dur\u00e9e de lecture estim\u00e9e":"1 minute"},"schema":{"@context":"https:\/\/schema.org","@graph":[{"@type":"WebPage","@id":"https:\/\/portail-animation.ufcv.fr\/accueil-loisirs-roncq\/2020\/03\/03\/des-olympiades-sous-le-signe-du-handicap\/","url":"https:\/\/portail-animation.ufcv.fr\/accueil-loisirs-roncq\/2020\/03\/03\/des-olympiades-sous-le-signe-du-handicap\/","name":"Des olympiades sous le signe du handicap - Accueil de Loisirs de Roncq","isPartOf":{"@id":"https:\/\/portail-animation.ufcv.fr\/accueil-loisirs-roncq\/#website"},"primaryImageOfPage":{"@id":"https:\/\/portail-animation.ufcv.fr\/accueil-loisirs-roncq\/2020\/03\/03\/des-olympiades-sous-le-signe-du-handicap\/#primaryimage"},"image":{"@id":"https:\/\/portail-animation.ufcv.fr\/accueil-loisirs-roncq\/2020\/03\/03\/des-olympiades-sous-le-signe-du-handicap\/#primaryimage"},"thumbnailUrl":"https:\/\/portail-animation.ufcv.fr\/accueil-loisirs-roncq\/wp-content\/uploads\/sites\/83\/2020\/03\/roncs-actu-2.jpg","datePublished":"2020-03-03T07:57:03+00:00","dateModified":"2020-03-13T12:55:39+00:00","author":{"@id":"https:\/\/portail-animation.ufcv.fr\/accueil-loisirs-roncq\/#\/schema\/person\/db43aa028db181476994f6f3e275d5d1"},"breadcrumb":{"@id":"https:\/\/portail-animation.ufcv.fr\/accueil-loisirs-roncq\/2020\/03\/03\/des-olympiades-sous-le-signe-du-handicap\/#breadcrumb"},"inLanguage":"fr-FR","potentialAction":[{"@type":"ReadAction","target":["https:\/\/portail-animation.ufcv.fr\/accueil-loisirs-roncq\/2020\/03\/03\/des-olympiades-sous-le-signe-du-handicap\/"]}]},{"@type":"ImageObject","inLanguage":"fr-FR","@id":"https:\/\/portail-animation.ufcv.fr\/accueil-loisirs-roncq\/2020\/03\/03\/des-olympiades-sous-le-signe-du-handicap\/#primaryimage","url":"https:\/\/portail-animation.ufcv.fr\/accueil-loisirs-roncq\/wp-content\/uploads\/sites\/83\/2020\/03\/roncs-actu-2.jpg","contentUrl":"https:\/\/portail-animation.ufcv.fr\/accueil-loisirs-roncq\/wp-content\/uploads\/sites\/83\/2020\/03\/roncs-actu-2.jpg","width":623,"height":346},{"@type":"BreadcrumbList","@id":"https:\/\/portail-animation.ufcv.fr\/accueil-loisirs-roncq\/2020\/03\/03\/des-olympiades-sous-le-signe-du-handicap\/#breadcrumb","itemListElement":[{"@type":"ListItem","position":1,"name":"Accueil","item":"https:\/\/portail-animation.ufcv.fr\/accueil-loisirs-roncq\/"},{"@type":"ListItem","position":2,"name":"Des olympiades sous le signe du handicap"}]},{"@type":"WebSite","@id":"https:\/\/portail-animation.ufcv.fr\/accueil-loisirs-roncq\/#website","url":"https:\/\/portail-animation.ufcv.fr\/accueil-loisirs-roncq\/","name":"Accueil de Loisirs de Roncq","description":"Un site utilisant R\u00e9seau Portail Animation","potentialAction":[{"@type":"SearchAction","target":{"@type":"EntryPoint","urlTemplate":"https:\/\/portail-animation.ufcv.fr\/accueil-loisirs-roncq\/?s={search_term_string}"},"query-input":{"@type":"PropertyValueSpecification","valueRequired":true,"valueName":"search_term_string"}}],"inLanguage":"fr-FR"},{"@type":"Person","@id":"https:\/\/portail-animation.ufcv.fr\/accueil-loisirs-roncq\/#\/schema\/person\/db43aa028db181476994f6f3e275d5d1","name":"ufcv","image":{"@type":"ImageObject","inLanguage":"fr-FR","@id":"https:\/\/portail-animation.ufcv.fr\/accueil-loisirs-roncq\/#\/schema\/person\/image\/","url":"https:\/\/secure.gravatar.com\/avatar\/8f85696e48ce9983e48d26cb63894c8e?s=96&d=mm&r=g","contentUrl":"https:\/\/secure.gravatar.com\/avatar\/8f85696e48ce9983e48d26cb63894c8e?s=96&d=mm&r=g","caption":"ufcv"},"url":"https:\/\/portail-animation.ufcv.fr\/accueil-loisirs-roncq\/author\/ufcv\/"}]}},"_links":{"self":[{"href":"https:\/\/portail-animation.ufcv.fr\/accueil-loisirs-roncq\/wp-json\/wp\/v2\/posts\/219","targetHints":{"allow":["GET"]}}],"collection":[{"href":"https:\/\/portail-animation.ufcv.fr\/accueil-loisirs-roncq\/wp-json\/wp\/v2\/posts"}],"about":[{"href":"https:\/\/portail-animation.ufcv.fr\/accueil-loisirs-roncq\/wp-json\/wp\/v2\/types\/post"}],"author":[{"embeddable":true,"href":"https:\/\/portail-animation.ufcv.fr\/accueil-loisirs-roncq\/wp-json\/wp\/v2\/users\/2"}],"replies":[{"embeddable":true,"href":"https:\/\/portail-animation.ufcv.fr\/accueil-loisirs-roncq\/wp-json\/wp\/v2\/comments?post=219"}],"version-history":[{"count":1,"href":"https:\/\/portail-animation.ufcv.fr\/accueil-loisirs-roncq\/wp-json\/wp\/v2\/posts\/219\/revisions"}],"predecessor-version":[{"id":221,"href":"https:\/\/portail-animation.ufcv.fr\/accueil-loisirs-roncq\/wp-json\/wp\/v2\/posts\/219\/revisions\/221"}],"wp:featuredmedia":[{"embeddable":true,"href":"https:\/\/portail-animation.ufcv.fr\/accueil-loisirs-roncq\/wp-json\/wp\/v2\/media\/220"}],"wp:attachment":[{"href":"https:\/\/portail-animation.ufcv.fr\/accueil-loisirs-roncq\/wp-json\/wp\/v2\/media?parent=219"}],"wp:term":[{"taxonomy":"category","embeddable":true,"href":"https:\/\/portail-animation.ufcv.fr\/accueil-loisirs-roncq\/wp-json\/wp\/v2\/categories?post=219"},{"taxonomy":"post_tag","embeddable":true,"href":"https:\/\/portail-animation.ufcv.fr\/accueil-loisirs-roncq\/wp-json\/wp\/v2\/tags?post=219"}],"curies":[{"name":"wp","href":"https:\/\/api.w.org\/{rel}","templated":true}]}}