{"id":134,"date":"2019-01-08T11:19:05","date_gmt":"2019-01-08T10:19:05","guid":{"rendered":"http:\/\/portail-animation.ufcv.fr\/accueil-loisirs-vierville-sur-mer\/?p=134"},"modified":"2019-01-28T08:52:19","modified_gmt":"2019-01-28T07:52:19","slug":"134","status":"publish","type":"post","link":"https:\/\/portail-animation.ufcv.fr\/accueil-loisirs-vierville-sur-mer\/2019\/01\/08\/134\/","title":{"rendered":""},"content":{"rendered":"<p>Ch\u00e8res familles,<br \/>\nL\u2019ann\u00e9e 2018 a repr\u00e9sent\u00e9 pour l\u2019accueil de loisirs :<br \/>\n&#8211; 2 permanents<br \/>\n&#8211; 1 service civique<br \/>\n&#8211; 14 animateurs volontaires<br \/>\n&#8211; 96 jours d\u2019ouverture \u2013 les mercredis et les vacances  (sauf celle de fin d\u2019ann\u00e9e)<br \/>\n&#8211; 179 enfants accueillis entre septembre 2017 et ao\u00fbt 2018<br \/>\n&#8211; Une moyenne de 19 enfants sur les mercredis<br \/>\n&#8211; Une moyenne de 36 enfants sur les vacances<br \/>\n&#8211; Une moyenne de 30 enfants sur l\u2019ann\u00e9e<\/p>\n<p>Pour l\u2019ann\u00e9e 2019, le projet \u00e9volue :<\/p>\n<p><strong>Les th\u00e9matiques<\/strong><br \/>\nL\u2019imagination et les \u00e9motions seront les grands th\u00e8mes du projet de l\u2019accueil de loisirs d\u00e9velopp\u00e9s au long de l\u2019ann\u00e9e. Ils permettront de colorer la proposition de l\u2019accueil au travers de nombreux ateliers, tel que des activit\u00e9s culturelles\u2026<\/p>\n<p><strong>Les actions<\/strong><br \/>\nAtelier parents \u2013 enfants autour de la parentalit\u00e9 &#8211; S\u00e9jour \u00e9t\u00e9 Ufcv 2019- Actions autour de l\u2019interg\u00e9n\u00e9rationnel,<br \/>\nen partenariat avec les ateliers s\u00e9niors de Tr\u00e9vi\u00e8res &#8211; Partenariat de projets avec les accueil de loisirs d\u2019Isigny Omaha Intercom &#8211; Grandes animations et partenariats avec les accueil de loisirs Ufcv Normandie<\/p>\n<p><strong>Am\u00e9nagement<\/strong><br \/>\nEspace cocooning et lecture &#8211; Un mur aux \u00e9motions &#8211; Parcours de motricit\u00e9 autonome &#8211; Un jardin p\u00e9da-ludique<\/p>\n<p><strong>Les outils de communication<\/strong><br \/>\nPar une newsletter mensuelle, nous vous tiendrons inform\u00e9s de ce qui se passe sur l\u2019accueil de loisirs (projets, activit\u00e9s et grands \u00e9v\u00e8nement).<\/p>\n<p><strong>Fichier DRIVE de \u00ab\u00a0photos pour v\u00eatements oubli\u00e9s\u00a0\u00bb <\/strong><\/p>\n<p>Chers familles, je tiens \u00e0 vous remercier de l\u2019int\u00e9r\u00eat que vous portez au projet de l\u2019accueil. En souhaitant revoir vos enfants sur l\u2019ann\u00e9e 2019.<\/p>\n<p>A bient\u00f4t,<br \/>\nCordialement,<\/p>\n<p>HARDELAY Guillaume<br \/>\nUfcv \u2013 Isigny Omaha Intercom<\/p>\n","protected":false},"excerpt":{"rendered":"<p>Ch\u00e8res familles, L\u2019ann\u00e9e 2018 a repr\u00e9sent\u00e9 pour l\u2019accueil de loisirs : &#8211; 2 permanents &#8211; 1 service civique &#8211; 14 animateurs volontaires &#8211; 96 jours d\u2019ouverture \u2013 les mercredis et les vacances (sauf celle de fin d\u2019ann\u00e9e) &#8211; 179 enfants [&hellip;]<\/p>\n","protected":false},"author":74,"featured_media":135,"comment_status":"open","ping_status":"open","sticky":false,"template":"","format":"standard","meta":{"_acf_changed":false,"footnotes":""},"categories":[1],"tags":[],"class_list":["post-134","post","type-post","status-publish","format-standard","has-post-thumbnail","hentry","category-non-classe"],"acf":[],"yoast_head":"<!-- This site is optimized with the Yoast SEO plugin v23.9 - https:\/\/yoast.com\/wordpress\/plugins\/seo\/ -->\r\n<title>- Accueils Enfance Jeunesse Ufcv Isigny Omaha Intercom<\/title>\r\n<meta name=\"robots\" content=\"index, follow, max-snippet:-1, max-image-preview:large, max-video-preview:-1\" \/>\r\n<link rel=\"canonical\" href=\"https:\/\/portail-animation.ufcv.fr\/accueil-loisirs-vierville-sur-mer\/2019\/01\/08\/134\/\" \/>\r\n<meta property=\"og:locale\" content=\"fr_FR\" \/>\r\n<meta property=\"og:type\" content=\"article\" \/>\r\n<meta property=\"og:title\" content=\"- Accueils Enfance Jeunesse Ufcv Isigny Omaha Intercom\" \/>\r\n<meta property=\"og:description\" content=\"Ch\u00e8res familles, L\u2019ann\u00e9e 2018 a repr\u00e9sent\u00e9 pour l\u2019accueil de loisirs : &#8211; 2 permanents &#8211; 1 service civique &#8211; 14 animateurs volontaires &#8211; 96 jours d\u2019ouverture \u2013 les mercredis et les vacances (sauf celle de fin d\u2019ann\u00e9e) &#8211; 179 enfants [&hellip;]\" \/>\r\n<meta property=\"og:url\" content=\"https:\/\/portail-animation.ufcv.fr\/accueil-loisirs-vierville-sur-mer\/2019\/01\/08\/134\/\" \/>\r\n<meta property=\"og:site_name\" content=\"Accueils Enfance Jeunesse Ufcv Isigny Omaha Intercom\" \/>\r\n<meta property=\"article:published_time\" content=\"2019-01-08T10:19:05+00:00\" \/>\r\n<meta property=\"article:modified_time\" content=\"2019-01-28T07:52:19+00:00\" \/>\r\n<meta property=\"og:image\" content=\"https:\/\/portail-animation.ufcv.fr\/accueil-loisirs-vierville-sur-mer\/wp-content\/uploads\/sites\/138\/2019\/01\/Meirveilleuse_ann\u00e9e_2019_portailfamille.jpg\" \/>\r\n\t<meta property=\"og:image:width\" content=\"3679\" \/>\r\n\t<meta property=\"og:image:height\" content=\"2043\" \/>\r\n\t<meta property=\"og:image:type\" content=\"image\/jpeg\" \/>\r\n<meta name=\"author\" content=\"dboudineau\" \/>\r\n<meta name=\"twitter:card\" content=\"summary_large_image\" \/>\r\n<meta name=\"twitter:label1\" content=\"\u00c9crit par\" \/>\n\t<meta name=\"twitter:data1\" content=\"dboudineau\" \/>\n\t<meta name=\"twitter:label2\" content=\"Dur\u00e9e de lecture estim\u00e9e\" \/>\n\t<meta name=\"twitter:data2\" content=\"1 minute\" \/>\r\n<script type=\"application\/ld+json\" class=\"yoast-schema-graph\">{\"@context\":\"https:\/\/schema.org\",\"@graph\":[{\"@type\":\"WebPage\",\"@id\":\"https:\/\/portail-animation.ufcv.fr\/accueil-loisirs-vierville-sur-mer\/2019\/01\/08\/134\/\",\"url\":\"https:\/\/portail-animation.ufcv.fr\/accueil-loisirs-vierville-sur-mer\/2019\/01\/08\/134\/\",\"name\":\"- Accueils Enfance Jeunesse Ufcv Isigny Omaha Intercom\",\"isPartOf\":{\"@id\":\"https:\/\/portail-animation.ufcv.fr\/accueil-loisirs-vierville-sur-mer\/#website\"},\"primaryImageOfPage\":{\"@id\":\"https:\/\/portail-animation.ufcv.fr\/accueil-loisirs-vierville-sur-mer\/2019\/01\/08\/134\/#primaryimage\"},\"image\":{\"@id\":\"https:\/\/portail-animation.ufcv.fr\/accueil-loisirs-vierville-sur-mer\/2019\/01\/08\/134\/#primaryimage\"},\"thumbnailUrl\":\"https:\/\/portail-animation.ufcv.fr\/accueil-loisirs-vierville-sur-mer\/wp-content\/uploads\/sites\/138\/2019\/01\/Meirveilleuse_ann\u00e9e_2019_portailfamille.jpg\",\"datePublished\":\"2019-01-08T10:19:05+00:00\",\"dateModified\":\"2019-01-28T07:52:19+00:00\",\"author\":{\"@id\":\"https:\/\/portail-animation.ufcv.fr\/accueil-loisirs-vierville-sur-mer\/#\/schema\/person\/ef5d74057e9dc13bf0e01621fa93829e\"},\"inLanguage\":\"fr-FR\",\"potentialAction\":[{\"@type\":\"ReadAction\",\"target\":[\"https:\/\/portail-animation.ufcv.fr\/accueil-loisirs-vierville-sur-mer\/2019\/01\/08\/134\/\"]}]},{\"@type\":\"ImageObject\",\"inLanguage\":\"fr-FR\",\"@id\":\"https:\/\/portail-animation.ufcv.fr\/accueil-loisirs-vierville-sur-mer\/2019\/01\/08\/134\/#primaryimage\",\"url\":\"https:\/\/portail-animation.ufcv.fr\/accueil-loisirs-vierville-sur-mer\/wp-content\/uploads\/sites\/138\/2019\/01\/Meirveilleuse_ann\u00e9e_2019_portailfamille.jpg\",\"contentUrl\":\"https:\/\/portail-animation.ufcv.fr\/accueil-loisirs-vierville-sur-mer\/wp-content\/uploads\/sites\/138\/2019\/01\/Meirveilleuse_ann\u00e9e_2019_portailfamille.jpg\",\"width\":3679,\"height\":2043},{\"@type\":\"WebSite\",\"@id\":\"https:\/\/portail-animation.ufcv.fr\/accueil-loisirs-vierville-sur-mer\/#website\",\"url\":\"https:\/\/portail-animation.ufcv.fr\/accueil-loisirs-vierville-sur-mer\/\",\"name\":\"Accueils Enfance Jeunesse Ufcv Isigny Omaha Intercom\",\"description\":\"Un site utilisant R\u00e9seau Portail Animation\",\"potentialAction\":[{\"@type\":\"SearchAction\",\"target\":{\"@type\":\"EntryPoint\",\"urlTemplate\":\"https:\/\/portail-animation.ufcv.fr\/accueil-loisirs-vierville-sur-mer\/?s={search_term_string}\"},\"query-input\":{\"@type\":\"PropertyValueSpecification\",\"valueRequired\":true,\"valueName\":\"search_term_string\"}}],\"inLanguage\":\"fr-FR\"},{\"@type\":\"Person\",\"@id\":\"https:\/\/portail-animation.ufcv.fr\/accueil-loisirs-vierville-sur-mer\/#\/schema\/person\/ef5d74057e9dc13bf0e01621fa93829e\",\"name\":\"dboudineau\",\"image\":{\"@type\":\"ImageObject\",\"inLanguage\":\"fr-FR\",\"@id\":\"https:\/\/portail-animation.ufcv.fr\/accueil-loisirs-vierville-sur-mer\/#\/schema\/person\/image\/\",\"url\":\"https:\/\/secure.gravatar.com\/avatar\/5dbed005cf7790b1e2622a0138948505?s=96&d=mm&r=g\",\"contentUrl\":\"https:\/\/secure.gravatar.com\/avatar\/5dbed005cf7790b1e2622a0138948505?s=96&d=mm&r=g\",\"caption\":\"dboudineau\"},\"url\":\"https:\/\/portail-animation.ufcv.fr\/accueil-loisirs-vierville-sur-mer\/author\/dboudineau\/\"}]}<\/script>\r\n<!-- \/ Yoast SEO plugin. -->","yoast_head_json":{"title":"- Accueils Enfance Jeunesse Ufcv Isigny Omaha Intercom","robots":{"index":"index","follow":"follow","max-snippet":"max-snippet:-1","max-image-preview":"max-image-preview:large","max-video-preview":"max-video-preview:-1"},"canonical":"https:\/\/portail-animation.ufcv.fr\/accueil-loisirs-vierville-sur-mer\/2019\/01\/08\/134\/","og_locale":"fr_FR","og_type":"article","og_title":"- Accueils Enfance Jeunesse Ufcv Isigny Omaha Intercom","og_description":"Ch\u00e8res familles, L\u2019ann\u00e9e 2018 a repr\u00e9sent\u00e9 pour l\u2019accueil de loisirs : &#8211; 2 permanents &#8211; 1 service civique &#8211; 14 animateurs volontaires &#8211; 96 jours d\u2019ouverture \u2013 les mercredis et les vacances (sauf celle de fin d\u2019ann\u00e9e) &#8211; 179 enfants [&hellip;]","og_url":"https:\/\/portail-animation.ufcv.fr\/accueil-loisirs-vierville-sur-mer\/2019\/01\/08\/134\/","og_site_name":"Accueils Enfance Jeunesse Ufcv Isigny Omaha Intercom","article_published_time":"2019-01-08T10:19:05+00:00","article_modified_time":"2019-01-28T07:52:19+00:00","og_image":[{"width":3679,"height":2043,"url":"https:\/\/portail-animation.ufcv.fr\/accueil-loisirs-vierville-sur-mer\/wp-content\/uploads\/sites\/138\/2019\/01\/Meirveilleuse_ann\u00e9e_2019_portailfamille.jpg","type":"image\/jpeg"}],"author":"dboudineau","twitter_card":"summary_large_image","twitter_misc":{"\u00c9crit par":"dboudineau","Dur\u00e9e de lecture estim\u00e9e":"1 minute"},"schema":{"@context":"https:\/\/schema.org","@graph":[{"@type":"WebPage","@id":"https:\/\/portail-animation.ufcv.fr\/accueil-loisirs-vierville-sur-mer\/2019\/01\/08\/134\/","url":"https:\/\/portail-animation.ufcv.fr\/accueil-loisirs-vierville-sur-mer\/2019\/01\/08\/134\/","name":"- Accueils Enfance Jeunesse Ufcv Isigny Omaha Intercom","isPartOf":{"@id":"https:\/\/portail-animation.ufcv.fr\/accueil-loisirs-vierville-sur-mer\/#website"},"primaryImageOfPage":{"@id":"https:\/\/portail-animation.ufcv.fr\/accueil-loisirs-vierville-sur-mer\/2019\/01\/08\/134\/#primaryimage"},"image":{"@id":"https:\/\/portail-animation.ufcv.fr\/accueil-loisirs-vierville-sur-mer\/2019\/01\/08\/134\/#primaryimage"},"thumbnailUrl":"https:\/\/portail-animation.ufcv.fr\/accueil-loisirs-vierville-sur-mer\/wp-content\/uploads\/sites\/138\/2019\/01\/Meirveilleuse_ann\u00e9e_2019_portailfamille.jpg","datePublished":"2019-01-08T10:19:05+00:00","dateModified":"2019-01-28T07:52:19+00:00","author":{"@id":"https:\/\/portail-animation.ufcv.fr\/accueil-loisirs-vierville-sur-mer\/#\/schema\/person\/ef5d74057e9dc13bf0e01621fa93829e"},"inLanguage":"fr-FR","potentialAction":[{"@type":"ReadAction","target":["https:\/\/portail-animation.ufcv.fr\/accueil-loisirs-vierville-sur-mer\/2019\/01\/08\/134\/"]}]},{"@type":"ImageObject","inLanguage":"fr-FR","@id":"https:\/\/portail-animation.ufcv.fr\/accueil-loisirs-vierville-sur-mer\/2019\/01\/08\/134\/#primaryimage","url":"https:\/\/portail-animation.ufcv.fr\/accueil-loisirs-vierville-sur-mer\/wp-content\/uploads\/sites\/138\/2019\/01\/Meirveilleuse_ann\u00e9e_2019_portailfamille.jpg","contentUrl":"https:\/\/portail-animation.ufcv.fr\/accueil-loisirs-vierville-sur-mer\/wp-content\/uploads\/sites\/138\/2019\/01\/Meirveilleuse_ann\u00e9e_2019_portailfamille.jpg","width":3679,"height":2043},{"@type":"WebSite","@id":"https:\/\/portail-animation.ufcv.fr\/accueil-loisirs-vierville-sur-mer\/#website","url":"https:\/\/portail-animation.ufcv.fr\/accueil-loisirs-vierville-sur-mer\/","name":"Accueils Enfance Jeunesse Ufcv Isigny Omaha Intercom","description":"Un site utilisant R\u00e9seau Portail Animation","potentialAction":[{"@type":"SearchAction","target":{"@type":"EntryPoint","urlTemplate":"https:\/\/portail-animation.ufcv.fr\/accueil-loisirs-vierville-sur-mer\/?s={search_term_string}"},"query-input":{"@type":"PropertyValueSpecification","valueRequired":true,"valueName":"search_term_string"}}],"inLanguage":"fr-FR"},{"@type":"Person","@id":"https:\/\/portail-animation.ufcv.fr\/accueil-loisirs-vierville-sur-mer\/#\/schema\/person\/ef5d74057e9dc13bf0e01621fa93829e","name":"dboudineau","image":{"@type":"ImageObject","inLanguage":"fr-FR","@id":"https:\/\/portail-animation.ufcv.fr\/accueil-loisirs-vierville-sur-mer\/#\/schema\/person\/image\/","url":"https:\/\/secure.gravatar.com\/avatar\/5dbed005cf7790b1e2622a0138948505?s=96&d=mm&r=g","contentUrl":"https:\/\/secure.gravatar.com\/avatar\/5dbed005cf7790b1e2622a0138948505?s=96&d=mm&r=g","caption":"dboudineau"},"url":"https:\/\/portail-animation.ufcv.fr\/accueil-loisirs-vierville-sur-mer\/author\/dboudineau\/"}]}},"_links":{"self":[{"href":"https:\/\/portail-animation.ufcv.fr\/accueil-loisirs-vierville-sur-mer\/wp-json\/wp\/v2\/posts\/134","targetHints":{"allow":["GET"]}}],"collection":[{"href":"https:\/\/portail-animation.ufcv.fr\/accueil-loisirs-vierville-sur-mer\/wp-json\/wp\/v2\/posts"}],"about":[{"href":"https:\/\/portail-animation.ufcv.fr\/accueil-loisirs-vierville-sur-mer\/wp-json\/wp\/v2\/types\/post"}],"author":[{"embeddable":true,"href":"https:\/\/portail-animation.ufcv.fr\/accueil-loisirs-vierville-sur-mer\/wp-json\/wp\/v2\/users\/74"}],"replies":[{"embeddable":true,"href":"https:\/\/portail-animation.ufcv.fr\/accueil-loisirs-vierville-sur-mer\/wp-json\/wp\/v2\/comments?post=134"}],"version-history":[{"count":4,"href":"https:\/\/portail-animation.ufcv.fr\/accueil-loisirs-vierville-sur-mer\/wp-json\/wp\/v2\/posts\/134\/revisions"}],"predecessor-version":[{"id":141,"href":"https:\/\/portail-animation.ufcv.fr\/accueil-loisirs-vierville-sur-mer\/wp-json\/wp\/v2\/posts\/134\/revisions\/141"}],"wp:featuredmedia":[{"embeddable":true,"href":"https:\/\/portail-animation.ufcv.fr\/accueil-loisirs-vierville-sur-mer\/wp-json\/wp\/v2\/media\/135"}],"wp:attachment":[{"href":"https:\/\/portail-animation.ufcv.fr\/accueil-loisirs-vierville-sur-mer\/wp-json\/wp\/v2\/media?parent=134"}],"wp:term":[{"taxonomy":"category","embeddable":true,"href":"https:\/\/portail-animation.ufcv.fr\/accueil-loisirs-vierville-sur-mer\/wp-json\/wp\/v2\/categories?post=134"},{"taxonomy":"post_tag","embeddable":true,"href":"https:\/\/portail-animation.ufcv.fr\/accueil-loisirs-vierville-sur-mer\/wp-json\/wp\/v2\/tags?post=134"}],"curies":[{"name":"wp","href":"https:\/\/api.w.org\/{rel}","templated":true}]}}