{"id":180,"date":"2019-03-26T10:03:34","date_gmt":"2019-03-26T09:03:34","guid":{"rendered":"http:\/\/portail-animation.ufcv.fr\/accueil-loisirs-vierville-sur-mer\/?p=180"},"modified":"2019-03-26T10:10:11","modified_gmt":"2019-03-26T09:10:11","slug":"vacances-de-printemps-2019","status":"publish","type":"post","link":"https:\/\/portail-animation.ufcv.fr\/accueil-loisirs-vierville-sur-mer\/2019\/03\/26\/vacances-de-printemps-2019\/","title":{"rendered":"Vacances de printemps 2019"},"content":{"rendered":"<p>Ch\u00e8res familles,<\/p>\n<p>Voici la programmation des prochaines vacances : <a href=\"http:\/\/portail-animation.ufcv.fr\/accueil-loisirs-vierville-sur-mer\/wp-content\/uploads\/sites\/138\/2019\/03\/2019_printemps.pdf\">Programme<\/a><br \/>\nEn esp\u00e9rant voir vos enfants sur l\u2019accueil de loisirs.<\/p>\n<p>Information importante : le num\u00e9ro de t\u00e9l\u00e9phone de l\u2019accueil de loisirs a chang\u00e9.<br \/>\nVous pouvez nous joindre au 02 31 51 07 71.<\/p>\n<p>Pour rappel, l\u2019accueil de loisirs est ouvert du lundi au vendredi de 7h 30 \u00e0 18h.<br \/>\nIl est important de respecter ces horaires pour le bon accueil de vos enfants.<br \/>\nDe plus, les r\u00e9servations sont ouvertes jusqu\u2019\u00e0 deux jours ouvr\u00e9s avant la venue de vos enfants dans la limites des places disponibles. Au-del\u00e0 de ces 2 jours, il faut imp\u00e9rativement pr\u00e9venir le directeur de la structure afin de faire une r\u00e9servation papier si des places sont disponibles sur l\u2019accueil.<\/p>\n<p>Bien cordialement,<\/p>\n<p>HARDELAY Guillaume<br \/>\nUfcv \u2013 Isigny Omaha Intercom<\/p>\n","protected":false},"excerpt":{"rendered":"<p>Ch\u00e8res familles, Voici la programmation des prochaines vacances : Programme En esp\u00e9rant voir vos enfants sur l\u2019accueil de loisirs. Information importante : le num\u00e9ro de t\u00e9l\u00e9phone de l\u2019accueil de loisirs a chang\u00e9. Vous pouvez nous joindre au 02 31 51 [&hellip;]<\/p>\n","protected":false},"author":74,"featured_media":181,"comment_status":"open","ping_status":"open","sticky":false,"template":"","format":"standard","meta":{"_acf_changed":false,"footnotes":""},"categories":[1],"tags":[],"class_list":["post-180","post","type-post","status-publish","format-standard","has-post-thumbnail","hentry","category-non-classe"],"acf":[],"yoast_head":"<!-- This site is optimized with the Yoast SEO plugin v23.9 - https:\/\/yoast.com\/wordpress\/plugins\/seo\/ -->\r\n<title>Vacances de printemps 2019 - Accueils Enfance Jeunesse Ufcv Isigny Omaha Intercom<\/title>\r\n<meta name=\"robots\" content=\"index, follow, max-snippet:-1, max-image-preview:large, max-video-preview:-1\" \/>\r\n<link rel=\"canonical\" href=\"https:\/\/portail-animation.ufcv.fr\/accueil-loisirs-vierville-sur-mer\/2019\/03\/26\/vacances-de-printemps-2019\/\" \/>\r\n<meta property=\"og:locale\" content=\"fr_FR\" \/>\r\n<meta property=\"og:type\" content=\"article\" \/>\r\n<meta property=\"og:title\" content=\"Vacances de printemps 2019 - Accueils Enfance Jeunesse Ufcv Isigny Omaha Intercom\" \/>\r\n<meta property=\"og:description\" content=\"Ch\u00e8res familles, Voici la programmation des prochaines vacances : Programme En esp\u00e9rant voir vos enfants sur l\u2019accueil de loisirs. Information importante : le num\u00e9ro de t\u00e9l\u00e9phone de l\u2019accueil de loisirs a chang\u00e9. Vous pouvez nous joindre au 02 31 51 [&hellip;]\" \/>\r\n<meta property=\"og:url\" content=\"https:\/\/portail-animation.ufcv.fr\/accueil-loisirs-vierville-sur-mer\/2019\/03\/26\/vacances-de-printemps-2019\/\" \/>\r\n<meta property=\"og:site_name\" content=\"Accueils Enfance Jeunesse Ufcv Isigny Omaha Intercom\" \/>\r\n<meta property=\"article:published_time\" content=\"2019-03-26T09:03:34+00:00\" \/>\r\n<meta property=\"article:modified_time\" content=\"2019-03-26T09:10:11+00:00\" \/>\r\n<meta property=\"og:image\" content=\"https:\/\/portail-animation.ufcv.fr\/accueil-loisirs-vierville-sur-mer\/wp-content\/uploads\/sites\/138\/2019\/03\/2019_Printemps.jpg\" \/>\r\n\t<meta property=\"og:image:width\" content=\"623\" \/>\r\n\t<meta property=\"og:image:height\" content=\"346\" \/>\r\n\t<meta property=\"og:image:type\" content=\"image\/jpeg\" \/>\r\n<meta name=\"author\" content=\"dboudineau\" \/>\r\n<meta name=\"twitter:card\" content=\"summary_large_image\" \/>\r\n<meta name=\"twitter:label1\" content=\"\u00c9crit par\" \/>\n\t<meta name=\"twitter:data1\" content=\"dboudineau\" \/>\n\t<meta name=\"twitter:label2\" content=\"Dur\u00e9e de lecture estim\u00e9e\" \/>\n\t<meta name=\"twitter:data2\" content=\"1 minute\" \/>\r\n<script type=\"application\/ld+json\" class=\"yoast-schema-graph\">{\"@context\":\"https:\/\/schema.org\",\"@graph\":[{\"@type\":\"WebPage\",\"@id\":\"https:\/\/portail-animation.ufcv.fr\/accueil-loisirs-vierville-sur-mer\/2019\/03\/26\/vacances-de-printemps-2019\/\",\"url\":\"https:\/\/portail-animation.ufcv.fr\/accueil-loisirs-vierville-sur-mer\/2019\/03\/26\/vacances-de-printemps-2019\/\",\"name\":\"Vacances de printemps 2019 - Accueils Enfance Jeunesse Ufcv Isigny Omaha Intercom\",\"isPartOf\":{\"@id\":\"https:\/\/portail-animation.ufcv.fr\/accueil-loisirs-vierville-sur-mer\/#website\"},\"primaryImageOfPage\":{\"@id\":\"https:\/\/portail-animation.ufcv.fr\/accueil-loisirs-vierville-sur-mer\/2019\/03\/26\/vacances-de-printemps-2019\/#primaryimage\"},\"image\":{\"@id\":\"https:\/\/portail-animation.ufcv.fr\/accueil-loisirs-vierville-sur-mer\/2019\/03\/26\/vacances-de-printemps-2019\/#primaryimage\"},\"thumbnailUrl\":\"https:\/\/portail-animation.ufcv.fr\/accueil-loisirs-vierville-sur-mer\/wp-content\/uploads\/sites\/138\/2019\/03\/2019_Printemps.jpg\",\"datePublished\":\"2019-03-26T09:03:34+00:00\",\"dateModified\":\"2019-03-26T09:10:11+00:00\",\"author\":{\"@id\":\"https:\/\/portail-animation.ufcv.fr\/accueil-loisirs-vierville-sur-mer\/#\/schema\/person\/ef5d74057e9dc13bf0e01621fa93829e\"},\"breadcrumb\":{\"@id\":\"https:\/\/portail-animation.ufcv.fr\/accueil-loisirs-vierville-sur-mer\/2019\/03\/26\/vacances-de-printemps-2019\/#breadcrumb\"},\"inLanguage\":\"fr-FR\",\"potentialAction\":[{\"@type\":\"ReadAction\",\"target\":[\"https:\/\/portail-animation.ufcv.fr\/accueil-loisirs-vierville-sur-mer\/2019\/03\/26\/vacances-de-printemps-2019\/\"]}]},{\"@type\":\"ImageObject\",\"inLanguage\":\"fr-FR\",\"@id\":\"https:\/\/portail-animation.ufcv.fr\/accueil-loisirs-vierville-sur-mer\/2019\/03\/26\/vacances-de-printemps-2019\/#primaryimage\",\"url\":\"https:\/\/portail-animation.ufcv.fr\/accueil-loisirs-vierville-sur-mer\/wp-content\/uploads\/sites\/138\/2019\/03\/2019_Printemps.jpg\",\"contentUrl\":\"https:\/\/portail-animation.ufcv.fr\/accueil-loisirs-vierville-sur-mer\/wp-content\/uploads\/sites\/138\/2019\/03\/2019_Printemps.jpg\",\"width\":623,\"height\":346},{\"@type\":\"BreadcrumbList\",\"@id\":\"https:\/\/portail-animation.ufcv.fr\/accueil-loisirs-vierville-sur-mer\/2019\/03\/26\/vacances-de-printemps-2019\/#breadcrumb\",\"itemListElement\":[{\"@type\":\"ListItem\",\"position\":1,\"name\":\"Accueil\",\"item\":\"https:\/\/portail-animation.ufcv.fr\/accueil-loisirs-vierville-sur-mer\/\"},{\"@type\":\"ListItem\",\"position\":2,\"name\":\"Vacances de printemps 2019\"}]},{\"@type\":\"WebSite\",\"@id\":\"https:\/\/portail-animation.ufcv.fr\/accueil-loisirs-vierville-sur-mer\/#website\",\"url\":\"https:\/\/portail-animation.ufcv.fr\/accueil-loisirs-vierville-sur-mer\/\",\"name\":\"Accueils Enfance Jeunesse Ufcv Isigny Omaha Intercom\",\"description\":\"Un site utilisant R\u00e9seau Portail Animation\",\"potentialAction\":[{\"@type\":\"SearchAction\",\"target\":{\"@type\":\"EntryPoint\",\"urlTemplate\":\"https:\/\/portail-animation.ufcv.fr\/accueil-loisirs-vierville-sur-mer\/?s={search_term_string}\"},\"query-input\":{\"@type\":\"PropertyValueSpecification\",\"valueRequired\":true,\"valueName\":\"search_term_string\"}}],\"inLanguage\":\"fr-FR\"},{\"@type\":\"Person\",\"@id\":\"https:\/\/portail-animation.ufcv.fr\/accueil-loisirs-vierville-sur-mer\/#\/schema\/person\/ef5d74057e9dc13bf0e01621fa93829e\",\"name\":\"dboudineau\",\"image\":{\"@type\":\"ImageObject\",\"inLanguage\":\"fr-FR\",\"@id\":\"https:\/\/portail-animation.ufcv.fr\/accueil-loisirs-vierville-sur-mer\/#\/schema\/person\/image\/\",\"url\":\"https:\/\/secure.gravatar.com\/avatar\/5dbed005cf7790b1e2622a0138948505?s=96&d=mm&r=g\",\"contentUrl\":\"https:\/\/secure.gravatar.com\/avatar\/5dbed005cf7790b1e2622a0138948505?s=96&d=mm&r=g\",\"caption\":\"dboudineau\"},\"url\":\"https:\/\/portail-animation.ufcv.fr\/accueil-loisirs-vierville-sur-mer\/author\/dboudineau\/\"}]}<\/script>\r\n<!-- \/ Yoast SEO plugin. -->","yoast_head_json":{"title":"Vacances de printemps 2019 - Accueils Enfance Jeunesse Ufcv Isigny Omaha Intercom","robots":{"index":"index","follow":"follow","max-snippet":"max-snippet:-1","max-image-preview":"max-image-preview:large","max-video-preview":"max-video-preview:-1"},"canonical":"https:\/\/portail-animation.ufcv.fr\/accueil-loisirs-vierville-sur-mer\/2019\/03\/26\/vacances-de-printemps-2019\/","og_locale":"fr_FR","og_type":"article","og_title":"Vacances de printemps 2019 - Accueils Enfance Jeunesse Ufcv Isigny Omaha Intercom","og_description":"Ch\u00e8res familles, Voici la programmation des prochaines vacances : Programme En esp\u00e9rant voir vos enfants sur l\u2019accueil de loisirs. Information importante : le num\u00e9ro de t\u00e9l\u00e9phone de l\u2019accueil de loisirs a chang\u00e9. Vous pouvez nous joindre au 02 31 51 [&hellip;]","og_url":"https:\/\/portail-animation.ufcv.fr\/accueil-loisirs-vierville-sur-mer\/2019\/03\/26\/vacances-de-printemps-2019\/","og_site_name":"Accueils Enfance Jeunesse Ufcv Isigny Omaha Intercom","article_published_time":"2019-03-26T09:03:34+00:00","article_modified_time":"2019-03-26T09:10:11+00:00","og_image":[{"width":623,"height":346,"url":"https:\/\/portail-animation.ufcv.fr\/accueil-loisirs-vierville-sur-mer\/wp-content\/uploads\/sites\/138\/2019\/03\/2019_Printemps.jpg","type":"image\/jpeg"}],"author":"dboudineau","twitter_card":"summary_large_image","twitter_misc":{"\u00c9crit par":"dboudineau","Dur\u00e9e de lecture estim\u00e9e":"1 minute"},"schema":{"@context":"https:\/\/schema.org","@graph":[{"@type":"WebPage","@id":"https:\/\/portail-animation.ufcv.fr\/accueil-loisirs-vierville-sur-mer\/2019\/03\/26\/vacances-de-printemps-2019\/","url":"https:\/\/portail-animation.ufcv.fr\/accueil-loisirs-vierville-sur-mer\/2019\/03\/26\/vacances-de-printemps-2019\/","name":"Vacances de printemps 2019 - Accueils Enfance Jeunesse Ufcv Isigny Omaha Intercom","isPartOf":{"@id":"https:\/\/portail-animation.ufcv.fr\/accueil-loisirs-vierville-sur-mer\/#website"},"primaryImageOfPage":{"@id":"https:\/\/portail-animation.ufcv.fr\/accueil-loisirs-vierville-sur-mer\/2019\/03\/26\/vacances-de-printemps-2019\/#primaryimage"},"image":{"@id":"https:\/\/portail-animation.ufcv.fr\/accueil-loisirs-vierville-sur-mer\/2019\/03\/26\/vacances-de-printemps-2019\/#primaryimage"},"thumbnailUrl":"https:\/\/portail-animation.ufcv.fr\/accueil-loisirs-vierville-sur-mer\/wp-content\/uploads\/sites\/138\/2019\/03\/2019_Printemps.jpg","datePublished":"2019-03-26T09:03:34+00:00","dateModified":"2019-03-26T09:10:11+00:00","author":{"@id":"https:\/\/portail-animation.ufcv.fr\/accueil-loisirs-vierville-sur-mer\/#\/schema\/person\/ef5d74057e9dc13bf0e01621fa93829e"},"breadcrumb":{"@id":"https:\/\/portail-animation.ufcv.fr\/accueil-loisirs-vierville-sur-mer\/2019\/03\/26\/vacances-de-printemps-2019\/#breadcrumb"},"inLanguage":"fr-FR","potentialAction":[{"@type":"ReadAction","target":["https:\/\/portail-animation.ufcv.fr\/accueil-loisirs-vierville-sur-mer\/2019\/03\/26\/vacances-de-printemps-2019\/"]}]},{"@type":"ImageObject","inLanguage":"fr-FR","@id":"https:\/\/portail-animation.ufcv.fr\/accueil-loisirs-vierville-sur-mer\/2019\/03\/26\/vacances-de-printemps-2019\/#primaryimage","url":"https:\/\/portail-animation.ufcv.fr\/accueil-loisirs-vierville-sur-mer\/wp-content\/uploads\/sites\/138\/2019\/03\/2019_Printemps.jpg","contentUrl":"https:\/\/portail-animation.ufcv.fr\/accueil-loisirs-vierville-sur-mer\/wp-content\/uploads\/sites\/138\/2019\/03\/2019_Printemps.jpg","width":623,"height":346},{"@type":"BreadcrumbList","@id":"https:\/\/portail-animation.ufcv.fr\/accueil-loisirs-vierville-sur-mer\/2019\/03\/26\/vacances-de-printemps-2019\/#breadcrumb","itemListElement":[{"@type":"ListItem","position":1,"name":"Accueil","item":"https:\/\/portail-animation.ufcv.fr\/accueil-loisirs-vierville-sur-mer\/"},{"@type":"ListItem","position":2,"name":"Vacances de printemps 2019"}]},{"@type":"WebSite","@id":"https:\/\/portail-animation.ufcv.fr\/accueil-loisirs-vierville-sur-mer\/#website","url":"https:\/\/portail-animation.ufcv.fr\/accueil-loisirs-vierville-sur-mer\/","name":"Accueils Enfance Jeunesse Ufcv Isigny Omaha Intercom","description":"Un site utilisant R\u00e9seau Portail Animation","potentialAction":[{"@type":"SearchAction","target":{"@type":"EntryPoint","urlTemplate":"https:\/\/portail-animation.ufcv.fr\/accueil-loisirs-vierville-sur-mer\/?s={search_term_string}"},"query-input":{"@type":"PropertyValueSpecification","valueRequired":true,"valueName":"search_term_string"}}],"inLanguage":"fr-FR"},{"@type":"Person","@id":"https:\/\/portail-animation.ufcv.fr\/accueil-loisirs-vierville-sur-mer\/#\/schema\/person\/ef5d74057e9dc13bf0e01621fa93829e","name":"dboudineau","image":{"@type":"ImageObject","inLanguage":"fr-FR","@id":"https:\/\/portail-animation.ufcv.fr\/accueil-loisirs-vierville-sur-mer\/#\/schema\/person\/image\/","url":"https:\/\/secure.gravatar.com\/avatar\/5dbed005cf7790b1e2622a0138948505?s=96&d=mm&r=g","contentUrl":"https:\/\/secure.gravatar.com\/avatar\/5dbed005cf7790b1e2622a0138948505?s=96&d=mm&r=g","caption":"dboudineau"},"url":"https:\/\/portail-animation.ufcv.fr\/accueil-loisirs-vierville-sur-mer\/author\/dboudineau\/"}]}},"_links":{"self":[{"href":"https:\/\/portail-animation.ufcv.fr\/accueil-loisirs-vierville-sur-mer\/wp-json\/wp\/v2\/posts\/180","targetHints":{"allow":["GET"]}}],"collection":[{"href":"https:\/\/portail-animation.ufcv.fr\/accueil-loisirs-vierville-sur-mer\/wp-json\/wp\/v2\/posts"}],"about":[{"href":"https:\/\/portail-animation.ufcv.fr\/accueil-loisirs-vierville-sur-mer\/wp-json\/wp\/v2\/types\/post"}],"author":[{"embeddable":true,"href":"https:\/\/portail-animation.ufcv.fr\/accueil-loisirs-vierville-sur-mer\/wp-json\/wp\/v2\/users\/74"}],"replies":[{"embeddable":true,"href":"https:\/\/portail-animation.ufcv.fr\/accueil-loisirs-vierville-sur-mer\/wp-json\/wp\/v2\/comments?post=180"}],"version-history":[{"count":1,"href":"https:\/\/portail-animation.ufcv.fr\/accueil-loisirs-vierville-sur-mer\/wp-json\/wp\/v2\/posts\/180\/revisions"}],"predecessor-version":[{"id":183,"href":"https:\/\/portail-animation.ufcv.fr\/accueil-loisirs-vierville-sur-mer\/wp-json\/wp\/v2\/posts\/180\/revisions\/183"}],"wp:featuredmedia":[{"embeddable":true,"href":"https:\/\/portail-animation.ufcv.fr\/accueil-loisirs-vierville-sur-mer\/wp-json\/wp\/v2\/media\/181"}],"wp:attachment":[{"href":"https:\/\/portail-animation.ufcv.fr\/accueil-loisirs-vierville-sur-mer\/wp-json\/wp\/v2\/media?parent=180"}],"wp:term":[{"taxonomy":"category","embeddable":true,"href":"https:\/\/portail-animation.ufcv.fr\/accueil-loisirs-vierville-sur-mer\/wp-json\/wp\/v2\/categories?post=180"},{"taxonomy":"post_tag","embeddable":true,"href":"https:\/\/portail-animation.ufcv.fr\/accueil-loisirs-vierville-sur-mer\/wp-json\/wp\/v2\/tags?post=180"}],"curies":[{"name":"wp","href":"https:\/\/api.w.org\/{rel}","templated":true}]}}