{"id":509,"date":"2023-06-13T09:48:35","date_gmt":"2023-06-13T07:48:35","guid":{"rendered":"https:\/\/portail-animation.ufcv.fr\/accueil-loisirs-vierville-sur-mer\/?p=509"},"modified":"2023-06-13T09:48:36","modified_gmt":"2023-06-13T07:48:36","slug":"la-navette-ne-passera-plus-a-partir-de-cet-ete","status":"publish","type":"post","link":"https:\/\/portail-animation.ufcv.fr\/accueil-loisirs-vierville-sur-mer\/2023\/06\/13\/la-navette-ne-passera-plus-a-partir-de-cet-ete\/","title":{"rendered":"La navette ne passera plus \u00e0 partir de cet \u00e9t\u00e9 !"},"content":{"rendered":"\n<p>A partir de cet \u00e9t\u00e9, la navette est annul\u00e9e. cette d\u00e9cision a \u00e9t\u00e9 prise en concertation avec la collectivit\u00e9. Nous restons disponible pour tout compl\u00e9ment d&rsquo;information.<\/p>\n","protected":false},"excerpt":{"rendered":"<p>A partir de cet \u00e9t\u00e9, la navette est annul\u00e9e. cette d\u00e9cision a \u00e9t\u00e9 prise en concertation avec la collectivit\u00e9. Nous restons disponible pour tout compl\u00e9ment d&rsquo;information.<\/p>\n","protected":false},"author":162,"featured_media":510,"comment_status":"open","ping_status":"open","sticky":false,"template":"","format":"standard","meta":{"_acf_changed":false,"footnotes":""},"categories":[1],"tags":[],"class_list":["post-509","post","type-post","status-publish","format-standard","has-post-thumbnail","hentry","category-non-classe"],"acf":[],"yoast_head":"<!-- This site is optimized with the Yoast SEO plugin v23.9 - https:\/\/yoast.com\/wordpress\/plugins\/seo\/ -->\r\n<title>La navette ne passera plus \u00e0 partir de cet \u00e9t\u00e9 ! - Accueils Enfance Jeunesse Ufcv Isigny Omaha Intercom<\/title>\r\n<meta name=\"robots\" content=\"index, follow, max-snippet:-1, max-image-preview:large, max-video-preview:-1\" \/>\r\n<link rel=\"canonical\" href=\"https:\/\/portail-animation.ufcv.fr\/accueil-loisirs-vierville-sur-mer\/2023\/06\/13\/la-navette-ne-passera-plus-a-partir-de-cet-ete\/\" \/>\r\n<meta property=\"og:locale\" content=\"fr_FR\" \/>\r\n<meta property=\"og:type\" content=\"article\" \/>\r\n<meta property=\"og:title\" content=\"La navette ne passera plus \u00e0 partir de cet \u00e9t\u00e9 ! - Accueils Enfance Jeunesse Ufcv Isigny Omaha Intercom\" \/>\r\n<meta property=\"og:description\" content=\"A partir de cet \u00e9t\u00e9, la navette est annul\u00e9e. cette d\u00e9cision a \u00e9t\u00e9 prise en concertation avec la collectivit\u00e9. Nous restons disponible pour tout compl\u00e9ment d&rsquo;information.\" \/>\r\n<meta property=\"og:url\" content=\"https:\/\/portail-animation.ufcv.fr\/accueil-loisirs-vierville-sur-mer\/2023\/06\/13\/la-navette-ne-passera-plus-a-partir-de-cet-ete\/\" \/>\r\n<meta property=\"og:site_name\" content=\"Accueils Enfance Jeunesse Ufcv Isigny Omaha Intercom\" \/>\r\n<meta property=\"article:published_time\" content=\"2023-06-13T07:48:35+00:00\" \/>\r\n<meta property=\"article:modified_time\" content=\"2023-06-13T07:48:36+00:00\" \/>\r\n<meta property=\"og:image\" content=\"https:\/\/portail-animation.ufcv.fr\/accueil-loisirs-vierville-sur-mer\/wp-content\/uploads\/sites\/138\/2023\/06\/navette-IOI-2023.png\" \/>\r\n\t<meta property=\"og:image:width\" content=\"445\" \/>\r\n\t<meta property=\"og:image:height\" content=\"255\" \/>\r\n\t<meta property=\"og:image:type\" content=\"image\/png\" \/>\r\n<meta name=\"author\" content=\"bfarcy\" \/>\r\n<meta name=\"twitter:card\" content=\"summary_large_image\" \/>\r\n<meta name=\"twitter:label1\" content=\"\u00c9crit par\" \/>\n\t<meta name=\"twitter:data1\" content=\"bfarcy\" \/>\n\t<meta name=\"twitter:label2\" content=\"Dur\u00e9e de lecture estim\u00e9e\" \/>\n\t<meta name=\"twitter:data2\" content=\"1 minute\" \/>\r\n<script type=\"application\/ld+json\" class=\"yoast-schema-graph\">{\"@context\":\"https:\/\/schema.org\",\"@graph\":[{\"@type\":\"WebPage\",\"@id\":\"https:\/\/portail-animation.ufcv.fr\/accueil-loisirs-vierville-sur-mer\/2023\/06\/13\/la-navette-ne-passera-plus-a-partir-de-cet-ete\/\",\"url\":\"https:\/\/portail-animation.ufcv.fr\/accueil-loisirs-vierville-sur-mer\/2023\/06\/13\/la-navette-ne-passera-plus-a-partir-de-cet-ete\/\",\"name\":\"La navette ne passera plus \u00e0 partir de cet \u00e9t\u00e9 ! - Accueils Enfance Jeunesse Ufcv Isigny Omaha Intercom\",\"isPartOf\":{\"@id\":\"https:\/\/portail-animation.ufcv.fr\/accueil-loisirs-vierville-sur-mer\/#website\"},\"primaryImageOfPage\":{\"@id\":\"https:\/\/portail-animation.ufcv.fr\/accueil-loisirs-vierville-sur-mer\/2023\/06\/13\/la-navette-ne-passera-plus-a-partir-de-cet-ete\/#primaryimage\"},\"image\":{\"@id\":\"https:\/\/portail-animation.ufcv.fr\/accueil-loisirs-vierville-sur-mer\/2023\/06\/13\/la-navette-ne-passera-plus-a-partir-de-cet-ete\/#primaryimage\"},\"thumbnailUrl\":\"https:\/\/portail-animation.ufcv.fr\/accueil-loisirs-vierville-sur-mer\/wp-content\/uploads\/sites\/138\/2023\/06\/navette-IOI-2023.png\",\"datePublished\":\"2023-06-13T07:48:35+00:00\",\"dateModified\":\"2023-06-13T07:48:36+00:00\",\"author\":{\"@id\":\"https:\/\/portail-animation.ufcv.fr\/accueil-loisirs-vierville-sur-mer\/#\/schema\/person\/04d256bbd0d7f72f15892a20eed8a4f9\"},\"breadcrumb\":{\"@id\":\"https:\/\/portail-animation.ufcv.fr\/accueil-loisirs-vierville-sur-mer\/2023\/06\/13\/la-navette-ne-passera-plus-a-partir-de-cet-ete\/#breadcrumb\"},\"inLanguage\":\"fr-FR\",\"potentialAction\":[{\"@type\":\"ReadAction\",\"target\":[\"https:\/\/portail-animation.ufcv.fr\/accueil-loisirs-vierville-sur-mer\/2023\/06\/13\/la-navette-ne-passera-plus-a-partir-de-cet-ete\/\"]}]},{\"@type\":\"ImageObject\",\"inLanguage\":\"fr-FR\",\"@id\":\"https:\/\/portail-animation.ufcv.fr\/accueil-loisirs-vierville-sur-mer\/2023\/06\/13\/la-navette-ne-passera-plus-a-partir-de-cet-ete\/#primaryimage\",\"url\":\"https:\/\/portail-animation.ufcv.fr\/accueil-loisirs-vierville-sur-mer\/wp-content\/uploads\/sites\/138\/2023\/06\/navette-IOI-2023.png\",\"contentUrl\":\"https:\/\/portail-animation.ufcv.fr\/accueil-loisirs-vierville-sur-mer\/wp-content\/uploads\/sites\/138\/2023\/06\/navette-IOI-2023.png\",\"width\":445,\"height\":255},{\"@type\":\"BreadcrumbList\",\"@id\":\"https:\/\/portail-animation.ufcv.fr\/accueil-loisirs-vierville-sur-mer\/2023\/06\/13\/la-navette-ne-passera-plus-a-partir-de-cet-ete\/#breadcrumb\",\"itemListElement\":[{\"@type\":\"ListItem\",\"position\":1,\"name\":\"Accueil\",\"item\":\"https:\/\/portail-animation.ufcv.fr\/accueil-loisirs-vierville-sur-mer\/\"},{\"@type\":\"ListItem\",\"position\":2,\"name\":\"La navette ne passera plus \u00e0 partir de cet \u00e9t\u00e9 !\"}]},{\"@type\":\"WebSite\",\"@id\":\"https:\/\/portail-animation.ufcv.fr\/accueil-loisirs-vierville-sur-mer\/#website\",\"url\":\"https:\/\/portail-animation.ufcv.fr\/accueil-loisirs-vierville-sur-mer\/\",\"name\":\"Accueils Enfance Jeunesse Ufcv Isigny Omaha Intercom\",\"description\":\"Un site utilisant R\u00e9seau Portail Animation\",\"potentialAction\":[{\"@type\":\"SearchAction\",\"target\":{\"@type\":\"EntryPoint\",\"urlTemplate\":\"https:\/\/portail-animation.ufcv.fr\/accueil-loisirs-vierville-sur-mer\/?s={search_term_string}\"},\"query-input\":{\"@type\":\"PropertyValueSpecification\",\"valueRequired\":true,\"valueName\":\"search_term_string\"}}],\"inLanguage\":\"fr-FR\"},{\"@type\":\"Person\",\"@id\":\"https:\/\/portail-animation.ufcv.fr\/accueil-loisirs-vierville-sur-mer\/#\/schema\/person\/04d256bbd0d7f72f15892a20eed8a4f9\",\"name\":\"bfarcy\",\"image\":{\"@type\":\"ImageObject\",\"inLanguage\":\"fr-FR\",\"@id\":\"https:\/\/portail-animation.ufcv.fr\/accueil-loisirs-vierville-sur-mer\/#\/schema\/person\/image\/\",\"url\":\"https:\/\/secure.gravatar.com\/avatar\/79234a8476ce8959425643c7c7574fae?s=96&d=mm&r=g\",\"contentUrl\":\"https:\/\/secure.gravatar.com\/avatar\/79234a8476ce8959425643c7c7574fae?s=96&d=mm&r=g\",\"caption\":\"bfarcy\"},\"url\":\"https:\/\/portail-animation.ufcv.fr\/accueil-loisirs-vierville-sur-mer\/author\/bfarcy\/\"}]}<\/script>\r\n<!-- \/ Yoast SEO plugin. -->","yoast_head_json":{"title":"La navette ne passera plus \u00e0 partir de cet \u00e9t\u00e9 ! - Accueils Enfance Jeunesse Ufcv Isigny Omaha Intercom","robots":{"index":"index","follow":"follow","max-snippet":"max-snippet:-1","max-image-preview":"max-image-preview:large","max-video-preview":"max-video-preview:-1"},"canonical":"https:\/\/portail-animation.ufcv.fr\/accueil-loisirs-vierville-sur-mer\/2023\/06\/13\/la-navette-ne-passera-plus-a-partir-de-cet-ete\/","og_locale":"fr_FR","og_type":"article","og_title":"La navette ne passera plus \u00e0 partir de cet \u00e9t\u00e9 ! - Accueils Enfance Jeunesse Ufcv Isigny Omaha Intercom","og_description":"A partir de cet \u00e9t\u00e9, la navette est annul\u00e9e. cette d\u00e9cision a \u00e9t\u00e9 prise en concertation avec la collectivit\u00e9. Nous restons disponible pour tout compl\u00e9ment d&rsquo;information.","og_url":"https:\/\/portail-animation.ufcv.fr\/accueil-loisirs-vierville-sur-mer\/2023\/06\/13\/la-navette-ne-passera-plus-a-partir-de-cet-ete\/","og_site_name":"Accueils Enfance Jeunesse Ufcv Isigny Omaha Intercom","article_published_time":"2023-06-13T07:48:35+00:00","article_modified_time":"2023-06-13T07:48:36+00:00","og_image":[{"width":445,"height":255,"url":"https:\/\/portail-animation.ufcv.fr\/accueil-loisirs-vierville-sur-mer\/wp-content\/uploads\/sites\/138\/2023\/06\/navette-IOI-2023.png","type":"image\/png"}],"author":"bfarcy","twitter_card":"summary_large_image","twitter_misc":{"\u00c9crit par":"bfarcy","Dur\u00e9e de lecture estim\u00e9e":"1 minute"},"schema":{"@context":"https:\/\/schema.org","@graph":[{"@type":"WebPage","@id":"https:\/\/portail-animation.ufcv.fr\/accueil-loisirs-vierville-sur-mer\/2023\/06\/13\/la-navette-ne-passera-plus-a-partir-de-cet-ete\/","url":"https:\/\/portail-animation.ufcv.fr\/accueil-loisirs-vierville-sur-mer\/2023\/06\/13\/la-navette-ne-passera-plus-a-partir-de-cet-ete\/","name":"La navette ne passera plus \u00e0 partir de cet \u00e9t\u00e9 ! - Accueils Enfance Jeunesse Ufcv Isigny Omaha Intercom","isPartOf":{"@id":"https:\/\/portail-animation.ufcv.fr\/accueil-loisirs-vierville-sur-mer\/#website"},"primaryImageOfPage":{"@id":"https:\/\/portail-animation.ufcv.fr\/accueil-loisirs-vierville-sur-mer\/2023\/06\/13\/la-navette-ne-passera-plus-a-partir-de-cet-ete\/#primaryimage"},"image":{"@id":"https:\/\/portail-animation.ufcv.fr\/accueil-loisirs-vierville-sur-mer\/2023\/06\/13\/la-navette-ne-passera-plus-a-partir-de-cet-ete\/#primaryimage"},"thumbnailUrl":"https:\/\/portail-animation.ufcv.fr\/accueil-loisirs-vierville-sur-mer\/wp-content\/uploads\/sites\/138\/2023\/06\/navette-IOI-2023.png","datePublished":"2023-06-13T07:48:35+00:00","dateModified":"2023-06-13T07:48:36+00:00","author":{"@id":"https:\/\/portail-animation.ufcv.fr\/accueil-loisirs-vierville-sur-mer\/#\/schema\/person\/04d256bbd0d7f72f15892a20eed8a4f9"},"breadcrumb":{"@id":"https:\/\/portail-animation.ufcv.fr\/accueil-loisirs-vierville-sur-mer\/2023\/06\/13\/la-navette-ne-passera-plus-a-partir-de-cet-ete\/#breadcrumb"},"inLanguage":"fr-FR","potentialAction":[{"@type":"ReadAction","target":["https:\/\/portail-animation.ufcv.fr\/accueil-loisirs-vierville-sur-mer\/2023\/06\/13\/la-navette-ne-passera-plus-a-partir-de-cet-ete\/"]}]},{"@type":"ImageObject","inLanguage":"fr-FR","@id":"https:\/\/portail-animation.ufcv.fr\/accueil-loisirs-vierville-sur-mer\/2023\/06\/13\/la-navette-ne-passera-plus-a-partir-de-cet-ete\/#primaryimage","url":"https:\/\/portail-animation.ufcv.fr\/accueil-loisirs-vierville-sur-mer\/wp-content\/uploads\/sites\/138\/2023\/06\/navette-IOI-2023.png","contentUrl":"https:\/\/portail-animation.ufcv.fr\/accueil-loisirs-vierville-sur-mer\/wp-content\/uploads\/sites\/138\/2023\/06\/navette-IOI-2023.png","width":445,"height":255},{"@type":"BreadcrumbList","@id":"https:\/\/portail-animation.ufcv.fr\/accueil-loisirs-vierville-sur-mer\/2023\/06\/13\/la-navette-ne-passera-plus-a-partir-de-cet-ete\/#breadcrumb","itemListElement":[{"@type":"ListItem","position":1,"name":"Accueil","item":"https:\/\/portail-animation.ufcv.fr\/accueil-loisirs-vierville-sur-mer\/"},{"@type":"ListItem","position":2,"name":"La navette ne passera plus \u00e0 partir de cet \u00e9t\u00e9 !"}]},{"@type":"WebSite","@id":"https:\/\/portail-animation.ufcv.fr\/accueil-loisirs-vierville-sur-mer\/#website","url":"https:\/\/portail-animation.ufcv.fr\/accueil-loisirs-vierville-sur-mer\/","name":"Accueils Enfance Jeunesse Ufcv Isigny Omaha Intercom","description":"Un site utilisant R\u00e9seau Portail Animation","potentialAction":[{"@type":"SearchAction","target":{"@type":"EntryPoint","urlTemplate":"https:\/\/portail-animation.ufcv.fr\/accueil-loisirs-vierville-sur-mer\/?s={search_term_string}"},"query-input":{"@type":"PropertyValueSpecification","valueRequired":true,"valueName":"search_term_string"}}],"inLanguage":"fr-FR"},{"@type":"Person","@id":"https:\/\/portail-animation.ufcv.fr\/accueil-loisirs-vierville-sur-mer\/#\/schema\/person\/04d256bbd0d7f72f15892a20eed8a4f9","name":"bfarcy","image":{"@type":"ImageObject","inLanguage":"fr-FR","@id":"https:\/\/portail-animation.ufcv.fr\/accueil-loisirs-vierville-sur-mer\/#\/schema\/person\/image\/","url":"https:\/\/secure.gravatar.com\/avatar\/79234a8476ce8959425643c7c7574fae?s=96&d=mm&r=g","contentUrl":"https:\/\/secure.gravatar.com\/avatar\/79234a8476ce8959425643c7c7574fae?s=96&d=mm&r=g","caption":"bfarcy"},"url":"https:\/\/portail-animation.ufcv.fr\/accueil-loisirs-vierville-sur-mer\/author\/bfarcy\/"}]}},"_links":{"self":[{"href":"https:\/\/portail-animation.ufcv.fr\/accueil-loisirs-vierville-sur-mer\/wp-json\/wp\/v2\/posts\/509","targetHints":{"allow":["GET"]}}],"collection":[{"href":"https:\/\/portail-animation.ufcv.fr\/accueil-loisirs-vierville-sur-mer\/wp-json\/wp\/v2\/posts"}],"about":[{"href":"https:\/\/portail-animation.ufcv.fr\/accueil-loisirs-vierville-sur-mer\/wp-json\/wp\/v2\/types\/post"}],"author":[{"embeddable":true,"href":"https:\/\/portail-animation.ufcv.fr\/accueil-loisirs-vierville-sur-mer\/wp-json\/wp\/v2\/users\/162"}],"replies":[{"embeddable":true,"href":"https:\/\/portail-animation.ufcv.fr\/accueil-loisirs-vierville-sur-mer\/wp-json\/wp\/v2\/comments?post=509"}],"version-history":[{"count":1,"href":"https:\/\/portail-animation.ufcv.fr\/accueil-loisirs-vierville-sur-mer\/wp-json\/wp\/v2\/posts\/509\/revisions"}],"predecessor-version":[{"id":511,"href":"https:\/\/portail-animation.ufcv.fr\/accueil-loisirs-vierville-sur-mer\/wp-json\/wp\/v2\/posts\/509\/revisions\/511"}],"wp:featuredmedia":[{"embeddable":true,"href":"https:\/\/portail-animation.ufcv.fr\/accueil-loisirs-vierville-sur-mer\/wp-json\/wp\/v2\/media\/510"}],"wp:attachment":[{"href":"https:\/\/portail-animation.ufcv.fr\/accueil-loisirs-vierville-sur-mer\/wp-json\/wp\/v2\/media?parent=509"}],"wp:term":[{"taxonomy":"category","embeddable":true,"href":"https:\/\/portail-animation.ufcv.fr\/accueil-loisirs-vierville-sur-mer\/wp-json\/wp\/v2\/categories?post=509"},{"taxonomy":"post_tag","embeddable":true,"href":"https:\/\/portail-animation.ufcv.fr\/accueil-loisirs-vierville-sur-mer\/wp-json\/wp\/v2\/tags?post=509"}],"curies":[{"name":"wp","href":"https:\/\/api.w.org\/{rel}","templated":true}]}}