{"id":51,"date":"2017-08-28T10:26:17","date_gmt":"2017-08-28T08:26:17","guid":{"rendered":"http:\/\/portail-animation.ufcv.fr\/accueil-loisirs-vierville-sur-mer\/?p=51"},"modified":"2017-08-28T10:26:17","modified_gmt":"2017-08-28T08:26:17","slug":"fin-des-tap","status":"publish","type":"post","link":"https:\/\/portail-animation.ufcv.fr\/accueil-loisirs-vierville-sur-mer\/2017\/08\/28\/fin-des-tap\/","title":{"rendered":"Fin des TAP"},"content":{"rendered":"<p>Suite \u00e0 la parution du d\u00e9cret, la collectivit\u00e9 et les conseils d&rsquo;\u00e9coles, avec l&rsquo;accord de l\u2019acad\u00e9mie de Caen, ont fait le choix de repasser \u00e0 la semaine de 4 jours.<\/p>\n<p>Il n&rsquo;y aura plus de Temps d&rsquo;Activit\u00e9s P\u00e9riscolaire (TAP) sur les \u00e9coles, et plus d&rsquo;\u00e9cole le mercredi matin.<\/p>\n<p>L&rsquo;accueil de loisirs de Vierville-sur-mer restera ouvert \u00e0 la journ\u00e9e le mercredi.<\/p>\n","protected":false},"excerpt":{"rendered":"<p>Suite \u00e0 la parution du d\u00e9cret, la collectivit\u00e9 et les conseils d&rsquo;\u00e9coles, avec l&rsquo;accord de l\u2019acad\u00e9mie de Caen, ont fait le choix de repasser \u00e0 la semaine de 4 jours. Il n&rsquo;y aura plus de Temps d&rsquo;Activit\u00e9s P\u00e9riscolaire (TAP) sur [&hellip;]<\/p>\n","protected":false},"author":74,"featured_media":52,"comment_status":"open","ping_status":"open","sticky":false,"template":"","format":"standard","meta":{"_acf_changed":false,"footnotes":""},"categories":[1],"tags":[],"class_list":["post-51","post","type-post","status-publish","format-standard","has-post-thumbnail","hentry","category-non-classe"],"acf":[],"yoast_head":"<!-- This site is optimized with the Yoast SEO plugin v23.9 - https:\/\/yoast.com\/wordpress\/plugins\/seo\/ -->\r\n<title>Fin des TAP - Accueils Enfance Jeunesse Ufcv Isigny Omaha Intercom<\/title>\r\n<meta name=\"robots\" content=\"index, follow, max-snippet:-1, max-image-preview:large, max-video-preview:-1\" \/>\r\n<link rel=\"canonical\" href=\"https:\/\/portail-animation.ufcv.fr\/accueil-loisirs-vierville-sur-mer\/2017\/08\/28\/fin-des-tap\/\" \/>\r\n<meta property=\"og:locale\" content=\"fr_FR\" \/>\r\n<meta property=\"og:type\" content=\"article\" \/>\r\n<meta property=\"og:title\" content=\"Fin des TAP - Accueils Enfance Jeunesse Ufcv Isigny Omaha Intercom\" \/>\r\n<meta property=\"og:description\" content=\"Suite \u00e0 la parution du d\u00e9cret, la collectivit\u00e9 et les conseils d&rsquo;\u00e9coles, avec l&rsquo;accord de l\u2019acad\u00e9mie de Caen, ont fait le choix de repasser \u00e0 la semaine de 4 jours. Il n&rsquo;y aura plus de Temps d&rsquo;Activit\u00e9s P\u00e9riscolaire (TAP) sur [&hellip;]\" \/>\r\n<meta property=\"og:url\" content=\"https:\/\/portail-animation.ufcv.fr\/accueil-loisirs-vierville-sur-mer\/2017\/08\/28\/fin-des-tap\/\" \/>\r\n<meta property=\"og:site_name\" content=\"Accueils Enfance Jeunesse Ufcv Isigny Omaha Intercom\" \/>\r\n<meta property=\"article:published_time\" content=\"2017-08-28T08:26:17+00:00\" \/>\r\n<meta property=\"og:image\" content=\"https:\/\/portail-animation.ufcv.fr\/accueil-loisirs-vierville-sur-mer\/wp-content\/uploads\/sites\/138\/2017\/08\/bigstock_information_1826650.jpg\" \/>\r\n\t<meta property=\"og:image:width\" content=\"900\" \/>\r\n\t<meta property=\"og:image:height\" content=\"900\" \/>\r\n\t<meta property=\"og:image:type\" content=\"image\/jpeg\" \/>\r\n<meta name=\"author\" content=\"dboudineau\" \/>\r\n<meta name=\"twitter:card\" content=\"summary_large_image\" \/>\r\n<meta name=\"twitter:label1\" content=\"\u00c9crit par\" \/>\n\t<meta name=\"twitter:data1\" content=\"dboudineau\" \/>\r\n<script type=\"application\/ld+json\" class=\"yoast-schema-graph\">{\"@context\":\"https:\/\/schema.org\",\"@graph\":[{\"@type\":\"WebPage\",\"@id\":\"https:\/\/portail-animation.ufcv.fr\/accueil-loisirs-vierville-sur-mer\/2017\/08\/28\/fin-des-tap\/\",\"url\":\"https:\/\/portail-animation.ufcv.fr\/accueil-loisirs-vierville-sur-mer\/2017\/08\/28\/fin-des-tap\/\",\"name\":\"Fin des TAP - Accueils Enfance Jeunesse Ufcv Isigny Omaha Intercom\",\"isPartOf\":{\"@id\":\"https:\/\/portail-animation.ufcv.fr\/accueil-loisirs-vierville-sur-mer\/#website\"},\"primaryImageOfPage\":{\"@id\":\"https:\/\/portail-animation.ufcv.fr\/accueil-loisirs-vierville-sur-mer\/2017\/08\/28\/fin-des-tap\/#primaryimage\"},\"image\":{\"@id\":\"https:\/\/portail-animation.ufcv.fr\/accueil-loisirs-vierville-sur-mer\/2017\/08\/28\/fin-des-tap\/#primaryimage\"},\"thumbnailUrl\":\"https:\/\/portail-animation.ufcv.fr\/accueil-loisirs-vierville-sur-mer\/wp-content\/uploads\/sites\/138\/2017\/08\/bigstock_information_1826650.jpg\",\"datePublished\":\"2017-08-28T08:26:17+00:00\",\"dateModified\":\"2017-08-28T08:26:17+00:00\",\"author\":{\"@id\":\"https:\/\/portail-animation.ufcv.fr\/accueil-loisirs-vierville-sur-mer\/#\/schema\/person\/ef5d74057e9dc13bf0e01621fa93829e\"},\"breadcrumb\":{\"@id\":\"https:\/\/portail-animation.ufcv.fr\/accueil-loisirs-vierville-sur-mer\/2017\/08\/28\/fin-des-tap\/#breadcrumb\"},\"inLanguage\":\"fr-FR\",\"potentialAction\":[{\"@type\":\"ReadAction\",\"target\":[\"https:\/\/portail-animation.ufcv.fr\/accueil-loisirs-vierville-sur-mer\/2017\/08\/28\/fin-des-tap\/\"]}]},{\"@type\":\"ImageObject\",\"inLanguage\":\"fr-FR\",\"@id\":\"https:\/\/portail-animation.ufcv.fr\/accueil-loisirs-vierville-sur-mer\/2017\/08\/28\/fin-des-tap\/#primaryimage\",\"url\":\"https:\/\/portail-animation.ufcv.fr\/accueil-loisirs-vierville-sur-mer\/wp-content\/uploads\/sites\/138\/2017\/08\/bigstock_information_1826650.jpg\",\"contentUrl\":\"https:\/\/portail-animation.ufcv.fr\/accueil-loisirs-vierville-sur-mer\/wp-content\/uploads\/sites\/138\/2017\/08\/bigstock_information_1826650.jpg\",\"width\":900,\"height\":900},{\"@type\":\"BreadcrumbList\",\"@id\":\"https:\/\/portail-animation.ufcv.fr\/accueil-loisirs-vierville-sur-mer\/2017\/08\/28\/fin-des-tap\/#breadcrumb\",\"itemListElement\":[{\"@type\":\"ListItem\",\"position\":1,\"name\":\"Accueil\",\"item\":\"https:\/\/portail-animation.ufcv.fr\/accueil-loisirs-vierville-sur-mer\/\"},{\"@type\":\"ListItem\",\"position\":2,\"name\":\"Fin des TAP\"}]},{\"@type\":\"WebSite\",\"@id\":\"https:\/\/portail-animation.ufcv.fr\/accueil-loisirs-vierville-sur-mer\/#website\",\"url\":\"https:\/\/portail-animation.ufcv.fr\/accueil-loisirs-vierville-sur-mer\/\",\"name\":\"Accueils Enfance Jeunesse Ufcv Isigny Omaha Intercom\",\"description\":\"Un site utilisant R\u00e9seau Portail Animation\",\"potentialAction\":[{\"@type\":\"SearchAction\",\"target\":{\"@type\":\"EntryPoint\",\"urlTemplate\":\"https:\/\/portail-animation.ufcv.fr\/accueil-loisirs-vierville-sur-mer\/?s={search_term_string}\"},\"query-input\":{\"@type\":\"PropertyValueSpecification\",\"valueRequired\":true,\"valueName\":\"search_term_string\"}}],\"inLanguage\":\"fr-FR\"},{\"@type\":\"Person\",\"@id\":\"https:\/\/portail-animation.ufcv.fr\/accueil-loisirs-vierville-sur-mer\/#\/schema\/person\/ef5d74057e9dc13bf0e01621fa93829e\",\"name\":\"dboudineau\",\"image\":{\"@type\":\"ImageObject\",\"inLanguage\":\"fr-FR\",\"@id\":\"https:\/\/portail-animation.ufcv.fr\/accueil-loisirs-vierville-sur-mer\/#\/schema\/person\/image\/\",\"url\":\"https:\/\/secure.gravatar.com\/avatar\/5dbed005cf7790b1e2622a0138948505?s=96&d=mm&r=g\",\"contentUrl\":\"https:\/\/secure.gravatar.com\/avatar\/5dbed005cf7790b1e2622a0138948505?s=96&d=mm&r=g\",\"caption\":\"dboudineau\"},\"url\":\"https:\/\/portail-animation.ufcv.fr\/accueil-loisirs-vierville-sur-mer\/author\/dboudineau\/\"}]}<\/script>\r\n<!-- \/ Yoast SEO plugin. -->","yoast_head_json":{"title":"Fin des TAP - Accueils Enfance Jeunesse Ufcv Isigny Omaha Intercom","robots":{"index":"index","follow":"follow","max-snippet":"max-snippet:-1","max-image-preview":"max-image-preview:large","max-video-preview":"max-video-preview:-1"},"canonical":"https:\/\/portail-animation.ufcv.fr\/accueil-loisirs-vierville-sur-mer\/2017\/08\/28\/fin-des-tap\/","og_locale":"fr_FR","og_type":"article","og_title":"Fin des TAP - Accueils Enfance Jeunesse Ufcv Isigny Omaha Intercom","og_description":"Suite \u00e0 la parution du d\u00e9cret, la collectivit\u00e9 et les conseils d&rsquo;\u00e9coles, avec l&rsquo;accord de l\u2019acad\u00e9mie de Caen, ont fait le choix de repasser \u00e0 la semaine de 4 jours. Il n&rsquo;y aura plus de Temps d&rsquo;Activit\u00e9s P\u00e9riscolaire (TAP) sur [&hellip;]","og_url":"https:\/\/portail-animation.ufcv.fr\/accueil-loisirs-vierville-sur-mer\/2017\/08\/28\/fin-des-tap\/","og_site_name":"Accueils Enfance Jeunesse Ufcv Isigny Omaha Intercom","article_published_time":"2017-08-28T08:26:17+00:00","og_image":[{"width":900,"height":900,"url":"https:\/\/portail-animation.ufcv.fr\/accueil-loisirs-vierville-sur-mer\/wp-content\/uploads\/sites\/138\/2017\/08\/bigstock_information_1826650.jpg","type":"image\/jpeg"}],"author":"dboudineau","twitter_card":"summary_large_image","twitter_misc":{"\u00c9crit par":"dboudineau"},"schema":{"@context":"https:\/\/schema.org","@graph":[{"@type":"WebPage","@id":"https:\/\/portail-animation.ufcv.fr\/accueil-loisirs-vierville-sur-mer\/2017\/08\/28\/fin-des-tap\/","url":"https:\/\/portail-animation.ufcv.fr\/accueil-loisirs-vierville-sur-mer\/2017\/08\/28\/fin-des-tap\/","name":"Fin des TAP - Accueils Enfance Jeunesse Ufcv Isigny Omaha Intercom","isPartOf":{"@id":"https:\/\/portail-animation.ufcv.fr\/accueil-loisirs-vierville-sur-mer\/#website"},"primaryImageOfPage":{"@id":"https:\/\/portail-animation.ufcv.fr\/accueil-loisirs-vierville-sur-mer\/2017\/08\/28\/fin-des-tap\/#primaryimage"},"image":{"@id":"https:\/\/portail-animation.ufcv.fr\/accueil-loisirs-vierville-sur-mer\/2017\/08\/28\/fin-des-tap\/#primaryimage"},"thumbnailUrl":"https:\/\/portail-animation.ufcv.fr\/accueil-loisirs-vierville-sur-mer\/wp-content\/uploads\/sites\/138\/2017\/08\/bigstock_information_1826650.jpg","datePublished":"2017-08-28T08:26:17+00:00","dateModified":"2017-08-28T08:26:17+00:00","author":{"@id":"https:\/\/portail-animation.ufcv.fr\/accueil-loisirs-vierville-sur-mer\/#\/schema\/person\/ef5d74057e9dc13bf0e01621fa93829e"},"breadcrumb":{"@id":"https:\/\/portail-animation.ufcv.fr\/accueil-loisirs-vierville-sur-mer\/2017\/08\/28\/fin-des-tap\/#breadcrumb"},"inLanguage":"fr-FR","potentialAction":[{"@type":"ReadAction","target":["https:\/\/portail-animation.ufcv.fr\/accueil-loisirs-vierville-sur-mer\/2017\/08\/28\/fin-des-tap\/"]}]},{"@type":"ImageObject","inLanguage":"fr-FR","@id":"https:\/\/portail-animation.ufcv.fr\/accueil-loisirs-vierville-sur-mer\/2017\/08\/28\/fin-des-tap\/#primaryimage","url":"https:\/\/portail-animation.ufcv.fr\/accueil-loisirs-vierville-sur-mer\/wp-content\/uploads\/sites\/138\/2017\/08\/bigstock_information_1826650.jpg","contentUrl":"https:\/\/portail-animation.ufcv.fr\/accueil-loisirs-vierville-sur-mer\/wp-content\/uploads\/sites\/138\/2017\/08\/bigstock_information_1826650.jpg","width":900,"height":900},{"@type":"BreadcrumbList","@id":"https:\/\/portail-animation.ufcv.fr\/accueil-loisirs-vierville-sur-mer\/2017\/08\/28\/fin-des-tap\/#breadcrumb","itemListElement":[{"@type":"ListItem","position":1,"name":"Accueil","item":"https:\/\/portail-animation.ufcv.fr\/accueil-loisirs-vierville-sur-mer\/"},{"@type":"ListItem","position":2,"name":"Fin des TAP"}]},{"@type":"WebSite","@id":"https:\/\/portail-animation.ufcv.fr\/accueil-loisirs-vierville-sur-mer\/#website","url":"https:\/\/portail-animation.ufcv.fr\/accueil-loisirs-vierville-sur-mer\/","name":"Accueils Enfance Jeunesse Ufcv Isigny Omaha Intercom","description":"Un site utilisant R\u00e9seau Portail Animation","potentialAction":[{"@type":"SearchAction","target":{"@type":"EntryPoint","urlTemplate":"https:\/\/portail-animation.ufcv.fr\/accueil-loisirs-vierville-sur-mer\/?s={search_term_string}"},"query-input":{"@type":"PropertyValueSpecification","valueRequired":true,"valueName":"search_term_string"}}],"inLanguage":"fr-FR"},{"@type":"Person","@id":"https:\/\/portail-animation.ufcv.fr\/accueil-loisirs-vierville-sur-mer\/#\/schema\/person\/ef5d74057e9dc13bf0e01621fa93829e","name":"dboudineau","image":{"@type":"ImageObject","inLanguage":"fr-FR","@id":"https:\/\/portail-animation.ufcv.fr\/accueil-loisirs-vierville-sur-mer\/#\/schema\/person\/image\/","url":"https:\/\/secure.gravatar.com\/avatar\/5dbed005cf7790b1e2622a0138948505?s=96&d=mm&r=g","contentUrl":"https:\/\/secure.gravatar.com\/avatar\/5dbed005cf7790b1e2622a0138948505?s=96&d=mm&r=g","caption":"dboudineau"},"url":"https:\/\/portail-animation.ufcv.fr\/accueil-loisirs-vierville-sur-mer\/author\/dboudineau\/"}]}},"_links":{"self":[{"href":"https:\/\/portail-animation.ufcv.fr\/accueil-loisirs-vierville-sur-mer\/wp-json\/wp\/v2\/posts\/51","targetHints":{"allow":["GET"]}}],"collection":[{"href":"https:\/\/portail-animation.ufcv.fr\/accueil-loisirs-vierville-sur-mer\/wp-json\/wp\/v2\/posts"}],"about":[{"href":"https:\/\/portail-animation.ufcv.fr\/accueil-loisirs-vierville-sur-mer\/wp-json\/wp\/v2\/types\/post"}],"author":[{"embeddable":true,"href":"https:\/\/portail-animation.ufcv.fr\/accueil-loisirs-vierville-sur-mer\/wp-json\/wp\/v2\/users\/74"}],"replies":[{"embeddable":true,"href":"https:\/\/portail-animation.ufcv.fr\/accueil-loisirs-vierville-sur-mer\/wp-json\/wp\/v2\/comments?post=51"}],"version-history":[{"count":1,"href":"https:\/\/portail-animation.ufcv.fr\/accueil-loisirs-vierville-sur-mer\/wp-json\/wp\/v2\/posts\/51\/revisions"}],"predecessor-version":[{"id":53,"href":"https:\/\/portail-animation.ufcv.fr\/accueil-loisirs-vierville-sur-mer\/wp-json\/wp\/v2\/posts\/51\/revisions\/53"}],"wp:featuredmedia":[{"embeddable":true,"href":"https:\/\/portail-animation.ufcv.fr\/accueil-loisirs-vierville-sur-mer\/wp-json\/wp\/v2\/media\/52"}],"wp:attachment":[{"href":"https:\/\/portail-animation.ufcv.fr\/accueil-loisirs-vierville-sur-mer\/wp-json\/wp\/v2\/media?parent=51"}],"wp:term":[{"taxonomy":"category","embeddable":true,"href":"https:\/\/portail-animation.ufcv.fr\/accueil-loisirs-vierville-sur-mer\/wp-json\/wp\/v2\/categories?post=51"},{"taxonomy":"post_tag","embeddable":true,"href":"https:\/\/portail-animation.ufcv.fr\/accueil-loisirs-vierville-sur-mer\/wp-json\/wp\/v2\/tags?post=51"}],"curies":[{"name":"wp","href":"https:\/\/api.w.org\/{rel}","templated":true}]}}