{"id":249,"date":"2024-02-06T11:07:12","date_gmt":"2024-02-06T10:07:12","guid":{"rendered":"https:\/\/portail-animation.ufcv.fr\/accueils-loisirs-tinchebray-et-chanu\/?p=249"},"modified":"2024-02-06T11:07:13","modified_gmt":"2024-02-06T10:07:13","slug":"une-nouvelle-directrice-sur-chanu","status":"publish","type":"post","link":"https:\/\/portail-animation.ufcv.fr\/accueils-loisirs-tinchebray-et-chanu\/2024\/02\/06\/une-nouvelle-directrice-sur-chanu\/","title":{"rendered":"Une nouvelle directrice sur Chanu !"},"content":{"rendered":"\n<p>Nolwenn qui vient d&rsquo;entrer en formation BPJEPS LTP, sera directrice sur Chanu toute l&rsquo;ann\u00e9e 2024.Son petit mot : \u00ab\u00a0Bonjour, moi c\u2019est Nolwenn une jeune normande pure souche de 26 ans. Apr\u00e8s de nombreuses ann\u00e9es en tant qu\u2019animatrice me voil\u00e0 directrice de l\u2019accueil de loisirs de Chanu. J\u2019ai beaucoup de fl\u00e8ches \u00e0 mon arc\u00a0: randonn\u00e9e, linogravure, couture, dessin, sport\u2026et tant d\u2019autres. Et des projets pleins la t\u00eate\u00a0! A bient\u00f4t\u00a0\ud83d\ude0a\u00a0\u00bb<\/p>\n","protected":false},"excerpt":{"rendered":"<p>Nolwenn qui vient d&rsquo;entrer en formation BPJEPS LTP, sera directrice sur Chanu toute l&rsquo;ann\u00e9e 2024.Son petit mot : \u00ab\u00a0Bonjour, moi c\u2019est Nolwenn une jeune normande pure souche de 26 ans. Apr\u00e8s de nombreuses ann\u00e9es en tant qu\u2019animatrice me voil\u00e0 directrice [&hellip;]<\/p>\n","protected":false},"author":162,"featured_media":250,"comment_status":"open","ping_status":"open","sticky":false,"template":"","format":"standard","meta":{"_acf_changed":false,"footnotes":""},"categories":[1],"tags":[],"class_list":["post-249","post","type-post","status-publish","format-standard","has-post-thumbnail","hentry","category-non-classe"],"acf":[],"yoast_head":"<!-- This site is optimized with the Yoast SEO plugin v23.9 - https:\/\/yoast.com\/wordpress\/plugins\/seo\/ -->\r\n<title>Une nouvelle directrice sur Chanu ! - Accueils de Loisirs Tinchebray et de Chanu<\/title>\r\n<meta name=\"robots\" content=\"index, follow, max-snippet:-1, max-image-preview:large, max-video-preview:-1\" \/>\r\n<link rel=\"canonical\" href=\"https:\/\/portail-animation.ufcv.fr\/accueils-loisirs-tinchebray-et-chanu\/2024\/02\/06\/une-nouvelle-directrice-sur-chanu\/\" \/>\r\n<meta property=\"og:locale\" content=\"fr_FR\" \/>\r\n<meta property=\"og:type\" content=\"article\" \/>\r\n<meta property=\"og:title\" content=\"Une nouvelle directrice sur Chanu ! - Accueils de Loisirs Tinchebray et de Chanu\" \/>\r\n<meta property=\"og:description\" content=\"Nolwenn qui vient d&rsquo;entrer en formation BPJEPS LTP, sera directrice sur Chanu toute l&rsquo;ann\u00e9e 2024.Son petit mot : \u00ab\u00a0Bonjour, moi c\u2019est Nolwenn une jeune normande pure souche de 26 ans. Apr\u00e8s de nombreuses ann\u00e9es en tant qu\u2019animatrice me voil\u00e0 directrice [&hellip;]\" \/>\r\n<meta property=\"og:url\" content=\"https:\/\/portail-animation.ufcv.fr\/accueils-loisirs-tinchebray-et-chanu\/2024\/02\/06\/une-nouvelle-directrice-sur-chanu\/\" \/>\r\n<meta property=\"og:site_name\" content=\"Accueils de Loisirs Tinchebray et de Chanu\" \/>\r\n<meta property=\"article:published_time\" content=\"2024-02-06T10:07:12+00:00\" \/>\r\n<meta property=\"article:modified_time\" content=\"2024-02-06T10:07:13+00:00\" \/>\r\n<meta property=\"og:image\" content=\"http:\/\/portail-animation.ufcv.fr\/accueils-loisirs-tinchebray-et-chanu\/wp-content\/uploads\/sites\/161\/2024\/02\/2024-02-06-11_06_21-Une-nouvelle-directrice-pour-le-Local-Jeunes-297-mm-\u00d7-210-mm-et-5-pages-de-plu.png\" \/>\r\n\t<meta property=\"og:image:width\" content=\"621\" \/>\r\n\t<meta property=\"og:image:height\" content=\"352\" \/>\r\n\t<meta property=\"og:image:type\" content=\"image\/png\" \/>\r\n<meta name=\"author\" content=\"bfarcy\" \/>\r\n<meta name=\"twitter:card\" content=\"summary_large_image\" \/>\r\n<meta name=\"twitter:label1\" content=\"\u00c9crit par\" \/>\n\t<meta name=\"twitter:data1\" content=\"bfarcy\" \/>\n\t<meta name=\"twitter:label2\" content=\"Dur\u00e9e de lecture estim\u00e9e\" \/>\n\t<meta name=\"twitter:data2\" content=\"1 minute\" \/>\r\n<script type=\"application\/ld+json\" class=\"yoast-schema-graph\">{\"@context\":\"https:\/\/schema.org\",\"@graph\":[{\"@type\":\"WebPage\",\"@id\":\"https:\/\/portail-animation.ufcv.fr\/accueils-loisirs-tinchebray-et-chanu\/2024\/02\/06\/une-nouvelle-directrice-sur-chanu\/\",\"url\":\"https:\/\/portail-animation.ufcv.fr\/accueils-loisirs-tinchebray-et-chanu\/2024\/02\/06\/une-nouvelle-directrice-sur-chanu\/\",\"name\":\"Une nouvelle directrice sur Chanu ! - Accueils de Loisirs Tinchebray et de Chanu\",\"isPartOf\":{\"@id\":\"https:\/\/portail-animation.ufcv.fr\/accueils-loisirs-tinchebray-et-chanu\/#website\"},\"primaryImageOfPage\":{\"@id\":\"https:\/\/portail-animation.ufcv.fr\/accueils-loisirs-tinchebray-et-chanu\/2024\/02\/06\/une-nouvelle-directrice-sur-chanu\/#primaryimage\"},\"image\":{\"@id\":\"https:\/\/portail-animation.ufcv.fr\/accueils-loisirs-tinchebray-et-chanu\/2024\/02\/06\/une-nouvelle-directrice-sur-chanu\/#primaryimage\"},\"thumbnailUrl\":\"https:\/\/portail-animation.ufcv.fr\/accueils-loisirs-tinchebray-et-chanu\/wp-content\/uploads\/sites\/161\/2024\/02\/2024-02-06-11_06_21-Une-nouvelle-directrice-pour-le-Local-Jeunes-297-mm-\u00d7-210-mm-et-5-pages-de-plu.png\",\"datePublished\":\"2024-02-06T10:07:12+00:00\",\"dateModified\":\"2024-02-06T10:07:13+00:00\",\"author\":{\"@id\":\"https:\/\/portail-animation.ufcv.fr\/accueils-loisirs-tinchebray-et-chanu\/#\/schema\/person\/04d256bbd0d7f72f15892a20eed8a4f9\"},\"breadcrumb\":{\"@id\":\"https:\/\/portail-animation.ufcv.fr\/accueils-loisirs-tinchebray-et-chanu\/2024\/02\/06\/une-nouvelle-directrice-sur-chanu\/#breadcrumb\"},\"inLanguage\":\"fr-FR\",\"potentialAction\":[{\"@type\":\"ReadAction\",\"target\":[\"https:\/\/portail-animation.ufcv.fr\/accueils-loisirs-tinchebray-et-chanu\/2024\/02\/06\/une-nouvelle-directrice-sur-chanu\/\"]}]},{\"@type\":\"ImageObject\",\"inLanguage\":\"fr-FR\",\"@id\":\"https:\/\/portail-animation.ufcv.fr\/accueils-loisirs-tinchebray-et-chanu\/2024\/02\/06\/une-nouvelle-directrice-sur-chanu\/#primaryimage\",\"url\":\"https:\/\/portail-animation.ufcv.fr\/accueils-loisirs-tinchebray-et-chanu\/wp-content\/uploads\/sites\/161\/2024\/02\/2024-02-06-11_06_21-Une-nouvelle-directrice-pour-le-Local-Jeunes-297-mm-\u00d7-210-mm-et-5-pages-de-plu.png\",\"contentUrl\":\"https:\/\/portail-animation.ufcv.fr\/accueils-loisirs-tinchebray-et-chanu\/wp-content\/uploads\/sites\/161\/2024\/02\/2024-02-06-11_06_21-Une-nouvelle-directrice-pour-le-Local-Jeunes-297-mm-\u00d7-210-mm-et-5-pages-de-plu.png\",\"width\":621,\"height\":352},{\"@type\":\"BreadcrumbList\",\"@id\":\"https:\/\/portail-animation.ufcv.fr\/accueils-loisirs-tinchebray-et-chanu\/2024\/02\/06\/une-nouvelle-directrice-sur-chanu\/#breadcrumb\",\"itemListElement\":[{\"@type\":\"ListItem\",\"position\":1,\"name\":\"Accueil\",\"item\":\"https:\/\/portail-animation.ufcv.fr\/accueils-loisirs-tinchebray-et-chanu\/\"},{\"@type\":\"ListItem\",\"position\":2,\"name\":\"Une nouvelle directrice sur Chanu !\"}]},{\"@type\":\"WebSite\",\"@id\":\"https:\/\/portail-animation.ufcv.fr\/accueils-loisirs-tinchebray-et-chanu\/#website\",\"url\":\"https:\/\/portail-animation.ufcv.fr\/accueils-loisirs-tinchebray-et-chanu\/\",\"name\":\"Accueils de Loisirs Tinchebray et de Chanu\",\"description\":\"Un site utilisant R\u00e9seau Portail Animation\",\"potentialAction\":[{\"@type\":\"SearchAction\",\"target\":{\"@type\":\"EntryPoint\",\"urlTemplate\":\"https:\/\/portail-animation.ufcv.fr\/accueils-loisirs-tinchebray-et-chanu\/?s={search_term_string}\"},\"query-input\":{\"@type\":\"PropertyValueSpecification\",\"valueRequired\":true,\"valueName\":\"search_term_string\"}}],\"inLanguage\":\"fr-FR\"},{\"@type\":\"Person\",\"@id\":\"https:\/\/portail-animation.ufcv.fr\/accueils-loisirs-tinchebray-et-chanu\/#\/schema\/person\/04d256bbd0d7f72f15892a20eed8a4f9\",\"name\":\"bfarcy\",\"image\":{\"@type\":\"ImageObject\",\"inLanguage\":\"fr-FR\",\"@id\":\"https:\/\/portail-animation.ufcv.fr\/accueils-loisirs-tinchebray-et-chanu\/#\/schema\/person\/image\/\",\"url\":\"https:\/\/secure.gravatar.com\/avatar\/79234a8476ce8959425643c7c7574fae?s=96&d=mm&r=g\",\"contentUrl\":\"https:\/\/secure.gravatar.com\/avatar\/79234a8476ce8959425643c7c7574fae?s=96&d=mm&r=g\",\"caption\":\"bfarcy\"},\"url\":\"https:\/\/portail-animation.ufcv.fr\/accueils-loisirs-tinchebray-et-chanu\/author\/bfarcy\/\"}]}<\/script>\r\n<!-- \/ Yoast SEO plugin. -->","yoast_head_json":{"title":"Une nouvelle directrice sur Chanu ! - Accueils de Loisirs Tinchebray et de Chanu","robots":{"index":"index","follow":"follow","max-snippet":"max-snippet:-1","max-image-preview":"max-image-preview:large","max-video-preview":"max-video-preview:-1"},"canonical":"https:\/\/portail-animation.ufcv.fr\/accueils-loisirs-tinchebray-et-chanu\/2024\/02\/06\/une-nouvelle-directrice-sur-chanu\/","og_locale":"fr_FR","og_type":"article","og_title":"Une nouvelle directrice sur Chanu ! - Accueils de Loisirs Tinchebray et de Chanu","og_description":"Nolwenn qui vient d&rsquo;entrer en formation BPJEPS LTP, sera directrice sur Chanu toute l&rsquo;ann\u00e9e 2024.Son petit mot : \u00ab\u00a0Bonjour, moi c\u2019est Nolwenn une jeune normande pure souche de 26 ans. Apr\u00e8s de nombreuses ann\u00e9es en tant qu\u2019animatrice me voil\u00e0 directrice [&hellip;]","og_url":"https:\/\/portail-animation.ufcv.fr\/accueils-loisirs-tinchebray-et-chanu\/2024\/02\/06\/une-nouvelle-directrice-sur-chanu\/","og_site_name":"Accueils de Loisirs Tinchebray et de Chanu","article_published_time":"2024-02-06T10:07:12+00:00","article_modified_time":"2024-02-06T10:07:13+00:00","og_image":[{"width":621,"height":352,"url":"http:\/\/portail-animation.ufcv.fr\/accueils-loisirs-tinchebray-et-chanu\/wp-content\/uploads\/sites\/161\/2024\/02\/2024-02-06-11_06_21-Une-nouvelle-directrice-pour-le-Local-Jeunes-297-mm-\u00d7-210-mm-et-5-pages-de-plu.png","type":"image\/png"}],"author":"bfarcy","twitter_card":"summary_large_image","twitter_misc":{"\u00c9crit par":"bfarcy","Dur\u00e9e de lecture estim\u00e9e":"1 minute"},"schema":{"@context":"https:\/\/schema.org","@graph":[{"@type":"WebPage","@id":"https:\/\/portail-animation.ufcv.fr\/accueils-loisirs-tinchebray-et-chanu\/2024\/02\/06\/une-nouvelle-directrice-sur-chanu\/","url":"https:\/\/portail-animation.ufcv.fr\/accueils-loisirs-tinchebray-et-chanu\/2024\/02\/06\/une-nouvelle-directrice-sur-chanu\/","name":"Une nouvelle directrice sur Chanu ! - Accueils de Loisirs Tinchebray et de Chanu","isPartOf":{"@id":"https:\/\/portail-animation.ufcv.fr\/accueils-loisirs-tinchebray-et-chanu\/#website"},"primaryImageOfPage":{"@id":"https:\/\/portail-animation.ufcv.fr\/accueils-loisirs-tinchebray-et-chanu\/2024\/02\/06\/une-nouvelle-directrice-sur-chanu\/#primaryimage"},"image":{"@id":"https:\/\/portail-animation.ufcv.fr\/accueils-loisirs-tinchebray-et-chanu\/2024\/02\/06\/une-nouvelle-directrice-sur-chanu\/#primaryimage"},"thumbnailUrl":"https:\/\/portail-animation.ufcv.fr\/accueils-loisirs-tinchebray-et-chanu\/wp-content\/uploads\/sites\/161\/2024\/02\/2024-02-06-11_06_21-Une-nouvelle-directrice-pour-le-Local-Jeunes-297-mm-\u00d7-210-mm-et-5-pages-de-plu.png","datePublished":"2024-02-06T10:07:12+00:00","dateModified":"2024-02-06T10:07:13+00:00","author":{"@id":"https:\/\/portail-animation.ufcv.fr\/accueils-loisirs-tinchebray-et-chanu\/#\/schema\/person\/04d256bbd0d7f72f15892a20eed8a4f9"},"breadcrumb":{"@id":"https:\/\/portail-animation.ufcv.fr\/accueils-loisirs-tinchebray-et-chanu\/2024\/02\/06\/une-nouvelle-directrice-sur-chanu\/#breadcrumb"},"inLanguage":"fr-FR","potentialAction":[{"@type":"ReadAction","target":["https:\/\/portail-animation.ufcv.fr\/accueils-loisirs-tinchebray-et-chanu\/2024\/02\/06\/une-nouvelle-directrice-sur-chanu\/"]}]},{"@type":"ImageObject","inLanguage":"fr-FR","@id":"https:\/\/portail-animation.ufcv.fr\/accueils-loisirs-tinchebray-et-chanu\/2024\/02\/06\/une-nouvelle-directrice-sur-chanu\/#primaryimage","url":"https:\/\/portail-animation.ufcv.fr\/accueils-loisirs-tinchebray-et-chanu\/wp-content\/uploads\/sites\/161\/2024\/02\/2024-02-06-11_06_21-Une-nouvelle-directrice-pour-le-Local-Jeunes-297-mm-\u00d7-210-mm-et-5-pages-de-plu.png","contentUrl":"https:\/\/portail-animation.ufcv.fr\/accueils-loisirs-tinchebray-et-chanu\/wp-content\/uploads\/sites\/161\/2024\/02\/2024-02-06-11_06_21-Une-nouvelle-directrice-pour-le-Local-Jeunes-297-mm-\u00d7-210-mm-et-5-pages-de-plu.png","width":621,"height":352},{"@type":"BreadcrumbList","@id":"https:\/\/portail-animation.ufcv.fr\/accueils-loisirs-tinchebray-et-chanu\/2024\/02\/06\/une-nouvelle-directrice-sur-chanu\/#breadcrumb","itemListElement":[{"@type":"ListItem","position":1,"name":"Accueil","item":"https:\/\/portail-animation.ufcv.fr\/accueils-loisirs-tinchebray-et-chanu\/"},{"@type":"ListItem","position":2,"name":"Une nouvelle directrice sur Chanu !"}]},{"@type":"WebSite","@id":"https:\/\/portail-animation.ufcv.fr\/accueils-loisirs-tinchebray-et-chanu\/#website","url":"https:\/\/portail-animation.ufcv.fr\/accueils-loisirs-tinchebray-et-chanu\/","name":"Accueils de Loisirs Tinchebray et de Chanu","description":"Un site utilisant R\u00e9seau Portail Animation","potentialAction":[{"@type":"SearchAction","target":{"@type":"EntryPoint","urlTemplate":"https:\/\/portail-animation.ufcv.fr\/accueils-loisirs-tinchebray-et-chanu\/?s={search_term_string}"},"query-input":{"@type":"PropertyValueSpecification","valueRequired":true,"valueName":"search_term_string"}}],"inLanguage":"fr-FR"},{"@type":"Person","@id":"https:\/\/portail-animation.ufcv.fr\/accueils-loisirs-tinchebray-et-chanu\/#\/schema\/person\/04d256bbd0d7f72f15892a20eed8a4f9","name":"bfarcy","image":{"@type":"ImageObject","inLanguage":"fr-FR","@id":"https:\/\/portail-animation.ufcv.fr\/accueils-loisirs-tinchebray-et-chanu\/#\/schema\/person\/image\/","url":"https:\/\/secure.gravatar.com\/avatar\/79234a8476ce8959425643c7c7574fae?s=96&d=mm&r=g","contentUrl":"https:\/\/secure.gravatar.com\/avatar\/79234a8476ce8959425643c7c7574fae?s=96&d=mm&r=g","caption":"bfarcy"},"url":"https:\/\/portail-animation.ufcv.fr\/accueils-loisirs-tinchebray-et-chanu\/author\/bfarcy\/"}]}},"_links":{"self":[{"href":"https:\/\/portail-animation.ufcv.fr\/accueils-loisirs-tinchebray-et-chanu\/wp-json\/wp\/v2\/posts\/249","targetHints":{"allow":["GET"]}}],"collection":[{"href":"https:\/\/portail-animation.ufcv.fr\/accueils-loisirs-tinchebray-et-chanu\/wp-json\/wp\/v2\/posts"}],"about":[{"href":"https:\/\/portail-animation.ufcv.fr\/accueils-loisirs-tinchebray-et-chanu\/wp-json\/wp\/v2\/types\/post"}],"author":[{"embeddable":true,"href":"https:\/\/portail-animation.ufcv.fr\/accueils-loisirs-tinchebray-et-chanu\/wp-json\/wp\/v2\/users\/162"}],"replies":[{"embeddable":true,"href":"https:\/\/portail-animation.ufcv.fr\/accueils-loisirs-tinchebray-et-chanu\/wp-json\/wp\/v2\/comments?post=249"}],"version-history":[{"count":1,"href":"https:\/\/portail-animation.ufcv.fr\/accueils-loisirs-tinchebray-et-chanu\/wp-json\/wp\/v2\/posts\/249\/revisions"}],"predecessor-version":[{"id":251,"href":"https:\/\/portail-animation.ufcv.fr\/accueils-loisirs-tinchebray-et-chanu\/wp-json\/wp\/v2\/posts\/249\/revisions\/251"}],"wp:featuredmedia":[{"embeddable":true,"href":"https:\/\/portail-animation.ufcv.fr\/accueils-loisirs-tinchebray-et-chanu\/wp-json\/wp\/v2\/media\/250"}],"wp:attachment":[{"href":"https:\/\/portail-animation.ufcv.fr\/accueils-loisirs-tinchebray-et-chanu\/wp-json\/wp\/v2\/media?parent=249"}],"wp:term":[{"taxonomy":"category","embeddable":true,"href":"https:\/\/portail-animation.ufcv.fr\/accueils-loisirs-tinchebray-et-chanu\/wp-json\/wp\/v2\/categories?post=249"},{"taxonomy":"post_tag","embeddable":true,"href":"https:\/\/portail-animation.ufcv.fr\/accueils-loisirs-tinchebray-et-chanu\/wp-json\/wp\/v2\/tags?post=249"}],"curies":[{"name":"wp","href":"https:\/\/api.w.org\/{rel}","templated":true}]}}