 {"id":1124,"date":"2025-08-21T11:51:58","date_gmt":"2025-08-21T09:51:58","guid":{"rendered":"https:\/\/portail-animation.ufcv.fr\/ateliers-seniors\/?p=1124"},"modified":"2026-08-21T11:50:52","modified_gmt":"2026-08-21T09:50:52","slug":"innovazione-nella-mobilita-personale-come-la-tecnologia-mobile-trasforma-le-maschere-di-protezione","status":"publish","type":"post","link":"https:\/\/portail-animation.ufcv.fr\/ateliers-seniors\/2025\/08\/21\/innovazione-nella-mobilita-personale-come-la-tecnologia-mobile-trasforma-le-maschere-di-protezione\/","title":{"rendered":"Innovazione nella Mobilit\u00e0 Personale: Come la Tecnologia Mobile Trasforma le Maschere di Protezione"},"content":{"rendered":"<h2>Introduzione: La Nuova Era delle Maschere di Protezione<\/h2>\n<p>\nNegli ultimi anni, l&rsquo;evoluzione delle tecnologie digitali ha ridefinito il modo in cui affrontiamo anche le sfide pi\u00f9 tradizionali, come la protezione personale. Le maschere di protezione, un tempo semplici dispositivi statici, stanno ora diventando strumenti smart, grazie all&rsquo;integrazione di connettivit\u00e0 mobile e sensori intelligenti. Questa trasformazione sta aprendo nuove frontiere nella gestione della salute pubblica e nell&rsquo;uso quotidiano, offrendo soluzioni pi\u00f9 efficaci, personalizzate e intuitive.\n<\/p>\n<h2>La Sinergia tra Tecnologia Mobile e Dispositivi di Protezione<\/h2>\n<p>\nL&rsquo;adozione di tecnologie mobili nei dispositivi di protezione individuale rappresenta un passo decisivo verso la creazione di soluzioni \u00ab\u00a0intelligenti\u00a0\u00bb. Questi sistemi integrano sensori per monitorare la qualit\u00e0 dell&rsquo;aria, livelli di contaminanti, e perfino la conformit\u00e0 a normative di sicurezza. La connettivit\u00e0 permette inoltre di condividere dati in tempo reale con i servizi di assistenza o con altri utenti, creando una rete interconnessa di protezione.\n<\/p>\n<p>\nUn esempio emblematico di questa evoluzione \u00e8 rappresentato da soluzioni come Jokar Mask, un dispositivo innovativo che sfrutta l&rsquo;integrazione con il mobile per fornire agli utenti un controllo avanzato e personalizzato. Per capire in modo pi\u00f9 dettagliato le funzionalit\u00e0 di questa tecnologia, <a href=\"https:\/\/jokar-mask.app\/it\/\"><strong>vedi come funziona Jokar Mask su mobile<\/strong><\/a>.\n<\/p>\n<h2>Analisi delle Funzionalit\u00e0 di Jokar Mask<\/h2>\n<table>\n<thead>\n<tr>\n<th>Caratteristica<\/th>\n<th>Descrizione<\/th>\n<th>Vantaggi<\/th>\n<\/tr>\n<\/thead>\n<tbody>\n<tr>\n<td>Sensoristica Avanzata<\/td>\n<td>Monitoraggio dei livelli di qualit\u00e0 dell&rsquo;aria e altri parametri ambientali.<\/td>\n<td>Garantisce una risposta immediata alle condizioni di rischio, migliorando la sicurezza personale.<\/td>\n<\/tr>\n<tr>\n<td>Connettivit\u00e0 Mobile<\/td>\n<td>Connessione stabile con smartphone tramite app dedicata.<\/td>\n<td>Gestione intuitiva, aggiornamenti in tempo reale e condivisione dei dati.<\/td>\n<\/tr>\n<tr>\n<td>Personalizzazione<\/td>\n<td>Impostazioni personalizzate e notifiche in base alle preferenze dell&rsquo;utente.<\/td>\n<td>Ottimizza l&rsquo;esperienza d&rsquo;uso e aumenta l&rsquo;efficacia della protezione.<\/td>\n<\/tr>\n<tr>\n<td>Design Ergonomico e Smart<\/td>\n<td>Dispositivo facile da indossare con integrazione di funzionalit\u00e0 intelligenti.<\/td>\n<td>Usabilit\u00e0 elevata e adattamento alle esigenze di chi lavora o si muove quotidianamente.<\/td>\n<\/tr>\n<\/tbody>\n<\/table>\n<h2>Impatto sul Settore e Ricerca di Mercato<\/h2>\n<p>\nSecondo recenti analisi di mercato, la richiesta di dispositivi di protezione intelligenti \u00e8 in forte crescita, con una previsione di crescita annua composta (CAGR) del 25% nei prossimi cinque anni. Tale trend \u00e8 alimentato dalla consapevolezza crescente delle emissioni inquinanti, dalla digitalizzazione dei dispositivi di sicurezza e dall&rsquo;aumento della domanda di soluzioni che integrano funzionalit\u00e0 di monitoraggio e comunicazione.\n<\/p>\n<p>\nProfessionisti del settore sanitario, aziende di sicurezza sul lavoro e consumatori finali stanno riconoscendo i vantaggi di strumenti come Jokar Mask, che combinano tecnologia avanzata e praticit\u00e0 per un nuovo standard di sicurezza personale. La capacit\u00e0 di integrare dati affidabili direttamente sui dispositivi mobili rende queste soluzioni molto pi\u00f9 di semplici maschere: sono veri e propri sistemi di protezione personalizzati, gestibili e condivisibili.\n<\/p>\n<h2>Considerazioni Finali: Una Nuova Normalit\u00e0 Digitale<\/h2>\n<p>\nL&rsquo;evoluzione delle maschere di protezione attraverso l&rsquo;integrazione con tecnologie mobili rappresenta un esempio di come l&rsquo;innovazione possa migliorare aspetti fondamentali della nostra vita. La digitalizzazione, grazie a dispositivi come Jokar Mask, permette di affrontare le sfide ambientali e sanitarie con strumenti pi\u00f9 sofisticati e affidabili.\n<\/p>\n<blockquote><p>\n\u00ab\u00a0Il futuro della sicurezza personale passa per l&rsquo;adozione di tecnologie intelligenti, che rendono la protezione non solo pi\u00f9 efficace, ma anche pi\u00f9 personalizzata e connessa.\u00a0\u00bb \u2013 <em>Analista del settore tecnologia e sicurezza, ottobre 2023<\/em>\n<\/p><\/blockquote>\n<p>\nPer approfondire le funzionalit\u00e0 di questa tecnologia e scoprire come pu\u00f2 essere facilmente utilizzata anche su dispositivi mobili, vedi come funziona Jokar Mask su mobile. La rivoluzione digitale sta trasformando anche il modo in cui ci proteggiamo quotidianamente, portando sicurezza, comfort e innovazione direttamente nelle nostre mani.<\/p>\n","protected":false},"excerpt":{"rendered":"<p>Introduzione: La Nuova Era delle Maschere di Protezione Negli ultimi anni, l&rsquo;evoluzione delle tecnologie digitali ha ridefinito il modo in cui affrontiamo anche le sfide pi\u00f9 tradizionali, come la protezione personale. Le maschere di protezione, un tempo semplici dispositivi statici, [&hellip;]<\/p>\n","protected":false},"author":150,"featured_media":0,"comment_status":"open","ping_status":"open","sticky":false,"template":"","format":"standard","meta":{"_acf_changed":false,"footnotes":""},"categories":[1],"tags":[],"class_list":["post-1124","post","type-post","status-publish","format-standard","hentry","category-non-classe"],"acf":[],"yoast_head":"<!-- This site is optimized with the Yoast SEO plugin v23.9 - https:\/\/yoast.com\/wordpress\/plugins\/seo\/ -->\r\n<title>Innovazione nella Mobilit\u00e0 Personale: Come la Tecnologia Mobile Trasforma le Maschere di Protezione - Ateliers seniors<\/title>\r\n<meta name=\"robots\" content=\"index, follow, max-snippet:-1, max-image-preview:large, max-video-preview:-1\" \/>\r\n<link rel=\"canonical\" href=\"https:\/\/portail-animation.ufcv.fr\/ateliers-seniors\/2025\/08\/21\/innovazione-nella-mobilita-personale-come-la-tecnologia-mobile-trasforma-le-maschere-di-protezione\/\" \/>\r\n<meta property=\"og:locale\" content=\"fr_FR\" \/>\r\n<meta property=\"og:type\" content=\"article\" \/>\r\n<meta property=\"og:title\" content=\"Innovazione nella Mobilit\u00e0 Personale: Come la Tecnologia Mobile Trasforma le Maschere di Protezione - Ateliers seniors\" \/>\r\n<meta property=\"og:description\" content=\"Introduzione: La Nuova Era delle Maschere di Protezione Negli ultimi anni, l&rsquo;evoluzione delle tecnologie digitali ha ridefinito il modo in cui affrontiamo anche le sfide pi\u00f9 tradizionali, come la protezione personale. Le maschere di protezione, un tempo semplici dispositivi statici, [&hellip;]\" \/>\r\n<meta property=\"og:url\" content=\"https:\/\/portail-animation.ufcv.fr\/ateliers-seniors\/2025\/08\/21\/innovazione-nella-mobilita-personale-come-la-tecnologia-mobile-trasforma-le-maschere-di-protezione\/\" \/>\r\n<meta property=\"og:site_name\" content=\"Ateliers seniors\" \/>\r\n<meta property=\"article:published_time\" content=\"2025-08-21T09:51:58+00:00\" \/>\r\n<meta property=\"article:modified_time\" content=\"2026-08-21T09:50:52+00:00\" \/>\r\n<meta name=\"author\" content=\"adelforge\" \/>\r\n<meta name=\"twitter:card\" content=\"summary_large_image\" \/>\r\n<meta name=\"twitter:label1\" content=\"\u00c9crit par\" \/>\n\t<meta name=\"twitter:data1\" content=\"adelforge\" \/>\n\t<meta name=\"twitter:label2\" content=\"Dur\u00e9e de lecture estim\u00e9e\" \/>\n\t<meta name=\"twitter:data2\" content=\"3 minutes\" \/>\r\n<script type=\"application\/ld+json\" class=\"yoast-schema-graph\">{\"@context\":\"https:\/\/schema.org\",\"@graph\":[{\"@type\":\"WebPage\",\"@id\":\"https:\/\/portail-animation.ufcv.fr\/ateliers-seniors\/2025\/08\/21\/innovazione-nella-mobilita-personale-come-la-tecnologia-mobile-trasforma-le-maschere-di-protezione\/\",\"url\":\"https:\/\/portail-animation.ufcv.fr\/ateliers-seniors\/2025\/08\/21\/innovazione-nella-mobilita-personale-come-la-tecnologia-mobile-trasforma-le-maschere-di-protezione\/\",\"name\":\"Innovazione nella Mobilit\u00e0 Personale: Come la Tecnologia Mobile Trasforma le Maschere di Protezione - Ateliers seniors\",\"isPartOf\":{\"@id\":\"https:\/\/portail-animation.ufcv.fr\/ateliers-seniors\/#website\"},\"datePublished\":\"2025-08-21T09:51:58+00:00\",\"dateModified\":\"2026-08-21T09:50:52+00:00\",\"author\":{\"@id\":\"https:\/\/portail-animation.ufcv.fr\/ateliers-seniors\/#\/schema\/person\/e3920f121b148283c13890813088e2a0\"},\"breadcrumb\":{\"@id\":\"https:\/\/portail-animation.ufcv.fr\/ateliers-seniors\/2025\/08\/21\/innovazione-nella-mobilita-personale-come-la-tecnologia-mobile-trasforma-le-maschere-di-protezione\/#breadcrumb\"},\"inLanguage\":\"fr-FR\",\"potentialAction\":[{\"@type\":\"ReadAction\",\"target\":[\"https:\/\/portail-animation.ufcv.fr\/ateliers-seniors\/2025\/08\/21\/innovazione-nella-mobilita-personale-come-la-tecnologia-mobile-trasforma-le-maschere-di-protezione\/\"]}]},{\"@type\":\"BreadcrumbList\",\"@id\":\"https:\/\/portail-animation.ufcv.fr\/ateliers-seniors\/2025\/08\/21\/innovazione-nella-mobilita-personale-come-la-tecnologia-mobile-trasforma-le-maschere-di-protezione\/#breadcrumb\",\"itemListElement\":[{\"@type\":\"ListItem\",\"position\":1,\"name\":\"Accueil\",\"item\":\"https:\/\/portail-animation.ufcv.fr\/ateliers-seniors\/\"},{\"@type\":\"ListItem\",\"position\":2,\"name\":\"Innovazione nella Mobilit\u00e0 Personale: Come la Tecnologia Mobile Trasforma le Maschere di Protezione\"}]},{\"@type\":\"WebSite\",\"@id\":\"https:\/\/portail-animation.ufcv.fr\/ateliers-seniors\/#website\",\"url\":\"https:\/\/portail-animation.ufcv.fr\/ateliers-seniors\/\",\"name\":\"Ateliers seniors\",\"description\":\"Un site utilisant R\u00e9seau Portail Animation\",\"potentialAction\":[{\"@type\":\"SearchAction\",\"target\":{\"@type\":\"EntryPoint\",\"urlTemplate\":\"https:\/\/portail-animation.ufcv.fr\/ateliers-seniors\/?s={search_term_string}\"},\"query-input\":{\"@type\":\"PropertyValueSpecification\",\"valueRequired\":true,\"valueName\":\"search_term_string\"}}],\"inLanguage\":\"fr-FR\"},{\"@type\":\"Person\",\"@id\":\"https:\/\/portail-animation.ufcv.fr\/ateliers-seniors\/#\/schema\/person\/e3920f121b148283c13890813088e2a0\",\"name\":\"adelforge\",\"image\":{\"@type\":\"ImageObject\",\"inLanguage\":\"fr-FR\",\"@id\":\"https:\/\/portail-animation.ufcv.fr\/ateliers-seniors\/#\/schema\/person\/image\/\",\"url\":\"https:\/\/secure.gravatar.com\/avatar\/8207ca5dec2038871f4ea2e2a260a192?s=96&d=mm&r=g\",\"contentUrl\":\"https:\/\/secure.gravatar.com\/avatar\/8207ca5dec2038871f4ea2e2a260a192?s=96&d=mm&r=g\",\"caption\":\"adelforge\"},\"url\":\"https:\/\/portail-animation.ufcv.fr\/ateliers-seniors\/author\/adelforge\/\"}]}<\/script>\r\n<!-- \/ Yoast SEO plugin. -->","yoast_head_json":{"title":"Innovazione nella Mobilit\u00e0 Personale: Come la Tecnologia Mobile Trasforma le Maschere di Protezione - Ateliers seniors","robots":{"index":"index","follow":"follow","max-snippet":"max-snippet:-1","max-image-preview":"max-image-preview:large","max-video-preview":"max-video-preview:-1"},"canonical":"https:\/\/portail-animation.ufcv.fr\/ateliers-seniors\/2025\/08\/21\/innovazione-nella-mobilita-personale-come-la-tecnologia-mobile-trasforma-le-maschere-di-protezione\/","og_locale":"fr_FR","og_type":"article","og_title":"Innovazione nella Mobilit\u00e0 Personale: Come la Tecnologia Mobile Trasforma le Maschere di Protezione - Ateliers seniors","og_description":"Introduzione: La Nuova Era delle Maschere di Protezione Negli ultimi anni, l&rsquo;evoluzione delle tecnologie digitali ha ridefinito il modo in cui affrontiamo anche le sfide pi\u00f9 tradizionali, come la protezione personale. Le maschere di protezione, un tempo semplici dispositivi statici, [&hellip;]","og_url":"https:\/\/portail-animation.ufcv.fr\/ateliers-seniors\/2025\/08\/21\/innovazione-nella-mobilita-personale-come-la-tecnologia-mobile-trasforma-le-maschere-di-protezione\/","og_site_name":"Ateliers seniors","article_published_time":"2025-08-21T09:51:58+00:00","article_modified_time":"2026-08-21T09:50:52+00:00","author":"adelforge","twitter_card":"summary_large_image","twitter_misc":{"\u00c9crit par":"adelforge","Dur\u00e9e de lecture estim\u00e9e":"3 minutes"},"schema":{"@context":"https:\/\/schema.org","@graph":[{"@type":"WebPage","@id":"https:\/\/portail-animation.ufcv.fr\/ateliers-seniors\/2025\/08\/21\/innovazione-nella-mobilita-personale-come-la-tecnologia-mobile-trasforma-le-maschere-di-protezione\/","url":"https:\/\/portail-animation.ufcv.fr\/ateliers-seniors\/2025\/08\/21\/innovazione-nella-mobilita-personale-come-la-tecnologia-mobile-trasforma-le-maschere-di-protezione\/","name":"Innovazione nella Mobilit\u00e0 Personale: Come la Tecnologia Mobile Trasforma le Maschere di Protezione - Ateliers seniors","isPartOf":{"@id":"https:\/\/portail-animation.ufcv.fr\/ateliers-seniors\/#website"},"datePublished":"2025-08-21T09:51:58+00:00","dateModified":"2026-08-21T09:50:52+00:00","author":{"@id":"https:\/\/portail-animation.ufcv.fr\/ateliers-seniors\/#\/schema\/person\/e3920f121b148283c13890813088e2a0"},"breadcrumb":{"@id":"https:\/\/portail-animation.ufcv.fr\/ateliers-seniors\/2025\/08\/21\/innovazione-nella-mobilita-personale-come-la-tecnologia-mobile-trasforma-le-maschere-di-protezione\/#breadcrumb"},"inLanguage":"fr-FR","potentialAction":[{"@type":"ReadAction","target":["https:\/\/portail-animation.ufcv.fr\/ateliers-seniors\/2025\/08\/21\/innovazione-nella-mobilita-personale-come-la-tecnologia-mobile-trasforma-le-maschere-di-protezione\/"]}]},{"@type":"BreadcrumbList","@id":"https:\/\/portail-animation.ufcv.fr\/ateliers-seniors\/2025\/08\/21\/innovazione-nella-mobilita-personale-come-la-tecnologia-mobile-trasforma-le-maschere-di-protezione\/#breadcrumb","itemListElement":[{"@type":"ListItem","position":1,"name":"Accueil","item":"https:\/\/portail-animation.ufcv.fr\/ateliers-seniors\/"},{"@type":"ListItem","position":2,"name":"Innovazione nella Mobilit\u00e0 Personale: Come la Tecnologia Mobile Trasforma le Maschere di Protezione"}]},{"@type":"WebSite","@id":"https:\/\/portail-animation.ufcv.fr\/ateliers-seniors\/#website","url":"https:\/\/portail-animation.ufcv.fr\/ateliers-seniors\/","name":"Ateliers seniors","description":"Un site utilisant R\u00e9seau Portail Animation","potentialAction":[{"@type":"SearchAction","target":{"@type":"EntryPoint","urlTemplate":"https:\/\/portail-animation.ufcv.fr\/ateliers-seniors\/?s={search_term_string}"},"query-input":{"@type":"PropertyValueSpecification","valueRequired":true,"valueName":"search_term_string"}}],"inLanguage":"fr-FR"},{"@type":"Person","@id":"https:\/\/portail-animation.ufcv.fr\/ateliers-seniors\/#\/schema\/person\/e3920f121b148283c13890813088e2a0","name":"adelforge","image":{"@type":"ImageObject","inLanguage":"fr-FR","@id":"https:\/\/portail-animation.ufcv.fr\/ateliers-seniors\/#\/schema\/person\/image\/","url":"https:\/\/secure.gravatar.com\/avatar\/8207ca5dec2038871f4ea2e2a260a192?s=96&d=mm&r=g","contentUrl":"https:\/\/secure.gravatar.com\/avatar\/8207ca5dec2038871f4ea2e2a260a192?s=96&d=mm&r=g","caption":"adelforge"},"url":"https:\/\/portail-animation.ufcv.fr\/ateliers-seniors\/author\/adelforge\/"}]}},"_links":{"self":[{"href":"https:\/\/portail-animation.ufcv.fr\/ateliers-seniors\/wp-json\/wp\/v2\/posts\/1124","targetHints":{"allow":["GET"]}}],"collection":[{"href":"https:\/\/portail-animation.ufcv.fr\/ateliers-seniors\/wp-json\/wp\/v2\/posts"}],"about":[{"href":"https:\/\/portail-animation.ufcv.fr\/ateliers-seniors\/wp-json\/wp\/v2\/types\/post"}],"author":[{"embeddable":true,"href":"https:\/\/portail-animation.ufcv.fr\/ateliers-seniors\/wp-json\/wp\/v2\/users\/150"}],"replies":[{"embeddable":true,"href":"https:\/\/portail-animation.ufcv.fr\/ateliers-seniors\/wp-json\/wp\/v2\/comments?post=1124"}],"version-history":[{"count":1,"href":"https:\/\/portail-animation.ufcv.fr\/ateliers-seniors\/wp-json\/wp\/v2\/posts\/1124\/revisions"}],"predecessor-version":[{"id":1125,"href":"https:\/\/portail-animation.ufcv.fr\/ateliers-seniors\/wp-json\/wp\/v2\/posts\/1124\/revisions\/1125"}],"wp:attachment":[{"href":"https:\/\/portail-animation.ufcv.fr\/ateliers-seniors\/wp-json\/wp\/v2\/media?parent=1124"}],"wp:term":[{"taxonomy":"category","embeddable":true,"href":"https:\/\/portail-animation.ufcv.fr\/ateliers-seniors\/wp-json\/wp\/v2\/categories?post=1124"},{"taxonomy":"post_tag","embeddable":true,"href":"https:\/\/portail-animation.ufcv.fr\/ateliers-seniors\/wp-json\/wp\/v2\/tags?post=1124"}],"curies":[{"name":"wp","href":"https:\/\/api.w.org\/{rel}","templated":true}]}}