 {"id":1178,"date":"2025-08-21T12:00:53","date_gmt":"2025-08-21T10:00:53","guid":{"rendered":"https:\/\/portail-animation.ufcv.fr\/ateliers-seniors\/?p=1178"},"modified":"2026-08-21T11:59:47","modified_gmt":"2026-08-21T09:59:47","slug":"digitalt-samarbete-och-mobilarbetets-framtid-en-djupdykning-i-verktyg-for-modern-organisation","status":"publish","type":"post","link":"https:\/\/portail-animation.ufcv.fr\/ateliers-seniors\/2025\/08\/21\/digitalt-samarbete-och-mobilarbetets-framtid-en-djupdykning-i-verktyg-for-modern-organisation\/","title":{"rendered":"Digitalt Samarbete och Mobilarbetets Framtid: En Djupdykning i Verktyg f\u00f6r Modern Organisation"},"content":{"rendered":"<p>I en v\u00e4rld d\u00e4r flexibilitet och tillg\u00e4nglighet \u00e4r avg\u00f6rande f\u00f6r f\u00f6retagets framg\u00e5ng, spelar digitala samarbetsverktyg en v\u00e4xande roll. I synnerhet f\u00f6r organisationer som str\u00e4var efter att m\u00f6jligg\u00f6ra smidigt arbete oavsett plats, har mobilapplikationer blivit oumb\u00e4rliga. R\u00e4tt verktyg kan inte bara f\u00f6rb\u00e4ttra produktiviteten, utan ocks\u00e5 st\u00e4rka f\u00f6retagskulturen och skapa en mer inkluderande arbetsmilj\u00f6.<\/p>\n<h2>Mobilitet som Ny Norm: Utmaningar och M\u00f6jligheter<\/h2>\n<p>Forskning visar att \u00f6ver 70% av anst\u00e4llda i Sverige anv\u00e4nder sina mobiltelefoner f\u00f6r arbetsrelaterade syften minst en g\u00e5ng om dagen (K\u00e4lla: Svenskt Arbetsliv, 2023). D\u00e4rf\u00f6r \u00e4r det avg\u00f6rande att organisationer inte bara tillhandah\u00e5ller tillg\u00e5ng till digitala plattformar utan ocks\u00e5 s\u00e4kerst\u00e4ller att dessa \u00e4r tillg\u00e4ngliga och anv\u00e4ndarv\u00e4nliga via mobila enheter.<\/p>\n<p>Men mobilitet inneb\u00e4r ocks\u00e5 flera utmaningar, bland annat s\u00e4kerhet, dataskydd och anv\u00e4ndarupplevelse. F\u00f6r att m\u00f6ta dessa krav kr\u00e4vs sofistikerade men anv\u00e4ndarv\u00e4nliga l\u00f6sningar som kan integreras smidigt i den dagliga arbetsrutinen.<\/p>\n<h2>Crucial Rolle av Mobilappar f\u00f6r Business Intelligence och Samarbete<\/h2>\n<p>En avancerad mobilapplikation som exempelvis <a href=\"https:\/\/athena-2.app\/sv\/\"><strong>installera Athena 2 p\u00e5 mobilen<\/strong><\/a> erbjuder inte bara grundl\u00e4ggande kommunikationsfunktioner, utan ocks\u00e5 integration med databaser, realtidsrapportering och AI-drivna analytiska verktyg.<\/p>\n<table>\n<caption style=\"font-weight: bold;margin-top:20px;margin-bottom:10px\">Nyckelfunktioner i moderna mobilapplikationer f\u00f6r f\u00f6retag<\/caption>\n<thead>\n<tr>\n<th>Funktion<\/th>\n<th>Syfte<\/th>\n<th>F\u00f6rdelar<\/th>\n<\/tr>\n<\/thead>\n<tbody>\n<tr>\n<td>Real-tids data\u00e5tkomst<\/td>\n<td>Snabb informationsfl\u00f6de<\/td>\n<td>Beslutsfattande i realtid, \u00f6kad responsf\u00f6rm\u00e5ga<\/td>\n<\/tr>\n<tr>\n<td>AI-assisterad analys<\/td>\n<td>F\u00f6rst\u00e5 trender och m\u00f6nster<\/td>\n<td>F\u00f6rb\u00e4ttrad insikt, proaktivt arbetsfl\u00f6de<\/td>\n<\/tr>\n<tr>\n<td>S\u00e4kerhetsfunktioner<\/td>\n<td>Dataskydd och integritet<\/td>\n<td>Konkurrenskraft, f\u00f6rtroende fr\u00e5n kunder och partners<\/td>\n<\/tr>\n<\/tbody>\n<\/table>\n<p>Det \u00e4r intressant att notera att anv\u00e4ndningen av appar som installera Athena 2 p\u00e5 mobilen har visat sig \u00f6ka med \u00f6ver 45% i organisationer som inf\u00f6r mobilanpassade verktyg f\u00f6r dataanalys och projektledning. Detta visar p\u00e5 en tydlig trend: att integrera komplexa funktioner i anv\u00e4ndarv\u00e4nliga appar \u00e4r nyckeln till att f\u00e5 medarbetare att omfamna digitala l\u00f6sningar fullt ut.<\/p>\n<h2>Fr\u00e5n Pilot till Standard: Implementeringsstrategier f\u00f6r Mobilappar<\/h2>\n<p>Att inf\u00f6ra nya digitala verktyg kr\u00e4ver inte bara teknisk kompetens utan ocks\u00e5 f\u00f6rst\u00e5else f\u00f6r anv\u00e4ndarnas behov och f\u00f6retagets strategiska m\u00e5l. En framg\u00e5ngsrik implementering innefattar:<\/p>\n<ul>\n<li><strong>Utbildning och support:<\/strong> Anv\u00e4ndarna m\u00e5ste k\u00e4nna sig trygga och kompetenta att anv\u00e4nda appen.<\/li>\n<li><strong>Anpassning och integration:<\/strong> Appar b\u00f6r integreras med befintliga system f\u00f6r att skapa en sammanh\u00e4ngande arbetsmilj\u00f6.<\/li>\n<li><strong>Feedbackloopar:<\/strong> Kontinuerlig feedback hj\u00e4lper till att f\u00f6rb\u00e4ttra anv\u00e4ndarupplevelsen och funktionaliteten.<\/li>\n<\/ul>\n<p>I detta sammanhang \u00e4r det v\u00e4rt att n\u00e4mna att att kunna installera appen <em>enkel tillg\u00e4nglighet<\/em> \u2014 som att installera Athena 2 p\u00e5 mobilen \u2014 minskar tr\u00f6sklarna f\u00f6r adoption och accelererar digital transformation.<\/p>\n<h2>Framtidens Arbete: Mobilitet, AI och Digital Integration<\/h2>\n<p>Allt pekar mot att mobilitet och AI forts\u00e4tter att samspela f\u00f6r att skapa mer holistiska och proaktiva arbetsmilj\u00f6er. F\u00f6retag som omfamnar denna utveckling, genom att exempelvis erbjuda anv\u00e4ndarv\u00e4nliga appar f\u00f6r dataanalys och samarbete, st\u00e4rker sin konkurrenskraft och attraherar talanger.<\/p>\n<blockquote><p>\n  \u00ab\u00a0Digitala verktyg som m\u00f6jligg\u00f6r smidigt mobilarbete \u00e4r inte l\u00e4ngre ett lyx, utan en n\u00f6dv\u00e4ndighet f\u00f6r att f\u00f6rbli konkurrenskraftig i en globaliserad v\u00e4rld.\u00a0\u00bb \u2013 <cite>F\u00f6retagsanalytiker, 2023<\/cite>\n<\/p><\/blockquote>\n<p>Att s\u00e4kra att medarbetare kan <strong>installera Athena 2 p\u00e5 mobilen<\/strong> enkelt och problemfritt \u00e4r ett strategiskt steg f\u00f6r l\u00e5ngsiktig tillv\u00e4xt och innovation.<\/p>\n<h2>Sammanfattning: Den Digitala Framtidens Framg\u00e5ngsrecept<\/h2>\n<p>Som vi har sett, \u00e4r f\u00f6retagens framg\u00e5ng i det digitala landskapet starkt kopplat till deras f\u00f6rm\u00e5ga att utveckla och implementera mobilv\u00e4nliga, intelligenta och s\u00e4kra samarbetsplattformar. Att kunna navigera denna f\u00f6r\u00e4ndring med strategiska verktyg och en anv\u00e4ndarcentrerad approach kommer att bli avg\u00f6rande f\u00f6r framtidens arbetsplatser.<\/p>\n<p>F\u00f6r organisationer som \u00e4r redo att ta n\u00e4sta steg, inneb\u00e4r det att s\u00e4kra att den infrastruktur och de applikationer de anv\u00e4nder \u00e4r tillg\u00e4ngliga och l\u00e4ttinstallerade p\u00e5 mobila enheter \u2014 ett steg f\u00f6r att framtidss\u00e4kra deras digitala ekosystem.<\/p>\n<p>Vill du f\u00f6rst\u00e5 hur du p\u00e5 b\u00e4sta s\u00e4tt kan implementera och utnyttja dessa verktyg? L\u00e4s mer om hur du installera Athena 2 p\u00e5 mobilen f\u00f6r att st\u00e4rka ditt f\u00f6retags digitala kapacitet redan idag.<\/p>\n","protected":false},"excerpt":{"rendered":"<p>I en v\u00e4rld d\u00e4r flexibilitet och tillg\u00e4nglighet \u00e4r avg\u00f6rande f\u00f6r f\u00f6retagets framg\u00e5ng, spelar digitala samarbetsverktyg en v\u00e4xande roll. I synnerhet f\u00f6r organisationer som str\u00e4var efter att m\u00f6jligg\u00f6ra smidigt arbete oavsett plats, har mobilapplikationer blivit oumb\u00e4rliga. R\u00e4tt verktyg kan inte bara [&hellip;]<\/p>\n","protected":false},"author":150,"featured_media":0,"comment_status":"open","ping_status":"open","sticky":false,"template":"","format":"standard","meta":{"_acf_changed":false,"footnotes":""},"categories":[1],"tags":[],"class_list":["post-1178","post","type-post","status-publish","format-standard","hentry","category-non-classe"],"acf":[],"yoast_head":"<!-- This site is optimized with the Yoast SEO plugin v23.9 - https:\/\/yoast.com\/wordpress\/plugins\/seo\/ -->\r\n<title>Digitalt Samarbete och Mobilarbetets Framtid: En Djupdykning i Verktyg f\u00f6r Modern Organisation - Ateliers seniors<\/title>\r\n<meta name=\"robots\" content=\"index, follow, max-snippet:-1, max-image-preview:large, max-video-preview:-1\" \/>\r\n<link rel=\"canonical\" href=\"https:\/\/portail-animation.ufcv.fr\/ateliers-seniors\/2025\/08\/21\/digitalt-samarbete-och-mobilarbetets-framtid-en-djupdykning-i-verktyg-for-modern-organisation\/\" \/>\r\n<meta property=\"og:locale\" content=\"fr_FR\" \/>\r\n<meta property=\"og:type\" content=\"article\" \/>\r\n<meta property=\"og:title\" content=\"Digitalt Samarbete och Mobilarbetets Framtid: En Djupdykning i Verktyg f\u00f6r Modern Organisation - Ateliers seniors\" \/>\r\n<meta property=\"og:description\" content=\"I en v\u00e4rld d\u00e4r flexibilitet och tillg\u00e4nglighet \u00e4r avg\u00f6rande f\u00f6r f\u00f6retagets framg\u00e5ng, spelar digitala samarbetsverktyg en v\u00e4xande roll. I synnerhet f\u00f6r organisationer som str\u00e4var efter att m\u00f6jligg\u00f6ra smidigt arbete oavsett plats, har mobilapplikationer blivit oumb\u00e4rliga. R\u00e4tt verktyg kan inte bara [&hellip;]\" \/>\r\n<meta property=\"og:url\" content=\"https:\/\/portail-animation.ufcv.fr\/ateliers-seniors\/2025\/08\/21\/digitalt-samarbete-och-mobilarbetets-framtid-en-djupdykning-i-verktyg-for-modern-organisation\/\" \/>\r\n<meta property=\"og:site_name\" content=\"Ateliers seniors\" \/>\r\n<meta property=\"article:published_time\" content=\"2025-08-21T10:00:53+00:00\" \/>\r\n<meta property=\"article:modified_time\" content=\"2026-08-21T09:59:47+00:00\" \/>\r\n<meta name=\"author\" content=\"adelforge\" \/>\r\n<meta name=\"twitter:card\" content=\"summary_large_image\" \/>\r\n<meta name=\"twitter:label1\" content=\"\u00c9crit par\" \/>\n\t<meta name=\"twitter:data1\" content=\"adelforge\" \/>\n\t<meta name=\"twitter:label2\" content=\"Dur\u00e9e de lecture estim\u00e9e\" \/>\n\t<meta name=\"twitter:data2\" content=\"4 minutes\" \/>\r\n<script type=\"application\/ld+json\" class=\"yoast-schema-graph\">{\"@context\":\"https:\/\/schema.org\",\"@graph\":[{\"@type\":\"WebPage\",\"@id\":\"https:\/\/portail-animation.ufcv.fr\/ateliers-seniors\/2025\/08\/21\/digitalt-samarbete-och-mobilarbetets-framtid-en-djupdykning-i-verktyg-for-modern-organisation\/\",\"url\":\"https:\/\/portail-animation.ufcv.fr\/ateliers-seniors\/2025\/08\/21\/digitalt-samarbete-och-mobilarbetets-framtid-en-djupdykning-i-verktyg-for-modern-organisation\/\",\"name\":\"Digitalt Samarbete och Mobilarbetets Framtid: En Djupdykning i Verktyg f\u00f6r Modern Organisation - Ateliers seniors\",\"isPartOf\":{\"@id\":\"https:\/\/portail-animation.ufcv.fr\/ateliers-seniors\/#website\"},\"datePublished\":\"2025-08-21T10:00:53+00:00\",\"dateModified\":\"2026-08-21T09:59:47+00:00\",\"author\":{\"@id\":\"https:\/\/portail-animation.ufcv.fr\/ateliers-seniors\/#\/schema\/person\/e3920f121b148283c13890813088e2a0\"},\"breadcrumb\":{\"@id\":\"https:\/\/portail-animation.ufcv.fr\/ateliers-seniors\/2025\/08\/21\/digitalt-samarbete-och-mobilarbetets-framtid-en-djupdykning-i-verktyg-for-modern-organisation\/#breadcrumb\"},\"inLanguage\":\"fr-FR\",\"potentialAction\":[{\"@type\":\"ReadAction\",\"target\":[\"https:\/\/portail-animation.ufcv.fr\/ateliers-seniors\/2025\/08\/21\/digitalt-samarbete-och-mobilarbetets-framtid-en-djupdykning-i-verktyg-for-modern-organisation\/\"]}]},{\"@type\":\"BreadcrumbList\",\"@id\":\"https:\/\/portail-animation.ufcv.fr\/ateliers-seniors\/2025\/08\/21\/digitalt-samarbete-och-mobilarbetets-framtid-en-djupdykning-i-verktyg-for-modern-organisation\/#breadcrumb\",\"itemListElement\":[{\"@type\":\"ListItem\",\"position\":1,\"name\":\"Accueil\",\"item\":\"https:\/\/portail-animation.ufcv.fr\/ateliers-seniors\/\"},{\"@type\":\"ListItem\",\"position\":2,\"name\":\"Digitalt Samarbete och Mobilarbetets Framtid: En Djupdykning i Verktyg f\u00f6r Modern Organisation\"}]},{\"@type\":\"WebSite\",\"@id\":\"https:\/\/portail-animation.ufcv.fr\/ateliers-seniors\/#website\",\"url\":\"https:\/\/portail-animation.ufcv.fr\/ateliers-seniors\/\",\"name\":\"Ateliers seniors\",\"description\":\"Un site utilisant R\u00e9seau Portail Animation\",\"potentialAction\":[{\"@type\":\"SearchAction\",\"target\":{\"@type\":\"EntryPoint\",\"urlTemplate\":\"https:\/\/portail-animation.ufcv.fr\/ateliers-seniors\/?s={search_term_string}\"},\"query-input\":{\"@type\":\"PropertyValueSpecification\",\"valueRequired\":true,\"valueName\":\"search_term_string\"}}],\"inLanguage\":\"fr-FR\"},{\"@type\":\"Person\",\"@id\":\"https:\/\/portail-animation.ufcv.fr\/ateliers-seniors\/#\/schema\/person\/e3920f121b148283c13890813088e2a0\",\"name\":\"adelforge\",\"image\":{\"@type\":\"ImageObject\",\"inLanguage\":\"fr-FR\",\"@id\":\"https:\/\/portail-animation.ufcv.fr\/ateliers-seniors\/#\/schema\/person\/image\/\",\"url\":\"https:\/\/secure.gravatar.com\/avatar\/8207ca5dec2038871f4ea2e2a260a192?s=96&d=mm&r=g\",\"contentUrl\":\"https:\/\/secure.gravatar.com\/avatar\/8207ca5dec2038871f4ea2e2a260a192?s=96&d=mm&r=g\",\"caption\":\"adelforge\"},\"url\":\"https:\/\/portail-animation.ufcv.fr\/ateliers-seniors\/author\/adelforge\/\"}]}<\/script>\r\n<!-- \/ Yoast SEO plugin. -->","yoast_head_json":{"title":"Digitalt Samarbete och Mobilarbetets Framtid: En Djupdykning i Verktyg f\u00f6r Modern Organisation - Ateliers seniors","robots":{"index":"index","follow":"follow","max-snippet":"max-snippet:-1","max-image-preview":"max-image-preview:large","max-video-preview":"max-video-preview:-1"},"canonical":"https:\/\/portail-animation.ufcv.fr\/ateliers-seniors\/2025\/08\/21\/digitalt-samarbete-och-mobilarbetets-framtid-en-djupdykning-i-verktyg-for-modern-organisation\/","og_locale":"fr_FR","og_type":"article","og_title":"Digitalt Samarbete och Mobilarbetets Framtid: En Djupdykning i Verktyg f\u00f6r Modern Organisation - Ateliers seniors","og_description":"I en v\u00e4rld d\u00e4r flexibilitet och tillg\u00e4nglighet \u00e4r avg\u00f6rande f\u00f6r f\u00f6retagets framg\u00e5ng, spelar digitala samarbetsverktyg en v\u00e4xande roll. I synnerhet f\u00f6r organisationer som str\u00e4var efter att m\u00f6jligg\u00f6ra smidigt arbete oavsett plats, har mobilapplikationer blivit oumb\u00e4rliga. R\u00e4tt verktyg kan inte bara [&hellip;]","og_url":"https:\/\/portail-animation.ufcv.fr\/ateliers-seniors\/2025\/08\/21\/digitalt-samarbete-och-mobilarbetets-framtid-en-djupdykning-i-verktyg-for-modern-organisation\/","og_site_name":"Ateliers seniors","article_published_time":"2025-08-21T10:00:53+00:00","article_modified_time":"2026-08-21T09:59:47+00:00","author":"adelforge","twitter_card":"summary_large_image","twitter_misc":{"\u00c9crit par":"adelforge","Dur\u00e9e de lecture estim\u00e9e":"4 minutes"},"schema":{"@context":"https:\/\/schema.org","@graph":[{"@type":"WebPage","@id":"https:\/\/portail-animation.ufcv.fr\/ateliers-seniors\/2025\/08\/21\/digitalt-samarbete-och-mobilarbetets-framtid-en-djupdykning-i-verktyg-for-modern-organisation\/","url":"https:\/\/portail-animation.ufcv.fr\/ateliers-seniors\/2025\/08\/21\/digitalt-samarbete-och-mobilarbetets-framtid-en-djupdykning-i-verktyg-for-modern-organisation\/","name":"Digitalt Samarbete och Mobilarbetets Framtid: En Djupdykning i Verktyg f\u00f6r Modern Organisation - Ateliers seniors","isPartOf":{"@id":"https:\/\/portail-animation.ufcv.fr\/ateliers-seniors\/#website"},"datePublished":"2025-08-21T10:00:53+00:00","dateModified":"2026-08-21T09:59:47+00:00","author":{"@id":"https:\/\/portail-animation.ufcv.fr\/ateliers-seniors\/#\/schema\/person\/e3920f121b148283c13890813088e2a0"},"breadcrumb":{"@id":"https:\/\/portail-animation.ufcv.fr\/ateliers-seniors\/2025\/08\/21\/digitalt-samarbete-och-mobilarbetets-framtid-en-djupdykning-i-verktyg-for-modern-organisation\/#breadcrumb"},"inLanguage":"fr-FR","potentialAction":[{"@type":"ReadAction","target":["https:\/\/portail-animation.ufcv.fr\/ateliers-seniors\/2025\/08\/21\/digitalt-samarbete-och-mobilarbetets-framtid-en-djupdykning-i-verktyg-for-modern-organisation\/"]}]},{"@type":"BreadcrumbList","@id":"https:\/\/portail-animation.ufcv.fr\/ateliers-seniors\/2025\/08\/21\/digitalt-samarbete-och-mobilarbetets-framtid-en-djupdykning-i-verktyg-for-modern-organisation\/#breadcrumb","itemListElement":[{"@type":"ListItem","position":1,"name":"Accueil","item":"https:\/\/portail-animation.ufcv.fr\/ateliers-seniors\/"},{"@type":"ListItem","position":2,"name":"Digitalt Samarbete och Mobilarbetets Framtid: En Djupdykning i Verktyg f\u00f6r Modern Organisation"}]},{"@type":"WebSite","@id":"https:\/\/portail-animation.ufcv.fr\/ateliers-seniors\/#website","url":"https:\/\/portail-animation.ufcv.fr\/ateliers-seniors\/","name":"Ateliers seniors","description":"Un site utilisant R\u00e9seau Portail Animation","potentialAction":[{"@type":"SearchAction","target":{"@type":"EntryPoint","urlTemplate":"https:\/\/portail-animation.ufcv.fr\/ateliers-seniors\/?s={search_term_string}"},"query-input":{"@type":"PropertyValueSpecification","valueRequired":true,"valueName":"search_term_string"}}],"inLanguage":"fr-FR"},{"@type":"Person","@id":"https:\/\/portail-animation.ufcv.fr\/ateliers-seniors\/#\/schema\/person\/e3920f121b148283c13890813088e2a0","name":"adelforge","image":{"@type":"ImageObject","inLanguage":"fr-FR","@id":"https:\/\/portail-animation.ufcv.fr\/ateliers-seniors\/#\/schema\/person\/image\/","url":"https:\/\/secure.gravatar.com\/avatar\/8207ca5dec2038871f4ea2e2a260a192?s=96&d=mm&r=g","contentUrl":"https:\/\/secure.gravatar.com\/avatar\/8207ca5dec2038871f4ea2e2a260a192?s=96&d=mm&r=g","caption":"adelforge"},"url":"https:\/\/portail-animation.ufcv.fr\/ateliers-seniors\/author\/adelforge\/"}]}},"_links":{"self":[{"href":"https:\/\/portail-animation.ufcv.fr\/ateliers-seniors\/wp-json\/wp\/v2\/posts\/1178","targetHints":{"allow":["GET"]}}],"collection":[{"href":"https:\/\/portail-animation.ufcv.fr\/ateliers-seniors\/wp-json\/wp\/v2\/posts"}],"about":[{"href":"https:\/\/portail-animation.ufcv.fr\/ateliers-seniors\/wp-json\/wp\/v2\/types\/post"}],"author":[{"embeddable":true,"href":"https:\/\/portail-animation.ufcv.fr\/ateliers-seniors\/wp-json\/wp\/v2\/users\/150"}],"replies":[{"embeddable":true,"href":"https:\/\/portail-animation.ufcv.fr\/ateliers-seniors\/wp-json\/wp\/v2\/comments?post=1178"}],"version-history":[{"count":1,"href":"https:\/\/portail-animation.ufcv.fr\/ateliers-seniors\/wp-json\/wp\/v2\/posts\/1178\/revisions"}],"predecessor-version":[{"id":1179,"href":"https:\/\/portail-animation.ufcv.fr\/ateliers-seniors\/wp-json\/wp\/v2\/posts\/1178\/revisions\/1179"}],"wp:attachment":[{"href":"https:\/\/portail-animation.ufcv.fr\/ateliers-seniors\/wp-json\/wp\/v2\/media?parent=1178"}],"wp:term":[{"taxonomy":"category","embeddable":true,"href":"https:\/\/portail-animation.ufcv.fr\/ateliers-seniors\/wp-json\/wp\/v2\/categories?post=1178"},{"taxonomy":"post_tag","embeddable":true,"href":"https:\/\/portail-animation.ufcv.fr\/ateliers-seniors\/wp-json\/wp\/v2\/tags?post=1178"}],"curies":[{"name":"wp","href":"https:\/\/api.w.org\/{rel}","templated":true}]}}