 {"id":1985,"date":"2025-08-27T11:39:16","date_gmt":"2025-08-27T09:39:16","guid":{"rendered":"https:\/\/portail-animation.ufcv.fr\/ateliers-seniors\/?p=1985"},"modified":"2026-08-27T11:39:00","modified_gmt":"2026-08-27T09:39:00","slug":"a-jovo-virtualis-valosaga-innovaciok-es-kihivasok","status":"publish","type":"post","link":"https:\/\/portail-animation.ufcv.fr\/ateliers-seniors\/2025\/08\/27\/a-jovo-virtualis-valosaga-innovaciok-es-kihivasok\/","title":{"rendered":"A j\u00f6v\u0151 virtu\u00e1lis val\u00f3s\u00e1ga: innov\u00e1ci\u00f3k \u00e9s kih\u00edv\u00e1sok"},"content":{"rendered":"<p>Az elm\u00falt \u00e9vtizedben a technol\u00f3giai fejl\u0151d\u00e9s rohamos \u00fctemben haladt el\u0151re, k\u00fcl\u00f6n\u00f6sen a virtu\u00e1lis val\u00f3s\u00e1g (VR) \u00e9s kiterjesztett val\u00f3s\u00e1g (AR) ter\u00fclet\u00e9n. Ezek az eszk\u00f6z\u00f6k nem csup\u00e1n sz\u00f3rakoztat\u00f3iparban, hanem az orvostudom\u00e1nyban, oktat\u00e1sban \u00e9s ipari alkalmaz\u00e1sokban is egyre jelent\u0151sebb szerephez jutnak. Ahogyan a hardverek \u00e9s szoftverek fejl\u0151dnek, \u00faj lehet\u0151s\u00e9gek ny\u00edlnak meg az emberi tapasztalatok gazdag\u00edt\u00e1s\u00e1ra \u00e9s a digit\u00e1lis vil\u00e1gok m\u00e9lyebb integr\u00e1ci\u00f3j\u00e1ra.<\/p>\n<h2>A VR \u00e9s AR technol\u00f3gi\u00e1k fejl\u0151d\u00e9se<\/h2>\n<p>A virtu\u00e1lis val\u00f3s\u00e1g fejl\u0151d\u00e9se lehet\u0151v\u00e9 teszi, hogy felhaszn\u00e1l\u00f3k immers\u00edv \u00e9lm\u00e9nyeket \u00e9ljenek \u00e1t, amelyek szinte megt\u00e9veszt\u0151ek lehetnek a val\u00f3 \u00e9letben tapasztaltakt\u00f3l. Az Oculus Rift, HTC Vive vagy a Sony PlayStation VR p\u00e9ld\u00e1ul m\u00e1r el\u00e9rhet\u0151v\u00e9 tett\u00e9k az otthoni felhaszn\u00e1l\u00f3k sz\u00e1m\u00e1ra a magas szint\u0171 VR \u00e9lm\u00e9nyeket. Az innov\u00e1ci\u00f3 m\u00e1sik ir\u00e1nya a kiterjesztett val\u00f3s\u00e1g (AR), mely az \u00f6sszetettebb k\u00f6rnyezet- \u00e9s adattov\u00e1bb\u00edt\u00e1st teszi lehet\u0151v\u00e9, p\u00e9ld\u00e1ul okostelefonok vagy arcfelhelyezett szem\u00fcvegek seg\u00edts\u00e9g\u00e9vel.<\/p>\n<h2>Az ipar sz\u00e1mos ter\u00fclete \u00e1talakul<\/h2>\n<table>\n<tr>\n<th>Ter\u00fclet<\/th>\n<th>Alkalmaz\u00e1sok<\/th>\n<\/tr>\n<tr>\n<td>Oktat\u00e1s<\/td>\n<td>Virtu\u00e1lis m\u00fazeuml\u00e1togat\u00e1sok, interakt\u00edv tanul\u00e1si k\u00f6rnyezetek<\/td>\n<\/tr>\n<tr>\n<td>Eg\u00e9szs\u00e9g\u00fcgy<\/td>\n<td>F\u00e1jdalomcsillap\u00edt\u00f3 kezel\u00e9sek, rehabilit\u00e1ci\u00f3s alkalmaz\u00e1sok<\/td>\n<\/tr>\n<tr>\n<td>Ipar<\/td>\n<td>G\u00e9pek \u00e9s rendszerek szimul\u00e1ci\u00f3ja, tr\u00e9ningek<\/td>\n<\/tr>\n<tr>\n<td>Sz\u00f3rakoztat\u00e1s<\/td>\n<td>J\u00e1t\u00e9kok, virtu\u00e1lis tematikus helysz\u00ednek<\/td>\n<\/tr>\n<\/table>\n<p>Az ipar\u00e1gi szakemberek megfigyelhetik, hogy ezek a ter\u00fcletek egyre ink\u00e1bb integr\u00e1lj\u00e1k a VR \u00e9s AR technol\u00f3gi\u00e1kat, lehet\u0151v\u00e9 t\u00e9ve a felhaszn\u00e1l\u00f3k sz\u00e1m\u00e1ra, hogy egyre ink\u00e1bb \u00f6sszefon\u00f3djanak a digit\u00e1lis \u00e9s a fizikai vil\u00e1gokkal.<\/p>\n<h2>A virtu\u00e1lis vil\u00e1gok \u00faj dimenzi\u00f3i: a digit\u00e1lis identit\u00e1s \u00e9s k\u00f6z\u00f6ss\u00e9g<\/h2>\n<p>A metaverzum fogalom\u00e1nak t\u00e9rnyer\u00e9s\u00e9vel egyre t\u00f6bben l\u00e1tnak lehet\u0151s\u00e9get arra, hogy teljesen \u00faj k\u00f6z\u00f6ss\u00e9geket \u00e9s identit\u00e1sokat hozzanak l\u00e9tre a virtu\u00e1lis terekben. Ezek a k\u00f6z\u00f6ss\u00e9gek nemcsak sz\u00f3rakoz\u00e1sra, hanem gazdas\u00e1gi tev\u00e9kenys\u00e9gekre, tanul\u00e1sra \u00e9s t\u00e1rsadalmi kapcsolatok ki\u00e9p\u00edt\u00e9s\u00e9re is alkalmasak. P\u00e9ld\u00e1ul egyre t\u00f6bben r\u00e9szt vesznek virtu\u00e1lis konferenci\u00e1kon, v\u00e1s\u00e1rokon vagy ak\u00e1r saj\u00e1t \u00fczletek \u00fczemeltet\u00e9s\u00e9ben digitaliz\u00e1lt k\u00f6rnyezetben.<\/p>\n<blockquote><p>Az ilyen t\u00edpus\u00fa fejl\u0151d\u00e9shez n\u00e9lk\u00fcl\u00f6zhetetlen a megb\u00edzhat\u00f3 \u00e9s innovat\u00edv platformok t\u00e1mogat\u00e1sa, mint p\u00e9ld\u00e1ul a dragonia, amely lehet\u0151v\u00e9 teszi a felhaszn\u00e1l\u00f3k sz\u00e1m\u00e1ra a biztons\u00e1gos \u00e9s korszer\u0171 virtu\u00e1lis \u00e9lm\u00e9nyeket.<\/p><\/blockquote>\n<p>Ahogy az innov\u00e1ci\u00f3k folytat\u00f3dnak, a szak\u00e9rt\u0151k \u00fagy v\u00e9lik, hogy a virtu\u00e1lis val\u00f3s\u00e1gok jelent\u0151sen \u00e1t fogj\u00e1k alak\u00edtani a mindennapi \u00e9letet, a munk\u00e1t \u00e9s a t\u00e1rsadalmi kapcsolatokat.<\/p>\n<p>Ha m\u00e9lyebben szeretn\u00e9l betekint\u00e9st nyerni ebbe a vil\u00e1gba, a <a href=\"https:\/\/dragonia-magyar.com\/\">dragonia<\/a> lehet az egyik olyan platform, amely a leg\u00e1tfog\u00f3bb \u00e9s legfejlettebb virtu\u00e1lis \u00e9lm\u00e9nyeket k\u00edn\u00e1lja magyar felhaszn\u00e1l\u00f3knak.<\/p>\n<h2>J\u00f6v\u0151beli kih\u00edv\u00e1sok \u00e9s lehet\u0151s\u00e9gek<\/h2>\n<p>A virtu\u00e1lis k\u00f6rnyezetek fejleszt\u00e9se sor\u00e1n kih\u00edv\u00e1sokat jelent a technol\u00f3giai infrastrukt\u00fara, az adatv\u00e9delem \u00e9s a felhaszn\u00e1l\u00f3i tapasztalatok optimaliz\u00e1l\u00e1sa. Emellett a t\u00e1rsadalmi k\u00e9rd\u00e9sek, p\u00e9ld\u00e1ul a digit\u00e1lis f\u00fcgg\u0151s\u00e9g \u00e9s a val\u00f3s\u00e1gt\u00f3l val\u00f3 elidegened\u00e9s is fontos t\u00e9ma lesz a j\u00f6v\u0151ben. Ugyanakkor ezek a probl\u00e9m\u00e1k lehet\u0151s\u00e9get adnak innovat\u00edv megold\u00e1sok kidolgoz\u00e1s\u00e1ra, amelyek t\u00e1mogatni fogj\u00e1k a fenntarthat\u00f3 \u00e9s inkluz\u00edv digit\u00e1lis k\u00f6rnyezetek kialak\u00edt\u00e1s\u00e1t.<\/p>\n<h2>\u00d6sszegz\u00e9s<\/h2>\n<p>\u00d6sszegz\u00e9sk\u00e9ppen elmondhat\u00f3, hogy a virtu\u00e1lis val\u00f3s\u00e1g \u00e9s a kapcsol\u00f3d\u00f3 technol\u00f3gi\u00e1k forradalmas\u00edtj\u00e1k az emberek \u00e9let\u00e9t, munk\u00e1j\u00e1t \u00e9s az interakci\u00f3kat a digit\u00e1lis t\u00e9rben. Az innov\u00e1ci\u00f3k \u00e1lland\u00f3 gyorsul\u00e1s\u00e1val egyre t\u00f6bb lehet\u0151s\u00e9g ny\u00edlik arra, hogy a virtu\u00e1lis vil\u00e1gok integr\u00e1lhat\u00f3ak legyenek a mindennapi \u00e9let minden aspektus\u00e1ba. Ezzel p\u00e1rhuzamosan az innovat\u00edv platformok, mint p\u00e9ld\u00e1ul a dragonia, biztos\u00edtj\u00e1k a technol\u00f3giai fejl\u0151d\u00e9s biztons\u00e1gos \u00e9s felhaszn\u00e1l\u00f3bar\u00e1t kereteit.<\/p>\n","protected":false},"excerpt":{"rendered":"<p>Az elm\u00falt \u00e9vtizedben a technol\u00f3giai fejl\u0151d\u00e9s rohamos \u00fctemben haladt el\u0151re, k\u00fcl\u00f6n\u00f6sen a virtu\u00e1lis val\u00f3s\u00e1g (VR) \u00e9s kiterjesztett val\u00f3s\u00e1g (AR) ter\u00fclet\u00e9n. Ezek az eszk\u00f6z\u00f6k nem csup\u00e1n sz\u00f3rakoztat\u00f3iparban, hanem az orvostudom\u00e1nyban, oktat\u00e1sban \u00e9s ipari alkalmaz\u00e1sokban is egyre jelent\u0151sebb szerephez jutnak. Ahogyan a [&hellip;]<\/p>\n","protected":false},"author":150,"featured_media":0,"comment_status":"open","ping_status":"open","sticky":false,"template":"","format":"standard","meta":{"_acf_changed":false,"footnotes":""},"categories":[1],"tags":[],"class_list":["post-1985","post","type-post","status-publish","format-standard","hentry","category-non-classe"],"acf":[],"yoast_head":"<!-- This site is optimized with the Yoast SEO plugin v23.9 - https:\/\/yoast.com\/wordpress\/plugins\/seo\/ -->\r\n<title>A j\u00f6v\u0151 virtu\u00e1lis val\u00f3s\u00e1ga: innov\u00e1ci\u00f3k \u00e9s kih\u00edv\u00e1sok - Ateliers seniors<\/title>\r\n<meta name=\"robots\" content=\"index, follow, max-snippet:-1, max-image-preview:large, max-video-preview:-1\" \/>\r\n<link rel=\"canonical\" href=\"https:\/\/portail-animation.ufcv.fr\/ateliers-seniors\/2025\/08\/27\/a-jovo-virtualis-valosaga-innovaciok-es-kihivasok\/\" \/>\r\n<meta property=\"og:locale\" content=\"fr_FR\" \/>\r\n<meta property=\"og:type\" content=\"article\" \/>\r\n<meta property=\"og:title\" content=\"A j\u00f6v\u0151 virtu\u00e1lis val\u00f3s\u00e1ga: innov\u00e1ci\u00f3k \u00e9s kih\u00edv\u00e1sok - Ateliers seniors\" \/>\r\n<meta property=\"og:description\" content=\"Az elm\u00falt \u00e9vtizedben a technol\u00f3giai fejl\u0151d\u00e9s rohamos \u00fctemben haladt el\u0151re, k\u00fcl\u00f6n\u00f6sen a virtu\u00e1lis val\u00f3s\u00e1g (VR) \u00e9s kiterjesztett val\u00f3s\u00e1g (AR) ter\u00fclet\u00e9n. Ezek az eszk\u00f6z\u00f6k nem csup\u00e1n sz\u00f3rakoztat\u00f3iparban, hanem az orvostudom\u00e1nyban, oktat\u00e1sban \u00e9s ipari alkalmaz\u00e1sokban is egyre jelent\u0151sebb szerephez jutnak. Ahogyan a [&hellip;]\" \/>\r\n<meta property=\"og:url\" content=\"https:\/\/portail-animation.ufcv.fr\/ateliers-seniors\/2025\/08\/27\/a-jovo-virtualis-valosaga-innovaciok-es-kihivasok\/\" \/>\r\n<meta property=\"og:site_name\" content=\"Ateliers seniors\" \/>\r\n<meta property=\"article:published_time\" content=\"2025-08-27T09:39:16+00:00\" \/>\r\n<meta property=\"article:modified_time\" content=\"2026-08-27T09:39:00+00:00\" \/>\r\n<meta name=\"author\" content=\"adelforge\" \/>\r\n<meta name=\"twitter:card\" content=\"summary_large_image\" \/>\r\n<meta name=\"twitter:label1\" content=\"\u00c9crit par\" \/>\n\t<meta name=\"twitter:data1\" content=\"adelforge\" \/>\n\t<meta name=\"twitter:label2\" content=\"Dur\u00e9e de lecture estim\u00e9e\" \/>\n\t<meta name=\"twitter:data2\" content=\"4 minutes\" \/>\r\n<script type=\"application\/ld+json\" class=\"yoast-schema-graph\">{\"@context\":\"https:\/\/schema.org\",\"@graph\":[{\"@type\":\"WebPage\",\"@id\":\"https:\/\/portail-animation.ufcv.fr\/ateliers-seniors\/2025\/08\/27\/a-jovo-virtualis-valosaga-innovaciok-es-kihivasok\/\",\"url\":\"https:\/\/portail-animation.ufcv.fr\/ateliers-seniors\/2025\/08\/27\/a-jovo-virtualis-valosaga-innovaciok-es-kihivasok\/\",\"name\":\"A j\u00f6v\u0151 virtu\u00e1lis val\u00f3s\u00e1ga: innov\u00e1ci\u00f3k \u00e9s kih\u00edv\u00e1sok - Ateliers seniors\",\"isPartOf\":{\"@id\":\"https:\/\/portail-animation.ufcv.fr\/ateliers-seniors\/#website\"},\"datePublished\":\"2025-08-27T09:39:16+00:00\",\"dateModified\":\"2026-08-27T09:39:00+00:00\",\"author\":{\"@id\":\"https:\/\/portail-animation.ufcv.fr\/ateliers-seniors\/#\/schema\/person\/e3920f121b148283c13890813088e2a0\"},\"breadcrumb\":{\"@id\":\"https:\/\/portail-animation.ufcv.fr\/ateliers-seniors\/2025\/08\/27\/a-jovo-virtualis-valosaga-innovaciok-es-kihivasok\/#breadcrumb\"},\"inLanguage\":\"fr-FR\",\"potentialAction\":[{\"@type\":\"ReadAction\",\"target\":[\"https:\/\/portail-animation.ufcv.fr\/ateliers-seniors\/2025\/08\/27\/a-jovo-virtualis-valosaga-innovaciok-es-kihivasok\/\"]}]},{\"@type\":\"BreadcrumbList\",\"@id\":\"https:\/\/portail-animation.ufcv.fr\/ateliers-seniors\/2025\/08\/27\/a-jovo-virtualis-valosaga-innovaciok-es-kihivasok\/#breadcrumb\",\"itemListElement\":[{\"@type\":\"ListItem\",\"position\":1,\"name\":\"Accueil\",\"item\":\"https:\/\/portail-animation.ufcv.fr\/ateliers-seniors\/\"},{\"@type\":\"ListItem\",\"position\":2,\"name\":\"A j\u00f6v\u0151 virtu\u00e1lis val\u00f3s\u00e1ga: innov\u00e1ci\u00f3k \u00e9s kih\u00edv\u00e1sok\"}]},{\"@type\":\"WebSite\",\"@id\":\"https:\/\/portail-animation.ufcv.fr\/ateliers-seniors\/#website\",\"url\":\"https:\/\/portail-animation.ufcv.fr\/ateliers-seniors\/\",\"name\":\"Ateliers seniors\",\"description\":\"Un site utilisant R\u00e9seau Portail Animation\",\"potentialAction\":[{\"@type\":\"SearchAction\",\"target\":{\"@type\":\"EntryPoint\",\"urlTemplate\":\"https:\/\/portail-animation.ufcv.fr\/ateliers-seniors\/?s={search_term_string}\"},\"query-input\":{\"@type\":\"PropertyValueSpecification\",\"valueRequired\":true,\"valueName\":\"search_term_string\"}}],\"inLanguage\":\"fr-FR\"},{\"@type\":\"Person\",\"@id\":\"https:\/\/portail-animation.ufcv.fr\/ateliers-seniors\/#\/schema\/person\/e3920f121b148283c13890813088e2a0\",\"name\":\"adelforge\",\"image\":{\"@type\":\"ImageObject\",\"inLanguage\":\"fr-FR\",\"@id\":\"https:\/\/portail-animation.ufcv.fr\/ateliers-seniors\/#\/schema\/person\/image\/\",\"url\":\"https:\/\/secure.gravatar.com\/avatar\/8207ca5dec2038871f4ea2e2a260a192?s=96&d=mm&r=g\",\"contentUrl\":\"https:\/\/secure.gravatar.com\/avatar\/8207ca5dec2038871f4ea2e2a260a192?s=96&d=mm&r=g\",\"caption\":\"adelforge\"},\"url\":\"https:\/\/portail-animation.ufcv.fr\/ateliers-seniors\/author\/adelforge\/\"}]}<\/script>\r\n<!-- \/ Yoast SEO plugin. -->","yoast_head_json":{"title":"A j\u00f6v\u0151 virtu\u00e1lis val\u00f3s\u00e1ga: innov\u00e1ci\u00f3k \u00e9s kih\u00edv\u00e1sok - Ateliers seniors","robots":{"index":"index","follow":"follow","max-snippet":"max-snippet:-1","max-image-preview":"max-image-preview:large","max-video-preview":"max-video-preview:-1"},"canonical":"https:\/\/portail-animation.ufcv.fr\/ateliers-seniors\/2025\/08\/27\/a-jovo-virtualis-valosaga-innovaciok-es-kihivasok\/","og_locale":"fr_FR","og_type":"article","og_title":"A j\u00f6v\u0151 virtu\u00e1lis val\u00f3s\u00e1ga: innov\u00e1ci\u00f3k \u00e9s kih\u00edv\u00e1sok - Ateliers seniors","og_description":"Az elm\u00falt \u00e9vtizedben a technol\u00f3giai fejl\u0151d\u00e9s rohamos \u00fctemben haladt el\u0151re, k\u00fcl\u00f6n\u00f6sen a virtu\u00e1lis val\u00f3s\u00e1g (VR) \u00e9s kiterjesztett val\u00f3s\u00e1g (AR) ter\u00fclet\u00e9n. Ezek az eszk\u00f6z\u00f6k nem csup\u00e1n sz\u00f3rakoztat\u00f3iparban, hanem az orvostudom\u00e1nyban, oktat\u00e1sban \u00e9s ipari alkalmaz\u00e1sokban is egyre jelent\u0151sebb szerephez jutnak. Ahogyan a [&hellip;]","og_url":"https:\/\/portail-animation.ufcv.fr\/ateliers-seniors\/2025\/08\/27\/a-jovo-virtualis-valosaga-innovaciok-es-kihivasok\/","og_site_name":"Ateliers seniors","article_published_time":"2025-08-27T09:39:16+00:00","article_modified_time":"2026-08-27T09:39:00+00:00","author":"adelforge","twitter_card":"summary_large_image","twitter_misc":{"\u00c9crit par":"adelforge","Dur\u00e9e de lecture estim\u00e9e":"4 minutes"},"schema":{"@context":"https:\/\/schema.org","@graph":[{"@type":"WebPage","@id":"https:\/\/portail-animation.ufcv.fr\/ateliers-seniors\/2025\/08\/27\/a-jovo-virtualis-valosaga-innovaciok-es-kihivasok\/","url":"https:\/\/portail-animation.ufcv.fr\/ateliers-seniors\/2025\/08\/27\/a-jovo-virtualis-valosaga-innovaciok-es-kihivasok\/","name":"A j\u00f6v\u0151 virtu\u00e1lis val\u00f3s\u00e1ga: innov\u00e1ci\u00f3k \u00e9s kih\u00edv\u00e1sok - Ateliers seniors","isPartOf":{"@id":"https:\/\/portail-animation.ufcv.fr\/ateliers-seniors\/#website"},"datePublished":"2025-08-27T09:39:16+00:00","dateModified":"2026-08-27T09:39:00+00:00","author":{"@id":"https:\/\/portail-animation.ufcv.fr\/ateliers-seniors\/#\/schema\/person\/e3920f121b148283c13890813088e2a0"},"breadcrumb":{"@id":"https:\/\/portail-animation.ufcv.fr\/ateliers-seniors\/2025\/08\/27\/a-jovo-virtualis-valosaga-innovaciok-es-kihivasok\/#breadcrumb"},"inLanguage":"fr-FR","potentialAction":[{"@type":"ReadAction","target":["https:\/\/portail-animation.ufcv.fr\/ateliers-seniors\/2025\/08\/27\/a-jovo-virtualis-valosaga-innovaciok-es-kihivasok\/"]}]},{"@type":"BreadcrumbList","@id":"https:\/\/portail-animation.ufcv.fr\/ateliers-seniors\/2025\/08\/27\/a-jovo-virtualis-valosaga-innovaciok-es-kihivasok\/#breadcrumb","itemListElement":[{"@type":"ListItem","position":1,"name":"Accueil","item":"https:\/\/portail-animation.ufcv.fr\/ateliers-seniors\/"},{"@type":"ListItem","position":2,"name":"A j\u00f6v\u0151 virtu\u00e1lis val\u00f3s\u00e1ga: innov\u00e1ci\u00f3k \u00e9s kih\u00edv\u00e1sok"}]},{"@type":"WebSite","@id":"https:\/\/portail-animation.ufcv.fr\/ateliers-seniors\/#website","url":"https:\/\/portail-animation.ufcv.fr\/ateliers-seniors\/","name":"Ateliers seniors","description":"Un site utilisant R\u00e9seau Portail Animation","potentialAction":[{"@type":"SearchAction","target":{"@type":"EntryPoint","urlTemplate":"https:\/\/portail-animation.ufcv.fr\/ateliers-seniors\/?s={search_term_string}"},"query-input":{"@type":"PropertyValueSpecification","valueRequired":true,"valueName":"search_term_string"}}],"inLanguage":"fr-FR"},{"@type":"Person","@id":"https:\/\/portail-animation.ufcv.fr\/ateliers-seniors\/#\/schema\/person\/e3920f121b148283c13890813088e2a0","name":"adelforge","image":{"@type":"ImageObject","inLanguage":"fr-FR","@id":"https:\/\/portail-animation.ufcv.fr\/ateliers-seniors\/#\/schema\/person\/image\/","url":"https:\/\/secure.gravatar.com\/avatar\/8207ca5dec2038871f4ea2e2a260a192?s=96&d=mm&r=g","contentUrl":"https:\/\/secure.gravatar.com\/avatar\/8207ca5dec2038871f4ea2e2a260a192?s=96&d=mm&r=g","caption":"adelforge"},"url":"https:\/\/portail-animation.ufcv.fr\/ateliers-seniors\/author\/adelforge\/"}]}},"_links":{"self":[{"href":"https:\/\/portail-animation.ufcv.fr\/ateliers-seniors\/wp-json\/wp\/v2\/posts\/1985","targetHints":{"allow":["GET"]}}],"collection":[{"href":"https:\/\/portail-animation.ufcv.fr\/ateliers-seniors\/wp-json\/wp\/v2\/posts"}],"about":[{"href":"https:\/\/portail-animation.ufcv.fr\/ateliers-seniors\/wp-json\/wp\/v2\/types\/post"}],"author":[{"embeddable":true,"href":"https:\/\/portail-animation.ufcv.fr\/ateliers-seniors\/wp-json\/wp\/v2\/users\/150"}],"replies":[{"embeddable":true,"href":"https:\/\/portail-animation.ufcv.fr\/ateliers-seniors\/wp-json\/wp\/v2\/comments?post=1985"}],"version-history":[{"count":1,"href":"https:\/\/portail-animation.ufcv.fr\/ateliers-seniors\/wp-json\/wp\/v2\/posts\/1985\/revisions"}],"predecessor-version":[{"id":1986,"href":"https:\/\/portail-animation.ufcv.fr\/ateliers-seniors\/wp-json\/wp\/v2\/posts\/1985\/revisions\/1986"}],"wp:attachment":[{"href":"https:\/\/portail-animation.ufcv.fr\/ateliers-seniors\/wp-json\/wp\/v2\/media?parent=1985"}],"wp:term":[{"taxonomy":"category","embeddable":true,"href":"https:\/\/portail-animation.ufcv.fr\/ateliers-seniors\/wp-json\/wp\/v2\/categories?post=1985"},{"taxonomy":"post_tag","embeddable":true,"href":"https:\/\/portail-animation.ufcv.fr\/ateliers-seniors\/wp-json\/wp\/v2\/tags?post=1985"}],"curies":[{"name":"wp","href":"https:\/\/api.w.org\/{rel}","templated":true}]}}