 {"id":2216,"date":"2025-09-01T21:19:17","date_gmt":"2025-09-01T19:19:17","guid":{"rendered":"https:\/\/portail-animation.ufcv.fr\/ateliers-seniors\/?p=2216"},"modified":"2026-09-01T21:18:53","modified_gmt":"2026-09-01T19:18:53","slug":"section","status":"publish","type":"post","link":"https:\/\/portail-animation.ufcv.fr\/ateliers-seniors\/2025\/09\/01\/section\/","title":{"rendered":""},"content":{"rendered":"<p style=\"max-width:800px;margin:30px auto;font-size:1.2em;line-height:1.5\">\n<p style=\"max-width:800px;margin:30px auto;font-size:1.2em;line-height:1.5\">\nLes enjeux li\u00e9s \u00e0 la digitalisation des territoires n\u2019ont jamais \u00e9t\u00e9 aussi cruciaux qu\u2019\u00e0 l\u2019aube du 21<sup>\u00e8me<\/sup> si\u00e8cle. Alors que les collectivit\u00e9s cherchent \u00e0 r\u00e9pondre aux besoins croissants de leur population tout en ma\u00eetrisant leurs budgets, l\u2019int\u00e9gration de nouvelles technologies appara\u00eet comme une \u00e9tape incontournable. Dans ce contexte,<br \/>\n<a href=\"https:\/\/betero.fr\/frfrbhet\/\">betero<\/a> incarne une plateforme innovante, apportant des solutions concr\u00e8tes pour optimiser la gestion des ressources et favoriser une gouvernance intelligente.\n<\/p>\n<\/section>\n<h2>Les D\u00e9fis de la Transformation Digitale dans les Collectivit\u00e9s Territoriales<\/h2>\n<section>\n<p>\n  La transformation digitale ne se limite pas \u00e0 la simple mise en place d\u2019outils num\u00e9riques. Elle n\u00e9cessite une refonte profonde des processus internes, une attention particuli\u00e8re \u00e0 la s\u00e9curit\u00e9 des donn\u00e9es, et une capacit\u00e9 \u00e0 f\u00e9d\u00e9rer l\u2019ensemble des acteurs locaux autour d\u2019une vision commune. La complexit\u00e9 r\u00e9side aussi dans la diversit\u00e9 des enjeux : gestion des d\u00e9chets, mobilit\u00e9, urbanisme, gestion financi\u00e8re, et participation citoyenne.\n  <\/p>\n<p>\n  Selon une \u00e9tude r\u00e9cente men\u00e9e par l\u2019Observatoire des Collectivit\u00e9s Digitales, 78 % des mairies consid\u00e8rent que leur transition num\u00e9rique reste encore inachev\u00e9e ou partielle, principalement due \u00e0 un d\u00e9ficit d\u2019accompagnement et de ressources adapt\u00e9es.\n  <\/p>\n<\/section>\n<h2>Les Solutions Innovantes : Le R\u00f4le de Plateformes Sp\u00e9cialis\u00e9es<\/h2>\n<section>\n<p>\n  Pour r\u00e9pondre \u00e0 ces d\u00e9fis, l\u2019\u00e9mergence de plateformes int\u00e9gr\u00e9es telles que betero marque une \u00e9tape cl\u00e9. Ces outils offrent des fonctionnalit\u00e9s avanc\u00e9es pour le suivi en temps r\u00e9el des projets, la gestion centralis\u00e9e de donn\u00e9es, et l\u2019analyse pr\u00e9dictive, permettant ainsi aux d\u00e9cideurs locaux d\u2019agir avec plus de r\u00e9activit\u00e9 et de pr\u00e9cision.\n  <\/p>\n<ul style=\"max-width:800px;margin:20px auto;list-style-type: disc;font-size:1.1em\">\n<li><strong>Optimisation des ressources :<\/strong> Allocation efficiente des budgets et r\u00e9duction des gaspillages.<\/li>\n<li><strong>Mobilit\u00e9 intelligente :<\/strong> Applications pour la gestion des transports et la r\u00e9duction de l\u2019empreinte carbone.<\/li>\n<li><strong>Participation citoyenne :<\/strong> Plateformes de dialogue et de sondages pour renforcer la d\u00e9mocratie locale.<\/li>\n<\/ul>\n<\/section>\n<h2>Exemples de Bonnes Pratiques et R\u00e9sultats Concrets<\/h2>\n<section>\n<p>\n  \u00c0 Angers, par exemple, la mise en \u0153uvre d\u2019outils num\u00e9riques a permis d\u2019am\u00e9liorer la gestion des espaces verts et des services publics d\u2019entretien, avec une r\u00e9duction de 22 % des co\u00fbts op\u00e9rationnels en deux ans. Cette d\u00e9marche s\u2019appuie notamment sur des solutions participatives et une plate-forme int\u00e9gr\u00e9e o\u00f9 betero joue un r\u00f4le de r\u00e9f\u00e9rence.\n  <\/p>\n<p>\n  Par ailleurs, sur le plan de la gestion des d\u00e9chets, plusieurs collectivit\u00e9s ont adopt\u00e9 des syst\u00e8mes de suivi en temps r\u00e9el pour optimiser la collecte et recycler davantage, ce qui illustre l\u2019impact tangible de la digitalisation dans la transition \u00e9cologique.\n  <\/p>\n<\/section>\n<h2>Perspectives &amp; Enjeux Futurs<\/h2>\n<section>\n<p>\n  La convergence des technologies telles que l\u2019intelligence artificielle, l\u2019Internet des objets (IoT), et le Big Data ouvre un horizon de possibilit\u00e9s in\u00e9dites pour le secteur public. La question centrale reste la capacit\u00e9 des acteurs locaux \u00e0 int\u00e9grer ces innovations dans leur strat\u00e9gie \u00e0 long terme.\n  <\/p>\n<p class=\"quote\">\n  \u00ab\u00a0L\u2019adoption d\u2019outils num\u00e9riques intelligents comme betero n\u2019est pas une fin en soi, mais un levier puissant pour b\u00e2tir des territoires plus r\u00e9silients, inclusifs et durables.\u00a0\u00bb \u2013 Expert en Gouvernance Num\u00e9rique\n  <\/p>\n<p>\n  Se doter d\u2019outils cr\u00e9dibles, robustes, et facilement int\u00e9grables repr\u00e9sente aujourd\u2019hui un enjeu majeur pour garantir une gestion transparente et efficace des ressources dans un contexte de d\u00e9fis socio-\u00e9conomiques et environnementaux croissants.\n  <\/p>\n<\/section>\n","protected":false},"excerpt":{"rendered":"<p>Les enjeux li\u00e9s \u00e0 la digitalisation des territoires n\u2019ont jamais \u00e9t\u00e9 aussi cruciaux qu\u2019\u00e0 l\u2019aube du 21\u00e8me si\u00e8cle. Alors que les collectivit\u00e9s cherchent \u00e0 r\u00e9pondre aux besoins croissants de leur population tout en ma\u00eetrisant leurs budgets, l\u2019int\u00e9gration de nouvelles technologies [&hellip;]<\/p>\n","protected":false},"author":150,"featured_media":0,"comment_status":"open","ping_status":"open","sticky":false,"template":"","format":"standard","meta":{"_acf_changed":false,"footnotes":""},"categories":[1],"tags":[],"class_list":["post-2216","post","type-post","status-publish","format-standard","hentry","category-non-classe"],"acf":[],"yoast_head":"<!-- This site is optimized with the Yoast SEO plugin v23.9 - https:\/\/yoast.com\/wordpress\/plugins\/seo\/ -->\r\n<title>- Ateliers seniors<\/title>\r\n<meta name=\"robots\" content=\"index, follow, max-snippet:-1, max-image-preview:large, max-video-preview:-1\" \/>\r\n<link rel=\"canonical\" href=\"https:\/\/portail-animation.ufcv.fr\/ateliers-seniors\/2025\/09\/01\/section\/\" \/>\r\n<meta property=\"og:locale\" content=\"fr_FR\" \/>\r\n<meta property=\"og:type\" content=\"article\" \/>\r\n<meta property=\"og:title\" content=\"- Ateliers seniors\" \/>\r\n<meta property=\"og:description\" content=\"Les enjeux li\u00e9s \u00e0 la digitalisation des territoires n\u2019ont jamais \u00e9t\u00e9 aussi cruciaux qu\u2019\u00e0 l\u2019aube du 21\u00e8me si\u00e8cle. Alors que les collectivit\u00e9s cherchent \u00e0 r\u00e9pondre aux besoins croissants de leur population tout en ma\u00eetrisant leurs budgets, l\u2019int\u00e9gration de nouvelles technologies [&hellip;]\" \/>\r\n<meta property=\"og:url\" content=\"https:\/\/portail-animation.ufcv.fr\/ateliers-seniors\/2025\/09\/01\/section\/\" \/>\r\n<meta property=\"og:site_name\" content=\"Ateliers seniors\" \/>\r\n<meta property=\"article:published_time\" content=\"2025-09-01T19:19:17+00:00\" \/>\r\n<meta property=\"article:modified_time\" content=\"2026-09-01T19:18:53+00:00\" \/>\r\n<meta name=\"author\" content=\"adelforge\" \/>\r\n<meta name=\"twitter:card\" content=\"summary_large_image\" \/>\r\n<meta name=\"twitter:label1\" content=\"\u00c9crit par\" \/>\n\t<meta name=\"twitter:data1\" content=\"adelforge\" \/>\n\t<meta name=\"twitter:label2\" content=\"Dur\u00e9e de lecture estim\u00e9e\" \/>\n\t<meta name=\"twitter:data2\" content=\"3 minutes\" \/>\r\n<script type=\"application\/ld+json\" class=\"yoast-schema-graph\">{\"@context\":\"https:\/\/schema.org\",\"@graph\":[{\"@type\":\"WebPage\",\"@id\":\"https:\/\/portail-animation.ufcv.fr\/ateliers-seniors\/2025\/09\/01\/section\/\",\"url\":\"https:\/\/portail-animation.ufcv.fr\/ateliers-seniors\/2025\/09\/01\/section\/\",\"name\":\"- Ateliers seniors\",\"isPartOf\":{\"@id\":\"https:\/\/portail-animation.ufcv.fr\/ateliers-seniors\/#website\"},\"datePublished\":\"2025-09-01T19:19:17+00:00\",\"dateModified\":\"2026-09-01T19:18:53+00:00\",\"author\":{\"@id\":\"https:\/\/portail-animation.ufcv.fr\/ateliers-seniors\/#\/schema\/person\/e3920f121b148283c13890813088e2a0\"},\"inLanguage\":\"fr-FR\",\"potentialAction\":[{\"@type\":\"ReadAction\",\"target\":[\"https:\/\/portail-animation.ufcv.fr\/ateliers-seniors\/2025\/09\/01\/section\/\"]}]},{\"@type\":\"WebSite\",\"@id\":\"https:\/\/portail-animation.ufcv.fr\/ateliers-seniors\/#website\",\"url\":\"https:\/\/portail-animation.ufcv.fr\/ateliers-seniors\/\",\"name\":\"Ateliers seniors\",\"description\":\"Un site utilisant R\u00e9seau Portail Animation\",\"potentialAction\":[{\"@type\":\"SearchAction\",\"target\":{\"@type\":\"EntryPoint\",\"urlTemplate\":\"https:\/\/portail-animation.ufcv.fr\/ateliers-seniors\/?s={search_term_string}\"},\"query-input\":{\"@type\":\"PropertyValueSpecification\",\"valueRequired\":true,\"valueName\":\"search_term_string\"}}],\"inLanguage\":\"fr-FR\"},{\"@type\":\"Person\",\"@id\":\"https:\/\/portail-animation.ufcv.fr\/ateliers-seniors\/#\/schema\/person\/e3920f121b148283c13890813088e2a0\",\"name\":\"adelforge\",\"image\":{\"@type\":\"ImageObject\",\"inLanguage\":\"fr-FR\",\"@id\":\"https:\/\/portail-animation.ufcv.fr\/ateliers-seniors\/#\/schema\/person\/image\/\",\"url\":\"https:\/\/secure.gravatar.com\/avatar\/8207ca5dec2038871f4ea2e2a260a192?s=96&d=mm&r=g\",\"contentUrl\":\"https:\/\/secure.gravatar.com\/avatar\/8207ca5dec2038871f4ea2e2a260a192?s=96&d=mm&r=g\",\"caption\":\"adelforge\"},\"url\":\"https:\/\/portail-animation.ufcv.fr\/ateliers-seniors\/author\/adelforge\/\"}]}<\/script>\r\n<!-- \/ Yoast SEO plugin. -->","yoast_head_json":{"title":"- Ateliers seniors","robots":{"index":"index","follow":"follow","max-snippet":"max-snippet:-1","max-image-preview":"max-image-preview:large","max-video-preview":"max-video-preview:-1"},"canonical":"https:\/\/portail-animation.ufcv.fr\/ateliers-seniors\/2025\/09\/01\/section\/","og_locale":"fr_FR","og_type":"article","og_title":"- Ateliers seniors","og_description":"Les enjeux li\u00e9s \u00e0 la digitalisation des territoires n\u2019ont jamais \u00e9t\u00e9 aussi cruciaux qu\u2019\u00e0 l\u2019aube du 21\u00e8me si\u00e8cle. Alors que les collectivit\u00e9s cherchent \u00e0 r\u00e9pondre aux besoins croissants de leur population tout en ma\u00eetrisant leurs budgets, l\u2019int\u00e9gration de nouvelles technologies [&hellip;]","og_url":"https:\/\/portail-animation.ufcv.fr\/ateliers-seniors\/2025\/09\/01\/section\/","og_site_name":"Ateliers seniors","article_published_time":"2025-09-01T19:19:17+00:00","article_modified_time":"2026-09-01T19:18:53+00:00","author":"adelforge","twitter_card":"summary_large_image","twitter_misc":{"\u00c9crit par":"adelforge","Dur\u00e9e de lecture estim\u00e9e":"3 minutes"},"schema":{"@context":"https:\/\/schema.org","@graph":[{"@type":"WebPage","@id":"https:\/\/portail-animation.ufcv.fr\/ateliers-seniors\/2025\/09\/01\/section\/","url":"https:\/\/portail-animation.ufcv.fr\/ateliers-seniors\/2025\/09\/01\/section\/","name":"- Ateliers seniors","isPartOf":{"@id":"https:\/\/portail-animation.ufcv.fr\/ateliers-seniors\/#website"},"datePublished":"2025-09-01T19:19:17+00:00","dateModified":"2026-09-01T19:18:53+00:00","author":{"@id":"https:\/\/portail-animation.ufcv.fr\/ateliers-seniors\/#\/schema\/person\/e3920f121b148283c13890813088e2a0"},"inLanguage":"fr-FR","potentialAction":[{"@type":"ReadAction","target":["https:\/\/portail-animation.ufcv.fr\/ateliers-seniors\/2025\/09\/01\/section\/"]}]},{"@type":"WebSite","@id":"https:\/\/portail-animation.ufcv.fr\/ateliers-seniors\/#website","url":"https:\/\/portail-animation.ufcv.fr\/ateliers-seniors\/","name":"Ateliers seniors","description":"Un site utilisant R\u00e9seau Portail Animation","potentialAction":[{"@type":"SearchAction","target":{"@type":"EntryPoint","urlTemplate":"https:\/\/portail-animation.ufcv.fr\/ateliers-seniors\/?s={search_term_string}"},"query-input":{"@type":"PropertyValueSpecification","valueRequired":true,"valueName":"search_term_string"}}],"inLanguage":"fr-FR"},{"@type":"Person","@id":"https:\/\/portail-animation.ufcv.fr\/ateliers-seniors\/#\/schema\/person\/e3920f121b148283c13890813088e2a0","name":"adelforge","image":{"@type":"ImageObject","inLanguage":"fr-FR","@id":"https:\/\/portail-animation.ufcv.fr\/ateliers-seniors\/#\/schema\/person\/image\/","url":"https:\/\/secure.gravatar.com\/avatar\/8207ca5dec2038871f4ea2e2a260a192?s=96&d=mm&r=g","contentUrl":"https:\/\/secure.gravatar.com\/avatar\/8207ca5dec2038871f4ea2e2a260a192?s=96&d=mm&r=g","caption":"adelforge"},"url":"https:\/\/portail-animation.ufcv.fr\/ateliers-seniors\/author\/adelforge\/"}]}},"_links":{"self":[{"href":"https:\/\/portail-animation.ufcv.fr\/ateliers-seniors\/wp-json\/wp\/v2\/posts\/2216","targetHints":{"allow":["GET"]}}],"collection":[{"href":"https:\/\/portail-animation.ufcv.fr\/ateliers-seniors\/wp-json\/wp\/v2\/posts"}],"about":[{"href":"https:\/\/portail-animation.ufcv.fr\/ateliers-seniors\/wp-json\/wp\/v2\/types\/post"}],"author":[{"embeddable":true,"href":"https:\/\/portail-animation.ufcv.fr\/ateliers-seniors\/wp-json\/wp\/v2\/users\/150"}],"replies":[{"embeddable":true,"href":"https:\/\/portail-animation.ufcv.fr\/ateliers-seniors\/wp-json\/wp\/v2\/comments?post=2216"}],"version-history":[{"count":1,"href":"https:\/\/portail-animation.ufcv.fr\/ateliers-seniors\/wp-json\/wp\/v2\/posts\/2216\/revisions"}],"predecessor-version":[{"id":2217,"href":"https:\/\/portail-animation.ufcv.fr\/ateliers-seniors\/wp-json\/wp\/v2\/posts\/2216\/revisions\/2217"}],"wp:attachment":[{"href":"https:\/\/portail-animation.ufcv.fr\/ateliers-seniors\/wp-json\/wp\/v2\/media?parent=2216"}],"wp:term":[{"taxonomy":"category","embeddable":true,"href":"https:\/\/portail-animation.ufcv.fr\/ateliers-seniors\/wp-json\/wp\/v2\/categories?post=2216"},{"taxonomy":"post_tag","embeddable":true,"href":"https:\/\/portail-animation.ufcv.fr\/ateliers-seniors\/wp-json\/wp\/v2\/tags?post=2216"}],"curies":[{"name":"wp","href":"https:\/\/api.w.org\/{rel}","templated":true}]}}