 {"id":2474,"date":"2025-09-02T07:50:40","date_gmt":"2025-09-02T05:50:40","guid":{"rendered":"https:\/\/portail-animation.ufcv.fr\/ateliers-seniors\/?p=2474"},"modified":"2026-09-02T07:50:28","modified_gmt":"2026-09-02T05:50:28","slug":"la-montee-en-puissance-des-applications-de-gestion-intelligente-de-flotte-etude-de-cas-et-perspectives-futures","status":"publish","type":"post","link":"https:\/\/portail-animation.ufcv.fr\/ateliers-seniors\/2025\/09\/02\/la-montee-en-puissance-des-applications-de-gestion-intelligente-de-flotte-etude-de-cas-et-perspectives-futures\/","title":{"rendered":"La mont\u00e9e en puissance des applications de gestion intelligente de flotte : \u00e9tude de cas et perspectives futures"},"content":{"rendered":"<p>Dans un univers o\u00f9 la logistique et la gestion de flotte jouent un r\u00f4le crucial pour la comp\u00e9titivit\u00e9 des entreprises, l\u2019int\u00e9gration de solutions num\u00e9riques avanc\u00e9es est devenue une n\u00e9cessit\u00e9 strat\u00e9gique. La comp\u00e9tence \u00e0 suivre en temps r\u00e9el, optimiser les itin\u00e9raires et garantir la conformit\u00e9 r\u00e9glementaire repose d\u00e9sormais sur des outils logiciels innovants. Parmi ces solutions, les <strong>applications mobiles d\u00e9di\u00e9es \u00e0 la gestion de flotte<\/strong> occupent une place centrale, en particulier pour les PME et les grandes entreprises cherchant \u00e0 dynamiser leur efficacit\u00e9 op\u00e9rationnelle.<\/p>\n<h2>Les enjeux modernes de la gestion de flotte<\/h2>\n<p>Selon une r\u00e9cente \u00e9tude du cabinet <em>McKinsey &amp; Company<\/em>, les entreprises disposant d\u2019un syst\u00e8me int\u00e9gr\u00e9 de gestion de flotte voient une r\u00e9duction moyenne de 15 % du co\u00fbt total d\u2019exploitation. Ces b\u00e9n\u00e9fices proviennent notamment d\u2019une meilleure planification des itin\u00e9raires, d\u2019une maintenance pr\u00e9dictive, et d\u2019une r\u00e9duction du temps d\u2019inactivit\u00e9.<\/p>\n<p>Les principaux d\u00e9fis rencontr\u00e9s par les gestionnaires de flotte incluent :<\/p>\n<ul>\n<li>La tra\u00e7abilit\u00e9 en temps r\u00e9el<\/li>\n<li>La pr\u00e9vention des d\u00e9faillances mat\u00e9rielles<\/li>\n<li>Le respect des r\u00e9glementations en constante \u00e9volution<\/li>\n<li>La r\u00e9duction de l\u2019empreinte carbone<\/li>\n<\/ul>\n<p>Pour y r\u00e9pondre, la digitalisation via des applications mobiles devient incontournable, apportant flexibilit\u00e9 et pr\u00e9cision \u00e0 la gestion quotidienne.<\/p>\n<h2>L\u2019\u00e9mergence des applications mobiles avec intelligence artificielle<\/h2>\n<p>Les solutions modernes int\u00e8grent des fonctionnalit\u00e9s bas\u00e9es sur l\u2019<em>intelligence artificielle (IA)<\/em>, telles que la pr\u00e9diction de maintenance ou la s\u00e9lection automatique des itin\u00e9raires optimaux. La tendance se dirige \u00e9galement vers l\u2019int\u00e9gration des donn\u00e9es provenant de capteurs IoT pour une vision holistique de la flotte.<\/p>\n<h2>\u00c9tude de cas : l\u2019int\u00e9gration d\u2019une application sp\u00e9cialis\u00e9e<\/h2>\n<p>Une entreprise de livraison urbaine, confront\u00e9e \u00e0 une augmentation rapide de ses v\u00e9hicules, a adopt\u00e9 une plateforme num\u00e9rique pour g\u00e9rer efficacement sa flotte. En utilisant une application mobile avanc\u00e9e, cette soci\u00e9t\u00e9 a r\u00e9ussi \u00e0 :<\/p>\n<ul>\n<li>Diminuer de 20 % les co\u00fbts li\u00e9s aux itin\u00e9raires gr\u00e2ce \u00e0 la planification dynamique<\/li>\n<li>R\u00e9duire le temps de r\u00e9ponse client de 15 %<\/li>\n<li>Am\u00e9liorer la conformit\u00e9 r\u00e9glementaire avec des alertes automatiques<\/li>\n<\/ul>\n<p>Cette transformation num\u00e9rique illustre la puissance d\u2019une gestion core consolid\u00e9e par une application mobile fiable et intuitive.<\/p>\n<h2>Perspectives futures et innovations \u00e0 venir<\/h2>\n<p>Au-del\u00e0 de l\u2019efficacit\u00e9 accrue, la prochaine \u00e9tape dans cette \u00e9volution est l\u2019int\u00e9gration croissante de la <em>r\u00e9alit\u00e9 augment\u00e9e (RA)<\/em> pour la formation en maintenance ou la visualisation en temps r\u00e9el. Par ailleurs, la personnalisation pouss\u00e9e des interfaces utilisateur, combin\u00e9e \u00e0 l\u2019analyse proactive via l\u2019<em>analytic avanc\u00e9<\/em>, fa\u00e7onne un avenir o\u00f9 la gestion de flotte sera enti\u00e8rement automatis\u00e9e.<\/p>\n<p>Une ressource essentielle pour ceux cherchant \u00e0 explorer ces options est la <a href=\"https:\/\/fortuneroute.app\/fr\/\">Fortune Route web app pour Android jouez maintenant<\/a>. Gr\u00e2ce \u00e0 cette plateforme, les gestionnaires peuvent exp\u00e9rimenter une solution robuste, con\u00e7ue pour soutenir cette dynamique innovante.<\/p>\n<h2>Conclusion : une r\u00e9volution strat\u00e9gique<\/h2>\n<p>Alors que le secteur du transport et de la logistique ne cesse d\u2019\u00e9voluer, la ma\u00eetrise des applications mobiles intelligentes devient un crit\u00e8re diff\u00e9renciateur cl\u00e9. Investir dans ces technologies, c\u2019est se positionner en leader sur un march\u00e9 o\u00f9 la rapidit\u00e9, la pr\u00e9cision et la conformit\u00e9 d\u00e9terminent la r\u00e9ussite \u00e0 long terme.<\/p>\n<blockquote>\n<p><strong>\u00ab\u00a0L\u2019avenir de la gestion de flotte est indissociable de l\u2019innovation num\u00e9rique, qui permet aux entreprises d\u2019\u00eatre plus r\u00e9actives, durables et comp\u00e9titives.\u00a0\u00bb<\/strong><\/p>\n<p><cite>\u2014 Expert en logistique num\u00e9rique<\/cite>\n<\/p><\/blockquote>\n","protected":false},"excerpt":{"rendered":"<p>Dans un univers o\u00f9 la logistique et la gestion de flotte jouent un r\u00f4le crucial pour la comp\u00e9titivit\u00e9 des entreprises, l\u2019int\u00e9gration de solutions num\u00e9riques avanc\u00e9es est devenue une n\u00e9cessit\u00e9 strat\u00e9gique. La comp\u00e9tence \u00e0 suivre en temps r\u00e9el, optimiser les itin\u00e9raires [&hellip;]<\/p>\n","protected":false},"author":150,"featured_media":0,"comment_status":"open","ping_status":"open","sticky":false,"template":"","format":"standard","meta":{"_acf_changed":false,"footnotes":""},"categories":[1],"tags":[],"class_list":["post-2474","post","type-post","status-publish","format-standard","hentry","category-non-classe"],"acf":[],"yoast_head":"<!-- This site is optimized with the Yoast SEO plugin v23.9 - https:\/\/yoast.com\/wordpress\/plugins\/seo\/ -->\r\n<title>La mont\u00e9e en puissance des applications de gestion intelligente de flotte : \u00e9tude de cas et perspectives futures - Ateliers seniors<\/title>\r\n<meta name=\"robots\" content=\"index, follow, max-snippet:-1, max-image-preview:large, max-video-preview:-1\" \/>\r\n<link rel=\"canonical\" href=\"https:\/\/portail-animation.ufcv.fr\/ateliers-seniors\/2025\/09\/02\/la-montee-en-puissance-des-applications-de-gestion-intelligente-de-flotte-etude-de-cas-et-perspectives-futures\/\" \/>\r\n<meta property=\"og:locale\" content=\"fr_FR\" \/>\r\n<meta property=\"og:type\" content=\"article\" \/>\r\n<meta property=\"og:title\" content=\"La mont\u00e9e en puissance des applications de gestion intelligente de flotte : \u00e9tude de cas et perspectives futures - Ateliers seniors\" \/>\r\n<meta property=\"og:description\" content=\"Dans un univers o\u00f9 la logistique et la gestion de flotte jouent un r\u00f4le crucial pour la comp\u00e9titivit\u00e9 des entreprises, l\u2019int\u00e9gration de solutions num\u00e9riques avanc\u00e9es est devenue une n\u00e9cessit\u00e9 strat\u00e9gique. La comp\u00e9tence \u00e0 suivre en temps r\u00e9el, optimiser les itin\u00e9raires [&hellip;]\" \/>\r\n<meta property=\"og:url\" content=\"https:\/\/portail-animation.ufcv.fr\/ateliers-seniors\/2025\/09\/02\/la-montee-en-puissance-des-applications-de-gestion-intelligente-de-flotte-etude-de-cas-et-perspectives-futures\/\" \/>\r\n<meta property=\"og:site_name\" content=\"Ateliers seniors\" \/>\r\n<meta property=\"article:published_time\" content=\"2025-09-02T05:50:40+00:00\" \/>\r\n<meta property=\"article:modified_time\" content=\"2026-09-02T05:50:28+00:00\" \/>\r\n<meta name=\"author\" content=\"adelforge\" \/>\r\n<meta name=\"twitter:card\" content=\"summary_large_image\" \/>\r\n<meta name=\"twitter:label1\" content=\"\u00c9crit par\" \/>\n\t<meta name=\"twitter:data1\" content=\"adelforge\" \/>\n\t<meta name=\"twitter:label2\" content=\"Dur\u00e9e de lecture estim\u00e9e\" \/>\n\t<meta name=\"twitter:data2\" content=\"3 minutes\" \/>\r\n<script type=\"application\/ld+json\" class=\"yoast-schema-graph\">{\"@context\":\"https:\/\/schema.org\",\"@graph\":[{\"@type\":\"WebPage\",\"@id\":\"https:\/\/portail-animation.ufcv.fr\/ateliers-seniors\/2025\/09\/02\/la-montee-en-puissance-des-applications-de-gestion-intelligente-de-flotte-etude-de-cas-et-perspectives-futures\/\",\"url\":\"https:\/\/portail-animation.ufcv.fr\/ateliers-seniors\/2025\/09\/02\/la-montee-en-puissance-des-applications-de-gestion-intelligente-de-flotte-etude-de-cas-et-perspectives-futures\/\",\"name\":\"La mont\u00e9e en puissance des applications de gestion intelligente de flotte : \u00e9tude de cas et perspectives futures - Ateliers seniors\",\"isPartOf\":{\"@id\":\"https:\/\/portail-animation.ufcv.fr\/ateliers-seniors\/#website\"},\"datePublished\":\"2025-09-02T05:50:40+00:00\",\"dateModified\":\"2026-09-02T05:50:28+00:00\",\"author\":{\"@id\":\"https:\/\/portail-animation.ufcv.fr\/ateliers-seniors\/#\/schema\/person\/e3920f121b148283c13890813088e2a0\"},\"breadcrumb\":{\"@id\":\"https:\/\/portail-animation.ufcv.fr\/ateliers-seniors\/2025\/09\/02\/la-montee-en-puissance-des-applications-de-gestion-intelligente-de-flotte-etude-de-cas-et-perspectives-futures\/#breadcrumb\"},\"inLanguage\":\"fr-FR\",\"potentialAction\":[{\"@type\":\"ReadAction\",\"target\":[\"https:\/\/portail-animation.ufcv.fr\/ateliers-seniors\/2025\/09\/02\/la-montee-en-puissance-des-applications-de-gestion-intelligente-de-flotte-etude-de-cas-et-perspectives-futures\/\"]}]},{\"@type\":\"BreadcrumbList\",\"@id\":\"https:\/\/portail-animation.ufcv.fr\/ateliers-seniors\/2025\/09\/02\/la-montee-en-puissance-des-applications-de-gestion-intelligente-de-flotte-etude-de-cas-et-perspectives-futures\/#breadcrumb\",\"itemListElement\":[{\"@type\":\"ListItem\",\"position\":1,\"name\":\"Accueil\",\"item\":\"https:\/\/portail-animation.ufcv.fr\/ateliers-seniors\/\"},{\"@type\":\"ListItem\",\"position\":2,\"name\":\"La mont\u00e9e en puissance des applications de gestion intelligente de flotte : \u00e9tude de cas et perspectives futures\"}]},{\"@type\":\"WebSite\",\"@id\":\"https:\/\/portail-animation.ufcv.fr\/ateliers-seniors\/#website\",\"url\":\"https:\/\/portail-animation.ufcv.fr\/ateliers-seniors\/\",\"name\":\"Ateliers seniors\",\"description\":\"Un site utilisant R\u00e9seau Portail Animation\",\"potentialAction\":[{\"@type\":\"SearchAction\",\"target\":{\"@type\":\"EntryPoint\",\"urlTemplate\":\"https:\/\/portail-animation.ufcv.fr\/ateliers-seniors\/?s={search_term_string}\"},\"query-input\":{\"@type\":\"PropertyValueSpecification\",\"valueRequired\":true,\"valueName\":\"search_term_string\"}}],\"inLanguage\":\"fr-FR\"},{\"@type\":\"Person\",\"@id\":\"https:\/\/portail-animation.ufcv.fr\/ateliers-seniors\/#\/schema\/person\/e3920f121b148283c13890813088e2a0\",\"name\":\"adelforge\",\"image\":{\"@type\":\"ImageObject\",\"inLanguage\":\"fr-FR\",\"@id\":\"https:\/\/portail-animation.ufcv.fr\/ateliers-seniors\/#\/schema\/person\/image\/\",\"url\":\"https:\/\/secure.gravatar.com\/avatar\/8207ca5dec2038871f4ea2e2a260a192?s=96&d=mm&r=g\",\"contentUrl\":\"https:\/\/secure.gravatar.com\/avatar\/8207ca5dec2038871f4ea2e2a260a192?s=96&d=mm&r=g\",\"caption\":\"adelforge\"},\"url\":\"https:\/\/portail-animation.ufcv.fr\/ateliers-seniors\/author\/adelforge\/\"}]}<\/script>\r\n<!-- \/ Yoast SEO plugin. -->","yoast_head_json":{"title":"La mont\u00e9e en puissance des applications de gestion intelligente de flotte : \u00e9tude de cas et perspectives futures - Ateliers seniors","robots":{"index":"index","follow":"follow","max-snippet":"max-snippet:-1","max-image-preview":"max-image-preview:large","max-video-preview":"max-video-preview:-1"},"canonical":"https:\/\/portail-animation.ufcv.fr\/ateliers-seniors\/2025\/09\/02\/la-montee-en-puissance-des-applications-de-gestion-intelligente-de-flotte-etude-de-cas-et-perspectives-futures\/","og_locale":"fr_FR","og_type":"article","og_title":"La mont\u00e9e en puissance des applications de gestion intelligente de flotte : \u00e9tude de cas et perspectives futures - Ateliers seniors","og_description":"Dans un univers o\u00f9 la logistique et la gestion de flotte jouent un r\u00f4le crucial pour la comp\u00e9titivit\u00e9 des entreprises, l\u2019int\u00e9gration de solutions num\u00e9riques avanc\u00e9es est devenue une n\u00e9cessit\u00e9 strat\u00e9gique. La comp\u00e9tence \u00e0 suivre en temps r\u00e9el, optimiser les itin\u00e9raires [&hellip;]","og_url":"https:\/\/portail-animation.ufcv.fr\/ateliers-seniors\/2025\/09\/02\/la-montee-en-puissance-des-applications-de-gestion-intelligente-de-flotte-etude-de-cas-et-perspectives-futures\/","og_site_name":"Ateliers seniors","article_published_time":"2025-09-02T05:50:40+00:00","article_modified_time":"2026-09-02T05:50:28+00:00","author":"adelforge","twitter_card":"summary_large_image","twitter_misc":{"\u00c9crit par":"adelforge","Dur\u00e9e de lecture estim\u00e9e":"3 minutes"},"schema":{"@context":"https:\/\/schema.org","@graph":[{"@type":"WebPage","@id":"https:\/\/portail-animation.ufcv.fr\/ateliers-seniors\/2025\/09\/02\/la-montee-en-puissance-des-applications-de-gestion-intelligente-de-flotte-etude-de-cas-et-perspectives-futures\/","url":"https:\/\/portail-animation.ufcv.fr\/ateliers-seniors\/2025\/09\/02\/la-montee-en-puissance-des-applications-de-gestion-intelligente-de-flotte-etude-de-cas-et-perspectives-futures\/","name":"La mont\u00e9e en puissance des applications de gestion intelligente de flotte : \u00e9tude de cas et perspectives futures - Ateliers seniors","isPartOf":{"@id":"https:\/\/portail-animation.ufcv.fr\/ateliers-seniors\/#website"},"datePublished":"2025-09-02T05:50:40+00:00","dateModified":"2026-09-02T05:50:28+00:00","author":{"@id":"https:\/\/portail-animation.ufcv.fr\/ateliers-seniors\/#\/schema\/person\/e3920f121b148283c13890813088e2a0"},"breadcrumb":{"@id":"https:\/\/portail-animation.ufcv.fr\/ateliers-seniors\/2025\/09\/02\/la-montee-en-puissance-des-applications-de-gestion-intelligente-de-flotte-etude-de-cas-et-perspectives-futures\/#breadcrumb"},"inLanguage":"fr-FR","potentialAction":[{"@type":"ReadAction","target":["https:\/\/portail-animation.ufcv.fr\/ateliers-seniors\/2025\/09\/02\/la-montee-en-puissance-des-applications-de-gestion-intelligente-de-flotte-etude-de-cas-et-perspectives-futures\/"]}]},{"@type":"BreadcrumbList","@id":"https:\/\/portail-animation.ufcv.fr\/ateliers-seniors\/2025\/09\/02\/la-montee-en-puissance-des-applications-de-gestion-intelligente-de-flotte-etude-de-cas-et-perspectives-futures\/#breadcrumb","itemListElement":[{"@type":"ListItem","position":1,"name":"Accueil","item":"https:\/\/portail-animation.ufcv.fr\/ateliers-seniors\/"},{"@type":"ListItem","position":2,"name":"La mont\u00e9e en puissance des applications de gestion intelligente de flotte : \u00e9tude de cas et perspectives futures"}]},{"@type":"WebSite","@id":"https:\/\/portail-animation.ufcv.fr\/ateliers-seniors\/#website","url":"https:\/\/portail-animation.ufcv.fr\/ateliers-seniors\/","name":"Ateliers seniors","description":"Un site utilisant R\u00e9seau Portail Animation","potentialAction":[{"@type":"SearchAction","target":{"@type":"EntryPoint","urlTemplate":"https:\/\/portail-animation.ufcv.fr\/ateliers-seniors\/?s={search_term_string}"},"query-input":{"@type":"PropertyValueSpecification","valueRequired":true,"valueName":"search_term_string"}}],"inLanguage":"fr-FR"},{"@type":"Person","@id":"https:\/\/portail-animation.ufcv.fr\/ateliers-seniors\/#\/schema\/person\/e3920f121b148283c13890813088e2a0","name":"adelforge","image":{"@type":"ImageObject","inLanguage":"fr-FR","@id":"https:\/\/portail-animation.ufcv.fr\/ateliers-seniors\/#\/schema\/person\/image\/","url":"https:\/\/secure.gravatar.com\/avatar\/8207ca5dec2038871f4ea2e2a260a192?s=96&d=mm&r=g","contentUrl":"https:\/\/secure.gravatar.com\/avatar\/8207ca5dec2038871f4ea2e2a260a192?s=96&d=mm&r=g","caption":"adelforge"},"url":"https:\/\/portail-animation.ufcv.fr\/ateliers-seniors\/author\/adelforge\/"}]}},"_links":{"self":[{"href":"https:\/\/portail-animation.ufcv.fr\/ateliers-seniors\/wp-json\/wp\/v2\/posts\/2474","targetHints":{"allow":["GET"]}}],"collection":[{"href":"https:\/\/portail-animation.ufcv.fr\/ateliers-seniors\/wp-json\/wp\/v2\/posts"}],"about":[{"href":"https:\/\/portail-animation.ufcv.fr\/ateliers-seniors\/wp-json\/wp\/v2\/types\/post"}],"author":[{"embeddable":true,"href":"https:\/\/portail-animation.ufcv.fr\/ateliers-seniors\/wp-json\/wp\/v2\/users\/150"}],"replies":[{"embeddable":true,"href":"https:\/\/portail-animation.ufcv.fr\/ateliers-seniors\/wp-json\/wp\/v2\/comments?post=2474"}],"version-history":[{"count":1,"href":"https:\/\/portail-animation.ufcv.fr\/ateliers-seniors\/wp-json\/wp\/v2\/posts\/2474\/revisions"}],"predecessor-version":[{"id":2475,"href":"https:\/\/portail-animation.ufcv.fr\/ateliers-seniors\/wp-json\/wp\/v2\/posts\/2474\/revisions\/2475"}],"wp:attachment":[{"href":"https:\/\/portail-animation.ufcv.fr\/ateliers-seniors\/wp-json\/wp\/v2\/media?parent=2474"}],"wp:term":[{"taxonomy":"category","embeddable":true,"href":"https:\/\/portail-animation.ufcv.fr\/ateliers-seniors\/wp-json\/wp\/v2\/categories?post=2474"},{"taxonomy":"post_tag","embeddable":true,"href":"https:\/\/portail-animation.ufcv.fr\/ateliers-seniors\/wp-json\/wp\/v2\/tags?post=2474"}],"curies":[{"name":"wp","href":"https:\/\/api.w.org\/{rel}","templated":true}]}}