 {"id":2480,"date":"2025-09-02T07:51:06","date_gmt":"2025-09-02T05:51:06","guid":{"rendered":"https:\/\/portail-animation.ufcv.fr\/ateliers-seniors\/?p=2480"},"modified":"2026-09-02T07:50:43","modified_gmt":"2026-09-02T05:50:43","slug":"i-en-aera-praeget-af-hastige-teknologiske-fremskridt-er-udviklingen-af-effektive-vaerktojer-til-mobilit","status":"publish","type":"post","link":"https:\/\/portail-animation.ufcv.fr\/ateliers-seniors\/2025\/09\/02\/i-en-aera-praeget-af-hastige-teknologiske-fremskridt-er-udviklingen-af-effektive-vaerktojer-til-mobilit\/","title":{"rendered":"I en \u00e6ra pr\u00e6get af hastige teknologiske fremskridt er udviklingen af effektive v\u00e6rkt\u00f8jer til mobilit"},"content":{"rendered":"<article>\n<section>\n<h2>Introduktion: Digital Transformation i F\u00e6rdselsplanl\u00e6gning<\/h2>\n<p>\n      I en \u00e6ra pr\u00e6get af hastige teknologiske fremskridt er udviklingen af effektive v\u00e6rkt\u00f8jer til mobilitet blevet en central prioritet for byplanl\u00e6ggere og transporteksperter. En af de st\u00f8rste udfordringer i moderniseringsprocessen er at integrere realtidsdata og brugervenlige gr\u00e6nseflader, der kan h\u00e5ndtere kompleksiteten af moderne transportsystemer.\n    <\/p>\n<\/section>\n<section>\n<h2>Vigtigheden af Mobilvenlige Digitale V\u00e6rkt\u00f8jer<\/h2>\n<p>\n      I takt med at flere brugere navigerer mobilitetssystemer via smartphones, er behovet for hurtige, intuitive og p\u00e5lidelige webapplikationer blevet kritisk. If\u00f8lge <em>Transport Data Annual 2023<\/em> rapporten, har mobiltrafikken til transportplanl\u00e6gningswebsites \u00f8get med 35% p\u00e5 globalt plan, hvilket understreger, at effektivitet og tilg\u00e6ngelighed er blevet kernem\u00e5l for moderne transportplatforme.\n    <\/p>\n<p>\n      Dette skift understreger n\u00f8dvendigheden af digitale l\u00f8sninger, der ikke blot er funktionelle, men ogs\u00e5 optimerer brugeroplevelsen p\u00e5 mobilenheder. Her spiller innovative webapps en afg\u00f8rende rolle i at fremme smartere, mere b\u00e6redygtige og dynamiske transportnetv\u00e6rk.\n    <\/p>\n<\/section>\n<section>\n<h2>Case Eksempel: Fleksibel F\u00e6rdselsplanl\u00e6gning med Fortuneroute<\/h2>\n<p>\n      En banebrydende eksempel er <a href=\"https:\/\/fortuneroute.app\/da\/\"><strong>hurtig mobil webapp Fortune Route online<\/strong><\/a>. Denne platform g\u00f8r det mulig for planl\u00e6ggere og borgere at skabe, justere og visualisere transportruter i realtid, direkte fra deres smartphones.\n    <\/p>\n<blockquote><p>\n      \u00ab\u00a0Ved at integrere kraftfulde kortfunktioner og datadrevne analyser i en tilg\u00e6ngelig, mobilvenlig gr\u00e6nseflade, revolutionerer Fortune Route online m\u00e5den, vi h\u00e5ndterer bytransportplanl\u00e6gning p\u00e5.\u00a0\u00bb \u2014 Transportekspert, Dr. Lars Jensen\n    <\/p><\/blockquote>\n<p>\n      Funktionaliteter som realtids trafikoverv\u00e5gning, fleksible rute\u00e6ndringer og brugercentreret design sikrer, at b\u00e5de planl\u00e6ggere og brugere f\u00e5r adgang til kritisk information hurtigt og effektivt. Dette understreger betydningen af digitale v\u00e6rkt\u00f8jer, der er b\u00e5de kraftfulde og intuitive.\n    <\/p>\n<p>\n      Erfaringer fra flere europ\u00e6iske byer, herunder K\u00f8benhavn og Stockholm, viser, at implementering af s\u00e5danne platforme kan reducere rejsetider med op til 15% og \u00f8ge borgernes tilfredshed markant.\n    <\/p>\n<\/section>\n<section>\n<h2>Teknologiske Trends og Fremtidsperspektiver<\/h2>\n<p>\n      Fremtidens mobilitet vil millionfold \u00f8ge betydningen af brugercentrerede, adaptive digitale l\u00f8sninger. B\u00e6redygtighed, data-drevet beslutningstagning og borgerinddragelse er n\u00f8gleelementer, der vil forme udviklingen.\n    <\/p>\n<p>\n      Sp\u00e6ndende innovationer s\u00e5som AI-drevne ruteoptimeringer, integrerede IoT-enheder og avanceret datamining vil muligg\u00f8re endnu mere pr\u00e6cise og personaliserede mobilitetsoplevelser. Herunder vil hurtig mobil webapp Fortune Route online fortsat spille en kritisk rolle i implementeringen af disse teknologier, idet den demonstrerer, hvordan digital funktionalitet kan tilpasses hurtigt og effektivt til borgernes behov.\n    <\/p>\n<\/section>\n<section>\n<h2>Konklusion: Digitalisering som N\u00f8glen til B\u00e6redygtig Mobilitet<\/h2>\n<p>\n      Det er tydeligt, at den digitale transformation af transportsektoren kr\u00e6ver l\u00f8sninger, der er b\u00e5de avancerede og brugervenlige. Platforme som Fortune Route online illustrerer, hvordan adgang til intelligente, mobiloptimerede v\u00e6rkt\u00f8jer kan skabe mere dynamiske og b\u00e6redygtige urban mobilitetssystemer.\n    <\/p>\n<p>\n      For at fremme en mere resilient og klimavenlig infrastruktur, skal byer og udviklere prioritere at integrere s\u00e5danne digitale platforme som centrale elementer i deres mobilitetsstrategier.\n    <\/p>\n<\/section>\n<\/article>\n","protected":false},"excerpt":{"rendered":"<p>Introduktion: Digital Transformation i F\u00e6rdselsplanl\u00e6gning I en \u00e6ra pr\u00e6get af hastige teknologiske fremskridt er udviklingen af effektive v\u00e6rkt\u00f8jer til mobilitet blevet en central prioritet for byplanl\u00e6ggere og transporteksperter. En af de st\u00f8rste udfordringer i moderniseringsprocessen er at integrere realtidsdata og [&hellip;]<\/p>\n","protected":false},"author":150,"featured_media":0,"comment_status":"open","ping_status":"open","sticky":false,"template":"","format":"standard","meta":{"_acf_changed":false,"footnotes":""},"categories":[1],"tags":[],"class_list":["post-2480","post","type-post","status-publish","format-standard","hentry","category-non-classe"],"acf":[],"yoast_head":"<!-- This site is optimized with the Yoast SEO plugin v23.9 - https:\/\/yoast.com\/wordpress\/plugins\/seo\/ -->\r\n<title>I en \u00e6ra pr\u00e6get af hastige teknologiske fremskridt er udviklingen af effektive v\u00e6rkt\u00f8jer til mobilit - Ateliers seniors<\/title>\r\n<meta name=\"robots\" content=\"index, follow, max-snippet:-1, max-image-preview:large, max-video-preview:-1\" \/>\r\n<link rel=\"canonical\" href=\"https:\/\/portail-animation.ufcv.fr\/ateliers-seniors\/2025\/09\/02\/i-en-aera-praeget-af-hastige-teknologiske-fremskridt-er-udviklingen-af-effektive-vaerktojer-til-mobilit\/\" \/>\r\n<meta property=\"og:locale\" content=\"fr_FR\" \/>\r\n<meta property=\"og:type\" content=\"article\" \/>\r\n<meta property=\"og:title\" content=\"I en \u00e6ra pr\u00e6get af hastige teknologiske fremskridt er udviklingen af effektive v\u00e6rkt\u00f8jer til mobilit - Ateliers seniors\" \/>\r\n<meta property=\"og:description\" content=\"Introduktion: Digital Transformation i F\u00e6rdselsplanl\u00e6gning I en \u00e6ra pr\u00e6get af hastige teknologiske fremskridt er udviklingen af effektive v\u00e6rkt\u00f8jer til mobilitet blevet en central prioritet for byplanl\u00e6ggere og transporteksperter. En af de st\u00f8rste udfordringer i moderniseringsprocessen er at integrere realtidsdata og [&hellip;]\" \/>\r\n<meta property=\"og:url\" content=\"https:\/\/portail-animation.ufcv.fr\/ateliers-seniors\/2025\/09\/02\/i-en-aera-praeget-af-hastige-teknologiske-fremskridt-er-udviklingen-af-effektive-vaerktojer-til-mobilit\/\" \/>\r\n<meta property=\"og:site_name\" content=\"Ateliers seniors\" \/>\r\n<meta property=\"article:published_time\" content=\"2025-09-02T05:51:06+00:00\" \/>\r\n<meta property=\"article:modified_time\" content=\"2026-09-02T05:50:43+00:00\" \/>\r\n<meta name=\"author\" content=\"adelforge\" \/>\r\n<meta name=\"twitter:card\" content=\"summary_large_image\" \/>\r\n<meta name=\"twitter:label1\" content=\"\u00c9crit par\" \/>\n\t<meta name=\"twitter:data1\" content=\"adelforge\" \/>\n\t<meta name=\"twitter:label2\" content=\"Dur\u00e9e de lecture estim\u00e9e\" \/>\n\t<meta name=\"twitter:data2\" content=\"2 minutes\" \/>\r\n<script type=\"application\/ld+json\" class=\"yoast-schema-graph\">{\"@context\":\"https:\/\/schema.org\",\"@graph\":[{\"@type\":\"WebPage\",\"@id\":\"https:\/\/portail-animation.ufcv.fr\/ateliers-seniors\/2025\/09\/02\/i-en-aera-praeget-af-hastige-teknologiske-fremskridt-er-udviklingen-af-effektive-vaerktojer-til-mobilit\/\",\"url\":\"https:\/\/portail-animation.ufcv.fr\/ateliers-seniors\/2025\/09\/02\/i-en-aera-praeget-af-hastige-teknologiske-fremskridt-er-udviklingen-af-effektive-vaerktojer-til-mobilit\/\",\"name\":\"I en \u00e6ra pr\u00e6get af hastige teknologiske fremskridt er udviklingen af effektive v\u00e6rkt\u00f8jer til mobilit - Ateliers seniors\",\"isPartOf\":{\"@id\":\"https:\/\/portail-animation.ufcv.fr\/ateliers-seniors\/#website\"},\"datePublished\":\"2025-09-02T05:51:06+00:00\",\"dateModified\":\"2026-09-02T05:50:43+00:00\",\"author\":{\"@id\":\"https:\/\/portail-animation.ufcv.fr\/ateliers-seniors\/#\/schema\/person\/e3920f121b148283c13890813088e2a0\"},\"breadcrumb\":{\"@id\":\"https:\/\/portail-animation.ufcv.fr\/ateliers-seniors\/2025\/09\/02\/i-en-aera-praeget-af-hastige-teknologiske-fremskridt-er-udviklingen-af-effektive-vaerktojer-til-mobilit\/#breadcrumb\"},\"inLanguage\":\"fr-FR\",\"potentialAction\":[{\"@type\":\"ReadAction\",\"target\":[\"https:\/\/portail-animation.ufcv.fr\/ateliers-seniors\/2025\/09\/02\/i-en-aera-praeget-af-hastige-teknologiske-fremskridt-er-udviklingen-af-effektive-vaerktojer-til-mobilit\/\"]}]},{\"@type\":\"BreadcrumbList\",\"@id\":\"https:\/\/portail-animation.ufcv.fr\/ateliers-seniors\/2025\/09\/02\/i-en-aera-praeget-af-hastige-teknologiske-fremskridt-er-udviklingen-af-effektive-vaerktojer-til-mobilit\/#breadcrumb\",\"itemListElement\":[{\"@type\":\"ListItem\",\"position\":1,\"name\":\"Accueil\",\"item\":\"https:\/\/portail-animation.ufcv.fr\/ateliers-seniors\/\"},{\"@type\":\"ListItem\",\"position\":2,\"name\":\"I en \u00e6ra pr\u00e6get af hastige teknologiske fremskridt er udviklingen af effektive v\u00e6rkt\u00f8jer til mobilit\"}]},{\"@type\":\"WebSite\",\"@id\":\"https:\/\/portail-animation.ufcv.fr\/ateliers-seniors\/#website\",\"url\":\"https:\/\/portail-animation.ufcv.fr\/ateliers-seniors\/\",\"name\":\"Ateliers seniors\",\"description\":\"Un site utilisant R\u00e9seau Portail Animation\",\"potentialAction\":[{\"@type\":\"SearchAction\",\"target\":{\"@type\":\"EntryPoint\",\"urlTemplate\":\"https:\/\/portail-animation.ufcv.fr\/ateliers-seniors\/?s={search_term_string}\"},\"query-input\":{\"@type\":\"PropertyValueSpecification\",\"valueRequired\":true,\"valueName\":\"search_term_string\"}}],\"inLanguage\":\"fr-FR\"},{\"@type\":\"Person\",\"@id\":\"https:\/\/portail-animation.ufcv.fr\/ateliers-seniors\/#\/schema\/person\/e3920f121b148283c13890813088e2a0\",\"name\":\"adelforge\",\"image\":{\"@type\":\"ImageObject\",\"inLanguage\":\"fr-FR\",\"@id\":\"https:\/\/portail-animation.ufcv.fr\/ateliers-seniors\/#\/schema\/person\/image\/\",\"url\":\"https:\/\/secure.gravatar.com\/avatar\/8207ca5dec2038871f4ea2e2a260a192?s=96&d=mm&r=g\",\"contentUrl\":\"https:\/\/secure.gravatar.com\/avatar\/8207ca5dec2038871f4ea2e2a260a192?s=96&d=mm&r=g\",\"caption\":\"adelforge\"},\"url\":\"https:\/\/portail-animation.ufcv.fr\/ateliers-seniors\/author\/adelforge\/\"}]}<\/script>\r\n<!-- \/ Yoast SEO plugin. -->","yoast_head_json":{"title":"I en \u00e6ra pr\u00e6get af hastige teknologiske fremskridt er udviklingen af effektive v\u00e6rkt\u00f8jer til mobilit - Ateliers seniors","robots":{"index":"index","follow":"follow","max-snippet":"max-snippet:-1","max-image-preview":"max-image-preview:large","max-video-preview":"max-video-preview:-1"},"canonical":"https:\/\/portail-animation.ufcv.fr\/ateliers-seniors\/2025\/09\/02\/i-en-aera-praeget-af-hastige-teknologiske-fremskridt-er-udviklingen-af-effektive-vaerktojer-til-mobilit\/","og_locale":"fr_FR","og_type":"article","og_title":"I en \u00e6ra pr\u00e6get af hastige teknologiske fremskridt er udviklingen af effektive v\u00e6rkt\u00f8jer til mobilit - Ateliers seniors","og_description":"Introduktion: Digital Transformation i F\u00e6rdselsplanl\u00e6gning I en \u00e6ra pr\u00e6get af hastige teknologiske fremskridt er udviklingen af effektive v\u00e6rkt\u00f8jer til mobilitet blevet en central prioritet for byplanl\u00e6ggere og transporteksperter. En af de st\u00f8rste udfordringer i moderniseringsprocessen er at integrere realtidsdata og [&hellip;]","og_url":"https:\/\/portail-animation.ufcv.fr\/ateliers-seniors\/2025\/09\/02\/i-en-aera-praeget-af-hastige-teknologiske-fremskridt-er-udviklingen-af-effektive-vaerktojer-til-mobilit\/","og_site_name":"Ateliers seniors","article_published_time":"2025-09-02T05:51:06+00:00","article_modified_time":"2026-09-02T05:50:43+00:00","author":"adelforge","twitter_card":"summary_large_image","twitter_misc":{"\u00c9crit par":"adelforge","Dur\u00e9e de lecture estim\u00e9e":"2 minutes"},"schema":{"@context":"https:\/\/schema.org","@graph":[{"@type":"WebPage","@id":"https:\/\/portail-animation.ufcv.fr\/ateliers-seniors\/2025\/09\/02\/i-en-aera-praeget-af-hastige-teknologiske-fremskridt-er-udviklingen-af-effektive-vaerktojer-til-mobilit\/","url":"https:\/\/portail-animation.ufcv.fr\/ateliers-seniors\/2025\/09\/02\/i-en-aera-praeget-af-hastige-teknologiske-fremskridt-er-udviklingen-af-effektive-vaerktojer-til-mobilit\/","name":"I en \u00e6ra pr\u00e6get af hastige teknologiske fremskridt er udviklingen af effektive v\u00e6rkt\u00f8jer til mobilit - Ateliers seniors","isPartOf":{"@id":"https:\/\/portail-animation.ufcv.fr\/ateliers-seniors\/#website"},"datePublished":"2025-09-02T05:51:06+00:00","dateModified":"2026-09-02T05:50:43+00:00","author":{"@id":"https:\/\/portail-animation.ufcv.fr\/ateliers-seniors\/#\/schema\/person\/e3920f121b148283c13890813088e2a0"},"breadcrumb":{"@id":"https:\/\/portail-animation.ufcv.fr\/ateliers-seniors\/2025\/09\/02\/i-en-aera-praeget-af-hastige-teknologiske-fremskridt-er-udviklingen-af-effektive-vaerktojer-til-mobilit\/#breadcrumb"},"inLanguage":"fr-FR","potentialAction":[{"@type":"ReadAction","target":["https:\/\/portail-animation.ufcv.fr\/ateliers-seniors\/2025\/09\/02\/i-en-aera-praeget-af-hastige-teknologiske-fremskridt-er-udviklingen-af-effektive-vaerktojer-til-mobilit\/"]}]},{"@type":"BreadcrumbList","@id":"https:\/\/portail-animation.ufcv.fr\/ateliers-seniors\/2025\/09\/02\/i-en-aera-praeget-af-hastige-teknologiske-fremskridt-er-udviklingen-af-effektive-vaerktojer-til-mobilit\/#breadcrumb","itemListElement":[{"@type":"ListItem","position":1,"name":"Accueil","item":"https:\/\/portail-animation.ufcv.fr\/ateliers-seniors\/"},{"@type":"ListItem","position":2,"name":"I en \u00e6ra pr\u00e6get af hastige teknologiske fremskridt er udviklingen af effektive v\u00e6rkt\u00f8jer til mobilit"}]},{"@type":"WebSite","@id":"https:\/\/portail-animation.ufcv.fr\/ateliers-seniors\/#website","url":"https:\/\/portail-animation.ufcv.fr\/ateliers-seniors\/","name":"Ateliers seniors","description":"Un site utilisant R\u00e9seau Portail Animation","potentialAction":[{"@type":"SearchAction","target":{"@type":"EntryPoint","urlTemplate":"https:\/\/portail-animation.ufcv.fr\/ateliers-seniors\/?s={search_term_string}"},"query-input":{"@type":"PropertyValueSpecification","valueRequired":true,"valueName":"search_term_string"}}],"inLanguage":"fr-FR"},{"@type":"Person","@id":"https:\/\/portail-animation.ufcv.fr\/ateliers-seniors\/#\/schema\/person\/e3920f121b148283c13890813088e2a0","name":"adelforge","image":{"@type":"ImageObject","inLanguage":"fr-FR","@id":"https:\/\/portail-animation.ufcv.fr\/ateliers-seniors\/#\/schema\/person\/image\/","url":"https:\/\/secure.gravatar.com\/avatar\/8207ca5dec2038871f4ea2e2a260a192?s=96&d=mm&r=g","contentUrl":"https:\/\/secure.gravatar.com\/avatar\/8207ca5dec2038871f4ea2e2a260a192?s=96&d=mm&r=g","caption":"adelforge"},"url":"https:\/\/portail-animation.ufcv.fr\/ateliers-seniors\/author\/adelforge\/"}]}},"_links":{"self":[{"href":"https:\/\/portail-animation.ufcv.fr\/ateliers-seniors\/wp-json\/wp\/v2\/posts\/2480","targetHints":{"allow":["GET"]}}],"collection":[{"href":"https:\/\/portail-animation.ufcv.fr\/ateliers-seniors\/wp-json\/wp\/v2\/posts"}],"about":[{"href":"https:\/\/portail-animation.ufcv.fr\/ateliers-seniors\/wp-json\/wp\/v2\/types\/post"}],"author":[{"embeddable":true,"href":"https:\/\/portail-animation.ufcv.fr\/ateliers-seniors\/wp-json\/wp\/v2\/users\/150"}],"replies":[{"embeddable":true,"href":"https:\/\/portail-animation.ufcv.fr\/ateliers-seniors\/wp-json\/wp\/v2\/comments?post=2480"}],"version-history":[{"count":1,"href":"https:\/\/portail-animation.ufcv.fr\/ateliers-seniors\/wp-json\/wp\/v2\/posts\/2480\/revisions"}],"predecessor-version":[{"id":2481,"href":"https:\/\/portail-animation.ufcv.fr\/ateliers-seniors\/wp-json\/wp\/v2\/posts\/2480\/revisions\/2481"}],"wp:attachment":[{"href":"https:\/\/portail-animation.ufcv.fr\/ateliers-seniors\/wp-json\/wp\/v2\/media?parent=2480"}],"wp:term":[{"taxonomy":"category","embeddable":true,"href":"https:\/\/portail-animation.ufcv.fr\/ateliers-seniors\/wp-json\/wp\/v2\/categories?post=2480"},{"taxonomy":"post_tag","embeddable":true,"href":"https:\/\/portail-animation.ufcv.fr\/ateliers-seniors\/wp-json\/wp\/v2\/tags?post=2480"}],"curies":[{"name":"wp","href":"https:\/\/api.w.org\/{rel}","templated":true}]}}