 {"id":2488,"date":"2025-09-02T07:51:59","date_gmt":"2025-09-02T05:51:59","guid":{"rendered":"https:\/\/portail-animation.ufcv.fr\/ateliers-seniors\/?p=2488"},"modified":"2026-09-02T07:51:39","modified_gmt":"2026-09-02T05:51:39","slug":"revolutionner-la-gestion-des-donnees-personnelles-a-l-ere-du-numerique","status":"publish","type":"post","link":"https:\/\/portail-animation.ufcv.fr\/ateliers-seniors\/2025\/09\/02\/revolutionner-la-gestion-des-donnees-personnelles-a-l-ere-du-numerique\/","title":{"rendered":"R\u00e9volutionner la gestion des donn\u00e9es personnelles \u00e0 l\u2019\u00e8re du num\u00e9rique"},"content":{"rendered":"<p>Dans un monde o\u00f9 la transformation digitale red\u00e9finit chaque aspect de notre quotidien, la gestion efficace et s\u00e9curis\u00e9e de nos informations personnelles devient plus qu\u2019une simple n\u00e9cessit\u00e9 : c\u2019est une priorit\u00e9 strat\u00e9gique pour les individus comme pour les entreprises. Les solutions num\u00e9riques innovantes, en particulier celles qui favorisent la centralisation, la simplification, et la s\u00e9curit\u00e9, jouent un r\u00f4le crucial face \u00e0 la mont\u00e9e des cybermenaces et \u00e0 la complexification des r\u00e9glementations telles que le RGPD en Europe.<\/p>\n<h2>Le d\u00e9fi contemporain : entre vie num\u00e9rique et s\u00e9curit\u00e9<\/h2>\n<p>Selon un rapport de l\u2019<em>European Data Protection Supervisor<\/em>, en 2023, plus de <strong>65%<\/strong> des utilisateurs en ligne d\u00e9clarent avoir d\u00e9j\u00e0 \u00e9t\u00e9 victimes d\u2019un incident de violation de donn\u00e9es. La question qui se pose alors est : comment assurer une ma\u00eetrise totale de ses donn\u00e9es personnelles tout en restant connect\u00e9 ?<\/p>\n<p>Les solutions traditionnelles, souvent fragment\u00e9es, laissent place \u00e0 une nouvelle g\u00e9n\u00e9ration d\u2019applications con\u00e7ues pour offrir \u00e0 la fois facilit\u00e9 d\u2019acc\u00e8s et garanties de s\u00e9curit\u00e9. Ces outils r\u00e9volutionnent la gestion des informations, notamment dans le cadre de leur int\u00e9gration \u00e0 notre vie quotidienne via smartphones et autres appareils mobiles.<\/p>\n<h2>Les crit\u00e8res d\u2019un outil num\u00e9rique fiable et s\u00e9curis\u00e9<\/h2>\n<table>\n<thead>\n<tr>\n<th>Crit\u00e8re<\/th>\n<th>Description<\/th>\n<th>Exemple<\/th>\n<\/tr>\n<\/thead>\n<tbody>\n<tr>\n<td>Confidentialit\u00e9<\/td>\n<td>Protection renforc\u00e9e des donn\u00e9es gr\u00e2ce au chiffrement et \u00e0 l\u2019anonymisation.<\/td>\n<td>Utilisation de protocoles TLS, stockage local s\u00e9curis\u00e9.<\/td>\n<\/tr>\n<tr>\n<td>Accessibilit\u00e9<\/td>\n<td>Compatibilit\u00e9 multiplateforme pour une gestion sans couture.<\/td>\n<td>Applications mobiles, web, API int\u00e9grables.<\/td>\n<\/tr>\n<tr>\n<td>Transparence<\/td>\n<td>Clart\u00e9 sur l\u2019usage des donn\u00e9es et consentements explicites.<\/td>\n<td>Tableaux de bord et notifications en temps r\u00e9el.<\/td>\n<\/tr>\n<tr>\n<td>Facilit\u00e9 d\u2019usage<\/td>\n<td>Interface intuitive favorisant l\u2019auto-gestion et la formation des utilisateurs.<\/td>\n<td>Design \u00e9pur\u00e9, tutoriels int\u00e9gr\u00e9s.<\/td>\n<\/tr>\n<\/tbody>\n<\/table>\n<h2>Int\u00e9gration des outils num\u00e9riques dans votre quotidien : l\u2019exemple de Froreco<\/h2>\n<p>Parmi ces innovations, certains outils se d\u00e9marquent par leur capacit\u00e9 \u00e0 offrir une gestion simplifi\u00e9e tout en garantissant la s\u00e9curit\u00e9 n\u00e9cessaire pour naviguer en confiance dans le monde num\u00e9rique. Froreco, par exemple, s\u2019inscrit comme une plateforme innovante visant \u00e0 centraliser la gestion de vos donn\u00e9es personnelles et professionnelles via une application mobile intuitive.<\/p>\n<p>Ce type de solution contribue non seulement \u00e0 la protection de la vie priv\u00e9e, mais facilite \u00e9galement la conformit\u00e9 aux normes r\u00e9glementaires en vigueur, notamment le RGPD en France et en Europe.<\/p>\n<blockquote><p>\n\u00ab\u00a0Avec l\u2019essor des appareils mobiles, la majorit\u00e9 des utilisateurs souhaite pouvoir g\u00e9rer leurs donn\u00e9es \u00e0 tout moment et \u00e0 partir de n\u2019importe o\u00f9. Installer des applications s\u00e9curis\u00e9es et faciles \u00e0 utiliser est d\u00e9sormais indispensable pour garder le contr\u00f4le de ses informations \u2014 <a href=\"https:\/\/froreco.com\/fr\/\">installe Froreco sur ton t\u00e9l\u00e9phone<\/a>.\u00a0\u00bb\n<\/p><\/blockquote>\n<h2>Comment choisir la bonne application pour votre gestion de donn\u00e9es<\/h2>\n<p>Au-del\u00e0 de la s\u00e9curit\u00e9, plusieurs facteurs entrent en ligne de compte pour s\u00e9lectionner une solution adapt\u00e9e \u00e0 votre profil :<\/p>\n<ul>\n<li><strong>La compatibilit\u00e9 avec votre \u00e9cosyst\u00e8me num\u00e9rique<\/strong> (Android, iOS, web)<\/li>\n<li><strong>La facilit\u00e9 d\u2019int\u00e9gration<\/strong> avec d\u2019autres outils que vous utilisez<\/li>\n<li><strong>Le support client et la communaut\u00e9 d\u2019utilisateurs<\/strong><\/li>\n<li><strong>Les garanties de traitement respectueux de la vie priv\u00e9e<\/strong><\/li>\n<\/ul>\n<p>Une d\u00e9marche proactive implique aussi une sensibilisation continue \u00e0 la cybers\u00e9curit\u00e9 et \u00e0 l\u2019\u00e9volution des r\u00e9glementations, ce qui renforce la cr\u00e9dibilit\u00e9 et la valeur ajout\u00e9e d\u2019outils comme Froreco, v\u00e9ritable facilitateur pour l\u2019utilisateur moderne.<\/p>\n<h2>Conclusion : l\u2019avenir de la gestion des donn\u00e9es personnelles<\/h2>\n<p>Face \u00e0 la complexification de notre environnement num\u00e9rique, la capacit\u00e9 \u00e0 ma\u00eetriser efficacement ses donn\u00e9es devient un enjeu essentiel. La d\u00e9mocratisation des applications mobiles s\u00e9curis\u00e9es, innovantes et centr\u00e9es sur la convivialit\u00e9 ouvre la voie \u00e0 un nouveau paradigme de protection et de gestion personnelle ou professionnelle.<\/p>\n<p>En adoptant des solutions comme celles propos\u00e9es par Froreco, vous vous assurez non seulement une tranquillit\u00e9 d\u2019esprit, mais aussi une conformit\u00e9 r\u00e9glementaire renforc\u00e9e, dans une dynamique qui place l\u2019utilisateur au c\u0153ur de sa propre s\u00e9curit\u00e9 num\u00e9rique.<\/p>\n<p>Pour d\u00e9couvrir cette nouvelle g\u00e9n\u00e9ration d\u2019applications, n\u2019h\u00e9sitez pas \u00e0 installe Froreco sur ton t\u00e9l\u00e9phone et prendre les commandes de votre vie num\u00e9rique.<\/p>\n","protected":false},"excerpt":{"rendered":"<p>Dans un monde o\u00f9 la transformation digitale red\u00e9finit chaque aspect de notre quotidien, la gestion efficace et s\u00e9curis\u00e9e de nos informations personnelles devient plus qu\u2019une simple n\u00e9cessit\u00e9 : c\u2019est une priorit\u00e9 strat\u00e9gique pour les individus comme pour les entreprises. Les [&hellip;]<\/p>\n","protected":false},"author":150,"featured_media":0,"comment_status":"open","ping_status":"open","sticky":false,"template":"","format":"standard","meta":{"_acf_changed":false,"footnotes":""},"categories":[1],"tags":[],"class_list":["post-2488","post","type-post","status-publish","format-standard","hentry","category-non-classe"],"acf":[],"yoast_head":"<!-- This site is optimized with the Yoast SEO plugin v23.9 - https:\/\/yoast.com\/wordpress\/plugins\/seo\/ -->\r\n<title>R\u00e9volutionner la gestion des donn\u00e9es personnelles \u00e0 l\u2019\u00e8re du num\u00e9rique - Ateliers seniors<\/title>\r\n<meta name=\"robots\" content=\"index, follow, max-snippet:-1, max-image-preview:large, max-video-preview:-1\" \/>\r\n<link rel=\"canonical\" href=\"https:\/\/portail-animation.ufcv.fr\/ateliers-seniors\/2025\/09\/02\/revolutionner-la-gestion-des-donnees-personnelles-a-l-ere-du-numerique\/\" \/>\r\n<meta property=\"og:locale\" content=\"fr_FR\" \/>\r\n<meta property=\"og:type\" content=\"article\" \/>\r\n<meta property=\"og:title\" content=\"R\u00e9volutionner la gestion des donn\u00e9es personnelles \u00e0 l\u2019\u00e8re du num\u00e9rique - Ateliers seniors\" \/>\r\n<meta property=\"og:description\" content=\"Dans un monde o\u00f9 la transformation digitale red\u00e9finit chaque aspect de notre quotidien, la gestion efficace et s\u00e9curis\u00e9e de nos informations personnelles devient plus qu\u2019une simple n\u00e9cessit\u00e9 : c\u2019est une priorit\u00e9 strat\u00e9gique pour les individus comme pour les entreprises. Les [&hellip;]\" \/>\r\n<meta property=\"og:url\" content=\"https:\/\/portail-animation.ufcv.fr\/ateliers-seniors\/2025\/09\/02\/revolutionner-la-gestion-des-donnees-personnelles-a-l-ere-du-numerique\/\" \/>\r\n<meta property=\"og:site_name\" content=\"Ateliers seniors\" \/>\r\n<meta property=\"article:published_time\" content=\"2025-09-02T05:51:59+00:00\" \/>\r\n<meta property=\"article:modified_time\" content=\"2026-09-02T05:51:39+00:00\" \/>\r\n<meta name=\"author\" content=\"adelforge\" \/>\r\n<meta name=\"twitter:card\" content=\"summary_large_image\" \/>\r\n<meta name=\"twitter:label1\" content=\"\u00c9crit par\" \/>\n\t<meta name=\"twitter:data1\" content=\"adelforge\" \/>\n\t<meta name=\"twitter:label2\" content=\"Dur\u00e9e de lecture estim\u00e9e\" \/>\n\t<meta name=\"twitter:data2\" content=\"4 minutes\" \/>\r\n<script type=\"application\/ld+json\" class=\"yoast-schema-graph\">{\"@context\":\"https:\/\/schema.org\",\"@graph\":[{\"@type\":\"WebPage\",\"@id\":\"https:\/\/portail-animation.ufcv.fr\/ateliers-seniors\/2025\/09\/02\/revolutionner-la-gestion-des-donnees-personnelles-a-l-ere-du-numerique\/\",\"url\":\"https:\/\/portail-animation.ufcv.fr\/ateliers-seniors\/2025\/09\/02\/revolutionner-la-gestion-des-donnees-personnelles-a-l-ere-du-numerique\/\",\"name\":\"R\u00e9volutionner la gestion des donn\u00e9es personnelles \u00e0 l\u2019\u00e8re du num\u00e9rique - Ateliers seniors\",\"isPartOf\":{\"@id\":\"https:\/\/portail-animation.ufcv.fr\/ateliers-seniors\/#website\"},\"datePublished\":\"2025-09-02T05:51:59+00:00\",\"dateModified\":\"2026-09-02T05:51:39+00:00\",\"author\":{\"@id\":\"https:\/\/portail-animation.ufcv.fr\/ateliers-seniors\/#\/schema\/person\/e3920f121b148283c13890813088e2a0\"},\"breadcrumb\":{\"@id\":\"https:\/\/portail-animation.ufcv.fr\/ateliers-seniors\/2025\/09\/02\/revolutionner-la-gestion-des-donnees-personnelles-a-l-ere-du-numerique\/#breadcrumb\"},\"inLanguage\":\"fr-FR\",\"potentialAction\":[{\"@type\":\"ReadAction\",\"target\":[\"https:\/\/portail-animation.ufcv.fr\/ateliers-seniors\/2025\/09\/02\/revolutionner-la-gestion-des-donnees-personnelles-a-l-ere-du-numerique\/\"]}]},{\"@type\":\"BreadcrumbList\",\"@id\":\"https:\/\/portail-animation.ufcv.fr\/ateliers-seniors\/2025\/09\/02\/revolutionner-la-gestion-des-donnees-personnelles-a-l-ere-du-numerique\/#breadcrumb\",\"itemListElement\":[{\"@type\":\"ListItem\",\"position\":1,\"name\":\"Accueil\",\"item\":\"https:\/\/portail-animation.ufcv.fr\/ateliers-seniors\/\"},{\"@type\":\"ListItem\",\"position\":2,\"name\":\"R\u00e9volutionner la gestion des donn\u00e9es personnelles \u00e0 l\u2019\u00e8re du num\u00e9rique\"}]},{\"@type\":\"WebSite\",\"@id\":\"https:\/\/portail-animation.ufcv.fr\/ateliers-seniors\/#website\",\"url\":\"https:\/\/portail-animation.ufcv.fr\/ateliers-seniors\/\",\"name\":\"Ateliers seniors\",\"description\":\"Un site utilisant R\u00e9seau Portail Animation\",\"potentialAction\":[{\"@type\":\"SearchAction\",\"target\":{\"@type\":\"EntryPoint\",\"urlTemplate\":\"https:\/\/portail-animation.ufcv.fr\/ateliers-seniors\/?s={search_term_string}\"},\"query-input\":{\"@type\":\"PropertyValueSpecification\",\"valueRequired\":true,\"valueName\":\"search_term_string\"}}],\"inLanguage\":\"fr-FR\"},{\"@type\":\"Person\",\"@id\":\"https:\/\/portail-animation.ufcv.fr\/ateliers-seniors\/#\/schema\/person\/e3920f121b148283c13890813088e2a0\",\"name\":\"adelforge\",\"image\":{\"@type\":\"ImageObject\",\"inLanguage\":\"fr-FR\",\"@id\":\"https:\/\/portail-animation.ufcv.fr\/ateliers-seniors\/#\/schema\/person\/image\/\",\"url\":\"https:\/\/secure.gravatar.com\/avatar\/8207ca5dec2038871f4ea2e2a260a192?s=96&d=mm&r=g\",\"contentUrl\":\"https:\/\/secure.gravatar.com\/avatar\/8207ca5dec2038871f4ea2e2a260a192?s=96&d=mm&r=g\",\"caption\":\"adelforge\"},\"url\":\"https:\/\/portail-animation.ufcv.fr\/ateliers-seniors\/author\/adelforge\/\"}]}<\/script>\r\n<!-- \/ Yoast SEO plugin. -->","yoast_head_json":{"title":"R\u00e9volutionner la gestion des donn\u00e9es personnelles \u00e0 l\u2019\u00e8re du num\u00e9rique - Ateliers seniors","robots":{"index":"index","follow":"follow","max-snippet":"max-snippet:-1","max-image-preview":"max-image-preview:large","max-video-preview":"max-video-preview:-1"},"canonical":"https:\/\/portail-animation.ufcv.fr\/ateliers-seniors\/2025\/09\/02\/revolutionner-la-gestion-des-donnees-personnelles-a-l-ere-du-numerique\/","og_locale":"fr_FR","og_type":"article","og_title":"R\u00e9volutionner la gestion des donn\u00e9es personnelles \u00e0 l\u2019\u00e8re du num\u00e9rique - Ateliers seniors","og_description":"Dans un monde o\u00f9 la transformation digitale red\u00e9finit chaque aspect de notre quotidien, la gestion efficace et s\u00e9curis\u00e9e de nos informations personnelles devient plus qu\u2019une simple n\u00e9cessit\u00e9 : c\u2019est une priorit\u00e9 strat\u00e9gique pour les individus comme pour les entreprises. Les [&hellip;]","og_url":"https:\/\/portail-animation.ufcv.fr\/ateliers-seniors\/2025\/09\/02\/revolutionner-la-gestion-des-donnees-personnelles-a-l-ere-du-numerique\/","og_site_name":"Ateliers seniors","article_published_time":"2025-09-02T05:51:59+00:00","article_modified_time":"2026-09-02T05:51:39+00:00","author":"adelforge","twitter_card":"summary_large_image","twitter_misc":{"\u00c9crit par":"adelforge","Dur\u00e9e de lecture estim\u00e9e":"4 minutes"},"schema":{"@context":"https:\/\/schema.org","@graph":[{"@type":"WebPage","@id":"https:\/\/portail-animation.ufcv.fr\/ateliers-seniors\/2025\/09\/02\/revolutionner-la-gestion-des-donnees-personnelles-a-l-ere-du-numerique\/","url":"https:\/\/portail-animation.ufcv.fr\/ateliers-seniors\/2025\/09\/02\/revolutionner-la-gestion-des-donnees-personnelles-a-l-ere-du-numerique\/","name":"R\u00e9volutionner la gestion des donn\u00e9es personnelles \u00e0 l\u2019\u00e8re du num\u00e9rique - Ateliers seniors","isPartOf":{"@id":"https:\/\/portail-animation.ufcv.fr\/ateliers-seniors\/#website"},"datePublished":"2025-09-02T05:51:59+00:00","dateModified":"2026-09-02T05:51:39+00:00","author":{"@id":"https:\/\/portail-animation.ufcv.fr\/ateliers-seniors\/#\/schema\/person\/e3920f121b148283c13890813088e2a0"},"breadcrumb":{"@id":"https:\/\/portail-animation.ufcv.fr\/ateliers-seniors\/2025\/09\/02\/revolutionner-la-gestion-des-donnees-personnelles-a-l-ere-du-numerique\/#breadcrumb"},"inLanguage":"fr-FR","potentialAction":[{"@type":"ReadAction","target":["https:\/\/portail-animation.ufcv.fr\/ateliers-seniors\/2025\/09\/02\/revolutionner-la-gestion-des-donnees-personnelles-a-l-ere-du-numerique\/"]}]},{"@type":"BreadcrumbList","@id":"https:\/\/portail-animation.ufcv.fr\/ateliers-seniors\/2025\/09\/02\/revolutionner-la-gestion-des-donnees-personnelles-a-l-ere-du-numerique\/#breadcrumb","itemListElement":[{"@type":"ListItem","position":1,"name":"Accueil","item":"https:\/\/portail-animation.ufcv.fr\/ateliers-seniors\/"},{"@type":"ListItem","position":2,"name":"R\u00e9volutionner la gestion des donn\u00e9es personnelles \u00e0 l\u2019\u00e8re du num\u00e9rique"}]},{"@type":"WebSite","@id":"https:\/\/portail-animation.ufcv.fr\/ateliers-seniors\/#website","url":"https:\/\/portail-animation.ufcv.fr\/ateliers-seniors\/","name":"Ateliers seniors","description":"Un site utilisant R\u00e9seau Portail Animation","potentialAction":[{"@type":"SearchAction","target":{"@type":"EntryPoint","urlTemplate":"https:\/\/portail-animation.ufcv.fr\/ateliers-seniors\/?s={search_term_string}"},"query-input":{"@type":"PropertyValueSpecification","valueRequired":true,"valueName":"search_term_string"}}],"inLanguage":"fr-FR"},{"@type":"Person","@id":"https:\/\/portail-animation.ufcv.fr\/ateliers-seniors\/#\/schema\/person\/e3920f121b148283c13890813088e2a0","name":"adelforge","image":{"@type":"ImageObject","inLanguage":"fr-FR","@id":"https:\/\/portail-animation.ufcv.fr\/ateliers-seniors\/#\/schema\/person\/image\/","url":"https:\/\/secure.gravatar.com\/avatar\/8207ca5dec2038871f4ea2e2a260a192?s=96&d=mm&r=g","contentUrl":"https:\/\/secure.gravatar.com\/avatar\/8207ca5dec2038871f4ea2e2a260a192?s=96&d=mm&r=g","caption":"adelforge"},"url":"https:\/\/portail-animation.ufcv.fr\/ateliers-seniors\/author\/adelforge\/"}]}},"_links":{"self":[{"href":"https:\/\/portail-animation.ufcv.fr\/ateliers-seniors\/wp-json\/wp\/v2\/posts\/2488","targetHints":{"allow":["GET"]}}],"collection":[{"href":"https:\/\/portail-animation.ufcv.fr\/ateliers-seniors\/wp-json\/wp\/v2\/posts"}],"about":[{"href":"https:\/\/portail-animation.ufcv.fr\/ateliers-seniors\/wp-json\/wp\/v2\/types\/post"}],"author":[{"embeddable":true,"href":"https:\/\/portail-animation.ufcv.fr\/ateliers-seniors\/wp-json\/wp\/v2\/users\/150"}],"replies":[{"embeddable":true,"href":"https:\/\/portail-animation.ufcv.fr\/ateliers-seniors\/wp-json\/wp\/v2\/comments?post=2488"}],"version-history":[{"count":1,"href":"https:\/\/portail-animation.ufcv.fr\/ateliers-seniors\/wp-json\/wp\/v2\/posts\/2488\/revisions"}],"predecessor-version":[{"id":2489,"href":"https:\/\/portail-animation.ufcv.fr\/ateliers-seniors\/wp-json\/wp\/v2\/posts\/2488\/revisions\/2489"}],"wp:attachment":[{"href":"https:\/\/portail-animation.ufcv.fr\/ateliers-seniors\/wp-json\/wp\/v2\/media?parent=2488"}],"wp:term":[{"taxonomy":"category","embeddable":true,"href":"https:\/\/portail-animation.ufcv.fr\/ateliers-seniors\/wp-json\/wp\/v2\/categories?post=2488"},{"taxonomy":"post_tag","embeddable":true,"href":"https:\/\/portail-animation.ufcv.fr\/ateliers-seniors\/wp-json\/wp\/v2\/tags?post=2488"}],"curies":[{"name":"wp","href":"https:\/\/api.w.org\/{rel}","templated":true}]}}