 {"id":2709,"date":"2025-09-02T12:14:32","date_gmt":"2025-09-02T10:14:32","guid":{"rendered":"https:\/\/portail-animation.ufcv.fr\/ateliers-seniors\/?p=2709"},"modified":"2026-09-02T12:14:07","modified_gmt":"2026-09-02T10:14:07","slug":"avanceret-vokal-og-korstyring-i-den-digitale-tidsalder","status":"publish","type":"post","link":"https:\/\/portail-animation.ufcv.fr\/ateliers-seniors\/2025\/09\/02\/avanceret-vokal-og-korstyring-i-den-digitale-tidsalder\/","title":{"rendered":"Avanceret Vokal- og Korstyring i Den Digitale Tidsalder"},"content":{"rendered":"<p>I en \u00e6ra hvor musikproduktion og stemmestyring digitaliseres med en imponerende hastighed, st\u00e5r sangere, koreledere og lydteknikere over for nye muligheder og udfordringer. Teknologien udvikler sig ikke blot for at forbedre lydkvalitet, men ogs\u00e5 for at muligg\u00f8re mere pr\u00e6cis, intuitiv og inspirerende styring af vokalpr\u00e6stationer. I denne artikel dykker vi ned i, hvordan applikationer, der kombinerer intuitiv brugeroplevelse med avancerede lydfremstillingsv\u00e6rkt\u00f8jer, bidrager til en forbedret vokal- og korarbejde i moderne musikproduktion.<\/p>\n<h2>Teknologisk Innovation og Vokalpr\u00e6stationer<\/h2>\n<p>En af de mest betydningsfulde trends i musikindustrien er integrationen af mobile applikationer, der st\u00f8tter vocale performance analysis og pitch-correction. De sidste \u00e5r har vi set en kraftig stigning i brugen af smarte v\u00e6rkt\u00f8jer, der hj\u00e6lper korgruppe og solister med at finjustere deres toneart, intonation og harmonisering i realtid. Disse v\u00e6rkt\u00f8jer bygger p\u00e5 algoritmisk stemmeanalyse, som kan give feedback direkte til performeren, hvilket forbedrer \u00f8vningen og den endelige pr\u00e6station.<\/p>\n<p>For eksempel viser data fra brancheanalyser, at apps med realtids feedback kan forbedre pr\u00e6cisionen af vokaludtryk med op til 30% sammenlignet med traditionel \u00f8velse uden digital assistance (Kilde: Musiktech Industry Report 2023). Dette understreger den transformative kraft, digital teknologi har i kunstneriske processer.<\/p>\n<h2>Udviklingen af Korworkflows med Digitale V\u00e6rkt\u00f8jer<\/h2>\n<p>Korrede, velkoordinerede stemmer er essensen af effektive korpr\u00e6stationer. Digitale apps og software g\u00f8r det nu muligt for koret at styre pitch, timing og balancer p\u00e5 en mere pr\u00e6cis m\u00e5de end nogensinde tidligere. Automatisering og visuelle grafikker hj\u00e6lper korets dirigenter og sangere til hurtigt at identificere intonationsfejl og optimere harmonimuligheder.<\/p>\n<blockquote><p>\n\u00ab\u00a0N\u00e5r et kor har adgang til realtids pitchkorrektion via mobile enheder, kan de \u00f8ve mere effektivt og opn\u00e5 en mere integreret lyd, der forst\u00e6rker den kunstneriske samh\u00f8righed.\u00a0\u00bb \u2014 <span style=\"font-style: italic\">Musikproducent og korekspert<\/span>\n<\/p><\/blockquote>\n<h2>Digital Innovation i \u00d8velse og Performance<\/h2>\n<p>Det er her, applikationer som <a href=\"https:\/\/choirpitchstudio.app\/da\/\"><strong>download Choir Pitch Studio til iPhone<\/strong><\/a> spiller en afg\u00f8rende rolle. Denne app tilbyder avanceret vokal- og pitchfeedback, som er tilpasset b\u00e5de professionelle sangere og korhold. Den integrerede teknologi analyserer stemmekvalitet live og giver brugeren \u00f8jeblikkelig feedback \u2014 en game changer i \u00f8velsesrummet. Her er nogle af n\u00f8glefunktionerne:<\/p>\n<ul>\n<li><strong>Realtids pitchanalyse<\/strong>: Hj\u00e6lper sangere med at justere tonen under \u00f8velser.<\/li>\n<li><strong>Harmoniindstillinger<\/strong>: \u00d8ger forst\u00e5elsen for harmoniopbygning og intonationssamarbejde i kor.<\/li>\n<li><strong>Data til pr\u00e6stationsoptimering<\/strong>: Giver detaljeret rapportering, der kan bruges til m\u00e5lrettet tr\u00e6ning.<\/li>\n<\/ul>\n<div class=\"callout\">\n<p>Det er tydeligt, at integrationen af mobile apps som download Choir Pitch Studio til iPhone repr\u00e6senterer en v\u00e6sentlig milep\u00e6l for stemme- og korsangere, der \u00f8nsker at h\u00e6ve deres kunstneriske niveau med smartere v\u00e6rkt\u00f8jer.<\/p>\n<\/div>\n<h2>Fremtiden for Digital Stemmekunst<\/h2>\n<table>\n<thead>\n<tr>\n<th>Funktion<\/th>\n<th>Fordel<\/th>\n<th>Eksempel<\/th>\n<\/tr>\n<\/thead>\n<tbody>\n<tr>\n<td>AI-drevet stemmeanalyse<\/td>\n<td>Pr\u00e6cis feedback i realtid<\/td>\n<td>Optimering af intonation under live koncert<\/td>\n<\/tr>\n<tr>\n<td>Automatiseret harmonisering<\/td>\n<td>Mulighed for hurtige tilpasninger<\/td>\n<td>Instant korharmoni i \u00f8velser<\/td>\n<\/tr>\n<tr>\n<td>Mobile integration<\/td>\n<td>Let adgang hvor som helst<\/td>\n<td>\u00d8veture med AI-assist via smartphones<\/td>\n<\/tr>\n<\/tbody>\n<\/table>\n<h2>Konklusion<\/h2>\n<p>Teknologiske fremskridt er redefinere hvordan vokalister og kor arbejder sammen, b\u00e5de under \u00f8velser og p\u00e5 scenen. Applikationer som download Choir Pitch Studio til iPhone illustrerer, hvordan innovationen er rygraden i moderne korpraksis \u2014 fremmer pr\u00e6cision, kreativitet og samarbejde. For professionelle musikere betyder det mere end blot praktiske v\u00e6rkt\u00f8jer; det er en tilgang, der fornyer den kunstneriske proces og udvider horisonterne for stemmekunst generelt.<\/p>\n<div class=\"footer\">\n<p>\u00a9 2023 Premium Musikindustri Journal | Alle rettigheder forbeholdes<\/p>\n<\/div>\n","protected":false},"excerpt":{"rendered":"<p>I en \u00e6ra hvor musikproduktion og stemmestyring digitaliseres med en imponerende hastighed, st\u00e5r sangere, koreledere og lydteknikere over for nye muligheder og udfordringer. Teknologien udvikler sig ikke blot for at forbedre lydkvalitet, men ogs\u00e5 for at muligg\u00f8re mere pr\u00e6cis, intuitiv [&hellip;]<\/p>\n","protected":false},"author":150,"featured_media":0,"comment_status":"open","ping_status":"open","sticky":false,"template":"","format":"standard","meta":{"_acf_changed":false,"footnotes":""},"categories":[1],"tags":[],"class_list":["post-2709","post","type-post","status-publish","format-standard","hentry","category-non-classe"],"acf":[],"yoast_head":"<!-- This site is optimized with the Yoast SEO plugin v23.9 - https:\/\/yoast.com\/wordpress\/plugins\/seo\/ -->\r\n<title>Avanceret Vokal- og Korstyring i Den Digitale Tidsalder - Ateliers seniors<\/title>\r\n<meta name=\"robots\" content=\"index, follow, max-snippet:-1, max-image-preview:large, max-video-preview:-1\" \/>\r\n<link rel=\"canonical\" href=\"https:\/\/portail-animation.ufcv.fr\/ateliers-seniors\/2025\/09\/02\/avanceret-vokal-og-korstyring-i-den-digitale-tidsalder\/\" \/>\r\n<meta property=\"og:locale\" content=\"fr_FR\" \/>\r\n<meta property=\"og:type\" content=\"article\" \/>\r\n<meta property=\"og:title\" content=\"Avanceret Vokal- og Korstyring i Den Digitale Tidsalder - Ateliers seniors\" \/>\r\n<meta property=\"og:description\" content=\"I en \u00e6ra hvor musikproduktion og stemmestyring digitaliseres med en imponerende hastighed, st\u00e5r sangere, koreledere og lydteknikere over for nye muligheder og udfordringer. Teknologien udvikler sig ikke blot for at forbedre lydkvalitet, men ogs\u00e5 for at muligg\u00f8re mere pr\u00e6cis, intuitiv [&hellip;]\" \/>\r\n<meta property=\"og:url\" content=\"https:\/\/portail-animation.ufcv.fr\/ateliers-seniors\/2025\/09\/02\/avanceret-vokal-og-korstyring-i-den-digitale-tidsalder\/\" \/>\r\n<meta property=\"og:site_name\" content=\"Ateliers seniors\" \/>\r\n<meta property=\"article:published_time\" content=\"2025-09-02T10:14:32+00:00\" \/>\r\n<meta property=\"article:modified_time\" content=\"2026-09-02T10:14:07+00:00\" \/>\r\n<meta name=\"author\" content=\"adelforge\" \/>\r\n<meta name=\"twitter:card\" content=\"summary_large_image\" \/>\r\n<meta name=\"twitter:label1\" content=\"\u00c9crit par\" \/>\n\t<meta name=\"twitter:data1\" content=\"adelforge\" \/>\n\t<meta name=\"twitter:label2\" content=\"Dur\u00e9e de lecture estim\u00e9e\" \/>\n\t<meta name=\"twitter:data2\" content=\"3 minutes\" \/>\r\n<script type=\"application\/ld+json\" class=\"yoast-schema-graph\">{\"@context\":\"https:\/\/schema.org\",\"@graph\":[{\"@type\":\"WebPage\",\"@id\":\"https:\/\/portail-animation.ufcv.fr\/ateliers-seniors\/2025\/09\/02\/avanceret-vokal-og-korstyring-i-den-digitale-tidsalder\/\",\"url\":\"https:\/\/portail-animation.ufcv.fr\/ateliers-seniors\/2025\/09\/02\/avanceret-vokal-og-korstyring-i-den-digitale-tidsalder\/\",\"name\":\"Avanceret Vokal- og Korstyring i Den Digitale Tidsalder - Ateliers seniors\",\"isPartOf\":{\"@id\":\"https:\/\/portail-animation.ufcv.fr\/ateliers-seniors\/#website\"},\"datePublished\":\"2025-09-02T10:14:32+00:00\",\"dateModified\":\"2026-09-02T10:14:07+00:00\",\"author\":{\"@id\":\"https:\/\/portail-animation.ufcv.fr\/ateliers-seniors\/#\/schema\/person\/e3920f121b148283c13890813088e2a0\"},\"breadcrumb\":{\"@id\":\"https:\/\/portail-animation.ufcv.fr\/ateliers-seniors\/2025\/09\/02\/avanceret-vokal-og-korstyring-i-den-digitale-tidsalder\/#breadcrumb\"},\"inLanguage\":\"fr-FR\",\"potentialAction\":[{\"@type\":\"ReadAction\",\"target\":[\"https:\/\/portail-animation.ufcv.fr\/ateliers-seniors\/2025\/09\/02\/avanceret-vokal-og-korstyring-i-den-digitale-tidsalder\/\"]}]},{\"@type\":\"BreadcrumbList\",\"@id\":\"https:\/\/portail-animation.ufcv.fr\/ateliers-seniors\/2025\/09\/02\/avanceret-vokal-og-korstyring-i-den-digitale-tidsalder\/#breadcrumb\",\"itemListElement\":[{\"@type\":\"ListItem\",\"position\":1,\"name\":\"Accueil\",\"item\":\"https:\/\/portail-animation.ufcv.fr\/ateliers-seniors\/\"},{\"@type\":\"ListItem\",\"position\":2,\"name\":\"Avanceret Vokal- og Korstyring i Den Digitale Tidsalder\"}]},{\"@type\":\"WebSite\",\"@id\":\"https:\/\/portail-animation.ufcv.fr\/ateliers-seniors\/#website\",\"url\":\"https:\/\/portail-animation.ufcv.fr\/ateliers-seniors\/\",\"name\":\"Ateliers seniors\",\"description\":\"Un site utilisant R\u00e9seau Portail Animation\",\"potentialAction\":[{\"@type\":\"SearchAction\",\"target\":{\"@type\":\"EntryPoint\",\"urlTemplate\":\"https:\/\/portail-animation.ufcv.fr\/ateliers-seniors\/?s={search_term_string}\"},\"query-input\":{\"@type\":\"PropertyValueSpecification\",\"valueRequired\":true,\"valueName\":\"search_term_string\"}}],\"inLanguage\":\"fr-FR\"},{\"@type\":\"Person\",\"@id\":\"https:\/\/portail-animation.ufcv.fr\/ateliers-seniors\/#\/schema\/person\/e3920f121b148283c13890813088e2a0\",\"name\":\"adelforge\",\"image\":{\"@type\":\"ImageObject\",\"inLanguage\":\"fr-FR\",\"@id\":\"https:\/\/portail-animation.ufcv.fr\/ateliers-seniors\/#\/schema\/person\/image\/\",\"url\":\"https:\/\/secure.gravatar.com\/avatar\/8207ca5dec2038871f4ea2e2a260a192?s=96&d=mm&r=g\",\"contentUrl\":\"https:\/\/secure.gravatar.com\/avatar\/8207ca5dec2038871f4ea2e2a260a192?s=96&d=mm&r=g\",\"caption\":\"adelforge\"},\"url\":\"https:\/\/portail-animation.ufcv.fr\/ateliers-seniors\/author\/adelforge\/\"}]}<\/script>\r\n<!-- \/ Yoast SEO plugin. -->","yoast_head_json":{"title":"Avanceret Vokal- og Korstyring i Den Digitale Tidsalder - Ateliers seniors","robots":{"index":"index","follow":"follow","max-snippet":"max-snippet:-1","max-image-preview":"max-image-preview:large","max-video-preview":"max-video-preview:-1"},"canonical":"https:\/\/portail-animation.ufcv.fr\/ateliers-seniors\/2025\/09\/02\/avanceret-vokal-og-korstyring-i-den-digitale-tidsalder\/","og_locale":"fr_FR","og_type":"article","og_title":"Avanceret Vokal- og Korstyring i Den Digitale Tidsalder - Ateliers seniors","og_description":"I en \u00e6ra hvor musikproduktion og stemmestyring digitaliseres med en imponerende hastighed, st\u00e5r sangere, koreledere og lydteknikere over for nye muligheder og udfordringer. Teknologien udvikler sig ikke blot for at forbedre lydkvalitet, men ogs\u00e5 for at muligg\u00f8re mere pr\u00e6cis, intuitiv [&hellip;]","og_url":"https:\/\/portail-animation.ufcv.fr\/ateliers-seniors\/2025\/09\/02\/avanceret-vokal-og-korstyring-i-den-digitale-tidsalder\/","og_site_name":"Ateliers seniors","article_published_time":"2025-09-02T10:14:32+00:00","article_modified_time":"2026-09-02T10:14:07+00:00","author":"adelforge","twitter_card":"summary_large_image","twitter_misc":{"\u00c9crit par":"adelforge","Dur\u00e9e de lecture estim\u00e9e":"3 minutes"},"schema":{"@context":"https:\/\/schema.org","@graph":[{"@type":"WebPage","@id":"https:\/\/portail-animation.ufcv.fr\/ateliers-seniors\/2025\/09\/02\/avanceret-vokal-og-korstyring-i-den-digitale-tidsalder\/","url":"https:\/\/portail-animation.ufcv.fr\/ateliers-seniors\/2025\/09\/02\/avanceret-vokal-og-korstyring-i-den-digitale-tidsalder\/","name":"Avanceret Vokal- og Korstyring i Den Digitale Tidsalder - Ateliers seniors","isPartOf":{"@id":"https:\/\/portail-animation.ufcv.fr\/ateliers-seniors\/#website"},"datePublished":"2025-09-02T10:14:32+00:00","dateModified":"2026-09-02T10:14:07+00:00","author":{"@id":"https:\/\/portail-animation.ufcv.fr\/ateliers-seniors\/#\/schema\/person\/e3920f121b148283c13890813088e2a0"},"breadcrumb":{"@id":"https:\/\/portail-animation.ufcv.fr\/ateliers-seniors\/2025\/09\/02\/avanceret-vokal-og-korstyring-i-den-digitale-tidsalder\/#breadcrumb"},"inLanguage":"fr-FR","potentialAction":[{"@type":"ReadAction","target":["https:\/\/portail-animation.ufcv.fr\/ateliers-seniors\/2025\/09\/02\/avanceret-vokal-og-korstyring-i-den-digitale-tidsalder\/"]}]},{"@type":"BreadcrumbList","@id":"https:\/\/portail-animation.ufcv.fr\/ateliers-seniors\/2025\/09\/02\/avanceret-vokal-og-korstyring-i-den-digitale-tidsalder\/#breadcrumb","itemListElement":[{"@type":"ListItem","position":1,"name":"Accueil","item":"https:\/\/portail-animation.ufcv.fr\/ateliers-seniors\/"},{"@type":"ListItem","position":2,"name":"Avanceret Vokal- og Korstyring i Den Digitale Tidsalder"}]},{"@type":"WebSite","@id":"https:\/\/portail-animation.ufcv.fr\/ateliers-seniors\/#website","url":"https:\/\/portail-animation.ufcv.fr\/ateliers-seniors\/","name":"Ateliers seniors","description":"Un site utilisant R\u00e9seau Portail Animation","potentialAction":[{"@type":"SearchAction","target":{"@type":"EntryPoint","urlTemplate":"https:\/\/portail-animation.ufcv.fr\/ateliers-seniors\/?s={search_term_string}"},"query-input":{"@type":"PropertyValueSpecification","valueRequired":true,"valueName":"search_term_string"}}],"inLanguage":"fr-FR"},{"@type":"Person","@id":"https:\/\/portail-animation.ufcv.fr\/ateliers-seniors\/#\/schema\/person\/e3920f121b148283c13890813088e2a0","name":"adelforge","image":{"@type":"ImageObject","inLanguage":"fr-FR","@id":"https:\/\/portail-animation.ufcv.fr\/ateliers-seniors\/#\/schema\/person\/image\/","url":"https:\/\/secure.gravatar.com\/avatar\/8207ca5dec2038871f4ea2e2a260a192?s=96&d=mm&r=g","contentUrl":"https:\/\/secure.gravatar.com\/avatar\/8207ca5dec2038871f4ea2e2a260a192?s=96&d=mm&r=g","caption":"adelforge"},"url":"https:\/\/portail-animation.ufcv.fr\/ateliers-seniors\/author\/adelforge\/"}]}},"_links":{"self":[{"href":"https:\/\/portail-animation.ufcv.fr\/ateliers-seniors\/wp-json\/wp\/v2\/posts\/2709","targetHints":{"allow":["GET"]}}],"collection":[{"href":"https:\/\/portail-animation.ufcv.fr\/ateliers-seniors\/wp-json\/wp\/v2\/posts"}],"about":[{"href":"https:\/\/portail-animation.ufcv.fr\/ateliers-seniors\/wp-json\/wp\/v2\/types\/post"}],"author":[{"embeddable":true,"href":"https:\/\/portail-animation.ufcv.fr\/ateliers-seniors\/wp-json\/wp\/v2\/users\/150"}],"replies":[{"embeddable":true,"href":"https:\/\/portail-animation.ufcv.fr\/ateliers-seniors\/wp-json\/wp\/v2\/comments?post=2709"}],"version-history":[{"count":1,"href":"https:\/\/portail-animation.ufcv.fr\/ateliers-seniors\/wp-json\/wp\/v2\/posts\/2709\/revisions"}],"predecessor-version":[{"id":2710,"href":"https:\/\/portail-animation.ufcv.fr\/ateliers-seniors\/wp-json\/wp\/v2\/posts\/2709\/revisions\/2710"}],"wp:attachment":[{"href":"https:\/\/portail-animation.ufcv.fr\/ateliers-seniors\/wp-json\/wp\/v2\/media?parent=2709"}],"wp:term":[{"taxonomy":"category","embeddable":true,"href":"https:\/\/portail-animation.ufcv.fr\/ateliers-seniors\/wp-json\/wp\/v2\/categories?post=2709"},{"taxonomy":"post_tag","embeddable":true,"href":"https:\/\/portail-animation.ufcv.fr\/ateliers-seniors\/wp-json\/wp\/v2\/tags?post=2709"}],"curies":[{"name":"wp","href":"https:\/\/api.w.org\/{rel}","templated":true}]}}