 {"id":2749,"date":"2025-09-02T13:02:25","date_gmt":"2025-09-02T11:02:25","guid":{"rendered":"https:\/\/portail-animation.ufcv.fr\/ateliers-seniors\/?p=2749"},"modified":"2026-09-02T13:01:59","modified_gmt":"2026-09-02T11:01:59","slug":"revoluce-v-rizeni-automobilu-elektromobilita-a-nove-technologie","status":"publish","type":"post","link":"https:\/\/portail-animation.ufcv.fr\/ateliers-seniors\/2025\/09\/02\/revoluce-v-rizeni-automobilu-elektromobilita-a-nove-technologie\/","title":{"rendered":"Revoluce v \u0159\u00edzen\u00ed automobil\u016f: Elektromobilita a nov\u00e9 technologie"},"content":{"rendered":"<p>V posledn\u00edch desetilet\u00edch doch\u00e1z\u00ed k neb\u00fdval\u00e9 transformaci automobilov\u00e9ho pr\u016fmyslu, kter\u00e1 je poh\u00e1n\u011bna nejen tlakem na ochranu \u017eivotn\u00edho prost\u0159ed\u00ed, ale tak\u00e9 neust\u00e1l\u00fdm v\u00fdvojem inovativn\u00edch technologi\u00ed. Tato zm\u011bna p\u0159etv\u00e1\u0159\u00ed zp\u016fsob, jak\u00fdm lid\u00e9 vn\u00edmaj\u00ed a pou\u017e\u00edvaj\u00ed automobily, a p\u0159in\u00e1\u0161\u00ed nejen ekologick\u00e9, ale i ekonomick\u00e9 a bezpe\u010dnostn\u00ed dopady.<\/p>\n<h2>Elektrick\u00e1 vozidla jako kl\u00ed\u010d k udr\u017eiteln\u00e9 doprav\u011b<\/h2>\n<p>Podle Mezin\u00e1rodn\u00ed agentury pro energii (IEA) se po\u010det elektrick\u00fdch vozidel (EV) na sv\u011bt\u011b v\u00fdrazn\u011b zv\u00fd\u0161il, a to p\u0159edev\u0161\u00edm v Evrop\u011b a Severn\u00ed Americe. Statistiky ukazuj\u00ed, \u017ee v roce 2022 bylo registrov\u00e1no v\u00edce ne\u017e 10 milion\u016f elektromobil\u016f globaln\u011b, co\u017e p\u0159edstavuje n\u00e1r\u016fst o v\u00edce ne\u017e 50 % oproti p\u0159edchoz\u00edmu roku. Tento trend potvrzuje, \u017ee elektromobilita je nyn\u00ed nejen environment\u00e1ln\u00ed nutnost\u00ed, ale i ekonomickou p\u0159\u00edle\u017eitost\u00ed pro inovativn\u00ed spole\u010dnosti.<\/p>\n<h2>Technologick\u00e9 inovace v \u0159\u00edzen\u00ed a autonomn\u00ed vozidla<\/h2>\n<p>V\u00fdvoj autonomn\u00edch syst\u00e9m\u016f (uveden\u00fdch pod zkratkou AV \u2013 Autonomous Vehicles) m\u011bn\u00ed tradi\u010dn\u00ed r\u00e1mce \u0159\u00edzen\u00ed a navigace. Prediktivn\u00ed algoritmy, senzory LiDAR a AI poh\u00e1n\u011bj\u00ed sm\u011br v\u00fdvoje, kter\u00fd m\u00e1 potenci\u00e1l v\u00fdrazn\u011b zv\u00fd\u0161it bezpe\u010dnost silni\u010dn\u00edho provozu. Krom\u011b toho umo\u017e\u0148uj\u00ed autonomn\u00ed auta p\u0159izp\u016fsobit se komplexn\u00edmu m\u011bstsk\u00e9mu prost\u0159ed\u00ed a sni\u017euj\u00ed lidsk\u00e9 faktory, je\u017e jsou \u010dasto zdrojem dopravn\u00edch nehod.<\/p>\n<blockquote><p>\n\u00ab\u00a0Podle vy\u0161et\u0159ov\u00e1n\u00ed N\u00e1rodn\u00edho institutu pro bezpe\u010dnost dopravy (NHTSA) doch\u00e1z\u00ed k t\u00e9m\u011b\u0159 94 % dopravn\u00edch nehod zp\u016fsoben\u00fdch lidskou chybou. Technologie autonomn\u00edho \u0159\u00edzen\u00ed maj\u00ed potenci\u00e1l tyto statistiky v\u00fdrazn\u011b zlep\u0161it,\u00a0\u00bb \u0159\u00edk\u00e1 expert v oboru, Dr. Petr Nov\u00e1k.\n<\/p><\/blockquote>\n<h2>Integra\u010dn\u00ed platformy a digitalizace \u0159\u00edzen\u00ed<\/h2>\n<p>Pokro\u010dil\u00e9 digit\u00e1ln\u00ed syst\u00e9my umo\u017e\u0148uj\u00ed nejen autonomn\u00ed \u0159\u00edzen\u00ed, ale tak\u00e9 zcela zm\u011bnit zp\u016fsob spr\u00e1vy a pl\u00e1nov\u00e1n\u00ed dopravy. Modern\u00ed vozidla jsou dnes vybavena napojen\u00edm na inteligentn\u00ed infrastrukturu \u2013 nap\u0159\u00edklad dopravn\u00ed kamery, datov\u00e9 serevr\u016f a cloudov\u00e9 platformy. Jedn\u00edm z takov\u00fdch syst\u00e9m\u016f, kter\u00fd se postupn\u011b st\u00e1v\u00e1 standardem, je platforma <a href=\"https:\/\/mrcat.cz\/beetccscz5\/\">mrcat.cz\/beetccscz5\/<\/a>, dostupn\u00e1 na \u010desk\u00e9m trhu, jen\u017e slou\u017e\u00ed jako komplexn\u00ed \u0159e\u0161en\u00ed pro \u0159\u00edzen\u00ed a optimalizaci dopravy.<\/p>\n<div class=\"cta\">\n<p>Chcete-li se dozv\u011bd\u011bt, jak nejnov\u011bj\u0161\u00ed digit\u00e1ln\u00ed platformy ovliv\u0148uj\u00ed evoluci logistiky a ve\u0159ejn\u00e9 dopravy, v\u00edce informac\u00ed najdete zde.<\/p>\n<\/div>\n<h2>Data a budoucnost automotive technologi\u00ed<\/h2>\n<table>\n<thead>\n<tr>\n<th>Oblast inovace<\/th>\n<th>V\u00fdznam v praxi<\/th>\n<th>P\u0159edpokl\u00e1dan\u00fd dopad do 2030<\/th>\n<\/tr>\n<\/thead>\n<tbody>\n<tr>\n<td>Elektrick\u00e1 mobilita<\/td>\n<td>Sn\u00ed\u017een\u00ed emis\u00ed CO\u2082, ni\u017e\u0161\u00ed n\u00e1klady na \u00fadr\u017ebu<\/td>\n<td>Masov\u00e1 adopce, zlep\u0161en\u00ed infrastruktury nab\u00edjen\u00ed<\/td>\n<\/tr>\n<tr>\n<td>Autonomn\u00ed \u0159\u00edzen\u00ed<\/td>\n<td>Zv\u00fd\u0161en\u00e1 bezpe\u010dnost, efektivn\u011bj\u0161\u00ed provoz<\/td>\n<td>Kompletn\u00ed p\u0159echod na samo\u0159\u00edzen\u00e1 vozidla v m\u011bstsk\u00e9m prost\u0159ed\u00ed<\/td>\n<\/tr>\n<tr>\n<td>Data a digitalizace<\/td>\n<td>Optimalizace logistiky a dopravy, zlep\u0161en\u00ed slu\u017eeb<\/td>\n<td>Inteligentn\u00ed m\u011bsta se syst\u00e9my \u0159\u00edzen\u00ed dopravy v re\u00e1ln\u00e9m \u010dase<\/td>\n<\/tr>\n<\/tbody>\n<\/table>\n<h2>Z\u00e1v\u011br: technologie jako pil\u00ed\u0159 udr\u017eiteln\u00e9 mobility<\/h2>\n<p>Na cest\u011b k udr\u017eiteln\u011bj\u0161\u00ed budoucnosti je kl\u00ed\u010dov\u00e9 nejen zav\u00e1d\u011bn\u00ed nov\u00fdch technologi\u00ed, ale tak\u00e9 jejich spr\u00e1vn\u00e1 integrace a \u0159\u00edzen\u00ed. Platformy jako mrcat.cz\/beetccscz5\/ p\u0159edstavuj\u00ed d\u016fle\u017eitou sou\u010d\u00e1st t\u00e9to transformace, nebo\u0165 umo\u017e\u0148uj\u00ed efektivn\u00ed spr\u00e1vu a optimalizaci dopravn\u00edch syst\u00e9m\u016f. Kombinace elektromobility, autonomn\u00ed technologie a digitalizace prom\u011bn\u00ed nejen zp\u016fsob, jak\u00fdm jezd\u00edme, ale i n\u00e1\u0161 p\u0159\u00edstup k udr\u017eitelnosti a bezpe\u010dnosti na silnic\u00edch.<\/p>\n<p>Budoucnost je p\u0159ed n\u00e1mi a technologick\u00fd pokrok p\u0159edstavuje kl\u00ed\u010d k jej\u00edmu bezpe\u010dn\u00e9mu, efektivn\u00edmu a ekologick\u00e9mu uskute\u010dn\u011bn\u00ed.<\/p>\n","protected":false},"excerpt":{"rendered":"<p>V posledn\u00edch desetilet\u00edch doch\u00e1z\u00ed k neb\u00fdval\u00e9 transformaci automobilov\u00e9ho pr\u016fmyslu, kter\u00e1 je poh\u00e1n\u011bna nejen tlakem na ochranu \u017eivotn\u00edho prost\u0159ed\u00ed, ale tak\u00e9 neust\u00e1l\u00fdm v\u00fdvojem inovativn\u00edch technologi\u00ed. Tato zm\u011bna p\u0159etv\u00e1\u0159\u00ed zp\u016fsob, jak\u00fdm lid\u00e9 vn\u00edmaj\u00ed a pou\u017e\u00edvaj\u00ed automobily, a p\u0159in\u00e1\u0161\u00ed nejen ekologick\u00e9, ale i [&hellip;]<\/p>\n","protected":false},"author":150,"featured_media":0,"comment_status":"open","ping_status":"open","sticky":false,"template":"","format":"standard","meta":{"_acf_changed":false,"footnotes":""},"categories":[1],"tags":[],"class_list":["post-2749","post","type-post","status-publish","format-standard","hentry","category-non-classe"],"acf":[],"yoast_head":"<!-- This site is optimized with the Yoast SEO plugin v23.9 - https:\/\/yoast.com\/wordpress\/plugins\/seo\/ -->\r\n<title>Revoluce v \u0159\u00edzen\u00ed automobil\u016f: Elektromobilita a nov\u00e9 technologie - Ateliers seniors<\/title>\r\n<meta name=\"robots\" content=\"index, follow, max-snippet:-1, max-image-preview:large, max-video-preview:-1\" \/>\r\n<link rel=\"canonical\" href=\"https:\/\/portail-animation.ufcv.fr\/ateliers-seniors\/2025\/09\/02\/revoluce-v-rizeni-automobilu-elektromobilita-a-nove-technologie\/\" \/>\r\n<meta property=\"og:locale\" content=\"fr_FR\" \/>\r\n<meta property=\"og:type\" content=\"article\" \/>\r\n<meta property=\"og:title\" content=\"Revoluce v \u0159\u00edzen\u00ed automobil\u016f: Elektromobilita a nov\u00e9 technologie - Ateliers seniors\" \/>\r\n<meta property=\"og:description\" content=\"V posledn\u00edch desetilet\u00edch doch\u00e1z\u00ed k neb\u00fdval\u00e9 transformaci automobilov\u00e9ho pr\u016fmyslu, kter\u00e1 je poh\u00e1n\u011bna nejen tlakem na ochranu \u017eivotn\u00edho prost\u0159ed\u00ed, ale tak\u00e9 neust\u00e1l\u00fdm v\u00fdvojem inovativn\u00edch technologi\u00ed. Tato zm\u011bna p\u0159etv\u00e1\u0159\u00ed zp\u016fsob, jak\u00fdm lid\u00e9 vn\u00edmaj\u00ed a pou\u017e\u00edvaj\u00ed automobily, a p\u0159in\u00e1\u0161\u00ed nejen ekologick\u00e9, ale i [&hellip;]\" \/>\r\n<meta property=\"og:url\" content=\"https:\/\/portail-animation.ufcv.fr\/ateliers-seniors\/2025\/09\/02\/revoluce-v-rizeni-automobilu-elektromobilita-a-nove-technologie\/\" \/>\r\n<meta property=\"og:site_name\" content=\"Ateliers seniors\" \/>\r\n<meta property=\"article:published_time\" content=\"2025-09-02T11:02:25+00:00\" \/>\r\n<meta property=\"article:modified_time\" content=\"2026-09-02T11:01:59+00:00\" \/>\r\n<meta name=\"author\" content=\"adelforge\" \/>\r\n<meta name=\"twitter:card\" content=\"summary_large_image\" \/>\r\n<meta name=\"twitter:label1\" content=\"\u00c9crit par\" \/>\n\t<meta name=\"twitter:data1\" content=\"adelforge\" \/>\n\t<meta name=\"twitter:label2\" content=\"Dur\u00e9e de lecture estim\u00e9e\" \/>\n\t<meta name=\"twitter:data2\" content=\"3 minutes\" \/>\r\n<script type=\"application\/ld+json\" class=\"yoast-schema-graph\">{\"@context\":\"https:\/\/schema.org\",\"@graph\":[{\"@type\":\"WebPage\",\"@id\":\"https:\/\/portail-animation.ufcv.fr\/ateliers-seniors\/2025\/09\/02\/revoluce-v-rizeni-automobilu-elektromobilita-a-nove-technologie\/\",\"url\":\"https:\/\/portail-animation.ufcv.fr\/ateliers-seniors\/2025\/09\/02\/revoluce-v-rizeni-automobilu-elektromobilita-a-nove-technologie\/\",\"name\":\"Revoluce v \u0159\u00edzen\u00ed automobil\u016f: Elektromobilita a nov\u00e9 technologie - Ateliers seniors\",\"isPartOf\":{\"@id\":\"https:\/\/portail-animation.ufcv.fr\/ateliers-seniors\/#website\"},\"datePublished\":\"2025-09-02T11:02:25+00:00\",\"dateModified\":\"2026-09-02T11:01:59+00:00\",\"author\":{\"@id\":\"https:\/\/portail-animation.ufcv.fr\/ateliers-seniors\/#\/schema\/person\/e3920f121b148283c13890813088e2a0\"},\"breadcrumb\":{\"@id\":\"https:\/\/portail-animation.ufcv.fr\/ateliers-seniors\/2025\/09\/02\/revoluce-v-rizeni-automobilu-elektromobilita-a-nove-technologie\/#breadcrumb\"},\"inLanguage\":\"fr-FR\",\"potentialAction\":[{\"@type\":\"ReadAction\",\"target\":[\"https:\/\/portail-animation.ufcv.fr\/ateliers-seniors\/2025\/09\/02\/revoluce-v-rizeni-automobilu-elektromobilita-a-nove-technologie\/\"]}]},{\"@type\":\"BreadcrumbList\",\"@id\":\"https:\/\/portail-animation.ufcv.fr\/ateliers-seniors\/2025\/09\/02\/revoluce-v-rizeni-automobilu-elektromobilita-a-nove-technologie\/#breadcrumb\",\"itemListElement\":[{\"@type\":\"ListItem\",\"position\":1,\"name\":\"Accueil\",\"item\":\"https:\/\/portail-animation.ufcv.fr\/ateliers-seniors\/\"},{\"@type\":\"ListItem\",\"position\":2,\"name\":\"Revoluce v \u0159\u00edzen\u00ed automobil\u016f: Elektromobilita a nov\u00e9 technologie\"}]},{\"@type\":\"WebSite\",\"@id\":\"https:\/\/portail-animation.ufcv.fr\/ateliers-seniors\/#website\",\"url\":\"https:\/\/portail-animation.ufcv.fr\/ateliers-seniors\/\",\"name\":\"Ateliers seniors\",\"description\":\"Un site utilisant R\u00e9seau Portail Animation\",\"potentialAction\":[{\"@type\":\"SearchAction\",\"target\":{\"@type\":\"EntryPoint\",\"urlTemplate\":\"https:\/\/portail-animation.ufcv.fr\/ateliers-seniors\/?s={search_term_string}\"},\"query-input\":{\"@type\":\"PropertyValueSpecification\",\"valueRequired\":true,\"valueName\":\"search_term_string\"}}],\"inLanguage\":\"fr-FR\"},{\"@type\":\"Person\",\"@id\":\"https:\/\/portail-animation.ufcv.fr\/ateliers-seniors\/#\/schema\/person\/e3920f121b148283c13890813088e2a0\",\"name\":\"adelforge\",\"image\":{\"@type\":\"ImageObject\",\"inLanguage\":\"fr-FR\",\"@id\":\"https:\/\/portail-animation.ufcv.fr\/ateliers-seniors\/#\/schema\/person\/image\/\",\"url\":\"https:\/\/secure.gravatar.com\/avatar\/8207ca5dec2038871f4ea2e2a260a192?s=96&d=mm&r=g\",\"contentUrl\":\"https:\/\/secure.gravatar.com\/avatar\/8207ca5dec2038871f4ea2e2a260a192?s=96&d=mm&r=g\",\"caption\":\"adelforge\"},\"url\":\"https:\/\/portail-animation.ufcv.fr\/ateliers-seniors\/author\/adelforge\/\"}]}<\/script>\r\n<!-- \/ Yoast SEO plugin. -->","yoast_head_json":{"title":"Revoluce v \u0159\u00edzen\u00ed automobil\u016f: Elektromobilita a nov\u00e9 technologie - Ateliers seniors","robots":{"index":"index","follow":"follow","max-snippet":"max-snippet:-1","max-image-preview":"max-image-preview:large","max-video-preview":"max-video-preview:-1"},"canonical":"https:\/\/portail-animation.ufcv.fr\/ateliers-seniors\/2025\/09\/02\/revoluce-v-rizeni-automobilu-elektromobilita-a-nove-technologie\/","og_locale":"fr_FR","og_type":"article","og_title":"Revoluce v \u0159\u00edzen\u00ed automobil\u016f: Elektromobilita a nov\u00e9 technologie - Ateliers seniors","og_description":"V posledn\u00edch desetilet\u00edch doch\u00e1z\u00ed k neb\u00fdval\u00e9 transformaci automobilov\u00e9ho pr\u016fmyslu, kter\u00e1 je poh\u00e1n\u011bna nejen tlakem na ochranu \u017eivotn\u00edho prost\u0159ed\u00ed, ale tak\u00e9 neust\u00e1l\u00fdm v\u00fdvojem inovativn\u00edch technologi\u00ed. Tato zm\u011bna p\u0159etv\u00e1\u0159\u00ed zp\u016fsob, jak\u00fdm lid\u00e9 vn\u00edmaj\u00ed a pou\u017e\u00edvaj\u00ed automobily, a p\u0159in\u00e1\u0161\u00ed nejen ekologick\u00e9, ale i [&hellip;]","og_url":"https:\/\/portail-animation.ufcv.fr\/ateliers-seniors\/2025\/09\/02\/revoluce-v-rizeni-automobilu-elektromobilita-a-nove-technologie\/","og_site_name":"Ateliers seniors","article_published_time":"2025-09-02T11:02:25+00:00","article_modified_time":"2026-09-02T11:01:59+00:00","author":"adelforge","twitter_card":"summary_large_image","twitter_misc":{"\u00c9crit par":"adelforge","Dur\u00e9e de lecture estim\u00e9e":"3 minutes"},"schema":{"@context":"https:\/\/schema.org","@graph":[{"@type":"WebPage","@id":"https:\/\/portail-animation.ufcv.fr\/ateliers-seniors\/2025\/09\/02\/revoluce-v-rizeni-automobilu-elektromobilita-a-nove-technologie\/","url":"https:\/\/portail-animation.ufcv.fr\/ateliers-seniors\/2025\/09\/02\/revoluce-v-rizeni-automobilu-elektromobilita-a-nove-technologie\/","name":"Revoluce v \u0159\u00edzen\u00ed automobil\u016f: Elektromobilita a nov\u00e9 technologie - Ateliers seniors","isPartOf":{"@id":"https:\/\/portail-animation.ufcv.fr\/ateliers-seniors\/#website"},"datePublished":"2025-09-02T11:02:25+00:00","dateModified":"2026-09-02T11:01:59+00:00","author":{"@id":"https:\/\/portail-animation.ufcv.fr\/ateliers-seniors\/#\/schema\/person\/e3920f121b148283c13890813088e2a0"},"breadcrumb":{"@id":"https:\/\/portail-animation.ufcv.fr\/ateliers-seniors\/2025\/09\/02\/revoluce-v-rizeni-automobilu-elektromobilita-a-nove-technologie\/#breadcrumb"},"inLanguage":"fr-FR","potentialAction":[{"@type":"ReadAction","target":["https:\/\/portail-animation.ufcv.fr\/ateliers-seniors\/2025\/09\/02\/revoluce-v-rizeni-automobilu-elektromobilita-a-nove-technologie\/"]}]},{"@type":"BreadcrumbList","@id":"https:\/\/portail-animation.ufcv.fr\/ateliers-seniors\/2025\/09\/02\/revoluce-v-rizeni-automobilu-elektromobilita-a-nove-technologie\/#breadcrumb","itemListElement":[{"@type":"ListItem","position":1,"name":"Accueil","item":"https:\/\/portail-animation.ufcv.fr\/ateliers-seniors\/"},{"@type":"ListItem","position":2,"name":"Revoluce v \u0159\u00edzen\u00ed automobil\u016f: Elektromobilita a nov\u00e9 technologie"}]},{"@type":"WebSite","@id":"https:\/\/portail-animation.ufcv.fr\/ateliers-seniors\/#website","url":"https:\/\/portail-animation.ufcv.fr\/ateliers-seniors\/","name":"Ateliers seniors","description":"Un site utilisant R\u00e9seau Portail Animation","potentialAction":[{"@type":"SearchAction","target":{"@type":"EntryPoint","urlTemplate":"https:\/\/portail-animation.ufcv.fr\/ateliers-seniors\/?s={search_term_string}"},"query-input":{"@type":"PropertyValueSpecification","valueRequired":true,"valueName":"search_term_string"}}],"inLanguage":"fr-FR"},{"@type":"Person","@id":"https:\/\/portail-animation.ufcv.fr\/ateliers-seniors\/#\/schema\/person\/e3920f121b148283c13890813088e2a0","name":"adelforge","image":{"@type":"ImageObject","inLanguage":"fr-FR","@id":"https:\/\/portail-animation.ufcv.fr\/ateliers-seniors\/#\/schema\/person\/image\/","url":"https:\/\/secure.gravatar.com\/avatar\/8207ca5dec2038871f4ea2e2a260a192?s=96&d=mm&r=g","contentUrl":"https:\/\/secure.gravatar.com\/avatar\/8207ca5dec2038871f4ea2e2a260a192?s=96&d=mm&r=g","caption":"adelforge"},"url":"https:\/\/portail-animation.ufcv.fr\/ateliers-seniors\/author\/adelforge\/"}]}},"_links":{"self":[{"href":"https:\/\/portail-animation.ufcv.fr\/ateliers-seniors\/wp-json\/wp\/v2\/posts\/2749","targetHints":{"allow":["GET"]}}],"collection":[{"href":"https:\/\/portail-animation.ufcv.fr\/ateliers-seniors\/wp-json\/wp\/v2\/posts"}],"about":[{"href":"https:\/\/portail-animation.ufcv.fr\/ateliers-seniors\/wp-json\/wp\/v2\/types\/post"}],"author":[{"embeddable":true,"href":"https:\/\/portail-animation.ufcv.fr\/ateliers-seniors\/wp-json\/wp\/v2\/users\/150"}],"replies":[{"embeddable":true,"href":"https:\/\/portail-animation.ufcv.fr\/ateliers-seniors\/wp-json\/wp\/v2\/comments?post=2749"}],"version-history":[{"count":1,"href":"https:\/\/portail-animation.ufcv.fr\/ateliers-seniors\/wp-json\/wp\/v2\/posts\/2749\/revisions"}],"predecessor-version":[{"id":2750,"href":"https:\/\/portail-animation.ufcv.fr\/ateliers-seniors\/wp-json\/wp\/v2\/posts\/2749\/revisions\/2750"}],"wp:attachment":[{"href":"https:\/\/portail-animation.ufcv.fr\/ateliers-seniors\/wp-json\/wp\/v2\/media?parent=2749"}],"wp:term":[{"taxonomy":"category","embeddable":true,"href":"https:\/\/portail-animation.ufcv.fr\/ateliers-seniors\/wp-json\/wp\/v2\/categories?post=2749"},{"taxonomy":"post_tag","embeddable":true,"href":"https:\/\/portail-animation.ufcv.fr\/ateliers-seniors\/wp-json\/wp\/v2\/tags?post=2749"}],"curies":[{"name":"wp","href":"https:\/\/api.w.org\/{rel}","templated":true}]}}