 {"id":2905,"date":"2025-09-02T15:24:49","date_gmt":"2025-09-02T13:24:49","guid":{"rendered":"https:\/\/portail-animation.ufcv.fr\/ateliers-seniors\/?p=2905"},"modified":"2026-09-02T15:24:24","modified_gmt":"2026-09-02T13:24:24","slug":"strategie-e-innovazioni-nel-potenziamento-della-memoria-un-analisi-approfondita","status":"publish","type":"post","link":"https:\/\/portail-animation.ufcv.fr\/ateliers-seniors\/2025\/09\/02\/strategie-e-innovazioni-nel-potenziamento-della-memoria-un-analisi-approfondita\/","title":{"rendered":"Strategie e Innovazioni nel Potenziamento della Memoria: Un&rsquo;Analisi Approfondita"},"content":{"rendered":"<p>Nel panorama odierno, dove la quantit\u00e0 di informazioni a nostra disposizione cresce esponenzialmente giorno dopo giorno, la capacit\u00e0 di memorizzare, elaborare e recuperare dati rappresenta un vantaggio competitivo considerevole, sia a livello personale che professionale. Secondo studi recenti condotti nel campo della neuroscienza, le tecniche di potenziamento mnemonico si stanno evolvendo rapidamente, integrate con strumenti digitali innovativi e approcci neuropsicologici all\u2019avanguardia.<\/p>\n<h2>La Ricerca Scientifica e le Strategie di Potenziamento della Memoria<\/h2>\n<p>Le ricerche condotte dall\u2019<em>Oxford Cognitive Neuroscience<\/em> suggeriscono che pratiche come la ripetizione spaziale, l\u2019associazione mnemonica e l\u2019uso di mappe mentali sono tecniche fondamentali per migliorare la ritenzione. Tuttavia, con l\u2019avvento delle tecnologie digitali, gli utenti si stanno rivolgendo sempre pi\u00f9 a applicazioni innovative che facilitano l\u2019apprendimento e la memoria.<\/p>\n<blockquote><p>\n\u00ab\u00a0La tecnologia sta rivoluzionando il modo in cui esercitiamo la nostra memoria, offrendo strumenti personalizzabili che si adattano alle esigenze di ogni individuo.\u00a0\u00bb \u2013 Dr. Lucia Bianchi, Psicologa Cognitiva\n<\/p><\/blockquote>\n<h2>Innovazione Digitale e Applicazioni per l\u2019Esercizio della Memoria<\/h2>\n<p>Tra le soluzioni emergenti, le app di allenamento cerebrale rappresentano una frontiera sempre pi\u00f9 consolidata. Queste applicazioni sfruttano algoritmi di intelligenza artificiale e tecniche di gamification per incentivare gli utenti a praticare regolarmente, favorendo la plasticit\u00e0 cerebrale e migliorando la memoria a breve e lungo termine.<\/p>\n<p>Un esempio di questa tendenza \u00e8 rappresentato da piattaforme che propongono esercizi di memoria visiva, logica, e acustica, calibrati sulle capacit\u00e0 di ogni singolo utente. La loro efficacia si basa su evidenze scientifiche: test clinici dimostrano che programmi personalizzati possono aumentare la capacit\u00e0 mnemonica fino al 30% in soggetti adulti.<\/p>\n<h2>Il ruolo delle App di Memoria nel Mondo Digitale<\/h2>\n<p>In questo contesto, strumenti come <a href=\"https:\/\/towerrushmemory.app\/it\/\">prova l&rsquo;app Tower Rush Memory online<\/a>, si inseriscono come esempi di innovazione e affidabilit\u00e0. Questa applicazione, sviluppata con un approccio scientifico, offre esercizi dinamici per allenare la memoria visiva e spaziale in modo coinvolgente e facilmente accessibile, rendendo la pratica quotidiana un\u2019esperienza stimolante e gratificante.<\/p>\n<h2>Perch\u00e9 Scegliere una Soluzione Digitale Basata sulla Ricerca<\/h2>\n<table>\n<thead>\n<tr>\n<th>Caratteristica<\/th>\n<th>Vantaggi<\/th>\n<th>Esempio<\/th>\n<\/tr>\n<\/thead>\n<tbody>\n<tr>\n<td>Personalizzazione<\/td>\n<td>Adatta alle esigenze di ogni utente, massimizzando l\u2019efficacia<\/td>\n<td>App come Tower Rush Memory adattata ai livelli di difficolt\u00e0<\/td>\n<\/tr>\n<tr>\n<td>Scalabilit\u00e0<\/td>\n<td>Pu\u00f2 essere usata ovunque e in qualsiasi momento<\/td>\n<td>Utilizzo su smartphone e tablet<\/td>\n<\/tr>\n<tr>\n<td>Interattivit\u00e0<\/td>\n<td>Mantiene alta l\u2019attenzione e favorisce l\u2019apprendimento attivo<\/td>\n<td>Esercizi ludici e sfide competitive<\/td>\n<\/tr>\n<tr>\n<td>Supporto scientifico<\/td>\n<td>Basata su studi e metodologie riconosciute<\/td>\n<td>Programmi sviluppati in collaborazione con neuroscienziati<\/td>\n<\/tr>\n<\/tbody>\n<\/table>\n<h2>Concludendo: La Sfida della Memoria nell\u2019Era Digitale<\/h2>\n<p>In conclusione, l\u2019avanzamento delle tecnologie digitali offre strumenti potenti per il miglioramento della memoria umana, ponendo attenzione sull\u2019importanza di approcci basati su evidenze scientifiche. La combinazione di tecniche tradizionali e innovazioni digitali rappresenta la strada pi\u00f9 promettente per potenziare le capacit\u00e0 mnemoniche in modo efficace, duraturo e personalizzato.<\/p>\n<p>Per coloro interessati a sperimentare le potenzialit\u00e0 di queste soluzioni all\u2019avanguardia, si consiglia di prova l&rsquo;app Tower Rush Memory online. Questo strumento si configura come una risorsa affidabile e supportata da metodologie scientifiche per allenare e potenziare la memoria in modo innovativo e coinvolgente.<\/p>\n","protected":false},"excerpt":{"rendered":"<p>Nel panorama odierno, dove la quantit\u00e0 di informazioni a nostra disposizione cresce esponenzialmente giorno dopo giorno, la capacit\u00e0 di memorizzare, elaborare e recuperare dati rappresenta un vantaggio competitivo considerevole, sia a livello personale che professionale. Secondo studi recenti condotti nel [&hellip;]<\/p>\n","protected":false},"author":150,"featured_media":0,"comment_status":"open","ping_status":"open","sticky":false,"template":"","format":"standard","meta":{"_acf_changed":false,"footnotes":""},"categories":[1],"tags":[],"class_list":["post-2905","post","type-post","status-publish","format-standard","hentry","category-non-classe"],"acf":[],"yoast_head":"<!-- This site is optimized with the Yoast SEO plugin v23.9 - https:\/\/yoast.com\/wordpress\/plugins\/seo\/ -->\r\n<title>Strategie e Innovazioni nel Potenziamento della Memoria: Un&#039;Analisi Approfondita - Ateliers seniors<\/title>\r\n<meta name=\"robots\" content=\"index, follow, max-snippet:-1, max-image-preview:large, max-video-preview:-1\" \/>\r\n<link rel=\"canonical\" href=\"https:\/\/portail-animation.ufcv.fr\/ateliers-seniors\/2025\/09\/02\/strategie-e-innovazioni-nel-potenziamento-della-memoria-un-analisi-approfondita\/\" \/>\r\n<meta property=\"og:locale\" content=\"fr_FR\" \/>\r\n<meta property=\"og:type\" content=\"article\" \/>\r\n<meta property=\"og:title\" content=\"Strategie e Innovazioni nel Potenziamento della Memoria: Un&#039;Analisi Approfondita - Ateliers seniors\" \/>\r\n<meta property=\"og:description\" content=\"Nel panorama odierno, dove la quantit\u00e0 di informazioni a nostra disposizione cresce esponenzialmente giorno dopo giorno, la capacit\u00e0 di memorizzare, elaborare e recuperare dati rappresenta un vantaggio competitivo considerevole, sia a livello personale che professionale. Secondo studi recenti condotti nel [&hellip;]\" \/>\r\n<meta property=\"og:url\" content=\"https:\/\/portail-animation.ufcv.fr\/ateliers-seniors\/2025\/09\/02\/strategie-e-innovazioni-nel-potenziamento-della-memoria-un-analisi-approfondita\/\" \/>\r\n<meta property=\"og:site_name\" content=\"Ateliers seniors\" \/>\r\n<meta property=\"article:published_time\" content=\"2025-09-02T13:24:49+00:00\" \/>\r\n<meta property=\"article:modified_time\" content=\"2026-09-02T13:24:24+00:00\" \/>\r\n<meta name=\"author\" content=\"adelforge\" \/>\r\n<meta name=\"twitter:card\" content=\"summary_large_image\" \/>\r\n<meta name=\"twitter:label1\" content=\"\u00c9crit par\" \/>\n\t<meta name=\"twitter:data1\" content=\"adelforge\" \/>\n\t<meta name=\"twitter:label2\" content=\"Dur\u00e9e de lecture estim\u00e9e\" \/>\n\t<meta name=\"twitter:data2\" content=\"2 minutes\" \/>\r\n<script type=\"application\/ld+json\" class=\"yoast-schema-graph\">{\"@context\":\"https:\/\/schema.org\",\"@graph\":[{\"@type\":\"WebPage\",\"@id\":\"https:\/\/portail-animation.ufcv.fr\/ateliers-seniors\/2025\/09\/02\/strategie-e-innovazioni-nel-potenziamento-della-memoria-un-analisi-approfondita\/\",\"url\":\"https:\/\/portail-animation.ufcv.fr\/ateliers-seniors\/2025\/09\/02\/strategie-e-innovazioni-nel-potenziamento-della-memoria-un-analisi-approfondita\/\",\"name\":\"Strategie e Innovazioni nel Potenziamento della Memoria: Un'Analisi Approfondita - Ateliers seniors\",\"isPartOf\":{\"@id\":\"https:\/\/portail-animation.ufcv.fr\/ateliers-seniors\/#website\"},\"datePublished\":\"2025-09-02T13:24:49+00:00\",\"dateModified\":\"2026-09-02T13:24:24+00:00\",\"author\":{\"@id\":\"https:\/\/portail-animation.ufcv.fr\/ateliers-seniors\/#\/schema\/person\/e3920f121b148283c13890813088e2a0\"},\"breadcrumb\":{\"@id\":\"https:\/\/portail-animation.ufcv.fr\/ateliers-seniors\/2025\/09\/02\/strategie-e-innovazioni-nel-potenziamento-della-memoria-un-analisi-approfondita\/#breadcrumb\"},\"inLanguage\":\"fr-FR\",\"potentialAction\":[{\"@type\":\"ReadAction\",\"target\":[\"https:\/\/portail-animation.ufcv.fr\/ateliers-seniors\/2025\/09\/02\/strategie-e-innovazioni-nel-potenziamento-della-memoria-un-analisi-approfondita\/\"]}]},{\"@type\":\"BreadcrumbList\",\"@id\":\"https:\/\/portail-animation.ufcv.fr\/ateliers-seniors\/2025\/09\/02\/strategie-e-innovazioni-nel-potenziamento-della-memoria-un-analisi-approfondita\/#breadcrumb\",\"itemListElement\":[{\"@type\":\"ListItem\",\"position\":1,\"name\":\"Accueil\",\"item\":\"https:\/\/portail-animation.ufcv.fr\/ateliers-seniors\/\"},{\"@type\":\"ListItem\",\"position\":2,\"name\":\"Strategie e Innovazioni nel Potenziamento della Memoria: Un&rsquo;Analisi Approfondita\"}]},{\"@type\":\"WebSite\",\"@id\":\"https:\/\/portail-animation.ufcv.fr\/ateliers-seniors\/#website\",\"url\":\"https:\/\/portail-animation.ufcv.fr\/ateliers-seniors\/\",\"name\":\"Ateliers seniors\",\"description\":\"Un site utilisant R\u00e9seau Portail Animation\",\"potentialAction\":[{\"@type\":\"SearchAction\",\"target\":{\"@type\":\"EntryPoint\",\"urlTemplate\":\"https:\/\/portail-animation.ufcv.fr\/ateliers-seniors\/?s={search_term_string}\"},\"query-input\":{\"@type\":\"PropertyValueSpecification\",\"valueRequired\":true,\"valueName\":\"search_term_string\"}}],\"inLanguage\":\"fr-FR\"},{\"@type\":\"Person\",\"@id\":\"https:\/\/portail-animation.ufcv.fr\/ateliers-seniors\/#\/schema\/person\/e3920f121b148283c13890813088e2a0\",\"name\":\"adelforge\",\"image\":{\"@type\":\"ImageObject\",\"inLanguage\":\"fr-FR\",\"@id\":\"https:\/\/portail-animation.ufcv.fr\/ateliers-seniors\/#\/schema\/person\/image\/\",\"url\":\"https:\/\/secure.gravatar.com\/avatar\/8207ca5dec2038871f4ea2e2a260a192?s=96&d=mm&r=g\",\"contentUrl\":\"https:\/\/secure.gravatar.com\/avatar\/8207ca5dec2038871f4ea2e2a260a192?s=96&d=mm&r=g\",\"caption\":\"adelforge\"},\"url\":\"https:\/\/portail-animation.ufcv.fr\/ateliers-seniors\/author\/adelforge\/\"}]}<\/script>\r\n<!-- \/ Yoast SEO plugin. -->","yoast_head_json":{"title":"Strategie e Innovazioni nel Potenziamento della Memoria: Un'Analisi Approfondita - Ateliers seniors","robots":{"index":"index","follow":"follow","max-snippet":"max-snippet:-1","max-image-preview":"max-image-preview:large","max-video-preview":"max-video-preview:-1"},"canonical":"https:\/\/portail-animation.ufcv.fr\/ateliers-seniors\/2025\/09\/02\/strategie-e-innovazioni-nel-potenziamento-della-memoria-un-analisi-approfondita\/","og_locale":"fr_FR","og_type":"article","og_title":"Strategie e Innovazioni nel Potenziamento della Memoria: Un'Analisi Approfondita - Ateliers seniors","og_description":"Nel panorama odierno, dove la quantit\u00e0 di informazioni a nostra disposizione cresce esponenzialmente giorno dopo giorno, la capacit\u00e0 di memorizzare, elaborare e recuperare dati rappresenta un vantaggio competitivo considerevole, sia a livello personale che professionale. Secondo studi recenti condotti nel [&hellip;]","og_url":"https:\/\/portail-animation.ufcv.fr\/ateliers-seniors\/2025\/09\/02\/strategie-e-innovazioni-nel-potenziamento-della-memoria-un-analisi-approfondita\/","og_site_name":"Ateliers seniors","article_published_time":"2025-09-02T13:24:49+00:00","article_modified_time":"2026-09-02T13:24:24+00:00","author":"adelforge","twitter_card":"summary_large_image","twitter_misc":{"\u00c9crit par":"adelforge","Dur\u00e9e de lecture estim\u00e9e":"2 minutes"},"schema":{"@context":"https:\/\/schema.org","@graph":[{"@type":"WebPage","@id":"https:\/\/portail-animation.ufcv.fr\/ateliers-seniors\/2025\/09\/02\/strategie-e-innovazioni-nel-potenziamento-della-memoria-un-analisi-approfondita\/","url":"https:\/\/portail-animation.ufcv.fr\/ateliers-seniors\/2025\/09\/02\/strategie-e-innovazioni-nel-potenziamento-della-memoria-un-analisi-approfondita\/","name":"Strategie e Innovazioni nel Potenziamento della Memoria: Un'Analisi Approfondita - Ateliers seniors","isPartOf":{"@id":"https:\/\/portail-animation.ufcv.fr\/ateliers-seniors\/#website"},"datePublished":"2025-09-02T13:24:49+00:00","dateModified":"2026-09-02T13:24:24+00:00","author":{"@id":"https:\/\/portail-animation.ufcv.fr\/ateliers-seniors\/#\/schema\/person\/e3920f121b148283c13890813088e2a0"},"breadcrumb":{"@id":"https:\/\/portail-animation.ufcv.fr\/ateliers-seniors\/2025\/09\/02\/strategie-e-innovazioni-nel-potenziamento-della-memoria-un-analisi-approfondita\/#breadcrumb"},"inLanguage":"fr-FR","potentialAction":[{"@type":"ReadAction","target":["https:\/\/portail-animation.ufcv.fr\/ateliers-seniors\/2025\/09\/02\/strategie-e-innovazioni-nel-potenziamento-della-memoria-un-analisi-approfondita\/"]}]},{"@type":"BreadcrumbList","@id":"https:\/\/portail-animation.ufcv.fr\/ateliers-seniors\/2025\/09\/02\/strategie-e-innovazioni-nel-potenziamento-della-memoria-un-analisi-approfondita\/#breadcrumb","itemListElement":[{"@type":"ListItem","position":1,"name":"Accueil","item":"https:\/\/portail-animation.ufcv.fr\/ateliers-seniors\/"},{"@type":"ListItem","position":2,"name":"Strategie e Innovazioni nel Potenziamento della Memoria: Un&rsquo;Analisi Approfondita"}]},{"@type":"WebSite","@id":"https:\/\/portail-animation.ufcv.fr\/ateliers-seniors\/#website","url":"https:\/\/portail-animation.ufcv.fr\/ateliers-seniors\/","name":"Ateliers seniors","description":"Un site utilisant R\u00e9seau Portail Animation","potentialAction":[{"@type":"SearchAction","target":{"@type":"EntryPoint","urlTemplate":"https:\/\/portail-animation.ufcv.fr\/ateliers-seniors\/?s={search_term_string}"},"query-input":{"@type":"PropertyValueSpecification","valueRequired":true,"valueName":"search_term_string"}}],"inLanguage":"fr-FR"},{"@type":"Person","@id":"https:\/\/portail-animation.ufcv.fr\/ateliers-seniors\/#\/schema\/person\/e3920f121b148283c13890813088e2a0","name":"adelforge","image":{"@type":"ImageObject","inLanguage":"fr-FR","@id":"https:\/\/portail-animation.ufcv.fr\/ateliers-seniors\/#\/schema\/person\/image\/","url":"https:\/\/secure.gravatar.com\/avatar\/8207ca5dec2038871f4ea2e2a260a192?s=96&d=mm&r=g","contentUrl":"https:\/\/secure.gravatar.com\/avatar\/8207ca5dec2038871f4ea2e2a260a192?s=96&d=mm&r=g","caption":"adelforge"},"url":"https:\/\/portail-animation.ufcv.fr\/ateliers-seniors\/author\/adelforge\/"}]}},"_links":{"self":[{"href":"https:\/\/portail-animation.ufcv.fr\/ateliers-seniors\/wp-json\/wp\/v2\/posts\/2905","targetHints":{"allow":["GET"]}}],"collection":[{"href":"https:\/\/portail-animation.ufcv.fr\/ateliers-seniors\/wp-json\/wp\/v2\/posts"}],"about":[{"href":"https:\/\/portail-animation.ufcv.fr\/ateliers-seniors\/wp-json\/wp\/v2\/types\/post"}],"author":[{"embeddable":true,"href":"https:\/\/portail-animation.ufcv.fr\/ateliers-seniors\/wp-json\/wp\/v2\/users\/150"}],"replies":[{"embeddable":true,"href":"https:\/\/portail-animation.ufcv.fr\/ateliers-seniors\/wp-json\/wp\/v2\/comments?post=2905"}],"version-history":[{"count":1,"href":"https:\/\/portail-animation.ufcv.fr\/ateliers-seniors\/wp-json\/wp\/v2\/posts\/2905\/revisions"}],"predecessor-version":[{"id":2906,"href":"https:\/\/portail-animation.ufcv.fr\/ateliers-seniors\/wp-json\/wp\/v2\/posts\/2905\/revisions\/2906"}],"wp:attachment":[{"href":"https:\/\/portail-animation.ufcv.fr\/ateliers-seniors\/wp-json\/wp\/v2\/media?parent=2905"}],"wp:term":[{"taxonomy":"category","embeddable":true,"href":"https:\/\/portail-animation.ufcv.fr\/ateliers-seniors\/wp-json\/wp\/v2\/categories?post=2905"},{"taxonomy":"post_tag","embeddable":true,"href":"https:\/\/portail-animation.ufcv.fr\/ateliers-seniors\/wp-json\/wp\/v2\/tags?post=2905"}],"curies":[{"name":"wp","href":"https:\/\/api.w.org\/{rel}","templated":true}]}}