 {"id":3597,"date":"2025-09-02T23:35:42","date_gmt":"2025-09-02T21:35:42","guid":{"rendered":"https:\/\/portail-animation.ufcv.fr\/ateliers-seniors\/?p=3597"},"modified":"2026-09-02T23:35:16","modified_gmt":"2026-09-02T21:35:16","slug":"transformacion-digital-en-la-gestion-empresarial-un-analisis-profundo","status":"publish","type":"post","link":"https:\/\/portail-animation.ufcv.fr\/ateliers-seniors\/2025\/09\/02\/transformacion-digital-en-la-gestion-empresarial-un-analisis-profundo\/","title":{"rendered":"Transformaci\u00f3n Digital en la Gesti\u00f3n Empresarial: Un An\u00e1lisis Profundo"},"content":{"rendered":"<p>\nEn un entorno empresarial cada vez m\u00e1s competitivo y saturado de informaci\u00f3n, la transformaci\u00f3n digital se ha consolidado como un factor clave para la sostenibilidad y el crecimiento de las compa\u00f1\u00edas. La adopci\u00f3n de tecnolog\u00edas innovadoras no solo permite optimizar procesos internos, sino que tambi\u00e9n redefine la relaci\u00f3n con los clientes y la posici\u00f3n en el mercado global.\n<\/p>\n<h2>El Impacto de la Digitalizaci\u00f3n en la Estrategia Empresarial<\/h2>\n<p>\nEl proceso de digitalizaci\u00f3n ha restructurado fundamentalmente c\u00f3mo las organizaciones abordan su estrategia corporativa. Desde la gesti\u00f3n de datos y automatizaci\u00f3n hasta la comunicaci\u00f3n y experiencia del cliente, cada componente de la operaci\u00f3n evoluciona hacia una interacci\u00f3n m\u00e1s eficiente y personalizada.\n<\/p>\n<p>\nLas empresas l\u00edderes en su sector han demostrado que integrar plataformas digitales robustas incrementa su competitividad y resiliencia ante cambios econ\u00f3micos. La reciente tendencia de adoptar tecnolog\u00edas de inteligencia artificial (IA), an\u00e1lisis predictivo y automatizaci\u00f3n en la cadena de suministro ejemplifica esta transformaci\u00f3n en acci\u00f3n.\n<\/p>\n<h2>Factores Clave para una Digitalizaci\u00f3n Exitosa<\/h2>\n<table>\n<thead>\n<tr>\n<th>Factor<\/th>\n<th>Descripci\u00f3n<\/th>\n<th>Ejemplo<\/th>\n<\/tr>\n<\/thead>\n<tbody>\n<tr>\n<td><span class=\"accent\">Liderazgo comprometido<\/span><\/td>\n<td>El apoyo y visi\u00f3n estrat\u00e9gica de la alta direcci\u00f3n para impulsar cambios tecnol\u00f3gicos.<\/td>\n<td>Empresas que invierten recursos en formaci\u00f3n digital y cambio cultural.<\/td>\n<\/tr>\n<tr>\n<td><span class=\"accent\">Infraestructura tecnol\u00f3gica<\/span><\/td>\n<td>Implementaci\u00f3n de plataformas escalables y seguras compatibles con nuevos procesos.<\/td>\n<td>Cloud computing y sistemas de gesti\u00f3n integrados (ERP, CRM).<\/td>\n<\/tr>\n<tr>\n<td><span class=\"accent\">Cultura de innovaci\u00f3n<\/span><\/td>\n<td>Fomentar un entorno que valore y promueva la creatividad y el uso de nuevas tecnolog\u00edas.<\/td>\n<td>Programas internos de innovaci\u00f3n y colaboraci\u00f3n multidisciplinaria.<\/td>\n<\/tr>\n<\/tbody>\n<\/table>\n<h2>Casos de Estudio: Empresas que Han Liderado la Transformaci\u00f3n Digital<\/h2>\n<p>\nEfectuar un an\u00e1lisis de casos pr\u00e1cticos revela patrones de \u00e9xito y obst\u00e1culos comunes en la digitalizaci\u00f3n empresarial. Un ejemplo destacado es la multinacional de retail <em>EjemploEditado<\/em>, que invirti\u00f3 en big data y comercio electr\u00f3nico para aumentar sus ventas en un 35% en solo dos a\u00f1os, consolidando su presencia en plataformas digitales.\n<\/p>\n<blockquote><p>\n\u00ab\u00a0Integrar soluciones tecnol\u00f3gicas avanzadas requiere un compromiso estrat\u00e9gico y una visi\u00f3n a largo plazo, pero sus beneficios en la eficiencia y experiencia del cliente son incontrovertibles.\u00a0\u00bb<br \/>\n\u2014 <em>Analista en Transformaci\u00f3n Digital<\/em>\n<\/p><\/blockquote>\n<h2>Herramientas y Servicios que Impulsan la Digitalizaci\u00f3n<\/h2>\n<p>\nSeleccionar las herramientas adecuadas es crucial para el \u00e9xito de la digitalizaci\u00f3n. Actualmente, los servicios que ofrecen consultor\u00eda especializada y tecnolog\u00eda en la nube, como los proporcionados por expertos en transformaci\u00f3n digital, permiten a las empresas adaptar soluciones a medida y conseguir ventajas competitivas sustanciales.\n<\/p>\n<p>\nPara organizaciones que desean consolidar su transici\u00f3n digital, consultar a referentes en el sector puede ser decisivo. En este sentido, <a href=\"https:\/\/winstler.es\/\">https:\/\/winstler.es\/<\/a> emerge como una fuente de confianza, especializada en asistir a las empresas en la digitalizaci\u00f3n, automatizaci\u00f3n y optimizaci\u00f3n de procesos, proporcionando asesor\u00eda integral y soluciones tecnol\u00f3gicas de vanguardia.\n<\/p>\n<h2>Perspectivas Futuras<\/h2>\n<p>\nMirando hacia adelante, el panorama de la transformaci\u00f3n digital contin\u00faa evolucionando r\u00e1pidamente. Tecnolog\u00edas como la inteligencia artificial explicable, la ciberseguridad avanzada y la integraci\u00f3n de IoT (Internet de las cosas) marcar\u00e1n los pr\u00f3ximos hitos de esta revoluci\u00f3n tecnol\u00f3gica, exigiendo a las empresas estar en constante adaptaci\u00f3n.\n<\/p>\n<h2>Conclusi\u00f3n<\/h2>\n<p>\nLa transformaci\u00f3n digital ya no es una opci\u00f3n, sino una necesidad imperante para las organizaciones que buscan mantenerse relevantes y competitivas en un mercado global din\u00e1mico. La adopci\u00f3n de una estrategia digital bien fundamentada, apoyada en asesor\u00eda especializada como la que ofrece https:\/\/winstler.es\/, puede marcar la diferencia entre liderar o quedarse atr\u00e1s.\n<\/p>\n<p style=\"margin-top:3rem;font-size:1rem;color:#555\">\n*Este an\u00e1lisis profundiza en las tendencias y mejores pr\u00e1cticas del sector, basado en estudios, experiencias de campo y perspectivas de expertos en innovaci\u00f3n empresarial.*<\/p>\n","protected":false},"excerpt":{"rendered":"<p>En un entorno empresarial cada vez m\u00e1s competitivo y saturado de informaci\u00f3n, la transformaci\u00f3n digital se ha consolidado como un factor clave para la sostenibilidad y el crecimiento de las compa\u00f1\u00edas. La adopci\u00f3n de tecnolog\u00edas innovadoras no solo permite optimizar [&hellip;]<\/p>\n","protected":false},"author":150,"featured_media":0,"comment_status":"open","ping_status":"open","sticky":false,"template":"","format":"standard","meta":{"_acf_changed":false,"footnotes":""},"categories":[1],"tags":[],"class_list":["post-3597","post","type-post","status-publish","format-standard","hentry","category-non-classe"],"acf":[],"yoast_head":"<!-- This site is optimized with the Yoast SEO plugin v23.9 - https:\/\/yoast.com\/wordpress\/plugins\/seo\/ -->\r\n<title>Transformaci\u00f3n Digital en la Gesti\u00f3n Empresarial: Un An\u00e1lisis Profundo - Ateliers seniors<\/title>\r\n<meta name=\"robots\" content=\"index, follow, max-snippet:-1, max-image-preview:large, max-video-preview:-1\" \/>\r\n<link rel=\"canonical\" href=\"https:\/\/portail-animation.ufcv.fr\/ateliers-seniors\/2025\/09\/02\/transformacion-digital-en-la-gestion-empresarial-un-analisis-profundo\/\" \/>\r\n<meta property=\"og:locale\" content=\"fr_FR\" \/>\r\n<meta property=\"og:type\" content=\"article\" \/>\r\n<meta property=\"og:title\" content=\"Transformaci\u00f3n Digital en la Gesti\u00f3n Empresarial: Un An\u00e1lisis Profundo - Ateliers seniors\" \/>\r\n<meta property=\"og:description\" content=\"En un entorno empresarial cada vez m\u00e1s competitivo y saturado de informaci\u00f3n, la transformaci\u00f3n digital se ha consolidado como un factor clave para la sostenibilidad y el crecimiento de las compa\u00f1\u00edas. La adopci\u00f3n de tecnolog\u00edas innovadoras no solo permite optimizar [&hellip;]\" \/>\r\n<meta property=\"og:url\" content=\"https:\/\/portail-animation.ufcv.fr\/ateliers-seniors\/2025\/09\/02\/transformacion-digital-en-la-gestion-empresarial-un-analisis-profundo\/\" \/>\r\n<meta property=\"og:site_name\" content=\"Ateliers seniors\" \/>\r\n<meta property=\"article:published_time\" content=\"2025-09-02T21:35:42+00:00\" \/>\r\n<meta property=\"article:modified_time\" content=\"2026-09-02T21:35:16+00:00\" \/>\r\n<meta name=\"author\" content=\"adelforge\" \/>\r\n<meta name=\"twitter:card\" content=\"summary_large_image\" \/>\r\n<meta name=\"twitter:label1\" content=\"\u00c9crit par\" \/>\n\t<meta name=\"twitter:data1\" content=\"adelforge\" \/>\n\t<meta name=\"twitter:label2\" content=\"Dur\u00e9e de lecture estim\u00e9e\" \/>\n\t<meta name=\"twitter:data2\" content=\"3 minutes\" \/>\r\n<script type=\"application\/ld+json\" class=\"yoast-schema-graph\">{\"@context\":\"https:\/\/schema.org\",\"@graph\":[{\"@type\":\"WebPage\",\"@id\":\"https:\/\/portail-animation.ufcv.fr\/ateliers-seniors\/2025\/09\/02\/transformacion-digital-en-la-gestion-empresarial-un-analisis-profundo\/\",\"url\":\"https:\/\/portail-animation.ufcv.fr\/ateliers-seniors\/2025\/09\/02\/transformacion-digital-en-la-gestion-empresarial-un-analisis-profundo\/\",\"name\":\"Transformaci\u00f3n Digital en la Gesti\u00f3n Empresarial: Un An\u00e1lisis Profundo - Ateliers seniors\",\"isPartOf\":{\"@id\":\"https:\/\/portail-animation.ufcv.fr\/ateliers-seniors\/#website\"},\"datePublished\":\"2025-09-02T21:35:42+00:00\",\"dateModified\":\"2026-09-02T21:35:16+00:00\",\"author\":{\"@id\":\"https:\/\/portail-animation.ufcv.fr\/ateliers-seniors\/#\/schema\/person\/e3920f121b148283c13890813088e2a0\"},\"breadcrumb\":{\"@id\":\"https:\/\/portail-animation.ufcv.fr\/ateliers-seniors\/2025\/09\/02\/transformacion-digital-en-la-gestion-empresarial-un-analisis-profundo\/#breadcrumb\"},\"inLanguage\":\"fr-FR\",\"potentialAction\":[{\"@type\":\"ReadAction\",\"target\":[\"https:\/\/portail-animation.ufcv.fr\/ateliers-seniors\/2025\/09\/02\/transformacion-digital-en-la-gestion-empresarial-un-analisis-profundo\/\"]}]},{\"@type\":\"BreadcrumbList\",\"@id\":\"https:\/\/portail-animation.ufcv.fr\/ateliers-seniors\/2025\/09\/02\/transformacion-digital-en-la-gestion-empresarial-un-analisis-profundo\/#breadcrumb\",\"itemListElement\":[{\"@type\":\"ListItem\",\"position\":1,\"name\":\"Accueil\",\"item\":\"https:\/\/portail-animation.ufcv.fr\/ateliers-seniors\/\"},{\"@type\":\"ListItem\",\"position\":2,\"name\":\"Transformaci\u00f3n Digital en la Gesti\u00f3n Empresarial: Un An\u00e1lisis Profundo\"}]},{\"@type\":\"WebSite\",\"@id\":\"https:\/\/portail-animation.ufcv.fr\/ateliers-seniors\/#website\",\"url\":\"https:\/\/portail-animation.ufcv.fr\/ateliers-seniors\/\",\"name\":\"Ateliers seniors\",\"description\":\"Un site utilisant R\u00e9seau Portail Animation\",\"potentialAction\":[{\"@type\":\"SearchAction\",\"target\":{\"@type\":\"EntryPoint\",\"urlTemplate\":\"https:\/\/portail-animation.ufcv.fr\/ateliers-seniors\/?s={search_term_string}\"},\"query-input\":{\"@type\":\"PropertyValueSpecification\",\"valueRequired\":true,\"valueName\":\"search_term_string\"}}],\"inLanguage\":\"fr-FR\"},{\"@type\":\"Person\",\"@id\":\"https:\/\/portail-animation.ufcv.fr\/ateliers-seniors\/#\/schema\/person\/e3920f121b148283c13890813088e2a0\",\"name\":\"adelforge\",\"image\":{\"@type\":\"ImageObject\",\"inLanguage\":\"fr-FR\",\"@id\":\"https:\/\/portail-animation.ufcv.fr\/ateliers-seniors\/#\/schema\/person\/image\/\",\"url\":\"https:\/\/secure.gravatar.com\/avatar\/8207ca5dec2038871f4ea2e2a260a192?s=96&d=mm&r=g\",\"contentUrl\":\"https:\/\/secure.gravatar.com\/avatar\/8207ca5dec2038871f4ea2e2a260a192?s=96&d=mm&r=g\",\"caption\":\"adelforge\"},\"url\":\"https:\/\/portail-animation.ufcv.fr\/ateliers-seniors\/author\/adelforge\/\"}]}<\/script>\r\n<!-- \/ Yoast SEO plugin. -->","yoast_head_json":{"title":"Transformaci\u00f3n Digital en la Gesti\u00f3n Empresarial: Un An\u00e1lisis Profundo - Ateliers seniors","robots":{"index":"index","follow":"follow","max-snippet":"max-snippet:-1","max-image-preview":"max-image-preview:large","max-video-preview":"max-video-preview:-1"},"canonical":"https:\/\/portail-animation.ufcv.fr\/ateliers-seniors\/2025\/09\/02\/transformacion-digital-en-la-gestion-empresarial-un-analisis-profundo\/","og_locale":"fr_FR","og_type":"article","og_title":"Transformaci\u00f3n Digital en la Gesti\u00f3n Empresarial: Un An\u00e1lisis Profundo - Ateliers seniors","og_description":"En un entorno empresarial cada vez m\u00e1s competitivo y saturado de informaci\u00f3n, la transformaci\u00f3n digital se ha consolidado como un factor clave para la sostenibilidad y el crecimiento de las compa\u00f1\u00edas. La adopci\u00f3n de tecnolog\u00edas innovadoras no solo permite optimizar [&hellip;]","og_url":"https:\/\/portail-animation.ufcv.fr\/ateliers-seniors\/2025\/09\/02\/transformacion-digital-en-la-gestion-empresarial-un-analisis-profundo\/","og_site_name":"Ateliers seniors","article_published_time":"2025-09-02T21:35:42+00:00","article_modified_time":"2026-09-02T21:35:16+00:00","author":"adelforge","twitter_card":"summary_large_image","twitter_misc":{"\u00c9crit par":"adelforge","Dur\u00e9e de lecture estim\u00e9e":"3 minutes"},"schema":{"@context":"https:\/\/schema.org","@graph":[{"@type":"WebPage","@id":"https:\/\/portail-animation.ufcv.fr\/ateliers-seniors\/2025\/09\/02\/transformacion-digital-en-la-gestion-empresarial-un-analisis-profundo\/","url":"https:\/\/portail-animation.ufcv.fr\/ateliers-seniors\/2025\/09\/02\/transformacion-digital-en-la-gestion-empresarial-un-analisis-profundo\/","name":"Transformaci\u00f3n Digital en la Gesti\u00f3n Empresarial: Un An\u00e1lisis Profundo - Ateliers seniors","isPartOf":{"@id":"https:\/\/portail-animation.ufcv.fr\/ateliers-seniors\/#website"},"datePublished":"2025-09-02T21:35:42+00:00","dateModified":"2026-09-02T21:35:16+00:00","author":{"@id":"https:\/\/portail-animation.ufcv.fr\/ateliers-seniors\/#\/schema\/person\/e3920f121b148283c13890813088e2a0"},"breadcrumb":{"@id":"https:\/\/portail-animation.ufcv.fr\/ateliers-seniors\/2025\/09\/02\/transformacion-digital-en-la-gestion-empresarial-un-analisis-profundo\/#breadcrumb"},"inLanguage":"fr-FR","potentialAction":[{"@type":"ReadAction","target":["https:\/\/portail-animation.ufcv.fr\/ateliers-seniors\/2025\/09\/02\/transformacion-digital-en-la-gestion-empresarial-un-analisis-profundo\/"]}]},{"@type":"BreadcrumbList","@id":"https:\/\/portail-animation.ufcv.fr\/ateliers-seniors\/2025\/09\/02\/transformacion-digital-en-la-gestion-empresarial-un-analisis-profundo\/#breadcrumb","itemListElement":[{"@type":"ListItem","position":1,"name":"Accueil","item":"https:\/\/portail-animation.ufcv.fr\/ateliers-seniors\/"},{"@type":"ListItem","position":2,"name":"Transformaci\u00f3n Digital en la Gesti\u00f3n Empresarial: Un An\u00e1lisis Profundo"}]},{"@type":"WebSite","@id":"https:\/\/portail-animation.ufcv.fr\/ateliers-seniors\/#website","url":"https:\/\/portail-animation.ufcv.fr\/ateliers-seniors\/","name":"Ateliers seniors","description":"Un site utilisant R\u00e9seau Portail Animation","potentialAction":[{"@type":"SearchAction","target":{"@type":"EntryPoint","urlTemplate":"https:\/\/portail-animation.ufcv.fr\/ateliers-seniors\/?s={search_term_string}"},"query-input":{"@type":"PropertyValueSpecification","valueRequired":true,"valueName":"search_term_string"}}],"inLanguage":"fr-FR"},{"@type":"Person","@id":"https:\/\/portail-animation.ufcv.fr\/ateliers-seniors\/#\/schema\/person\/e3920f121b148283c13890813088e2a0","name":"adelforge","image":{"@type":"ImageObject","inLanguage":"fr-FR","@id":"https:\/\/portail-animation.ufcv.fr\/ateliers-seniors\/#\/schema\/person\/image\/","url":"https:\/\/secure.gravatar.com\/avatar\/8207ca5dec2038871f4ea2e2a260a192?s=96&d=mm&r=g","contentUrl":"https:\/\/secure.gravatar.com\/avatar\/8207ca5dec2038871f4ea2e2a260a192?s=96&d=mm&r=g","caption":"adelforge"},"url":"https:\/\/portail-animation.ufcv.fr\/ateliers-seniors\/author\/adelforge\/"}]}},"_links":{"self":[{"href":"https:\/\/portail-animation.ufcv.fr\/ateliers-seniors\/wp-json\/wp\/v2\/posts\/3597","targetHints":{"allow":["GET"]}}],"collection":[{"href":"https:\/\/portail-animation.ufcv.fr\/ateliers-seniors\/wp-json\/wp\/v2\/posts"}],"about":[{"href":"https:\/\/portail-animation.ufcv.fr\/ateliers-seniors\/wp-json\/wp\/v2\/types\/post"}],"author":[{"embeddable":true,"href":"https:\/\/portail-animation.ufcv.fr\/ateliers-seniors\/wp-json\/wp\/v2\/users\/150"}],"replies":[{"embeddable":true,"href":"https:\/\/portail-animation.ufcv.fr\/ateliers-seniors\/wp-json\/wp\/v2\/comments?post=3597"}],"version-history":[{"count":1,"href":"https:\/\/portail-animation.ufcv.fr\/ateliers-seniors\/wp-json\/wp\/v2\/posts\/3597\/revisions"}],"predecessor-version":[{"id":3598,"href":"https:\/\/portail-animation.ufcv.fr\/ateliers-seniors\/wp-json\/wp\/v2\/posts\/3597\/revisions\/3598"}],"wp:attachment":[{"href":"https:\/\/portail-animation.ufcv.fr\/ateliers-seniors\/wp-json\/wp\/v2\/media?parent=3597"}],"wp:term":[{"taxonomy":"category","embeddable":true,"href":"https:\/\/portail-animation.ufcv.fr\/ateliers-seniors\/wp-json\/wp\/v2\/categories?post=3597"},{"taxonomy":"post_tag","embeddable":true,"href":"https:\/\/portail-animation.ufcv.fr\/ateliers-seniors\/wp-json\/wp\/v2\/tags?post=3597"}],"curies":[{"name":"wp","href":"https:\/\/api.w.org\/{rel}","templated":true}]}}