 {"id":3747,"date":"2025-09-03T00:42:24","date_gmt":"2025-09-02T22:42:24","guid":{"rendered":"https:\/\/portail-animation.ufcv.fr\/ateliers-seniors\/?p=3747"},"modified":"2026-09-03T00:41:57","modified_gmt":"2026-09-02T22:41:57","slug":"la-evolucion-del-arte-digital-y-la-cultura-alternativa-un-analisis-profundo","status":"publish","type":"post","link":"https:\/\/portail-animation.ufcv.fr\/ateliers-seniors\/2025\/09\/03\/la-evolucion-del-arte-digital-y-la-cultura-alternativa-un-analisis-profundo\/","title":{"rendered":"La Evoluci\u00f3n del Arte Digital y la Cultura Alternativa: Un An\u00e1lisis Profundo"},"content":{"rendered":"<p>En los \u00faltimos a\u00f1os, la intersecci\u00f3n entre la innovaci\u00f3n digital y las subculturas alternativas ha producido un fen\u00f3meno cultural en r\u00e1pida expansi\u00f3n. Desde comunidades ut\u00f3picas online hasta movimientos art\u00edsticos que desaf\u00edan las convenciones tradicionales, la forma en que interactuamos con el arte y la cultura en el entorno digital ha transformado no solo la producci\u00f3n, sino tambi\u00e9n la percepci\u00f3n y participaci\u00f3n del p\u00fablico.<\/p>\n<h2>Visualizando una Nueva Era Cultural: El Rol de las Comunidades Alternativas en la Era Digital<\/h2>\n<p>El acceso a plataformas digitales ha permitido que colectivos art\u00edsticos y movimientos contraculturales construyan espacios propios, alejados del mainstream. Estos espacios, que combinan tecnolog\u00eda, creatividad y pensamiento cr\u00edtico, fomentan una sentido de comunidad y pertenencia que trasciende las limitaciones f\u00edsicas.<\/p>\n<div class=\"highlight\">\n<p>Un ejemplo destacado en este \u00e1mbito es la comunidad representada por <a href=\"https:\/\/fatpirate.org.es\/\">http:\/\/fatpirate.org.es<\/a>, un portal dedicado a promover el arte, la cultura y las filosof\u00edas alternativas, con un enfoque en la autogesti\u00f3n y la creatividad desbordante.<\/p>\n<\/div>\n<p>Este portal, conocido por su fuerte compromiso con las subculturas contempor\u00e1neas, sirve como referencia para analistas y expertos en estudios culturales, ya que proporcionan contenido que refleja las corrientes emergentes en la cultura digital y sus manifestaciones m\u00e1s innovadoras.<\/p>\n<h2>La Convergencia del Arte Digital y la Filosof\u00eda Alternativa<\/h2>\n<p>Las plataformas en l\u00ednea como la mencionada anteriormente permiten difundir trabajos que desaf\u00edan las narrativas convencionales y reforzar movimientos que priorizan la autonom\u00eda, la expresi\u00f3n libre y la cr\u00edtica social. Seg\u00fan diversos estudios, la participaci\u00f3n en comunidades digitales puede incrementar la exposici\u00f3n a ideas disidentes, fomentando un ecosistema cultural m\u00e1s plural y din\u00e1mico.<\/p>\n<p>Por ejemplo, an\u00e1lisis recientes muestran c\u00f3mo estos espacios contribuyen a la evoluci\u00f3n del arte digital, integrando elementos de la cultura hackers, el arte callejero, y las pr\u00e1cticas DIY (hazlo t\u00fa mismo). La presencia de sitios especializados, como http:\/\/fatpirate.org.es, es fundamental para entender c\u00f3mo estos movimientos articulan su pensamiento y est\u00e9tica en un mundo cada vez m\u00e1s digital.<\/p>\n<h2>Datos Clave y Tendencias en la Cultura Digital Alternativa<\/h2>\n<table>\n<tr>\n<th>Indicador<\/th>\n<th>Descripci\u00f3n<\/th>\n<\/tr>\n<tr>\n<td>Incremento en comunidades activas<\/td>\n<td>Se estima que las comunidades relacionadas con el arte digital alternativo han crecido un 45% en los \u00faltimos cinco a\u00f1os, siendo plataformas web un punto central para su articulaci\u00f3n.<\/td>\n<\/tr>\n<tr>\n<td>Participaci\u00f3n en eventos digitales<\/td>\n<td>Eventos como festivales de arte virtual, exposiciones en realidad aumentada, y ferias de cultura alternativa digital se han duplicado desde 2018.<\/td>\n<\/tr>\n<tr>\n<td>Impacto en la percepci\u00f3n social<\/td>\n<td>Estudios demuestran que la exposici\u00f3n a contenidos culturales alternativos en l\u00ednea incrementa la apertura a ideas disidentes en un 27%, contribuyendo a un di\u00e1logo m\u00e1s inclusivo y plural.<\/td>\n<\/tr>\n<\/table>\n<h2>Perspectiva Cr\u00edtica: Potencial y Desaf\u00edos<\/h2>\n<p>Si bien las comunidades digitales como la promovida por http:\/\/fatpirate.org.es representan una alternativa vibrante a los modelos culturales tradicionales, tambi\u00e9n enfrentan retos significativos. La centralizaci\u00f3n de poder en plataformas de mega-tecnol\u00f3gicas, la precarizaci\u00f3n de los espacios independientes y la dificultad para monetizar proyectos art\u00edsticos en un entorno digital complejo son obst\u00e1culos que estos movimientos deben superar para consolidar su autonom\u00eda.<\/p>\n<blockquote>\n<p>\u201cLa cultura alternativa en l\u00ednea requiere de una estrategia consciente para sustentarse, as\u00ed como de una visi\u00f3n cr\u00edtica que desaf\u00ede las formas tradicionales de consumo y producci\u00f3n cultural.\u201d \u2014 Expertos en Estudios Culturales<\/p>\n<\/blockquote>\n<h2>Conclusi\u00f3n: La Importancia del Apoyo y la Visibilidad<\/h2>\n<p>Para garantizar la vitalidad de estas comunidades y su impacto en la cultura global, es esencial fortalecer los espacios digitales que promueven la diversidad, la innovaci\u00f3n y la autogesti\u00f3n. La referencia a plataformas como http:\/\/fatpirate.org.es no es solo un acto de reconocimiento, sino un reconocimiento de su papel cr\u00edtico en la conformaci\u00f3n de un nuevo ethos cultural para la era digital.<\/p>\n<p>En definitiva, la transformaci\u00f3n digital contin\u00faa expandiendo las fronteras del arte y la cultura, ofreciendo nuevas formas de expresi\u00f3n y resistencia que desaf\u00edan la hegemon\u00eda cultural establecida. La incorporaci\u00f3n de voces alternativas, en especial a trav\u00e9s de espacios confiables y bien fundamentados, ser\u00e1 crucial para mantener viva la diversidad y la innovaci\u00f3n en la cultura contempor\u00e1nea.<\/p>\n","protected":false},"excerpt":{"rendered":"<p>En los \u00faltimos a\u00f1os, la intersecci\u00f3n entre la innovaci\u00f3n digital y las subculturas alternativas ha producido un fen\u00f3meno cultural en r\u00e1pida expansi\u00f3n. Desde comunidades ut\u00f3picas online hasta movimientos art\u00edsticos que desaf\u00edan las convenciones tradicionales, la forma en que interactuamos con [&hellip;]<\/p>\n","protected":false},"author":150,"featured_media":0,"comment_status":"open","ping_status":"open","sticky":false,"template":"","format":"standard","meta":{"_acf_changed":false,"footnotes":""},"categories":[1],"tags":[],"class_list":["post-3747","post","type-post","status-publish","format-standard","hentry","category-non-classe"],"acf":[],"yoast_head":"<!-- This site is optimized with the Yoast SEO plugin v23.9 - https:\/\/yoast.com\/wordpress\/plugins\/seo\/ -->\r\n<title>La Evoluci\u00f3n del Arte Digital y la Cultura Alternativa: Un An\u00e1lisis Profundo - Ateliers seniors<\/title>\r\n<meta name=\"robots\" content=\"index, follow, max-snippet:-1, max-image-preview:large, max-video-preview:-1\" \/>\r\n<link rel=\"canonical\" href=\"https:\/\/portail-animation.ufcv.fr\/ateliers-seniors\/2025\/09\/03\/la-evolucion-del-arte-digital-y-la-cultura-alternativa-un-analisis-profundo\/\" \/>\r\n<meta property=\"og:locale\" content=\"fr_FR\" \/>\r\n<meta property=\"og:type\" content=\"article\" \/>\r\n<meta property=\"og:title\" content=\"La Evoluci\u00f3n del Arte Digital y la Cultura Alternativa: Un An\u00e1lisis Profundo - Ateliers seniors\" \/>\r\n<meta property=\"og:description\" content=\"En los \u00faltimos a\u00f1os, la intersecci\u00f3n entre la innovaci\u00f3n digital y las subculturas alternativas ha producido un fen\u00f3meno cultural en r\u00e1pida expansi\u00f3n. Desde comunidades ut\u00f3picas online hasta movimientos art\u00edsticos que desaf\u00edan las convenciones tradicionales, la forma en que interactuamos con [&hellip;]\" \/>\r\n<meta property=\"og:url\" content=\"https:\/\/portail-animation.ufcv.fr\/ateliers-seniors\/2025\/09\/03\/la-evolucion-del-arte-digital-y-la-cultura-alternativa-un-analisis-profundo\/\" \/>\r\n<meta property=\"og:site_name\" content=\"Ateliers seniors\" \/>\r\n<meta property=\"article:published_time\" content=\"2025-09-02T22:42:24+00:00\" \/>\r\n<meta property=\"article:modified_time\" content=\"2026-09-02T22:41:57+00:00\" \/>\r\n<meta name=\"author\" content=\"adelforge\" \/>\r\n<meta name=\"twitter:card\" content=\"summary_large_image\" \/>\r\n<meta name=\"twitter:label1\" content=\"\u00c9crit par\" \/>\n\t<meta name=\"twitter:data1\" content=\"adelforge\" \/>\n\t<meta name=\"twitter:label2\" content=\"Dur\u00e9e de lecture estim\u00e9e\" \/>\n\t<meta name=\"twitter:data2\" content=\"4 minutes\" \/>\r\n<script type=\"application\/ld+json\" class=\"yoast-schema-graph\">{\"@context\":\"https:\/\/schema.org\",\"@graph\":[{\"@type\":\"WebPage\",\"@id\":\"https:\/\/portail-animation.ufcv.fr\/ateliers-seniors\/2025\/09\/03\/la-evolucion-del-arte-digital-y-la-cultura-alternativa-un-analisis-profundo\/\",\"url\":\"https:\/\/portail-animation.ufcv.fr\/ateliers-seniors\/2025\/09\/03\/la-evolucion-del-arte-digital-y-la-cultura-alternativa-un-analisis-profundo\/\",\"name\":\"La Evoluci\u00f3n del Arte Digital y la Cultura Alternativa: Un An\u00e1lisis Profundo - Ateliers seniors\",\"isPartOf\":{\"@id\":\"https:\/\/portail-animation.ufcv.fr\/ateliers-seniors\/#website\"},\"datePublished\":\"2025-09-02T22:42:24+00:00\",\"dateModified\":\"2026-09-02T22:41:57+00:00\",\"author\":{\"@id\":\"https:\/\/portail-animation.ufcv.fr\/ateliers-seniors\/#\/schema\/person\/e3920f121b148283c13890813088e2a0\"},\"breadcrumb\":{\"@id\":\"https:\/\/portail-animation.ufcv.fr\/ateliers-seniors\/2025\/09\/03\/la-evolucion-del-arte-digital-y-la-cultura-alternativa-un-analisis-profundo\/#breadcrumb\"},\"inLanguage\":\"fr-FR\",\"potentialAction\":[{\"@type\":\"ReadAction\",\"target\":[\"https:\/\/portail-animation.ufcv.fr\/ateliers-seniors\/2025\/09\/03\/la-evolucion-del-arte-digital-y-la-cultura-alternativa-un-analisis-profundo\/\"]}]},{\"@type\":\"BreadcrumbList\",\"@id\":\"https:\/\/portail-animation.ufcv.fr\/ateliers-seniors\/2025\/09\/03\/la-evolucion-del-arte-digital-y-la-cultura-alternativa-un-analisis-profundo\/#breadcrumb\",\"itemListElement\":[{\"@type\":\"ListItem\",\"position\":1,\"name\":\"Accueil\",\"item\":\"https:\/\/portail-animation.ufcv.fr\/ateliers-seniors\/\"},{\"@type\":\"ListItem\",\"position\":2,\"name\":\"La Evoluci\u00f3n del Arte Digital y la Cultura Alternativa: Un An\u00e1lisis Profundo\"}]},{\"@type\":\"WebSite\",\"@id\":\"https:\/\/portail-animation.ufcv.fr\/ateliers-seniors\/#website\",\"url\":\"https:\/\/portail-animation.ufcv.fr\/ateliers-seniors\/\",\"name\":\"Ateliers seniors\",\"description\":\"Un site utilisant R\u00e9seau Portail Animation\",\"potentialAction\":[{\"@type\":\"SearchAction\",\"target\":{\"@type\":\"EntryPoint\",\"urlTemplate\":\"https:\/\/portail-animation.ufcv.fr\/ateliers-seniors\/?s={search_term_string}\"},\"query-input\":{\"@type\":\"PropertyValueSpecification\",\"valueRequired\":true,\"valueName\":\"search_term_string\"}}],\"inLanguage\":\"fr-FR\"},{\"@type\":\"Person\",\"@id\":\"https:\/\/portail-animation.ufcv.fr\/ateliers-seniors\/#\/schema\/person\/e3920f121b148283c13890813088e2a0\",\"name\":\"adelforge\",\"image\":{\"@type\":\"ImageObject\",\"inLanguage\":\"fr-FR\",\"@id\":\"https:\/\/portail-animation.ufcv.fr\/ateliers-seniors\/#\/schema\/person\/image\/\",\"url\":\"https:\/\/secure.gravatar.com\/avatar\/8207ca5dec2038871f4ea2e2a260a192?s=96&d=mm&r=g\",\"contentUrl\":\"https:\/\/secure.gravatar.com\/avatar\/8207ca5dec2038871f4ea2e2a260a192?s=96&d=mm&r=g\",\"caption\":\"adelforge\"},\"url\":\"https:\/\/portail-animation.ufcv.fr\/ateliers-seniors\/author\/adelforge\/\"}]}<\/script>\r\n<!-- \/ Yoast SEO plugin. -->","yoast_head_json":{"title":"La Evoluci\u00f3n del Arte Digital y la Cultura Alternativa: Un An\u00e1lisis Profundo - Ateliers seniors","robots":{"index":"index","follow":"follow","max-snippet":"max-snippet:-1","max-image-preview":"max-image-preview:large","max-video-preview":"max-video-preview:-1"},"canonical":"https:\/\/portail-animation.ufcv.fr\/ateliers-seniors\/2025\/09\/03\/la-evolucion-del-arte-digital-y-la-cultura-alternativa-un-analisis-profundo\/","og_locale":"fr_FR","og_type":"article","og_title":"La Evoluci\u00f3n del Arte Digital y la Cultura Alternativa: Un An\u00e1lisis Profundo - Ateliers seniors","og_description":"En los \u00faltimos a\u00f1os, la intersecci\u00f3n entre la innovaci\u00f3n digital y las subculturas alternativas ha producido un fen\u00f3meno cultural en r\u00e1pida expansi\u00f3n. Desde comunidades ut\u00f3picas online hasta movimientos art\u00edsticos que desaf\u00edan las convenciones tradicionales, la forma en que interactuamos con [&hellip;]","og_url":"https:\/\/portail-animation.ufcv.fr\/ateliers-seniors\/2025\/09\/03\/la-evolucion-del-arte-digital-y-la-cultura-alternativa-un-analisis-profundo\/","og_site_name":"Ateliers seniors","article_published_time":"2025-09-02T22:42:24+00:00","article_modified_time":"2026-09-02T22:41:57+00:00","author":"adelforge","twitter_card":"summary_large_image","twitter_misc":{"\u00c9crit par":"adelforge","Dur\u00e9e de lecture estim\u00e9e":"4 minutes"},"schema":{"@context":"https:\/\/schema.org","@graph":[{"@type":"WebPage","@id":"https:\/\/portail-animation.ufcv.fr\/ateliers-seniors\/2025\/09\/03\/la-evolucion-del-arte-digital-y-la-cultura-alternativa-un-analisis-profundo\/","url":"https:\/\/portail-animation.ufcv.fr\/ateliers-seniors\/2025\/09\/03\/la-evolucion-del-arte-digital-y-la-cultura-alternativa-un-analisis-profundo\/","name":"La Evoluci\u00f3n del Arte Digital y la Cultura Alternativa: Un An\u00e1lisis Profundo - Ateliers seniors","isPartOf":{"@id":"https:\/\/portail-animation.ufcv.fr\/ateliers-seniors\/#website"},"datePublished":"2025-09-02T22:42:24+00:00","dateModified":"2026-09-02T22:41:57+00:00","author":{"@id":"https:\/\/portail-animation.ufcv.fr\/ateliers-seniors\/#\/schema\/person\/e3920f121b148283c13890813088e2a0"},"breadcrumb":{"@id":"https:\/\/portail-animation.ufcv.fr\/ateliers-seniors\/2025\/09\/03\/la-evolucion-del-arte-digital-y-la-cultura-alternativa-un-analisis-profundo\/#breadcrumb"},"inLanguage":"fr-FR","potentialAction":[{"@type":"ReadAction","target":["https:\/\/portail-animation.ufcv.fr\/ateliers-seniors\/2025\/09\/03\/la-evolucion-del-arte-digital-y-la-cultura-alternativa-un-analisis-profundo\/"]}]},{"@type":"BreadcrumbList","@id":"https:\/\/portail-animation.ufcv.fr\/ateliers-seniors\/2025\/09\/03\/la-evolucion-del-arte-digital-y-la-cultura-alternativa-un-analisis-profundo\/#breadcrumb","itemListElement":[{"@type":"ListItem","position":1,"name":"Accueil","item":"https:\/\/portail-animation.ufcv.fr\/ateliers-seniors\/"},{"@type":"ListItem","position":2,"name":"La Evoluci\u00f3n del Arte Digital y la Cultura Alternativa: Un An\u00e1lisis Profundo"}]},{"@type":"WebSite","@id":"https:\/\/portail-animation.ufcv.fr\/ateliers-seniors\/#website","url":"https:\/\/portail-animation.ufcv.fr\/ateliers-seniors\/","name":"Ateliers seniors","description":"Un site utilisant R\u00e9seau Portail Animation","potentialAction":[{"@type":"SearchAction","target":{"@type":"EntryPoint","urlTemplate":"https:\/\/portail-animation.ufcv.fr\/ateliers-seniors\/?s={search_term_string}"},"query-input":{"@type":"PropertyValueSpecification","valueRequired":true,"valueName":"search_term_string"}}],"inLanguage":"fr-FR"},{"@type":"Person","@id":"https:\/\/portail-animation.ufcv.fr\/ateliers-seniors\/#\/schema\/person\/e3920f121b148283c13890813088e2a0","name":"adelforge","image":{"@type":"ImageObject","inLanguage":"fr-FR","@id":"https:\/\/portail-animation.ufcv.fr\/ateliers-seniors\/#\/schema\/person\/image\/","url":"https:\/\/secure.gravatar.com\/avatar\/8207ca5dec2038871f4ea2e2a260a192?s=96&d=mm&r=g","contentUrl":"https:\/\/secure.gravatar.com\/avatar\/8207ca5dec2038871f4ea2e2a260a192?s=96&d=mm&r=g","caption":"adelforge"},"url":"https:\/\/portail-animation.ufcv.fr\/ateliers-seniors\/author\/adelforge\/"}]}},"_links":{"self":[{"href":"https:\/\/portail-animation.ufcv.fr\/ateliers-seniors\/wp-json\/wp\/v2\/posts\/3747","targetHints":{"allow":["GET"]}}],"collection":[{"href":"https:\/\/portail-animation.ufcv.fr\/ateliers-seniors\/wp-json\/wp\/v2\/posts"}],"about":[{"href":"https:\/\/portail-animation.ufcv.fr\/ateliers-seniors\/wp-json\/wp\/v2\/types\/post"}],"author":[{"embeddable":true,"href":"https:\/\/portail-animation.ufcv.fr\/ateliers-seniors\/wp-json\/wp\/v2\/users\/150"}],"replies":[{"embeddable":true,"href":"https:\/\/portail-animation.ufcv.fr\/ateliers-seniors\/wp-json\/wp\/v2\/comments?post=3747"}],"version-history":[{"count":1,"href":"https:\/\/portail-animation.ufcv.fr\/ateliers-seniors\/wp-json\/wp\/v2\/posts\/3747\/revisions"}],"predecessor-version":[{"id":3748,"href":"https:\/\/portail-animation.ufcv.fr\/ateliers-seniors\/wp-json\/wp\/v2\/posts\/3747\/revisions\/3748"}],"wp:attachment":[{"href":"https:\/\/portail-animation.ufcv.fr\/ateliers-seniors\/wp-json\/wp\/v2\/media?parent=3747"}],"wp:term":[{"taxonomy":"category","embeddable":true,"href":"https:\/\/portail-animation.ufcv.fr\/ateliers-seniors\/wp-json\/wp\/v2\/categories?post=3747"},{"taxonomy":"post_tag","embeddable":true,"href":"https:\/\/portail-animation.ufcv.fr\/ateliers-seniors\/wp-json\/wp\/v2\/tags?post=3747"}],"curies":[{"name":"wp","href":"https:\/\/api.w.org\/{rel}","templated":true}]}}