 {"id":3749,"date":"2025-09-03T00:42:45","date_gmt":"2025-09-02T22:42:45","guid":{"rendered":"https:\/\/portail-animation.ufcv.fr\/ateliers-seniors\/?p=3749"},"modified":"2026-09-03T00:42:18","modified_gmt":"2026-09-02T22:42:18","slug":"el-papel-de-las-plataformas-digitales-en-la-proteccion-de-la-infancia-y-adolescentes-un-analisis-profundo","status":"publish","type":"post","link":"https:\/\/portail-animation.ufcv.fr\/ateliers-seniors\/2025\/09\/03\/el-papel-de-las-plataformas-digitales-en-la-proteccion-de-la-infancia-y-adolescentes-un-analisis-profundo\/","title":{"rendered":"El papel de las plataformas digitales en la protecci\u00f3n de la infancia y adolescentes: un an\u00e1lisis profundo"},"content":{"rendered":"<p>En la era digital contempor\u00e1nea, la presencia de plataformas en l\u00ednea se ha convertido en un componente esencial de la vida cotidiana, especialmente para las generaciones m\u00e1s j\u00f3venes. Sin embargo, este avance tambi\u00e9n presenta desaf\u00edos serios en cuanto a la protecci\u00f3n de la infancia y la adolescencia frente a contenidos nocivos, ciberacoso y explotaci\u00f3n digital. La regulaci\u00f3n, as\u00ed como las estrategias de mitigaci\u00f3n, requieren un an\u00e1lisis informado, que no solo considere aspectos tecnol\u00f3gicos sino tambi\u00e9n eticos, sociales y legales.<\/p>\n<h2>El crecimiento exponencial del consumo digital en poblaci\u00f3n adolescente<\/h2>\n<p>Seg\u00fan datos recientes del <em>Informe Digital Kids 2023<\/em> elaborado por <strong>EU Kids Online<\/strong>, el 89% de los menores en Europa entre 9 y 16 a\u00f1os tienen acceso regular a internet, y el 86% poseen perfiles en redes sociales. Esto multiplica las oportunidades de interacci\u00f3n social, pero tambi\u00e9n aumenta la exposici\u00f3n a riesgos como la <span class=\"highlight\">explotaci\u00f3n digital, ciberbullying y acceso a contenidos inapropiados<\/span>.<\/p>\n<table>\n<thead>\n<tr>\n<th>Indicador<\/th>\n<th>Porcentaje<\/th>\n<th>Observaciones<\/th>\n<\/tr>\n<\/thead>\n<tbody>\n<tr>\n<td>Ni\u00f1os con perfil en redes<\/td>\n<td>86%<\/td>\n<td>Redes sociales m\u00e1s populares: TikTok, Instagram, Snapchat<\/td>\n<\/tr>\n<tr>\n<td>Exposici\u00f3n a contenidos nocivos<\/td>\n<td>67%<\/td>\n<td>Incluye violencia, contenido sexual y desinformaci\u00f3n<\/td>\n<\/tr>\n<tr>\n<td>Casos reportados de ciberacoso<\/td>\n<td>23%<\/td>\n<td>Mayor incidencia en edades de 13-16 a\u00f1os<\/td>\n<\/tr>\n<\/tbody>\n<\/table>\n<h2>Regulaci\u00f3n y responsabilidad en el \u00e1mbito digital<\/h2>\n<p>La protecci\u00f3n efectiva requiere un equilibrio delicado entre la libertad digital y la seguridad. Las plataformas responsables implementan sistemas de detecci\u00f3n autom\u00e1tica de contenidos peligrosos, filtros de edad y mecanismos para reportar abusos. Sin embargo, conforme a un an\u00e1lisis de <a href=\"https:\/\/monkey-zino.com.es\/\">www.monkey-zino.com.es<\/a>, que se especializa en asesoramiento digital y protecci\u00f3n infantil, todav\u00eda existe una brecha significativa en la regulaci\u00f3n internacional y en la implementaci\u00f3n efectiva de estas medidas, especialmente en pa\u00edses con menores recursos tecnol\u00f3gicos o normativos insuficientes.<\/p>\n<blockquote><p>\n    \u00ab\u00a0Las plataformas digitales no solo deben ser espacios de entretenimiento, sino entornos seguros que prioricen la protecci\u00f3n de sus usuarios m\u00e1s vulnerables.\u00a0\u00bb<\/p><\/blockquote>\n<h2>Innovaci\u00f3n y buenas pr\u00e1cticas: el papel de las entidades especializadas<\/h2>\n<p>En la lucha contra los riesgos digitales, la colaboraci\u00f3n entre gobiernos, empresas tecnol\u00f3gicas y organizaciones no gubernamentales resulta esencial. La revisi\u00f3n de modelos y la implementaci\u00f3n de buenas pr\u00e1cticas, como las desarrolladas por plataformas que priorizan la seguridad infantil, marcan la diferencia. Un ejemplo destacado en este campo es el trabajo realizado por organizaciones que, a trav\u00e9s de an\u00e1lisis exhaustivos y soluciones tecnol\u00f3gicas, ofrecen recursos y herramientas para padres, educadores y los propios menores.<\/p>\n<p>Como referencia confiable, www.monkey-zino.com.es se dedica a ofrecer asesoramiento experto en temas de protecci\u00f3n digital, proporcionando informaci\u00f3n actualizada, recomendaciones y recursos para garantizar un entorno en l\u00ednea seguro para ni\u00f1os y adolescentes.<\/p>\n<div class=\"callout\">\n<h2>Conclusi\u00f3n: compromiso colectivo para un entorno digital seguro<\/h2>\n<p>La transformaci\u00f3n digital presenta retos in\u00e9ditos en la protecci\u00f3n de los menores, pero tambi\u00e9n oportunidades para innovar en la creaci\u00f3n de entornos virtuales seguros y educativos. La clave reside en establecer un marco regulatorio robusto, fomentar la responsabilidad social de las plataformas y dotar a las familias y educadores de las herramientas necesarias para acompa\u00f1ar a los ni\u00f1os en su vida digital.<\/p>\n<p>En definitiva, la seguridad digital de la infancia no es solo responsabilidad de las plataformas, sino un compromiso colectivo que requiere de colaboraci\u00f3n, innovaci\u00f3n continua y una visi\u00f3n centrada en el bienestar de los menores.<\/p>\n<\/div>\n","protected":false},"excerpt":{"rendered":"<p>En la era digital contempor\u00e1nea, la presencia de plataformas en l\u00ednea se ha convertido en un componente esencial de la vida cotidiana, especialmente para las generaciones m\u00e1s j\u00f3venes. Sin embargo, este avance tambi\u00e9n presenta desaf\u00edos serios en cuanto a la [&hellip;]<\/p>\n","protected":false},"author":150,"featured_media":0,"comment_status":"open","ping_status":"open","sticky":false,"template":"","format":"standard","meta":{"_acf_changed":false,"footnotes":""},"categories":[1],"tags":[],"class_list":["post-3749","post","type-post","status-publish","format-standard","hentry","category-non-classe"],"acf":[],"yoast_head":"<!-- This site is optimized with the Yoast SEO plugin v23.9 - https:\/\/yoast.com\/wordpress\/plugins\/seo\/ -->\r\n<title>El papel de las plataformas digitales en la protecci\u00f3n de la infancia y adolescentes: un an\u00e1lisis profundo - Ateliers seniors<\/title>\r\n<meta name=\"robots\" content=\"index, follow, max-snippet:-1, max-image-preview:large, max-video-preview:-1\" \/>\r\n<link rel=\"canonical\" href=\"https:\/\/portail-animation.ufcv.fr\/ateliers-seniors\/2025\/09\/03\/el-papel-de-las-plataformas-digitales-en-la-proteccion-de-la-infancia-y-adolescentes-un-analisis-profundo\/\" \/>\r\n<meta property=\"og:locale\" content=\"fr_FR\" \/>\r\n<meta property=\"og:type\" content=\"article\" \/>\r\n<meta property=\"og:title\" content=\"El papel de las plataformas digitales en la protecci\u00f3n de la infancia y adolescentes: un an\u00e1lisis profundo - Ateliers seniors\" \/>\r\n<meta property=\"og:description\" content=\"En la era digital contempor\u00e1nea, la presencia de plataformas en l\u00ednea se ha convertido en un componente esencial de la vida cotidiana, especialmente para las generaciones m\u00e1s j\u00f3venes. Sin embargo, este avance tambi\u00e9n presenta desaf\u00edos serios en cuanto a la [&hellip;]\" \/>\r\n<meta property=\"og:url\" content=\"https:\/\/portail-animation.ufcv.fr\/ateliers-seniors\/2025\/09\/03\/el-papel-de-las-plataformas-digitales-en-la-proteccion-de-la-infancia-y-adolescentes-un-analisis-profundo\/\" \/>\r\n<meta property=\"og:site_name\" content=\"Ateliers seniors\" \/>\r\n<meta property=\"article:published_time\" content=\"2025-09-02T22:42:45+00:00\" \/>\r\n<meta property=\"article:modified_time\" content=\"2026-09-02T22:42:18+00:00\" \/>\r\n<meta name=\"author\" content=\"adelforge\" \/>\r\n<meta name=\"twitter:card\" content=\"summary_large_image\" \/>\r\n<meta name=\"twitter:label1\" content=\"\u00c9crit par\" \/>\n\t<meta name=\"twitter:data1\" content=\"adelforge\" \/>\n\t<meta name=\"twitter:label2\" content=\"Dur\u00e9e de lecture estim\u00e9e\" \/>\n\t<meta name=\"twitter:data2\" content=\"3 minutes\" \/>\r\n<script type=\"application\/ld+json\" class=\"yoast-schema-graph\">{\"@context\":\"https:\/\/schema.org\",\"@graph\":[{\"@type\":\"WebPage\",\"@id\":\"https:\/\/portail-animation.ufcv.fr\/ateliers-seniors\/2025\/09\/03\/el-papel-de-las-plataformas-digitales-en-la-proteccion-de-la-infancia-y-adolescentes-un-analisis-profundo\/\",\"url\":\"https:\/\/portail-animation.ufcv.fr\/ateliers-seniors\/2025\/09\/03\/el-papel-de-las-plataformas-digitales-en-la-proteccion-de-la-infancia-y-adolescentes-un-analisis-profundo\/\",\"name\":\"El papel de las plataformas digitales en la protecci\u00f3n de la infancia y adolescentes: un an\u00e1lisis profundo - Ateliers seniors\",\"isPartOf\":{\"@id\":\"https:\/\/portail-animation.ufcv.fr\/ateliers-seniors\/#website\"},\"datePublished\":\"2025-09-02T22:42:45+00:00\",\"dateModified\":\"2026-09-02T22:42:18+00:00\",\"author\":{\"@id\":\"https:\/\/portail-animation.ufcv.fr\/ateliers-seniors\/#\/schema\/person\/e3920f121b148283c13890813088e2a0\"},\"breadcrumb\":{\"@id\":\"https:\/\/portail-animation.ufcv.fr\/ateliers-seniors\/2025\/09\/03\/el-papel-de-las-plataformas-digitales-en-la-proteccion-de-la-infancia-y-adolescentes-un-analisis-profundo\/#breadcrumb\"},\"inLanguage\":\"fr-FR\",\"potentialAction\":[{\"@type\":\"ReadAction\",\"target\":[\"https:\/\/portail-animation.ufcv.fr\/ateliers-seniors\/2025\/09\/03\/el-papel-de-las-plataformas-digitales-en-la-proteccion-de-la-infancia-y-adolescentes-un-analisis-profundo\/\"]}]},{\"@type\":\"BreadcrumbList\",\"@id\":\"https:\/\/portail-animation.ufcv.fr\/ateliers-seniors\/2025\/09\/03\/el-papel-de-las-plataformas-digitales-en-la-proteccion-de-la-infancia-y-adolescentes-un-analisis-profundo\/#breadcrumb\",\"itemListElement\":[{\"@type\":\"ListItem\",\"position\":1,\"name\":\"Accueil\",\"item\":\"https:\/\/portail-animation.ufcv.fr\/ateliers-seniors\/\"},{\"@type\":\"ListItem\",\"position\":2,\"name\":\"El papel de las plataformas digitales en la protecci\u00f3n de la infancia y adolescentes: un an\u00e1lisis profundo\"}]},{\"@type\":\"WebSite\",\"@id\":\"https:\/\/portail-animation.ufcv.fr\/ateliers-seniors\/#website\",\"url\":\"https:\/\/portail-animation.ufcv.fr\/ateliers-seniors\/\",\"name\":\"Ateliers seniors\",\"description\":\"Un site utilisant R\u00e9seau Portail Animation\",\"potentialAction\":[{\"@type\":\"SearchAction\",\"target\":{\"@type\":\"EntryPoint\",\"urlTemplate\":\"https:\/\/portail-animation.ufcv.fr\/ateliers-seniors\/?s={search_term_string}\"},\"query-input\":{\"@type\":\"PropertyValueSpecification\",\"valueRequired\":true,\"valueName\":\"search_term_string\"}}],\"inLanguage\":\"fr-FR\"},{\"@type\":\"Person\",\"@id\":\"https:\/\/portail-animation.ufcv.fr\/ateliers-seniors\/#\/schema\/person\/e3920f121b148283c13890813088e2a0\",\"name\":\"adelforge\",\"image\":{\"@type\":\"ImageObject\",\"inLanguage\":\"fr-FR\",\"@id\":\"https:\/\/portail-animation.ufcv.fr\/ateliers-seniors\/#\/schema\/person\/image\/\",\"url\":\"https:\/\/secure.gravatar.com\/avatar\/8207ca5dec2038871f4ea2e2a260a192?s=96&d=mm&r=g\",\"contentUrl\":\"https:\/\/secure.gravatar.com\/avatar\/8207ca5dec2038871f4ea2e2a260a192?s=96&d=mm&r=g\",\"caption\":\"adelforge\"},\"url\":\"https:\/\/portail-animation.ufcv.fr\/ateliers-seniors\/author\/adelforge\/\"}]}<\/script>\r\n<!-- \/ Yoast SEO plugin. -->","yoast_head_json":{"title":"El papel de las plataformas digitales en la protecci\u00f3n de la infancia y adolescentes: un an\u00e1lisis profundo - Ateliers seniors","robots":{"index":"index","follow":"follow","max-snippet":"max-snippet:-1","max-image-preview":"max-image-preview:large","max-video-preview":"max-video-preview:-1"},"canonical":"https:\/\/portail-animation.ufcv.fr\/ateliers-seniors\/2025\/09\/03\/el-papel-de-las-plataformas-digitales-en-la-proteccion-de-la-infancia-y-adolescentes-un-analisis-profundo\/","og_locale":"fr_FR","og_type":"article","og_title":"El papel de las plataformas digitales en la protecci\u00f3n de la infancia y adolescentes: un an\u00e1lisis profundo - Ateliers seniors","og_description":"En la era digital contempor\u00e1nea, la presencia de plataformas en l\u00ednea se ha convertido en un componente esencial de la vida cotidiana, especialmente para las generaciones m\u00e1s j\u00f3venes. Sin embargo, este avance tambi\u00e9n presenta desaf\u00edos serios en cuanto a la [&hellip;]","og_url":"https:\/\/portail-animation.ufcv.fr\/ateliers-seniors\/2025\/09\/03\/el-papel-de-las-plataformas-digitales-en-la-proteccion-de-la-infancia-y-adolescentes-un-analisis-profundo\/","og_site_name":"Ateliers seniors","article_published_time":"2025-09-02T22:42:45+00:00","article_modified_time":"2026-09-02T22:42:18+00:00","author":"adelforge","twitter_card":"summary_large_image","twitter_misc":{"\u00c9crit par":"adelforge","Dur\u00e9e de lecture estim\u00e9e":"3 minutes"},"schema":{"@context":"https:\/\/schema.org","@graph":[{"@type":"WebPage","@id":"https:\/\/portail-animation.ufcv.fr\/ateliers-seniors\/2025\/09\/03\/el-papel-de-las-plataformas-digitales-en-la-proteccion-de-la-infancia-y-adolescentes-un-analisis-profundo\/","url":"https:\/\/portail-animation.ufcv.fr\/ateliers-seniors\/2025\/09\/03\/el-papel-de-las-plataformas-digitales-en-la-proteccion-de-la-infancia-y-adolescentes-un-analisis-profundo\/","name":"El papel de las plataformas digitales en la protecci\u00f3n de la infancia y adolescentes: un an\u00e1lisis profundo - Ateliers seniors","isPartOf":{"@id":"https:\/\/portail-animation.ufcv.fr\/ateliers-seniors\/#website"},"datePublished":"2025-09-02T22:42:45+00:00","dateModified":"2026-09-02T22:42:18+00:00","author":{"@id":"https:\/\/portail-animation.ufcv.fr\/ateliers-seniors\/#\/schema\/person\/e3920f121b148283c13890813088e2a0"},"breadcrumb":{"@id":"https:\/\/portail-animation.ufcv.fr\/ateliers-seniors\/2025\/09\/03\/el-papel-de-las-plataformas-digitales-en-la-proteccion-de-la-infancia-y-adolescentes-un-analisis-profundo\/#breadcrumb"},"inLanguage":"fr-FR","potentialAction":[{"@type":"ReadAction","target":["https:\/\/portail-animation.ufcv.fr\/ateliers-seniors\/2025\/09\/03\/el-papel-de-las-plataformas-digitales-en-la-proteccion-de-la-infancia-y-adolescentes-un-analisis-profundo\/"]}]},{"@type":"BreadcrumbList","@id":"https:\/\/portail-animation.ufcv.fr\/ateliers-seniors\/2025\/09\/03\/el-papel-de-las-plataformas-digitales-en-la-proteccion-de-la-infancia-y-adolescentes-un-analisis-profundo\/#breadcrumb","itemListElement":[{"@type":"ListItem","position":1,"name":"Accueil","item":"https:\/\/portail-animation.ufcv.fr\/ateliers-seniors\/"},{"@type":"ListItem","position":2,"name":"El papel de las plataformas digitales en la protecci\u00f3n de la infancia y adolescentes: un an\u00e1lisis profundo"}]},{"@type":"WebSite","@id":"https:\/\/portail-animation.ufcv.fr\/ateliers-seniors\/#website","url":"https:\/\/portail-animation.ufcv.fr\/ateliers-seniors\/","name":"Ateliers seniors","description":"Un site utilisant R\u00e9seau Portail Animation","potentialAction":[{"@type":"SearchAction","target":{"@type":"EntryPoint","urlTemplate":"https:\/\/portail-animation.ufcv.fr\/ateliers-seniors\/?s={search_term_string}"},"query-input":{"@type":"PropertyValueSpecification","valueRequired":true,"valueName":"search_term_string"}}],"inLanguage":"fr-FR"},{"@type":"Person","@id":"https:\/\/portail-animation.ufcv.fr\/ateliers-seniors\/#\/schema\/person\/e3920f121b148283c13890813088e2a0","name":"adelforge","image":{"@type":"ImageObject","inLanguage":"fr-FR","@id":"https:\/\/portail-animation.ufcv.fr\/ateliers-seniors\/#\/schema\/person\/image\/","url":"https:\/\/secure.gravatar.com\/avatar\/8207ca5dec2038871f4ea2e2a260a192?s=96&d=mm&r=g","contentUrl":"https:\/\/secure.gravatar.com\/avatar\/8207ca5dec2038871f4ea2e2a260a192?s=96&d=mm&r=g","caption":"adelforge"},"url":"https:\/\/portail-animation.ufcv.fr\/ateliers-seniors\/author\/adelforge\/"}]}},"_links":{"self":[{"href":"https:\/\/portail-animation.ufcv.fr\/ateliers-seniors\/wp-json\/wp\/v2\/posts\/3749","targetHints":{"allow":["GET"]}}],"collection":[{"href":"https:\/\/portail-animation.ufcv.fr\/ateliers-seniors\/wp-json\/wp\/v2\/posts"}],"about":[{"href":"https:\/\/portail-animation.ufcv.fr\/ateliers-seniors\/wp-json\/wp\/v2\/types\/post"}],"author":[{"embeddable":true,"href":"https:\/\/portail-animation.ufcv.fr\/ateliers-seniors\/wp-json\/wp\/v2\/users\/150"}],"replies":[{"embeddable":true,"href":"https:\/\/portail-animation.ufcv.fr\/ateliers-seniors\/wp-json\/wp\/v2\/comments?post=3749"}],"version-history":[{"count":1,"href":"https:\/\/portail-animation.ufcv.fr\/ateliers-seniors\/wp-json\/wp\/v2\/posts\/3749\/revisions"}],"predecessor-version":[{"id":3750,"href":"https:\/\/portail-animation.ufcv.fr\/ateliers-seniors\/wp-json\/wp\/v2\/posts\/3749\/revisions\/3750"}],"wp:attachment":[{"href":"https:\/\/portail-animation.ufcv.fr\/ateliers-seniors\/wp-json\/wp\/v2\/media?parent=3749"}],"wp:term":[{"taxonomy":"category","embeddable":true,"href":"https:\/\/portail-animation.ufcv.fr\/ateliers-seniors\/wp-json\/wp\/v2\/categories?post=3749"},{"taxonomy":"post_tag","embeddable":true,"href":"https:\/\/portail-animation.ufcv.fr\/ateliers-seniors\/wp-json\/wp\/v2\/tags?post=3749"}],"curies":[{"name":"wp","href":"https:\/\/api.w.org\/{rel}","templated":true}]}}