 {"id":4005,"date":"2025-09-03T02:18:19","date_gmt":"2025-09-03T00:18:19","guid":{"rendered":"https:\/\/portail-animation.ufcv.fr\/ateliers-seniors\/?p=4005"},"modified":"2026-09-03T02:17:52","modified_gmt":"2026-09-03T00:17:52","slug":"die-rolle-des-vaters-hat-sich-im-zuge-gesellschaftlicher-veranderungen-und-technologischer-innovatio","status":"publish","type":"post","link":"https:\/\/portail-animation.ufcv.fr\/ateliers-seniors\/2025\/09\/03\/die-rolle-des-vaters-hat-sich-im-zuge-gesellschaftlicher-veranderungen-und-technologischer-innovatio\/","title":{"rendered":"Die Rolle des Vaters hat sich im Zuge gesellschaftlicher Ver\u00e4nderungen und technologischer Innovatio"},"content":{"rendered":"<article>\n<section>\n<p>\n      Die Rolle des Vaters hat sich im Zuge gesellschaftlicher Ver\u00e4nderungen und technologischer Innovationen grundlegend gewandelt. W\u00e4hrend traditionelle Vorstellungen vom Vaterbild oft von Autorit\u00e4t und Distanz gepr\u00e4gt waren, zeichnen moderne Erwartungen ein Bild von aktiven, engagierten V\u00e4tern, die ihre Verantwortung in der Erziehung zunehmend selbstbewusst wahrnehmen. Dieser Wandel spiegelt sich nicht nur im pers\u00f6nlichen Umfeld wider, sondern auch in den verf\u00fcgbaren digitalen Ressourcen, die V\u00e4ter bei ihrer Rolle unterst\u00fctzen.\n    <\/p>\n<p>\n      Innovativen Plattformen und spezialisierten Online-Diensten kommt dabei eine zentrale Bedeutung zu, wenn es darum geht, V\u00e4ter mit relevanten Informationen, Rat und Gemeinschaft zu versorgen. Besonders <a href=\"https:\/\/daddy-online.de\/\">daddy<\/a> hat sich in den letzten Jahren als eine f\u00fchrende Anlaufstelle etabliert, um die vielf\u00e4ltigen Aspekte moderner Vaterschaft zu beleuchten und praktische Unterst\u00fctzung zu bieten.\n    <\/p>\n<\/section>\n<section>\n<h2>Der gesellschaftliche Wandel: Vom traditionellen Vaterbild zum modernen Vater<\/h2>\n<p>\n      Studien zeigen, dass sich das Bild des Vaters in den letzten Jahrzehnten erheblich ver\u00e4ndert hat. Laut einer Untersuchung des Deutschen Jugendinstituts (DJI) aus dem Jahr 2022 \u00fcbernehmen V\u00e4ter in Deutschland heute durchschnittlich 40 % der Kinderbetreuung \u2013 eine Steigerung um 10 % im Vergleich zu den 1980er Jahren. Diese Entwicklung spiegelt nicht nur den kulturellen Wandel wider, sondern auch die zunehmende Anerkennung der Gleichberechtigung der Geschlechter.\n    <\/p>\n<p>\n      Der moderne Vater agiert als aktiver Partner in der Familie, f\u00f6rdert die emotionale Entwicklung seiner Kinder und setzt sich f\u00fcr eine ausgewogene Work-Life-Balance ein. Dabei ist die digitale Welt ein wertvolles Werkzeug, das es V\u00e4tern erm\u00f6glicht, sich zu vernetzen, Wissen zu teilen und neue Elternkompetenzen zu entwickeln.\n    <\/p>\n<\/section>\n<section>\n<h2>Digitale Ressourcen f\u00fcr V\u00e4ter: Chancen und Herausforderungen<\/h2>\n<p>\n      Online-Plattformen bieten heute eine Vielzahl an Inhalten, die speziell auf die Bed\u00fcrfnisse moderner V\u00e4ter zugeschnitten sind. Diese reichen von Blogartikeln und Foren bis hin zu Podcasts und Webinaren. Das Ziel ist es, V\u00e4tern Orientierung zu geben, sie bei der Bew\u00e4ltigung der Elternschaft zu unterst\u00fctzen und den Erfahrungsaustausch zu f\u00f6rdern.\n    <\/p>\n<p>\n      Dennoch gilt es, die Qualit\u00e4t und Vertrauensw\u00fcrdigkeit dieser Angebote kritisch zu pr\u00fcfen. Seri\u00f6se Seiten wie daddy zeichnen sich durch fundierte Inhalte, wissenschaftliche Quellen und einen respektvollen Umgang aus. Diese Plattformen tragen dazu bei, Mythen und Missverst\u00e4ndnisse zu entkr\u00e4ften und eine offene, informierte Diskussion \u00fcber Vaterschaft zu erm\u00f6glichen.\n    <\/p>\n<\/section>\n<section>\n<h2>Ein Beispiel f\u00fcr innovative V\u00e4ternetzwerke: \u00ab\u00a0daddy\u00a0\u00bb<\/h2>\n<p>\n      Die Webseite daddy ist eine in Deutschland aufstrebende Online-Community, die sich auf die Belange moderner V\u00e4ter spezialisiert hat. Hier werden Themen wie Vereinbarkeit von Beruf und Familie, emotionale Kompetenz, sowie praktischer Alltag rund um die Elternschaft behandelt. Die Plattform setzt auf eine Kombination aus Expertenwissen, pers\u00f6nlichen Erfahrungsberichten und einer lebendigen Community.\n    <\/p>\n<p>\n      Besonders hervorzuheben ist die klare Positionierung der Plattform, die V\u00e4ter ermutigen m\u00f6chte, ihre Rolle aktiv zu gestalten, ohne dabei in tradierten Rollenmustern zu verharren. Dieser Ansatz ist eine wichtige Erg\u00e4nzung zu den klassischen Elternratgebern, die oftmals noch stark genderstereotyp gepr\u00e4gt sind.\n    <\/p>\n<\/section>\n<section>\n<h2>Fazit: Die Zukunft der Vaterschaft im digitalen Zeitalter<\/h2>\n<p>\n      Die Pandemie hat den Trend zur Digitalisierung in der Elternschaft weiter beschleunigt. V\u00e4ter nutzen zunehmend digitale Plattformen, um sich zu vernetzen, Wissen zu erweitern und ihre Rolle in der Familie aktiv zu gestalten. Plattformen wie daddy stehen exemplarisch f\u00fcr eine neue \u00c4ra der Elternarbeit \u2013 gepr\u00e4gt von Offenheit, Empowerment und Gemeinschaft.\n    <\/p>\n<p>\n      F\u00fcr eine nachhaltige Entwicklung ist es entscheidend, die Qualit\u00e4t der digitalen Inhalte hoch zu halten und V\u00e4ter dabei zu unterst\u00fctzen, informierte Entscheidungen zu treffen. Die Zukunft geh\u00f6rt den V\u00e4tern, die ihren Platz in der Gesellschaft selbstbewusst einnehmen und dabei durch verl\u00e4ssliche Online-Ressourcen gest\u00e4rkt werden.\n    <\/p>\n<\/section>\n<\/article>\n","protected":false},"excerpt":{"rendered":"<p>Die Rolle des Vaters hat sich im Zuge gesellschaftlicher Ver\u00e4nderungen und technologischer Innovationen grundlegend gewandelt. W\u00e4hrend traditionelle Vorstellungen vom Vaterbild oft von Autorit\u00e4t und Distanz gepr\u00e4gt waren, zeichnen moderne Erwartungen ein Bild von aktiven, engagierten V\u00e4tern, die ihre Verantwortung in [&hellip;]<\/p>\n","protected":false},"author":150,"featured_media":0,"comment_status":"open","ping_status":"open","sticky":false,"template":"","format":"standard","meta":{"_acf_changed":false,"footnotes":""},"categories":[1],"tags":[],"class_list":["post-4005","post","type-post","status-publish","format-standard","hentry","category-non-classe"],"acf":[],"yoast_head":"<!-- This site is optimized with the Yoast SEO plugin v23.9 - https:\/\/yoast.com\/wordpress\/plugins\/seo\/ -->\r\n<title>Die Rolle des Vaters hat sich im Zuge gesellschaftlicher Ver\u00e4nderungen und technologischer Innovatio - Ateliers seniors<\/title>\r\n<meta name=\"robots\" content=\"index, follow, max-snippet:-1, max-image-preview:large, max-video-preview:-1\" \/>\r\n<link rel=\"canonical\" href=\"https:\/\/portail-animation.ufcv.fr\/ateliers-seniors\/2025\/09\/03\/die-rolle-des-vaters-hat-sich-im-zuge-gesellschaftlicher-veranderungen-und-technologischer-innovatio\/\" \/>\r\n<meta property=\"og:locale\" content=\"fr_FR\" \/>\r\n<meta property=\"og:type\" content=\"article\" \/>\r\n<meta property=\"og:title\" content=\"Die Rolle des Vaters hat sich im Zuge gesellschaftlicher Ver\u00e4nderungen und technologischer Innovatio - Ateliers seniors\" \/>\r\n<meta property=\"og:description\" content=\"Die Rolle des Vaters hat sich im Zuge gesellschaftlicher Ver\u00e4nderungen und technologischer Innovationen grundlegend gewandelt. W\u00e4hrend traditionelle Vorstellungen vom Vaterbild oft von Autorit\u00e4t und Distanz gepr\u00e4gt waren, zeichnen moderne Erwartungen ein Bild von aktiven, engagierten V\u00e4tern, die ihre Verantwortung in [&hellip;]\" \/>\r\n<meta property=\"og:url\" content=\"https:\/\/portail-animation.ufcv.fr\/ateliers-seniors\/2025\/09\/03\/die-rolle-des-vaters-hat-sich-im-zuge-gesellschaftlicher-veranderungen-und-technologischer-innovatio\/\" \/>\r\n<meta property=\"og:site_name\" content=\"Ateliers seniors\" \/>\r\n<meta property=\"article:published_time\" content=\"2025-09-03T00:18:19+00:00\" \/>\r\n<meta property=\"article:modified_time\" content=\"2026-09-03T00:17:52+00:00\" \/>\r\n<meta name=\"author\" content=\"adelforge\" \/>\r\n<meta name=\"twitter:card\" content=\"summary_large_image\" \/>\r\n<meta name=\"twitter:label1\" content=\"\u00c9crit par\" \/>\n\t<meta name=\"twitter:data1\" content=\"adelforge\" \/>\n\t<meta name=\"twitter:label2\" content=\"Dur\u00e9e de lecture estim\u00e9e\" \/>\n\t<meta name=\"twitter:data2\" content=\"3 minutes\" \/>\r\n<script type=\"application\/ld+json\" class=\"yoast-schema-graph\">{\"@context\":\"https:\/\/schema.org\",\"@graph\":[{\"@type\":\"WebPage\",\"@id\":\"https:\/\/portail-animation.ufcv.fr\/ateliers-seniors\/2025\/09\/03\/die-rolle-des-vaters-hat-sich-im-zuge-gesellschaftlicher-veranderungen-und-technologischer-innovatio\/\",\"url\":\"https:\/\/portail-animation.ufcv.fr\/ateliers-seniors\/2025\/09\/03\/die-rolle-des-vaters-hat-sich-im-zuge-gesellschaftlicher-veranderungen-und-technologischer-innovatio\/\",\"name\":\"Die Rolle des Vaters hat sich im Zuge gesellschaftlicher Ver\u00e4nderungen und technologischer Innovatio - Ateliers seniors\",\"isPartOf\":{\"@id\":\"https:\/\/portail-animation.ufcv.fr\/ateliers-seniors\/#website\"},\"datePublished\":\"2025-09-03T00:18:19+00:00\",\"dateModified\":\"2026-09-03T00:17:52+00:00\",\"author\":{\"@id\":\"https:\/\/portail-animation.ufcv.fr\/ateliers-seniors\/#\/schema\/person\/e3920f121b148283c13890813088e2a0\"},\"breadcrumb\":{\"@id\":\"https:\/\/portail-animation.ufcv.fr\/ateliers-seniors\/2025\/09\/03\/die-rolle-des-vaters-hat-sich-im-zuge-gesellschaftlicher-veranderungen-und-technologischer-innovatio\/#breadcrumb\"},\"inLanguage\":\"fr-FR\",\"potentialAction\":[{\"@type\":\"ReadAction\",\"target\":[\"https:\/\/portail-animation.ufcv.fr\/ateliers-seniors\/2025\/09\/03\/die-rolle-des-vaters-hat-sich-im-zuge-gesellschaftlicher-veranderungen-und-technologischer-innovatio\/\"]}]},{\"@type\":\"BreadcrumbList\",\"@id\":\"https:\/\/portail-animation.ufcv.fr\/ateliers-seniors\/2025\/09\/03\/die-rolle-des-vaters-hat-sich-im-zuge-gesellschaftlicher-veranderungen-und-technologischer-innovatio\/#breadcrumb\",\"itemListElement\":[{\"@type\":\"ListItem\",\"position\":1,\"name\":\"Accueil\",\"item\":\"https:\/\/portail-animation.ufcv.fr\/ateliers-seniors\/\"},{\"@type\":\"ListItem\",\"position\":2,\"name\":\"Die Rolle des Vaters hat sich im Zuge gesellschaftlicher Ver\u00e4nderungen und technologischer Innovatio\"}]},{\"@type\":\"WebSite\",\"@id\":\"https:\/\/portail-animation.ufcv.fr\/ateliers-seniors\/#website\",\"url\":\"https:\/\/portail-animation.ufcv.fr\/ateliers-seniors\/\",\"name\":\"Ateliers seniors\",\"description\":\"Un site utilisant R\u00e9seau Portail Animation\",\"potentialAction\":[{\"@type\":\"SearchAction\",\"target\":{\"@type\":\"EntryPoint\",\"urlTemplate\":\"https:\/\/portail-animation.ufcv.fr\/ateliers-seniors\/?s={search_term_string}\"},\"query-input\":{\"@type\":\"PropertyValueSpecification\",\"valueRequired\":true,\"valueName\":\"search_term_string\"}}],\"inLanguage\":\"fr-FR\"},{\"@type\":\"Person\",\"@id\":\"https:\/\/portail-animation.ufcv.fr\/ateliers-seniors\/#\/schema\/person\/e3920f121b148283c13890813088e2a0\",\"name\":\"adelforge\",\"image\":{\"@type\":\"ImageObject\",\"inLanguage\":\"fr-FR\",\"@id\":\"https:\/\/portail-animation.ufcv.fr\/ateliers-seniors\/#\/schema\/person\/image\/\",\"url\":\"https:\/\/secure.gravatar.com\/avatar\/8207ca5dec2038871f4ea2e2a260a192?s=96&d=mm&r=g\",\"contentUrl\":\"https:\/\/secure.gravatar.com\/avatar\/8207ca5dec2038871f4ea2e2a260a192?s=96&d=mm&r=g\",\"caption\":\"adelforge\"},\"url\":\"https:\/\/portail-animation.ufcv.fr\/ateliers-seniors\/author\/adelforge\/\"}]}<\/script>\r\n<!-- \/ Yoast SEO plugin. -->","yoast_head_json":{"title":"Die Rolle des Vaters hat sich im Zuge gesellschaftlicher Ver\u00e4nderungen und technologischer Innovatio - Ateliers seniors","robots":{"index":"index","follow":"follow","max-snippet":"max-snippet:-1","max-image-preview":"max-image-preview:large","max-video-preview":"max-video-preview:-1"},"canonical":"https:\/\/portail-animation.ufcv.fr\/ateliers-seniors\/2025\/09\/03\/die-rolle-des-vaters-hat-sich-im-zuge-gesellschaftlicher-veranderungen-und-technologischer-innovatio\/","og_locale":"fr_FR","og_type":"article","og_title":"Die Rolle des Vaters hat sich im Zuge gesellschaftlicher Ver\u00e4nderungen und technologischer Innovatio - Ateliers seniors","og_description":"Die Rolle des Vaters hat sich im Zuge gesellschaftlicher Ver\u00e4nderungen und technologischer Innovationen grundlegend gewandelt. W\u00e4hrend traditionelle Vorstellungen vom Vaterbild oft von Autorit\u00e4t und Distanz gepr\u00e4gt waren, zeichnen moderne Erwartungen ein Bild von aktiven, engagierten V\u00e4tern, die ihre Verantwortung in [&hellip;]","og_url":"https:\/\/portail-animation.ufcv.fr\/ateliers-seniors\/2025\/09\/03\/die-rolle-des-vaters-hat-sich-im-zuge-gesellschaftlicher-veranderungen-und-technologischer-innovatio\/","og_site_name":"Ateliers seniors","article_published_time":"2025-09-03T00:18:19+00:00","article_modified_time":"2026-09-03T00:17:52+00:00","author":"adelforge","twitter_card":"summary_large_image","twitter_misc":{"\u00c9crit par":"adelforge","Dur\u00e9e de lecture estim\u00e9e":"3 minutes"},"schema":{"@context":"https:\/\/schema.org","@graph":[{"@type":"WebPage","@id":"https:\/\/portail-animation.ufcv.fr\/ateliers-seniors\/2025\/09\/03\/die-rolle-des-vaters-hat-sich-im-zuge-gesellschaftlicher-veranderungen-und-technologischer-innovatio\/","url":"https:\/\/portail-animation.ufcv.fr\/ateliers-seniors\/2025\/09\/03\/die-rolle-des-vaters-hat-sich-im-zuge-gesellschaftlicher-veranderungen-und-technologischer-innovatio\/","name":"Die Rolle des Vaters hat sich im Zuge gesellschaftlicher Ver\u00e4nderungen und technologischer Innovatio - Ateliers seniors","isPartOf":{"@id":"https:\/\/portail-animation.ufcv.fr\/ateliers-seniors\/#website"},"datePublished":"2025-09-03T00:18:19+00:00","dateModified":"2026-09-03T00:17:52+00:00","author":{"@id":"https:\/\/portail-animation.ufcv.fr\/ateliers-seniors\/#\/schema\/person\/e3920f121b148283c13890813088e2a0"},"breadcrumb":{"@id":"https:\/\/portail-animation.ufcv.fr\/ateliers-seniors\/2025\/09\/03\/die-rolle-des-vaters-hat-sich-im-zuge-gesellschaftlicher-veranderungen-und-technologischer-innovatio\/#breadcrumb"},"inLanguage":"fr-FR","potentialAction":[{"@type":"ReadAction","target":["https:\/\/portail-animation.ufcv.fr\/ateliers-seniors\/2025\/09\/03\/die-rolle-des-vaters-hat-sich-im-zuge-gesellschaftlicher-veranderungen-und-technologischer-innovatio\/"]}]},{"@type":"BreadcrumbList","@id":"https:\/\/portail-animation.ufcv.fr\/ateliers-seniors\/2025\/09\/03\/die-rolle-des-vaters-hat-sich-im-zuge-gesellschaftlicher-veranderungen-und-technologischer-innovatio\/#breadcrumb","itemListElement":[{"@type":"ListItem","position":1,"name":"Accueil","item":"https:\/\/portail-animation.ufcv.fr\/ateliers-seniors\/"},{"@type":"ListItem","position":2,"name":"Die Rolle des Vaters hat sich im Zuge gesellschaftlicher Ver\u00e4nderungen und technologischer Innovatio"}]},{"@type":"WebSite","@id":"https:\/\/portail-animation.ufcv.fr\/ateliers-seniors\/#website","url":"https:\/\/portail-animation.ufcv.fr\/ateliers-seniors\/","name":"Ateliers seniors","description":"Un site utilisant R\u00e9seau Portail Animation","potentialAction":[{"@type":"SearchAction","target":{"@type":"EntryPoint","urlTemplate":"https:\/\/portail-animation.ufcv.fr\/ateliers-seniors\/?s={search_term_string}"},"query-input":{"@type":"PropertyValueSpecification","valueRequired":true,"valueName":"search_term_string"}}],"inLanguage":"fr-FR"},{"@type":"Person","@id":"https:\/\/portail-animation.ufcv.fr\/ateliers-seniors\/#\/schema\/person\/e3920f121b148283c13890813088e2a0","name":"adelforge","image":{"@type":"ImageObject","inLanguage":"fr-FR","@id":"https:\/\/portail-animation.ufcv.fr\/ateliers-seniors\/#\/schema\/person\/image\/","url":"https:\/\/secure.gravatar.com\/avatar\/8207ca5dec2038871f4ea2e2a260a192?s=96&d=mm&r=g","contentUrl":"https:\/\/secure.gravatar.com\/avatar\/8207ca5dec2038871f4ea2e2a260a192?s=96&d=mm&r=g","caption":"adelforge"},"url":"https:\/\/portail-animation.ufcv.fr\/ateliers-seniors\/author\/adelforge\/"}]}},"_links":{"self":[{"href":"https:\/\/portail-animation.ufcv.fr\/ateliers-seniors\/wp-json\/wp\/v2\/posts\/4005","targetHints":{"allow":["GET"]}}],"collection":[{"href":"https:\/\/portail-animation.ufcv.fr\/ateliers-seniors\/wp-json\/wp\/v2\/posts"}],"about":[{"href":"https:\/\/portail-animation.ufcv.fr\/ateliers-seniors\/wp-json\/wp\/v2\/types\/post"}],"author":[{"embeddable":true,"href":"https:\/\/portail-animation.ufcv.fr\/ateliers-seniors\/wp-json\/wp\/v2\/users\/150"}],"replies":[{"embeddable":true,"href":"https:\/\/portail-animation.ufcv.fr\/ateliers-seniors\/wp-json\/wp\/v2\/comments?post=4005"}],"version-history":[{"count":1,"href":"https:\/\/portail-animation.ufcv.fr\/ateliers-seniors\/wp-json\/wp\/v2\/posts\/4005\/revisions"}],"predecessor-version":[{"id":4006,"href":"https:\/\/portail-animation.ufcv.fr\/ateliers-seniors\/wp-json\/wp\/v2\/posts\/4005\/revisions\/4006"}],"wp:attachment":[{"href":"https:\/\/portail-animation.ufcv.fr\/ateliers-seniors\/wp-json\/wp\/v2\/media?parent=4005"}],"wp:term":[{"taxonomy":"category","embeddable":true,"href":"https:\/\/portail-animation.ufcv.fr\/ateliers-seniors\/wp-json\/wp\/v2\/categories?post=4005"},{"taxonomy":"post_tag","embeddable":true,"href":"https:\/\/portail-animation.ufcv.fr\/ateliers-seniors\/wp-json\/wp\/v2\/tags?post=4005"}],"curies":[{"name":"wp","href":"https:\/\/api.w.org\/{rel}","templated":true}]}}