 {"id":4143,"date":"2025-09-03T03:32:34","date_gmt":"2025-09-03T01:32:34","guid":{"rendered":"https:\/\/portail-animation.ufcv.fr\/ateliers-seniors\/?p=4143"},"modified":"2026-09-03T03:32:07","modified_gmt":"2026-09-03T01:32:07","slug":"inovace-v-oblasti-vyroby-drevenych-palet-technologicky-pokrok-a-udrzitelny-rozvoj","status":"publish","type":"post","link":"https:\/\/portail-animation.ufcv.fr\/ateliers-seniors\/2025\/09\/03\/inovace-v-oblasti-vyroby-drevenych-palet-technologicky-pokrok-a-udrzitelny-rozvoj\/","title":{"rendered":"Inovace v oblasti v\u00fdroby d\u0159ev\u011bn\u00fdch palet: Technologick\u00fd pokrok a udr\u017eiteln\u00fd rozvoj"},"content":{"rendered":"<p>V dne\u0161n\u00ed globalizovan\u00e9 ekonomice p\u0159edstavuj\u00ed d\u0159ev\u011bn\u00e9 palety kl\u00ed\u010dov\u00fd prvek logistiky a skladov\u00e1n\u00ed. P\u0159esto\u017ee jsou \u010dasto p\u0159ehl\u00ed\u017een\u00fdm prvkem dodavatelsk\u00e9ho \u0159et\u011bzce, jejich v\u00fdroba a inovace hraj\u00ed z\u00e1sadn\u00ed roli v efektivit\u011b, udr\u017eitelnosti a konkurenceschopnosti firem nap\u0159\u00ed\u010d pr\u016fmyslov\u00fdmi odv\u011btv\u00edmi. V tomto \u010dl\u00e1nku se pod\u00edv\u00e1me na nejnov\u011bj\u0161\u00ed trendy v oblasti v\u00fdroby d\u0159ev\u011bn\u00fdch palet, jejich vliv na pr\u016fmysl a jak modern\u00ed technologie, nap\u0159\u00edklad ty dostupn\u00e9 na str\u00e1nk\u00e1ch <a href=\"http:\/\/www.winota.co.cz\/cs-cz\">http:\/\/www.winota.co.cz\/cs-cz<\/a>, p\u0159isp\u00edvaj\u00ed k inovativn\u00ed zm\u011bn\u011b.<\/p>\n<h2>Historie a v\u00fdznam d\u0159ev\u011bn\u00fdch palet v glob\u00e1ln\u00edm logistick\u00e9m \u0159et\u011bzci<\/h2>\n<p>D\u0159ev\u011bn\u00e9 palety vznikly v 19. stolet\u00ed a od t\u00e9 doby se staly standardn\u00edm prost\u0159edkem pro p\u0159epravu zbo\u017e\u00ed. Jsou vhodn\u00e9 pro manipulaci s velk\u00fdm objemem zbo\u017e\u00ed, jsou levn\u00e9 na v\u00fdrobu a ekologicky recyklovateln\u00e9. Podle Mezin\u00e1rodn\u00ed asociace pro standardy palet (IPPC) je na cel\u00e9m sv\u011bt\u011b pou\u017e\u00edv\u00e1no v\u00edce ne\u017e 2,3 miliardy palet ro\u010dn\u011b. Tento objem nep\u0159etr\u017eit\u011b roste d\u00edky globalizaci a rozvoji pr\u016fmyslu.<\/p>\n<h2>Kl\u00ed\u010dov\u00e9 trendy ve v\u00fdrob\u011b a inovace<\/h2>\n<table>\n<thead>\n<tr>\n<th>Trend<\/th>\n<th>Popis<\/th>\n<th>Dopad na pr\u016fmysl<\/th>\n<\/tr>\n<\/thead>\n<tbody>\n<tr>\n<td><span class=\"highlight\">Digitalizace v\u00fdroby<\/span><\/td>\n<td>Automatizovan\u00e9 \u0159ezac\u00ed a mont\u00e1\u017en\u00ed linky vyu\u017e\u00edvaj\u00edc\u00ed CAD\/CAM technologie.<\/td>\n<td>Zv\u00fd\u0161en\u00ed p\u0159esnosti, sn\u00ed\u017een\u00ed odpad\u016f a zkr\u00e1cen\u00ed v\u00fdrobn\u00edho cyklu.<\/td>\n<\/tr>\n<tr>\n<td><span class=\"highlight\">Udr\u017eiteln\u00e1 produkce<\/span><\/td>\n<td>Pou\u017eit\u00ed FSC certifikovan\u00e9ho d\u0159eva a recyklace star\u00fdch palet.<\/td>\n<td>Zaji\u0161t\u011bn\u00ed ekologick\u00e9 odpov\u011bdnosti a zlep\u0161en\u00ed image firem.<\/td>\n<\/tr>\n<tr>\n<td><span class=\"highlight\">Inovativn\u00ed materi\u00e1ly<\/span><\/td>\n<td>Integrace lehk\u00fdch kompozitn\u00edch materi\u00e1l\u016f a v\u00fdztuh pro zv\u00fd\u0161en\u00ed nosnosti.<\/td>\n<td>V\u011bt\u0161\u00ed odolnost a mo\u017enosti op\u011btovn\u00e9ho pou\u017eit\u00ed.<\/td>\n<\/tr>\n<\/tbody>\n<\/table>\n<h2>Technologie a inovace v praxi<\/h2>\n<p>Pro spole\u010dnosti orientovan\u00e9 na modern\u00ed p\u0159\u00edstupy je nezbytn\u00e9 sledovat nejen samotn\u00fd v\u00fdrobn\u00ed proces, ale i mo\u017enosti optimalizace a ekologick\u00fdch \u0159e\u0161en\u00ed. \u010casto p\u0159itom vyu\u017e\u00edvaj\u00ed technologie a know-how, kter\u00fd lze nal\u00e9zt pod odkazy jako <a href=\"http:\/\/www.winota.co.cz\/cs-cz\">http:\/\/www.winota.co.cz\/cs-cz<\/a>. Spole\u010dnost Winota nap\u0159\u00edklad nab\u00edz\u00ed sofistikovan\u00e9 stroje a servisn\u00ed \u0159e\u0161en\u00ed, je\u017e umo\u017e\u0148uj\u00ed v\u00fdrobu palet v jednotn\u00e9m m\u011b\u0159\u00edtku s maxim\u00e1ln\u00ed p\u0159esnost\u00ed a environment\u00e1ln\u00ed ohleduplnost\u00ed.<\/p>\n<blockquote><p>\n\u00ab\u00a0Modern\u00ed technologie ve v\u00fdrob\u011b d\u0159ev\u011bn\u00fdch palet nejsou pouze ot\u00e1zkou ceny, ale i kvality, udr\u017eitelnosti a efektivity. Firmy, kter\u00e9 aktivn\u011b implementuj\u00ed inovace, maj\u00ed v\u00fdraznou konkuren\u010dn\u00ed v\u00fdhodu na trhu nap\u0159\u00ed\u010d cel\u00fdm sv\u011btem.\u00a0\u00bb \u2014 <em>Prof. Jan Novotn\u00fd, odborn\u00edk na pr\u016fmyslov\u00e9 inovace<\/em>\n<\/p><\/blockquote>\n<h2>Ekonomick\u00e9 a environment\u00e1ln\u00ed v\u00fdhody inovovan\u00fdch palet<\/h2>\n<p>Implementace inovativn\u00edch technologi\u00ed p\u0159in\u00e1\u0161\u00ed n\u011bkolikan\u00e1sobn\u00e9 v\u00fdhody:<\/p>\n<ul>\n<li><strong>Ekonomick\u00e1 efektivita:<\/strong> Sn\u00ed\u017een\u00ed n\u00e1klad\u016f na v\u00fdrobu a manipulaci d\u00edky automatizaci a optimalizaci materi\u00e1lu.<\/li>\n<li><strong>Udr\u017eitelnost:<\/strong> Recyklace d\u0159eva, recertifikace a sn\u00ed\u017een\u00ed odpadu p\u0159isp\u00edvaj\u00ed k ekologick\u00e9 odpov\u011bdnosti v\u00fdrobc\u016f.<\/li>\n<li><strong>Bezpe\u010dnost a spolehlivost:<\/strong> Modern\u00ed palety maj\u00ed vy\u0161\u0161\u00ed nosnost, jsou odoln\u011bj\u0161\u00ed a m\u00e9n\u011b n\u00e1chyln\u00e9 k po\u0161kozen\u00ed b\u011bhem manipulace.<\/li>\n<\/ul>\n<h2>Z\u00e1v\u011br<\/h2>\n<p>Inovace v oblasti v\u00fdroby d\u0159ev\u011bn\u00fdch palet reprezentuj\u00ed v\u00fdznamnou zm\u011bnu, kter\u00e1 nejen zvy\u0161uje jejich funk\u010dnost, ale tak\u00e9 posiluje jejich udr\u017eiteln\u00fd rozvoj. Pokro\u010dil\u00e9 technologie a odborn\u00e9 know-how, jako je nap\u0159\u00edklad to dostupn\u00e9 na <a href=\"http:\/\/www.winota.co.cz\/cs-cz\">https:\/\/winota.co.cz\/cs-cz\/<\/a>, umo\u017e\u0148uj\u00ed firm\u00e1m p\u0159ej\u00edt na efektivn\u011bj\u0161\u00ed a \u0161etrn\u011bj\u0161\u00ed v\u00fdrobu, kter\u00e1 odpov\u00edd\u00e1 dne\u0161n\u00edm po\u017eadavk\u016fm na kvalitu, ekologickou odpov\u011bdnost a konkurenceschopnost v globalizovan\u00e9m sv\u011bt\u011b. P\u0159\u00edstup k inovac\u00edm je tak kl\u00ed\u010dov\u00fdm faktorem v transformaci pr\u016fmyslov\u00fdch \u0159et\u011bzc\u016f a udr\u017eiteln\u00e9m rozvoji v oblasti logistiky.<\/p>\n","protected":false},"excerpt":{"rendered":"<p>V dne\u0161n\u00ed globalizovan\u00e9 ekonomice p\u0159edstavuj\u00ed d\u0159ev\u011bn\u00e9 palety kl\u00ed\u010dov\u00fd prvek logistiky a skladov\u00e1n\u00ed. P\u0159esto\u017ee jsou \u010dasto p\u0159ehl\u00ed\u017een\u00fdm prvkem dodavatelsk\u00e9ho \u0159et\u011bzce, jejich v\u00fdroba a inovace hraj\u00ed z\u00e1sadn\u00ed roli v efektivit\u011b, udr\u017eitelnosti a konkurenceschopnosti firem nap\u0159\u00ed\u010d pr\u016fmyslov\u00fdmi odv\u011btv\u00edmi. V tomto \u010dl\u00e1nku se pod\u00edv\u00e1me [&hellip;]<\/p>\n","protected":false},"author":150,"featured_media":0,"comment_status":"open","ping_status":"open","sticky":false,"template":"","format":"standard","meta":{"_acf_changed":false,"footnotes":""},"categories":[1],"tags":[],"class_list":["post-4143","post","type-post","status-publish","format-standard","hentry","category-non-classe"],"acf":[],"yoast_head":"<!-- This site is optimized with the Yoast SEO plugin v23.9 - https:\/\/yoast.com\/wordpress\/plugins\/seo\/ -->\r\n<title>Inovace v oblasti v\u00fdroby d\u0159ev\u011bn\u00fdch palet: Technologick\u00fd pokrok a udr\u017eiteln\u00fd rozvoj - Ateliers seniors<\/title>\r\n<meta name=\"robots\" content=\"index, follow, max-snippet:-1, max-image-preview:large, max-video-preview:-1\" \/>\r\n<link rel=\"canonical\" href=\"https:\/\/portail-animation.ufcv.fr\/ateliers-seniors\/2025\/09\/03\/inovace-v-oblasti-vyroby-drevenych-palet-technologicky-pokrok-a-udrzitelny-rozvoj\/\" \/>\r\n<meta property=\"og:locale\" content=\"fr_FR\" \/>\r\n<meta property=\"og:type\" content=\"article\" \/>\r\n<meta property=\"og:title\" content=\"Inovace v oblasti v\u00fdroby d\u0159ev\u011bn\u00fdch palet: Technologick\u00fd pokrok a udr\u017eiteln\u00fd rozvoj - Ateliers seniors\" \/>\r\n<meta property=\"og:description\" content=\"V dne\u0161n\u00ed globalizovan\u00e9 ekonomice p\u0159edstavuj\u00ed d\u0159ev\u011bn\u00e9 palety kl\u00ed\u010dov\u00fd prvek logistiky a skladov\u00e1n\u00ed. P\u0159esto\u017ee jsou \u010dasto p\u0159ehl\u00ed\u017een\u00fdm prvkem dodavatelsk\u00e9ho \u0159et\u011bzce, jejich v\u00fdroba a inovace hraj\u00ed z\u00e1sadn\u00ed roli v efektivit\u011b, udr\u017eitelnosti a konkurenceschopnosti firem nap\u0159\u00ed\u010d pr\u016fmyslov\u00fdmi odv\u011btv\u00edmi. V tomto \u010dl\u00e1nku se pod\u00edv\u00e1me [&hellip;]\" \/>\r\n<meta property=\"og:url\" content=\"https:\/\/portail-animation.ufcv.fr\/ateliers-seniors\/2025\/09\/03\/inovace-v-oblasti-vyroby-drevenych-palet-technologicky-pokrok-a-udrzitelny-rozvoj\/\" \/>\r\n<meta property=\"og:site_name\" content=\"Ateliers seniors\" \/>\r\n<meta property=\"article:published_time\" content=\"2025-09-03T01:32:34+00:00\" \/>\r\n<meta property=\"article:modified_time\" content=\"2026-09-03T01:32:07+00:00\" \/>\r\n<meta name=\"author\" content=\"adelforge\" \/>\r\n<meta name=\"twitter:card\" content=\"summary_large_image\" \/>\r\n<meta name=\"twitter:label1\" content=\"\u00c9crit par\" \/>\n\t<meta name=\"twitter:data1\" content=\"adelforge\" \/>\n\t<meta name=\"twitter:label2\" content=\"Dur\u00e9e de lecture estim\u00e9e\" \/>\n\t<meta name=\"twitter:data2\" content=\"3 minutes\" \/>\r\n<script type=\"application\/ld+json\" class=\"yoast-schema-graph\">{\"@context\":\"https:\/\/schema.org\",\"@graph\":[{\"@type\":\"WebPage\",\"@id\":\"https:\/\/portail-animation.ufcv.fr\/ateliers-seniors\/2025\/09\/03\/inovace-v-oblasti-vyroby-drevenych-palet-technologicky-pokrok-a-udrzitelny-rozvoj\/\",\"url\":\"https:\/\/portail-animation.ufcv.fr\/ateliers-seniors\/2025\/09\/03\/inovace-v-oblasti-vyroby-drevenych-palet-technologicky-pokrok-a-udrzitelny-rozvoj\/\",\"name\":\"Inovace v oblasti v\u00fdroby d\u0159ev\u011bn\u00fdch palet: Technologick\u00fd pokrok a udr\u017eiteln\u00fd rozvoj - Ateliers seniors\",\"isPartOf\":{\"@id\":\"https:\/\/portail-animation.ufcv.fr\/ateliers-seniors\/#website\"},\"datePublished\":\"2025-09-03T01:32:34+00:00\",\"dateModified\":\"2026-09-03T01:32:07+00:00\",\"author\":{\"@id\":\"https:\/\/portail-animation.ufcv.fr\/ateliers-seniors\/#\/schema\/person\/e3920f121b148283c13890813088e2a0\"},\"breadcrumb\":{\"@id\":\"https:\/\/portail-animation.ufcv.fr\/ateliers-seniors\/2025\/09\/03\/inovace-v-oblasti-vyroby-drevenych-palet-technologicky-pokrok-a-udrzitelny-rozvoj\/#breadcrumb\"},\"inLanguage\":\"fr-FR\",\"potentialAction\":[{\"@type\":\"ReadAction\",\"target\":[\"https:\/\/portail-animation.ufcv.fr\/ateliers-seniors\/2025\/09\/03\/inovace-v-oblasti-vyroby-drevenych-palet-technologicky-pokrok-a-udrzitelny-rozvoj\/\"]}]},{\"@type\":\"BreadcrumbList\",\"@id\":\"https:\/\/portail-animation.ufcv.fr\/ateliers-seniors\/2025\/09\/03\/inovace-v-oblasti-vyroby-drevenych-palet-technologicky-pokrok-a-udrzitelny-rozvoj\/#breadcrumb\",\"itemListElement\":[{\"@type\":\"ListItem\",\"position\":1,\"name\":\"Accueil\",\"item\":\"https:\/\/portail-animation.ufcv.fr\/ateliers-seniors\/\"},{\"@type\":\"ListItem\",\"position\":2,\"name\":\"Inovace v oblasti v\u00fdroby d\u0159ev\u011bn\u00fdch palet: Technologick\u00fd pokrok a udr\u017eiteln\u00fd rozvoj\"}]},{\"@type\":\"WebSite\",\"@id\":\"https:\/\/portail-animation.ufcv.fr\/ateliers-seniors\/#website\",\"url\":\"https:\/\/portail-animation.ufcv.fr\/ateliers-seniors\/\",\"name\":\"Ateliers seniors\",\"description\":\"Un site utilisant R\u00e9seau Portail Animation\",\"potentialAction\":[{\"@type\":\"SearchAction\",\"target\":{\"@type\":\"EntryPoint\",\"urlTemplate\":\"https:\/\/portail-animation.ufcv.fr\/ateliers-seniors\/?s={search_term_string}\"},\"query-input\":{\"@type\":\"PropertyValueSpecification\",\"valueRequired\":true,\"valueName\":\"search_term_string\"}}],\"inLanguage\":\"fr-FR\"},{\"@type\":\"Person\",\"@id\":\"https:\/\/portail-animation.ufcv.fr\/ateliers-seniors\/#\/schema\/person\/e3920f121b148283c13890813088e2a0\",\"name\":\"adelforge\",\"image\":{\"@type\":\"ImageObject\",\"inLanguage\":\"fr-FR\",\"@id\":\"https:\/\/portail-animation.ufcv.fr\/ateliers-seniors\/#\/schema\/person\/image\/\",\"url\":\"https:\/\/secure.gravatar.com\/avatar\/8207ca5dec2038871f4ea2e2a260a192?s=96&d=mm&r=g\",\"contentUrl\":\"https:\/\/secure.gravatar.com\/avatar\/8207ca5dec2038871f4ea2e2a260a192?s=96&d=mm&r=g\",\"caption\":\"adelforge\"},\"url\":\"https:\/\/portail-animation.ufcv.fr\/ateliers-seniors\/author\/adelforge\/\"}]}<\/script>\r\n<!-- \/ Yoast SEO plugin. -->","yoast_head_json":{"title":"Inovace v oblasti v\u00fdroby d\u0159ev\u011bn\u00fdch palet: Technologick\u00fd pokrok a udr\u017eiteln\u00fd rozvoj - Ateliers seniors","robots":{"index":"index","follow":"follow","max-snippet":"max-snippet:-1","max-image-preview":"max-image-preview:large","max-video-preview":"max-video-preview:-1"},"canonical":"https:\/\/portail-animation.ufcv.fr\/ateliers-seniors\/2025\/09\/03\/inovace-v-oblasti-vyroby-drevenych-palet-technologicky-pokrok-a-udrzitelny-rozvoj\/","og_locale":"fr_FR","og_type":"article","og_title":"Inovace v oblasti v\u00fdroby d\u0159ev\u011bn\u00fdch palet: Technologick\u00fd pokrok a udr\u017eiteln\u00fd rozvoj - Ateliers seniors","og_description":"V dne\u0161n\u00ed globalizovan\u00e9 ekonomice p\u0159edstavuj\u00ed d\u0159ev\u011bn\u00e9 palety kl\u00ed\u010dov\u00fd prvek logistiky a skladov\u00e1n\u00ed. P\u0159esto\u017ee jsou \u010dasto p\u0159ehl\u00ed\u017een\u00fdm prvkem dodavatelsk\u00e9ho \u0159et\u011bzce, jejich v\u00fdroba a inovace hraj\u00ed z\u00e1sadn\u00ed roli v efektivit\u011b, udr\u017eitelnosti a konkurenceschopnosti firem nap\u0159\u00ed\u010d pr\u016fmyslov\u00fdmi odv\u011btv\u00edmi. V tomto \u010dl\u00e1nku se pod\u00edv\u00e1me [&hellip;]","og_url":"https:\/\/portail-animation.ufcv.fr\/ateliers-seniors\/2025\/09\/03\/inovace-v-oblasti-vyroby-drevenych-palet-technologicky-pokrok-a-udrzitelny-rozvoj\/","og_site_name":"Ateliers seniors","article_published_time":"2025-09-03T01:32:34+00:00","article_modified_time":"2026-09-03T01:32:07+00:00","author":"adelforge","twitter_card":"summary_large_image","twitter_misc":{"\u00c9crit par":"adelforge","Dur\u00e9e de lecture estim\u00e9e":"3 minutes"},"schema":{"@context":"https:\/\/schema.org","@graph":[{"@type":"WebPage","@id":"https:\/\/portail-animation.ufcv.fr\/ateliers-seniors\/2025\/09\/03\/inovace-v-oblasti-vyroby-drevenych-palet-technologicky-pokrok-a-udrzitelny-rozvoj\/","url":"https:\/\/portail-animation.ufcv.fr\/ateliers-seniors\/2025\/09\/03\/inovace-v-oblasti-vyroby-drevenych-palet-technologicky-pokrok-a-udrzitelny-rozvoj\/","name":"Inovace v oblasti v\u00fdroby d\u0159ev\u011bn\u00fdch palet: Technologick\u00fd pokrok a udr\u017eiteln\u00fd rozvoj - Ateliers seniors","isPartOf":{"@id":"https:\/\/portail-animation.ufcv.fr\/ateliers-seniors\/#website"},"datePublished":"2025-09-03T01:32:34+00:00","dateModified":"2026-09-03T01:32:07+00:00","author":{"@id":"https:\/\/portail-animation.ufcv.fr\/ateliers-seniors\/#\/schema\/person\/e3920f121b148283c13890813088e2a0"},"breadcrumb":{"@id":"https:\/\/portail-animation.ufcv.fr\/ateliers-seniors\/2025\/09\/03\/inovace-v-oblasti-vyroby-drevenych-palet-technologicky-pokrok-a-udrzitelny-rozvoj\/#breadcrumb"},"inLanguage":"fr-FR","potentialAction":[{"@type":"ReadAction","target":["https:\/\/portail-animation.ufcv.fr\/ateliers-seniors\/2025\/09\/03\/inovace-v-oblasti-vyroby-drevenych-palet-technologicky-pokrok-a-udrzitelny-rozvoj\/"]}]},{"@type":"BreadcrumbList","@id":"https:\/\/portail-animation.ufcv.fr\/ateliers-seniors\/2025\/09\/03\/inovace-v-oblasti-vyroby-drevenych-palet-technologicky-pokrok-a-udrzitelny-rozvoj\/#breadcrumb","itemListElement":[{"@type":"ListItem","position":1,"name":"Accueil","item":"https:\/\/portail-animation.ufcv.fr\/ateliers-seniors\/"},{"@type":"ListItem","position":2,"name":"Inovace v oblasti v\u00fdroby d\u0159ev\u011bn\u00fdch palet: Technologick\u00fd pokrok a udr\u017eiteln\u00fd rozvoj"}]},{"@type":"WebSite","@id":"https:\/\/portail-animation.ufcv.fr\/ateliers-seniors\/#website","url":"https:\/\/portail-animation.ufcv.fr\/ateliers-seniors\/","name":"Ateliers seniors","description":"Un site utilisant R\u00e9seau Portail Animation","potentialAction":[{"@type":"SearchAction","target":{"@type":"EntryPoint","urlTemplate":"https:\/\/portail-animation.ufcv.fr\/ateliers-seniors\/?s={search_term_string}"},"query-input":{"@type":"PropertyValueSpecification","valueRequired":true,"valueName":"search_term_string"}}],"inLanguage":"fr-FR"},{"@type":"Person","@id":"https:\/\/portail-animation.ufcv.fr\/ateliers-seniors\/#\/schema\/person\/e3920f121b148283c13890813088e2a0","name":"adelforge","image":{"@type":"ImageObject","inLanguage":"fr-FR","@id":"https:\/\/portail-animation.ufcv.fr\/ateliers-seniors\/#\/schema\/person\/image\/","url":"https:\/\/secure.gravatar.com\/avatar\/8207ca5dec2038871f4ea2e2a260a192?s=96&d=mm&r=g","contentUrl":"https:\/\/secure.gravatar.com\/avatar\/8207ca5dec2038871f4ea2e2a260a192?s=96&d=mm&r=g","caption":"adelforge"},"url":"https:\/\/portail-animation.ufcv.fr\/ateliers-seniors\/author\/adelforge\/"}]}},"_links":{"self":[{"href":"https:\/\/portail-animation.ufcv.fr\/ateliers-seniors\/wp-json\/wp\/v2\/posts\/4143","targetHints":{"allow":["GET"]}}],"collection":[{"href":"https:\/\/portail-animation.ufcv.fr\/ateliers-seniors\/wp-json\/wp\/v2\/posts"}],"about":[{"href":"https:\/\/portail-animation.ufcv.fr\/ateliers-seniors\/wp-json\/wp\/v2\/types\/post"}],"author":[{"embeddable":true,"href":"https:\/\/portail-animation.ufcv.fr\/ateliers-seniors\/wp-json\/wp\/v2\/users\/150"}],"replies":[{"embeddable":true,"href":"https:\/\/portail-animation.ufcv.fr\/ateliers-seniors\/wp-json\/wp\/v2\/comments?post=4143"}],"version-history":[{"count":1,"href":"https:\/\/portail-animation.ufcv.fr\/ateliers-seniors\/wp-json\/wp\/v2\/posts\/4143\/revisions"}],"predecessor-version":[{"id":4144,"href":"https:\/\/portail-animation.ufcv.fr\/ateliers-seniors\/wp-json\/wp\/v2\/posts\/4143\/revisions\/4144"}],"wp:attachment":[{"href":"https:\/\/portail-animation.ufcv.fr\/ateliers-seniors\/wp-json\/wp\/v2\/media?parent=4143"}],"wp:term":[{"taxonomy":"category","embeddable":true,"href":"https:\/\/portail-animation.ufcv.fr\/ateliers-seniors\/wp-json\/wp\/v2\/categories?post=4143"},{"taxonomy":"post_tag","embeddable":true,"href":"https:\/\/portail-animation.ufcv.fr\/ateliers-seniors\/wp-json\/wp\/v2\/tags?post=4143"}],"curies":[{"name":"wp","href":"https:\/\/api.w.org\/{rel}","templated":true}]}}