 {"id":4213,"date":"2025-09-03T04:37:59","date_gmt":"2025-09-03T02:37:59","guid":{"rendered":"https:\/\/portail-animation.ufcv.fr\/ateliers-seniors\/?p=4213"},"modified":"2026-09-03T04:37:34","modified_gmt":"2026-09-03T02:37:34","slug":"innovativa-digitala-identitylosningar-ett-djupt-dyk-in-i-evidentix","status":"publish","type":"post","link":"https:\/\/portail-animation.ufcv.fr\/ateliers-seniors\/2025\/09\/03\/innovativa-digitala-identitylosningar-ett-djupt-dyk-in-i-evidentix\/","title":{"rendered":"Innovativa Digitala Identityl\u00f6sningar: Ett Djupt Dyk in i Evidentix"},"content":{"rendered":"<p>I en era d\u00e4r digital s\u00e4kerhet och integritet \u00e4r avg\u00f6rande f\u00f6r att uppr\u00e4tth\u00e5lla f\u00f6rtroende i det moderna samh\u00e4llet, har utvecklingen av innovativa l\u00f6sningar f\u00f6r digital identifiering n\u00e4stlat sig in i m\u00e5nga branscher \u2013 fr\u00e5n bankv\u00e4sendet till offentliga tj\u00e4nster. En av de mest intressanta akt\u00f6rerna p\u00e5 denna marknad \u00e4r <a href=\"https:\/\/evidentixapp.com\/sv\/\"><span class=\"highlight\">Evidentix<\/span><\/a>, ett f\u00f6retag som erbjuder banbrytande verktyg f\u00f6r s\u00e4ker och smidig digital identitetsverifiering.<\/p>\n<h2>Den V\u00e4xande Behovet av S\u00e4kra Digitala Identiteter<\/h2>\n<p>Digitala identiteter \u00e4r grunden f\u00f6r att m\u00f6jligg\u00f6ra en rad tj\u00e4nster online \u2013 fr\u00e5n e-handel till arbetsrelaterad inloggning. Men samtidigt \u00f6kar cyberhoten avsev\u00e4rt, och n\u00e5got s\u00e5 enkelt som ett svagt l\u00f6senord kan bli ing\u00e5ngen till identitetsst\u00f6ld eller finansiella bedr\u00e4gerier. Enligt data fr\u00e5n <em>European Union Agency for Cybersecurity (ENISA)<\/em> har antalet rapporterade identitetsst\u00f6ldsincidenter \u00f6kat med 40% under de senaste fem \u00e5ren, vilket understryker behovet av robusta, p\u00e5litliga l\u00f6sningar.<\/p>\n<h2>Teknologi och Innovation inom Digital Identitet<\/h2>\n<p>Traditionella metoder f\u00f6r identitetshantering \u2013 som anv\u00e4ndarnamn och l\u00f6senord \u2013 visar sig ofta vara otillr\u00e4ckliga i dagens komplexa digitala landskap. Fr\u00e5n biometriska l\u00f6sningar till blockchain-teknologi, tekniken f\u00f6r att verifiera och skydda digitala identiteter m\u00e5ste vara b\u00e5de anv\u00e4ndarv\u00e4nlig och extremt s\u00e4ker.<\/p>\n<h2>Hur Evidentix S\u00e4tter En Ny Standard<\/h2>\n<p>Evidentix har positionerat sig som en innovat\u00f6r i denna utveckling. Med deras multifunktionella plattform erbjuder de en teknik som kan anv\u00e4ndas f\u00f6r att verifiera identitet online, direkt fr\u00e5n mobil, i realtid. Detta \u00e4r s\u00e4rskilt viktigt i en tid d\u00e5 mobila enheter \u00e4r den prim\u00e4ra plattformen f\u00f6r digital interaktion f\u00f6r miljontals anv\u00e4ndare i Sverige och Europa.<\/p>\n<table>\n<caption style=\"margin-top: 1em;font-size: 1.2em\">J\u00e4mf\u00f6relse av digitala identitetsl\u00f6sningar<\/caption>\n<thead>\n<tr style=\"background-color:#ecf0f1\">\n<th>Funktion<\/th>\n<th>Evidentix<\/th>\n<th>Traditionellt L\u00f6senord<\/th>\n<th>Biometrisk Verifikation<\/th>\n<\/tr>\n<\/thead>\n<tbody>\n<tr>\n<td>S\u00e4kerhet<\/td>\n<td>H\u00f6g, kryptering och blockchain-integrering<\/td>\n<td>Medel, risk f\u00f6r st\u00f6ld eller gissning<\/td>\n<td>H\u00f6g, biometriska data \u00e4r unika<\/td>\n<\/tr>\n<tr>\n<td>Anv\u00e4ndarv\u00e4nlighet<\/td>\n<td>Enkel att anv\u00e4nda via mobilen<\/td>\n<td>Komplexa l\u00f6senord<\/td>\n<td>Snabb och intuitiv<\/td>\n<\/tr>\n<tr style=\"background-color:#f9f9f9\">\n<td>Tillg\u00e4nglighet<\/td>\n<td>Mobilbaserad vilket m\u00f6jligg\u00f6r verifiering var som helst<\/td>\n<td>Begr\u00e4nsad till dator eller mobilen<\/td>\n<td>Kraver biometrisk enhet<\/td>\n<\/tr>\n<\/tbody>\n<\/table>\n<h2>Mobile-first Approach: Verifiering Direkt i Fickan<\/h2>\n<p>En av de mest framst\u00e5ende egenskaperna hos Evidentix \u00e4r deras fokus p\u00e5 mobilitering. Att kunna kolla in Evidentix fr\u00e5n mobilen online ger anv\u00e4ndaren ett smidigt och s\u00e4kert s\u00e4tt att verifiera sin identitet utan att beh\u00f6va b\u00e4ra med sig fysiska ID-dokument eller sitta framf\u00f6r en dator. Detta st\u00e4rker b\u00e5de anv\u00e4ndarupplevelsen och s\u00e4kerheten, en kritisk kombination i dagens digitala \u00e5lder.<\/p>\n<h2>Praktiska Till\u00e4mpningar och Framtidspotential<\/h2>\n<p>Exponentiellt v\u00e4xande sektorer som fintech, digitala myndighetsut\u00f6vningar och e-handel drar stort nytta av dessa teknologier. Flera svenska banker har redan introducerat biometriska inloggningsmetoder, medan offentliga tj\u00e4nster identifierar sig via digitala ID:n f\u00f6r att f\u00f6renkla ans\u00f6kningar och verifieringar.<\/p>\n<blockquote><p>\n  \u00ab\u00a0F\u00f6r att bygga f\u00f6rtroende i digitala tj\u00e4nster \u00e4r en robust, anv\u00e4ndarv\u00e4nlig och s\u00e4ker l\u00f6sning avg\u00f6rande. Evidentix exemplifierar denna utveckling,\u00a0\u00bb s\u00e4ger digitala s\u00e4kerhetsexperter fr\u00e5n <em>Swedish Digital Agency<\/em>.\n<\/p><\/blockquote>\n<h2>Sammanfattning: Den Digitala Identitetsrevolutionen<\/h2>\n<p>Att kunna kolla in Evidentix fr\u00e5n mobilen online inneb\u00e4r en f\u00f6r\u00e4ndring i hur vi hanterar v\u00e5r digitala identitet. Utvecklingen g\u00e5r mot mer intuitiva, s\u00e4kra och mobila l\u00f6sningar som st\u00e4rker f\u00f6rtroendet mellan anv\u00e4ndare och tj\u00e4nsteleverant\u00f6rer. Samtidigt \u00f6kar behovet av transparens, efterlevnad av GDPR och tekniska standarder, vilka Evidentix adresserar med sin innovativa plattform.<\/p>\n<p>Att f\u00f6rst\u00e5 och implementera dessa avancerade identitetssystem kr\u00e4ver inte bara teknisk expertis, utan \u00e4ven ett strategiskt syns\u00e4tt f\u00f6r att navigera i den snabbt f\u00f6r\u00e4nderliga digitala v\u00e4rlden. F\u00f6retag och organisationer som aktivt v\u00e4ljer att anamma dessa l\u00f6sningar visar v\u00e4gen mot ett s\u00e4krare, effektivare digitalt ekosystem.<\/p>\n","protected":false},"excerpt":{"rendered":"<p>I en era d\u00e4r digital s\u00e4kerhet och integritet \u00e4r avg\u00f6rande f\u00f6r att uppr\u00e4tth\u00e5lla f\u00f6rtroende i det moderna samh\u00e4llet, har utvecklingen av innovativa l\u00f6sningar f\u00f6r digital identifiering n\u00e4stlat sig in i m\u00e5nga branscher \u2013 fr\u00e5n bankv\u00e4sendet till offentliga tj\u00e4nster. En av [&hellip;]<\/p>\n","protected":false},"author":150,"featured_media":0,"comment_status":"open","ping_status":"open","sticky":false,"template":"","format":"standard","meta":{"_acf_changed":false,"footnotes":""},"categories":[1],"tags":[],"class_list":["post-4213","post","type-post","status-publish","format-standard","hentry","category-non-classe"],"acf":[],"yoast_head":"<!-- This site is optimized with the Yoast SEO plugin v23.9 - https:\/\/yoast.com\/wordpress\/plugins\/seo\/ -->\r\n<title>Innovativa Digitala Identityl\u00f6sningar: Ett Djupt Dyk in i Evidentix - Ateliers seniors<\/title>\r\n<meta name=\"robots\" content=\"index, follow, max-snippet:-1, max-image-preview:large, max-video-preview:-1\" \/>\r\n<link rel=\"canonical\" href=\"https:\/\/portail-animation.ufcv.fr\/ateliers-seniors\/2025\/09\/03\/innovativa-digitala-identitylosningar-ett-djupt-dyk-in-i-evidentix\/\" \/>\r\n<meta property=\"og:locale\" content=\"fr_FR\" \/>\r\n<meta property=\"og:type\" content=\"article\" \/>\r\n<meta property=\"og:title\" content=\"Innovativa Digitala Identityl\u00f6sningar: Ett Djupt Dyk in i Evidentix - Ateliers seniors\" \/>\r\n<meta property=\"og:description\" content=\"I en era d\u00e4r digital s\u00e4kerhet och integritet \u00e4r avg\u00f6rande f\u00f6r att uppr\u00e4tth\u00e5lla f\u00f6rtroende i det moderna samh\u00e4llet, har utvecklingen av innovativa l\u00f6sningar f\u00f6r digital identifiering n\u00e4stlat sig in i m\u00e5nga branscher \u2013 fr\u00e5n bankv\u00e4sendet till offentliga tj\u00e4nster. En av [&hellip;]\" \/>\r\n<meta property=\"og:url\" content=\"https:\/\/portail-animation.ufcv.fr\/ateliers-seniors\/2025\/09\/03\/innovativa-digitala-identitylosningar-ett-djupt-dyk-in-i-evidentix\/\" \/>\r\n<meta property=\"og:site_name\" content=\"Ateliers seniors\" \/>\r\n<meta property=\"article:published_time\" content=\"2025-09-03T02:37:59+00:00\" \/>\r\n<meta property=\"article:modified_time\" content=\"2026-09-03T02:37:34+00:00\" \/>\r\n<meta name=\"author\" content=\"adelforge\" \/>\r\n<meta name=\"twitter:card\" content=\"summary_large_image\" \/>\r\n<meta name=\"twitter:label1\" content=\"\u00c9crit par\" \/>\n\t<meta name=\"twitter:data1\" content=\"adelforge\" \/>\n\t<meta name=\"twitter:label2\" content=\"Dur\u00e9e de lecture estim\u00e9e\" \/>\n\t<meta name=\"twitter:data2\" content=\"3 minutes\" \/>\r\n<script type=\"application\/ld+json\" class=\"yoast-schema-graph\">{\"@context\":\"https:\/\/schema.org\",\"@graph\":[{\"@type\":\"WebPage\",\"@id\":\"https:\/\/portail-animation.ufcv.fr\/ateliers-seniors\/2025\/09\/03\/innovativa-digitala-identitylosningar-ett-djupt-dyk-in-i-evidentix\/\",\"url\":\"https:\/\/portail-animation.ufcv.fr\/ateliers-seniors\/2025\/09\/03\/innovativa-digitala-identitylosningar-ett-djupt-dyk-in-i-evidentix\/\",\"name\":\"Innovativa Digitala Identityl\u00f6sningar: Ett Djupt Dyk in i Evidentix - Ateliers seniors\",\"isPartOf\":{\"@id\":\"https:\/\/portail-animation.ufcv.fr\/ateliers-seniors\/#website\"},\"datePublished\":\"2025-09-03T02:37:59+00:00\",\"dateModified\":\"2026-09-03T02:37:34+00:00\",\"author\":{\"@id\":\"https:\/\/portail-animation.ufcv.fr\/ateliers-seniors\/#\/schema\/person\/e3920f121b148283c13890813088e2a0\"},\"breadcrumb\":{\"@id\":\"https:\/\/portail-animation.ufcv.fr\/ateliers-seniors\/2025\/09\/03\/innovativa-digitala-identitylosningar-ett-djupt-dyk-in-i-evidentix\/#breadcrumb\"},\"inLanguage\":\"fr-FR\",\"potentialAction\":[{\"@type\":\"ReadAction\",\"target\":[\"https:\/\/portail-animation.ufcv.fr\/ateliers-seniors\/2025\/09\/03\/innovativa-digitala-identitylosningar-ett-djupt-dyk-in-i-evidentix\/\"]}]},{\"@type\":\"BreadcrumbList\",\"@id\":\"https:\/\/portail-animation.ufcv.fr\/ateliers-seniors\/2025\/09\/03\/innovativa-digitala-identitylosningar-ett-djupt-dyk-in-i-evidentix\/#breadcrumb\",\"itemListElement\":[{\"@type\":\"ListItem\",\"position\":1,\"name\":\"Accueil\",\"item\":\"https:\/\/portail-animation.ufcv.fr\/ateliers-seniors\/\"},{\"@type\":\"ListItem\",\"position\":2,\"name\":\"Innovativa Digitala Identityl\u00f6sningar: Ett Djupt Dyk in i Evidentix\"}]},{\"@type\":\"WebSite\",\"@id\":\"https:\/\/portail-animation.ufcv.fr\/ateliers-seniors\/#website\",\"url\":\"https:\/\/portail-animation.ufcv.fr\/ateliers-seniors\/\",\"name\":\"Ateliers seniors\",\"description\":\"Un site utilisant R\u00e9seau Portail Animation\",\"potentialAction\":[{\"@type\":\"SearchAction\",\"target\":{\"@type\":\"EntryPoint\",\"urlTemplate\":\"https:\/\/portail-animation.ufcv.fr\/ateliers-seniors\/?s={search_term_string}\"},\"query-input\":{\"@type\":\"PropertyValueSpecification\",\"valueRequired\":true,\"valueName\":\"search_term_string\"}}],\"inLanguage\":\"fr-FR\"},{\"@type\":\"Person\",\"@id\":\"https:\/\/portail-animation.ufcv.fr\/ateliers-seniors\/#\/schema\/person\/e3920f121b148283c13890813088e2a0\",\"name\":\"adelforge\",\"image\":{\"@type\":\"ImageObject\",\"inLanguage\":\"fr-FR\",\"@id\":\"https:\/\/portail-animation.ufcv.fr\/ateliers-seniors\/#\/schema\/person\/image\/\",\"url\":\"https:\/\/secure.gravatar.com\/avatar\/8207ca5dec2038871f4ea2e2a260a192?s=96&d=mm&r=g\",\"contentUrl\":\"https:\/\/secure.gravatar.com\/avatar\/8207ca5dec2038871f4ea2e2a260a192?s=96&d=mm&r=g\",\"caption\":\"adelforge\"},\"url\":\"https:\/\/portail-animation.ufcv.fr\/ateliers-seniors\/author\/adelforge\/\"}]}<\/script>\r\n<!-- \/ Yoast SEO plugin. -->","yoast_head_json":{"title":"Innovativa Digitala Identityl\u00f6sningar: Ett Djupt Dyk in i Evidentix - Ateliers seniors","robots":{"index":"index","follow":"follow","max-snippet":"max-snippet:-1","max-image-preview":"max-image-preview:large","max-video-preview":"max-video-preview:-1"},"canonical":"https:\/\/portail-animation.ufcv.fr\/ateliers-seniors\/2025\/09\/03\/innovativa-digitala-identitylosningar-ett-djupt-dyk-in-i-evidentix\/","og_locale":"fr_FR","og_type":"article","og_title":"Innovativa Digitala Identityl\u00f6sningar: Ett Djupt Dyk in i Evidentix - Ateliers seniors","og_description":"I en era d\u00e4r digital s\u00e4kerhet och integritet \u00e4r avg\u00f6rande f\u00f6r att uppr\u00e4tth\u00e5lla f\u00f6rtroende i det moderna samh\u00e4llet, har utvecklingen av innovativa l\u00f6sningar f\u00f6r digital identifiering n\u00e4stlat sig in i m\u00e5nga branscher \u2013 fr\u00e5n bankv\u00e4sendet till offentliga tj\u00e4nster. En av [&hellip;]","og_url":"https:\/\/portail-animation.ufcv.fr\/ateliers-seniors\/2025\/09\/03\/innovativa-digitala-identitylosningar-ett-djupt-dyk-in-i-evidentix\/","og_site_name":"Ateliers seniors","article_published_time":"2025-09-03T02:37:59+00:00","article_modified_time":"2026-09-03T02:37:34+00:00","author":"adelforge","twitter_card":"summary_large_image","twitter_misc":{"\u00c9crit par":"adelforge","Dur\u00e9e de lecture estim\u00e9e":"3 minutes"},"schema":{"@context":"https:\/\/schema.org","@graph":[{"@type":"WebPage","@id":"https:\/\/portail-animation.ufcv.fr\/ateliers-seniors\/2025\/09\/03\/innovativa-digitala-identitylosningar-ett-djupt-dyk-in-i-evidentix\/","url":"https:\/\/portail-animation.ufcv.fr\/ateliers-seniors\/2025\/09\/03\/innovativa-digitala-identitylosningar-ett-djupt-dyk-in-i-evidentix\/","name":"Innovativa Digitala Identityl\u00f6sningar: Ett Djupt Dyk in i Evidentix - Ateliers seniors","isPartOf":{"@id":"https:\/\/portail-animation.ufcv.fr\/ateliers-seniors\/#website"},"datePublished":"2025-09-03T02:37:59+00:00","dateModified":"2026-09-03T02:37:34+00:00","author":{"@id":"https:\/\/portail-animation.ufcv.fr\/ateliers-seniors\/#\/schema\/person\/e3920f121b148283c13890813088e2a0"},"breadcrumb":{"@id":"https:\/\/portail-animation.ufcv.fr\/ateliers-seniors\/2025\/09\/03\/innovativa-digitala-identitylosningar-ett-djupt-dyk-in-i-evidentix\/#breadcrumb"},"inLanguage":"fr-FR","potentialAction":[{"@type":"ReadAction","target":["https:\/\/portail-animation.ufcv.fr\/ateliers-seniors\/2025\/09\/03\/innovativa-digitala-identitylosningar-ett-djupt-dyk-in-i-evidentix\/"]}]},{"@type":"BreadcrumbList","@id":"https:\/\/portail-animation.ufcv.fr\/ateliers-seniors\/2025\/09\/03\/innovativa-digitala-identitylosningar-ett-djupt-dyk-in-i-evidentix\/#breadcrumb","itemListElement":[{"@type":"ListItem","position":1,"name":"Accueil","item":"https:\/\/portail-animation.ufcv.fr\/ateliers-seniors\/"},{"@type":"ListItem","position":2,"name":"Innovativa Digitala Identityl\u00f6sningar: Ett Djupt Dyk in i Evidentix"}]},{"@type":"WebSite","@id":"https:\/\/portail-animation.ufcv.fr\/ateliers-seniors\/#website","url":"https:\/\/portail-animation.ufcv.fr\/ateliers-seniors\/","name":"Ateliers seniors","description":"Un site utilisant R\u00e9seau Portail Animation","potentialAction":[{"@type":"SearchAction","target":{"@type":"EntryPoint","urlTemplate":"https:\/\/portail-animation.ufcv.fr\/ateliers-seniors\/?s={search_term_string}"},"query-input":{"@type":"PropertyValueSpecification","valueRequired":true,"valueName":"search_term_string"}}],"inLanguage":"fr-FR"},{"@type":"Person","@id":"https:\/\/portail-animation.ufcv.fr\/ateliers-seniors\/#\/schema\/person\/e3920f121b148283c13890813088e2a0","name":"adelforge","image":{"@type":"ImageObject","inLanguage":"fr-FR","@id":"https:\/\/portail-animation.ufcv.fr\/ateliers-seniors\/#\/schema\/person\/image\/","url":"https:\/\/secure.gravatar.com\/avatar\/8207ca5dec2038871f4ea2e2a260a192?s=96&d=mm&r=g","contentUrl":"https:\/\/secure.gravatar.com\/avatar\/8207ca5dec2038871f4ea2e2a260a192?s=96&d=mm&r=g","caption":"adelforge"},"url":"https:\/\/portail-animation.ufcv.fr\/ateliers-seniors\/author\/adelforge\/"}]}},"_links":{"self":[{"href":"https:\/\/portail-animation.ufcv.fr\/ateliers-seniors\/wp-json\/wp\/v2\/posts\/4213","targetHints":{"allow":["GET"]}}],"collection":[{"href":"https:\/\/portail-animation.ufcv.fr\/ateliers-seniors\/wp-json\/wp\/v2\/posts"}],"about":[{"href":"https:\/\/portail-animation.ufcv.fr\/ateliers-seniors\/wp-json\/wp\/v2\/types\/post"}],"author":[{"embeddable":true,"href":"https:\/\/portail-animation.ufcv.fr\/ateliers-seniors\/wp-json\/wp\/v2\/users\/150"}],"replies":[{"embeddable":true,"href":"https:\/\/portail-animation.ufcv.fr\/ateliers-seniors\/wp-json\/wp\/v2\/comments?post=4213"}],"version-history":[{"count":1,"href":"https:\/\/portail-animation.ufcv.fr\/ateliers-seniors\/wp-json\/wp\/v2\/posts\/4213\/revisions"}],"predecessor-version":[{"id":4214,"href":"https:\/\/portail-animation.ufcv.fr\/ateliers-seniors\/wp-json\/wp\/v2\/posts\/4213\/revisions\/4214"}],"wp:attachment":[{"href":"https:\/\/portail-animation.ufcv.fr\/ateliers-seniors\/wp-json\/wp\/v2\/media?parent=4213"}],"wp:term":[{"taxonomy":"category","embeddable":true,"href":"https:\/\/portail-animation.ufcv.fr\/ateliers-seniors\/wp-json\/wp\/v2\/categories?post=4213"},{"taxonomy":"post_tag","embeddable":true,"href":"https:\/\/portail-animation.ufcv.fr\/ateliers-seniors\/wp-json\/wp\/v2\/tags?post=4213"}],"curies":[{"name":"wp","href":"https:\/\/api.w.org\/{rel}","templated":true}]}}