 {"id":4333,"date":"2025-09-03T06:30:20","date_gmt":"2025-09-03T04:30:20","guid":{"rendered":"https:\/\/portail-animation.ufcv.fr\/ateliers-seniors\/?p=4333"},"modified":"2026-09-03T06:29:53","modified_gmt":"2026-09-03T04:29:53","slug":"die-bedeutung-des-nachhaltigen-verkehrsmanagements-in-bayern","status":"publish","type":"post","link":"https:\/\/portail-animation.ufcv.fr\/ateliers-seniors\/2025\/09\/03\/die-bedeutung-des-nachhaltigen-verkehrsmanagements-in-bayern\/","title":{"rendered":"Die Bedeutung des nachhaltigen Verkehrsmanagements in Bayern"},"content":{"rendered":"<p>In den letzten Jahren hat sich die Aufmerksamkeit auf die Optimierung des Verkehrsmanagements gewandelt, insbesondere im Kontext der zunehmenden Urbanisierung und der dringenden Notwendigkeit, umweltfreundliche Mobilit\u00e4tsl\u00f6sungen zu f\u00f6rdern. Besonders in Bayern, einer Region mit einer vielf\u00e4ltigen Infrastruktur und einer Vielzahl an Verkehrsmodalit\u00e4ten, ist eine integrative und nachhaltige Verkehrsplanung essenziell, um den steigenden Anforderungen gerecht zu werden und gleichzeitig Umweltauswirkungen zu minimieren.<\/p>\n<h2>Herausforderungen im Verkehrsmanagement<\/h2>\n<p>Die Bew\u00e4ltigung der Verkehrsbelastung in Ballungsr\u00e4umen Bayerns steht vor mehreren Herausforderungen. Dazu geh\u00f6ren die Verkehrs\u00fcberlastung w\u00e4hrend der Sto\u00dfzeiten, die Luftverschmutzung durch den motorisierten Individualverkehr sowie die Notwendigkeit, den \u00f6ffentlichen Nahverkehr attraktiver zu gestalten. Zudem spielen technologische Innovationen eine immer gr\u00f6\u00dfere Rolle, um Verkehrsfl\u00fcsse effizienter zu steuern und Umweltziele zu erreichen.<\/p>\n<h2>Technologische Ans\u00e4tze f\u00fcr nachhaltige Mobilit\u00e4t<\/h2>\n<p>Innovative Technologien werden zunehmend in das Verkehrsmanagement integriert, um Daten in Echtzeit zu erfassen und Verkehrsfl\u00fcsse dynamisch zu steuern. Intelligente Ampelsysteme, die auf Verkehrsstr\u00f6me reagieren, sowie die Nutzung von Geoinformationssystemen (GIS) erm\u00f6glichen eine pr\u00e4zise Steuerung der Verkehrsstr\u00f6me. Zudem gewinnt der Einsatz von Fahrzeug-zu-Infrastruktur-Kommunikation (V2I) an Bedeutung, um Stau und Emissionen zu reduzieren. Ein bedeutendes Beispiel einer solchen Infrastruktur ist das Engagement regionaler Organisationen, die nachhaltige Verkehrsinitiativen f\u00f6rdern und koordinieren.<\/p>\n<p>Zur Unterst\u00fctzung dieser Initiativen ist es wichtig, regionale Institutionen effizient einzubinden. So arbeitet die <a href=\"https:\/\/bfs-ev-bayern.de\/\">playzilla<\/a> Hand in Hand mit verschiedenen Akteuren, um nachhaltige Mobilit\u00e4tsl\u00f6sungen in Bayern voranzutreiben und die Verkehrsplanung an die zuk\u00fcnftigen Anforderungen anzupassen.<\/p>\n<h2>Rolle der regionalen Organisationen und F\u00f6rderprogramme<\/h2>\n<table border=\"1\" cellpadding=\"8\" cellspacing=\"0\" style=\"width:100%;border-collapse: collapse\">\n<tr>\n<th>Ma\u00dfnahme<\/th>\n<th>Beschreibung<\/th>\n<\/tr>\n<tr>\n<td>F\u00f6rderprogramme<\/td>\n<td>Unterst\u00fctzung bei der Implementierung umweltfreundlicher Verkehrssysteme durch finanzielle Zusch\u00fcsse und technische Beratung.<\/td>\n<\/tr>\n<tr>\n<td>Kooperationsnetzwerke<\/td>\n<td>Integration verschiedener Akteure aus \u00f6ffentlichen und privaten Sektoren zur Entwicklung gemeinsamer Strategien.<\/td>\n<\/tr>\n<tr>\n<td>Stadt- und Regionalplanung<\/td>\n<td>Ber\u00fccksichtigung nachhaltiger Verkehrskonzepte bei der Entwicklung urbaner R\u00e4ume.<\/td>\n<\/tr>\n<\/table>\n<h2>Ausblick und nachhaltige Mobilit\u00e4t in Bayern<\/h2>\n<p>Mit einem ganzheitlichen Ansatz, der technologische Innovationen, regionale Zusammenarbeit und bewusste Mobilit\u00e4tsgestaltung vereint, ist Bayern auf dem richtigen Weg, eine nachhaltige und effiziente Verkehrsinfrastruktur aufzubauen. Die fortw\u00e4hrende Entwicklung und Nutzung von smarten Verkehrssystemen werden wesentlich dazu beitragen, umweltfreundliche Alternativen zum privaten Auto zu schaffen und die Lebensqualit\u00e4t in den bayerischen St\u00e4dten deutlich zu verbessern.<\/p>\n","protected":false},"excerpt":{"rendered":"<p>In den letzten Jahren hat sich die Aufmerksamkeit auf die Optimierung des Verkehrsmanagements gewandelt, insbesondere im Kontext der zunehmenden Urbanisierung und der dringenden Notwendigkeit, umweltfreundliche Mobilit\u00e4tsl\u00f6sungen zu f\u00f6rdern. Besonders in Bayern, einer Region mit einer vielf\u00e4ltigen Infrastruktur und einer Vielzahl [&hellip;]<\/p>\n","protected":false},"author":150,"featured_media":0,"comment_status":"open","ping_status":"open","sticky":false,"template":"","format":"standard","meta":{"_acf_changed":false,"footnotes":""},"categories":[1],"tags":[],"class_list":["post-4333","post","type-post","status-publish","format-standard","hentry","category-non-classe"],"acf":[],"yoast_head":"<!-- This site is optimized with the Yoast SEO plugin v23.9 - https:\/\/yoast.com\/wordpress\/plugins\/seo\/ -->\r\n<title>Die Bedeutung des nachhaltigen Verkehrsmanagements in Bayern - Ateliers seniors<\/title>\r\n<meta name=\"robots\" content=\"index, follow, max-snippet:-1, max-image-preview:large, max-video-preview:-1\" \/>\r\n<link rel=\"canonical\" href=\"https:\/\/portail-animation.ufcv.fr\/ateliers-seniors\/2025\/09\/03\/die-bedeutung-des-nachhaltigen-verkehrsmanagements-in-bayern\/\" \/>\r\n<meta property=\"og:locale\" content=\"fr_FR\" \/>\r\n<meta property=\"og:type\" content=\"article\" \/>\r\n<meta property=\"og:title\" content=\"Die Bedeutung des nachhaltigen Verkehrsmanagements in Bayern - Ateliers seniors\" \/>\r\n<meta property=\"og:description\" content=\"In den letzten Jahren hat sich die Aufmerksamkeit auf die Optimierung des Verkehrsmanagements gewandelt, insbesondere im Kontext der zunehmenden Urbanisierung und der dringenden Notwendigkeit, umweltfreundliche Mobilit\u00e4tsl\u00f6sungen zu f\u00f6rdern. Besonders in Bayern, einer Region mit einer vielf\u00e4ltigen Infrastruktur und einer Vielzahl [&hellip;]\" \/>\r\n<meta property=\"og:url\" content=\"https:\/\/portail-animation.ufcv.fr\/ateliers-seniors\/2025\/09\/03\/die-bedeutung-des-nachhaltigen-verkehrsmanagements-in-bayern\/\" \/>\r\n<meta property=\"og:site_name\" content=\"Ateliers seniors\" \/>\r\n<meta property=\"article:published_time\" content=\"2025-09-03T04:30:20+00:00\" \/>\r\n<meta property=\"article:modified_time\" content=\"2026-09-03T04:29:53+00:00\" \/>\r\n<meta name=\"author\" content=\"adelforge\" \/>\r\n<meta name=\"twitter:card\" content=\"summary_large_image\" \/>\r\n<meta name=\"twitter:label1\" content=\"\u00c9crit par\" \/>\n\t<meta name=\"twitter:data1\" content=\"adelforge\" \/>\n\t<meta name=\"twitter:label2\" content=\"Dur\u00e9e de lecture estim\u00e9e\" \/>\n\t<meta name=\"twitter:data2\" content=\"2 minutes\" \/>\r\n<script type=\"application\/ld+json\" class=\"yoast-schema-graph\">{\"@context\":\"https:\/\/schema.org\",\"@graph\":[{\"@type\":\"WebPage\",\"@id\":\"https:\/\/portail-animation.ufcv.fr\/ateliers-seniors\/2025\/09\/03\/die-bedeutung-des-nachhaltigen-verkehrsmanagements-in-bayern\/\",\"url\":\"https:\/\/portail-animation.ufcv.fr\/ateliers-seniors\/2025\/09\/03\/die-bedeutung-des-nachhaltigen-verkehrsmanagements-in-bayern\/\",\"name\":\"Die Bedeutung des nachhaltigen Verkehrsmanagements in Bayern - Ateliers seniors\",\"isPartOf\":{\"@id\":\"https:\/\/portail-animation.ufcv.fr\/ateliers-seniors\/#website\"},\"datePublished\":\"2025-09-03T04:30:20+00:00\",\"dateModified\":\"2026-09-03T04:29:53+00:00\",\"author\":{\"@id\":\"https:\/\/portail-animation.ufcv.fr\/ateliers-seniors\/#\/schema\/person\/e3920f121b148283c13890813088e2a0\"},\"breadcrumb\":{\"@id\":\"https:\/\/portail-animation.ufcv.fr\/ateliers-seniors\/2025\/09\/03\/die-bedeutung-des-nachhaltigen-verkehrsmanagements-in-bayern\/#breadcrumb\"},\"inLanguage\":\"fr-FR\",\"potentialAction\":[{\"@type\":\"ReadAction\",\"target\":[\"https:\/\/portail-animation.ufcv.fr\/ateliers-seniors\/2025\/09\/03\/die-bedeutung-des-nachhaltigen-verkehrsmanagements-in-bayern\/\"]}]},{\"@type\":\"BreadcrumbList\",\"@id\":\"https:\/\/portail-animation.ufcv.fr\/ateliers-seniors\/2025\/09\/03\/die-bedeutung-des-nachhaltigen-verkehrsmanagements-in-bayern\/#breadcrumb\",\"itemListElement\":[{\"@type\":\"ListItem\",\"position\":1,\"name\":\"Accueil\",\"item\":\"https:\/\/portail-animation.ufcv.fr\/ateliers-seniors\/\"},{\"@type\":\"ListItem\",\"position\":2,\"name\":\"Die Bedeutung des nachhaltigen Verkehrsmanagements in Bayern\"}]},{\"@type\":\"WebSite\",\"@id\":\"https:\/\/portail-animation.ufcv.fr\/ateliers-seniors\/#website\",\"url\":\"https:\/\/portail-animation.ufcv.fr\/ateliers-seniors\/\",\"name\":\"Ateliers seniors\",\"description\":\"Un site utilisant R\u00e9seau Portail Animation\",\"potentialAction\":[{\"@type\":\"SearchAction\",\"target\":{\"@type\":\"EntryPoint\",\"urlTemplate\":\"https:\/\/portail-animation.ufcv.fr\/ateliers-seniors\/?s={search_term_string}\"},\"query-input\":{\"@type\":\"PropertyValueSpecification\",\"valueRequired\":true,\"valueName\":\"search_term_string\"}}],\"inLanguage\":\"fr-FR\"},{\"@type\":\"Person\",\"@id\":\"https:\/\/portail-animation.ufcv.fr\/ateliers-seniors\/#\/schema\/person\/e3920f121b148283c13890813088e2a0\",\"name\":\"adelforge\",\"image\":{\"@type\":\"ImageObject\",\"inLanguage\":\"fr-FR\",\"@id\":\"https:\/\/portail-animation.ufcv.fr\/ateliers-seniors\/#\/schema\/person\/image\/\",\"url\":\"https:\/\/secure.gravatar.com\/avatar\/8207ca5dec2038871f4ea2e2a260a192?s=96&d=mm&r=g\",\"contentUrl\":\"https:\/\/secure.gravatar.com\/avatar\/8207ca5dec2038871f4ea2e2a260a192?s=96&d=mm&r=g\",\"caption\":\"adelforge\"},\"url\":\"https:\/\/portail-animation.ufcv.fr\/ateliers-seniors\/author\/adelforge\/\"}]}<\/script>\r\n<!-- \/ Yoast SEO plugin. -->","yoast_head_json":{"title":"Die Bedeutung des nachhaltigen Verkehrsmanagements in Bayern - Ateliers seniors","robots":{"index":"index","follow":"follow","max-snippet":"max-snippet:-1","max-image-preview":"max-image-preview:large","max-video-preview":"max-video-preview:-1"},"canonical":"https:\/\/portail-animation.ufcv.fr\/ateliers-seniors\/2025\/09\/03\/die-bedeutung-des-nachhaltigen-verkehrsmanagements-in-bayern\/","og_locale":"fr_FR","og_type":"article","og_title":"Die Bedeutung des nachhaltigen Verkehrsmanagements in Bayern - Ateliers seniors","og_description":"In den letzten Jahren hat sich die Aufmerksamkeit auf die Optimierung des Verkehrsmanagements gewandelt, insbesondere im Kontext der zunehmenden Urbanisierung und der dringenden Notwendigkeit, umweltfreundliche Mobilit\u00e4tsl\u00f6sungen zu f\u00f6rdern. Besonders in Bayern, einer Region mit einer vielf\u00e4ltigen Infrastruktur und einer Vielzahl [&hellip;]","og_url":"https:\/\/portail-animation.ufcv.fr\/ateliers-seniors\/2025\/09\/03\/die-bedeutung-des-nachhaltigen-verkehrsmanagements-in-bayern\/","og_site_name":"Ateliers seniors","article_published_time":"2025-09-03T04:30:20+00:00","article_modified_time":"2026-09-03T04:29:53+00:00","author":"adelforge","twitter_card":"summary_large_image","twitter_misc":{"\u00c9crit par":"adelforge","Dur\u00e9e de lecture estim\u00e9e":"2 minutes"},"schema":{"@context":"https:\/\/schema.org","@graph":[{"@type":"WebPage","@id":"https:\/\/portail-animation.ufcv.fr\/ateliers-seniors\/2025\/09\/03\/die-bedeutung-des-nachhaltigen-verkehrsmanagements-in-bayern\/","url":"https:\/\/portail-animation.ufcv.fr\/ateliers-seniors\/2025\/09\/03\/die-bedeutung-des-nachhaltigen-verkehrsmanagements-in-bayern\/","name":"Die Bedeutung des nachhaltigen Verkehrsmanagements in Bayern - Ateliers seniors","isPartOf":{"@id":"https:\/\/portail-animation.ufcv.fr\/ateliers-seniors\/#website"},"datePublished":"2025-09-03T04:30:20+00:00","dateModified":"2026-09-03T04:29:53+00:00","author":{"@id":"https:\/\/portail-animation.ufcv.fr\/ateliers-seniors\/#\/schema\/person\/e3920f121b148283c13890813088e2a0"},"breadcrumb":{"@id":"https:\/\/portail-animation.ufcv.fr\/ateliers-seniors\/2025\/09\/03\/die-bedeutung-des-nachhaltigen-verkehrsmanagements-in-bayern\/#breadcrumb"},"inLanguage":"fr-FR","potentialAction":[{"@type":"ReadAction","target":["https:\/\/portail-animation.ufcv.fr\/ateliers-seniors\/2025\/09\/03\/die-bedeutung-des-nachhaltigen-verkehrsmanagements-in-bayern\/"]}]},{"@type":"BreadcrumbList","@id":"https:\/\/portail-animation.ufcv.fr\/ateliers-seniors\/2025\/09\/03\/die-bedeutung-des-nachhaltigen-verkehrsmanagements-in-bayern\/#breadcrumb","itemListElement":[{"@type":"ListItem","position":1,"name":"Accueil","item":"https:\/\/portail-animation.ufcv.fr\/ateliers-seniors\/"},{"@type":"ListItem","position":2,"name":"Die Bedeutung des nachhaltigen Verkehrsmanagements in Bayern"}]},{"@type":"WebSite","@id":"https:\/\/portail-animation.ufcv.fr\/ateliers-seniors\/#website","url":"https:\/\/portail-animation.ufcv.fr\/ateliers-seniors\/","name":"Ateliers seniors","description":"Un site utilisant R\u00e9seau Portail Animation","potentialAction":[{"@type":"SearchAction","target":{"@type":"EntryPoint","urlTemplate":"https:\/\/portail-animation.ufcv.fr\/ateliers-seniors\/?s={search_term_string}"},"query-input":{"@type":"PropertyValueSpecification","valueRequired":true,"valueName":"search_term_string"}}],"inLanguage":"fr-FR"},{"@type":"Person","@id":"https:\/\/portail-animation.ufcv.fr\/ateliers-seniors\/#\/schema\/person\/e3920f121b148283c13890813088e2a0","name":"adelforge","image":{"@type":"ImageObject","inLanguage":"fr-FR","@id":"https:\/\/portail-animation.ufcv.fr\/ateliers-seniors\/#\/schema\/person\/image\/","url":"https:\/\/secure.gravatar.com\/avatar\/8207ca5dec2038871f4ea2e2a260a192?s=96&d=mm&r=g","contentUrl":"https:\/\/secure.gravatar.com\/avatar\/8207ca5dec2038871f4ea2e2a260a192?s=96&d=mm&r=g","caption":"adelforge"},"url":"https:\/\/portail-animation.ufcv.fr\/ateliers-seniors\/author\/adelforge\/"}]}},"_links":{"self":[{"href":"https:\/\/portail-animation.ufcv.fr\/ateliers-seniors\/wp-json\/wp\/v2\/posts\/4333","targetHints":{"allow":["GET"]}}],"collection":[{"href":"https:\/\/portail-animation.ufcv.fr\/ateliers-seniors\/wp-json\/wp\/v2\/posts"}],"about":[{"href":"https:\/\/portail-animation.ufcv.fr\/ateliers-seniors\/wp-json\/wp\/v2\/types\/post"}],"author":[{"embeddable":true,"href":"https:\/\/portail-animation.ufcv.fr\/ateliers-seniors\/wp-json\/wp\/v2\/users\/150"}],"replies":[{"embeddable":true,"href":"https:\/\/portail-animation.ufcv.fr\/ateliers-seniors\/wp-json\/wp\/v2\/comments?post=4333"}],"version-history":[{"count":1,"href":"https:\/\/portail-animation.ufcv.fr\/ateliers-seniors\/wp-json\/wp\/v2\/posts\/4333\/revisions"}],"predecessor-version":[{"id":4334,"href":"https:\/\/portail-animation.ufcv.fr\/ateliers-seniors\/wp-json\/wp\/v2\/posts\/4333\/revisions\/4334"}],"wp:attachment":[{"href":"https:\/\/portail-animation.ufcv.fr\/ateliers-seniors\/wp-json\/wp\/v2\/media?parent=4333"}],"wp:term":[{"taxonomy":"category","embeddable":true,"href":"https:\/\/portail-animation.ufcv.fr\/ateliers-seniors\/wp-json\/wp\/v2\/categories?post=4333"},{"taxonomy":"post_tag","embeddable":true,"href":"https:\/\/portail-animation.ufcv.fr\/ateliers-seniors\/wp-json\/wp\/v2\/tags?post=4333"}],"curies":[{"name":"wp","href":"https:\/\/api.w.org\/{rel}","templated":true}]}}