 {"id":5163,"date":"2025-09-03T19:46:47","date_gmt":"2025-09-03T17:46:47","guid":{"rendered":"https:\/\/portail-animation.ufcv.fr\/ateliers-seniors\/?p=5163"},"modified":"2026-09-03T19:46:19","modified_gmt":"2026-09-03T17:46:19","slug":"digitalni-transformace-firem-cesty-ke-konkurenceschopnosti-v-21-stoleti","status":"publish","type":"post","link":"https:\/\/portail-animation.ufcv.fr\/ateliers-seniors\/2025\/09\/03\/digitalni-transformace-firem-cesty-ke-konkurenceschopnosti-v-21-stoleti\/","title":{"rendered":"Digit\u00e1ln\u00ed transformace firem: cesty ke konkurenceschopnosti v 21. stolet\u00ed"},"content":{"rendered":"<p>V \u00e9\u0159e rychl\u00fdch technologick\u00fdch inovac\u00ed je digitalizace kl\u00ed\u010dov\u00fdm faktorem, kter\u00fd z\u00e1sadn\u011b m\u011bn\u00ed zp\u016fsob, jak\u00fdm podniky vedou sv\u00e9 operace. Modern\u00ed firmy jsou pod neust\u00e1l\u00fdm tlakem na zvy\u0161ov\u00e1n\u00ed efektivity, zlep\u0161ov\u00e1n\u00ed z\u00e1kaznick\u00e9 zku\u0161enosti a vytv\u00e1\u0159en\u00ed nov\u00fdch obchodn\u00edch model\u016f. P\u0159esto\u017ee digitalizace m\u016f\u017ee p\u016fsobit jako komplexn\u00ed a n\u00e1kladn\u00fd proces, spr\u00e1vn\u011b implementovan\u00e1 strategie p\u0159in\u00e1\u0161\u00ed dlouhodob\u00e9 v\u00fdhody, kter\u00e9 umo\u017en\u00ed firm\u00e1m nejen p\u0159e\u017e\u00edt, ale i vzkv\u00e9tat v digit\u00e1ln\u00ed dob\u011b.<\/p>\n<h2>V\u00fdznam digit\u00e1ln\u00ed transformace a jej\u00ed kl\u00ed\u010dov\u00e9 pil\u00ed\u0159e<\/h2>\n<p>Digit\u00e1ln\u00ed transformace nen\u00ed pouze o zav\u00e1d\u011bn\u00ed nov\u00fdch technologi\u00ed, ale o strategick\u00e9m p\u0159ehodnocen\u00ed firemn\u00edch proces\u016f <em>(E-E-A-T: Relevantn\u00ed obsah a autoritativn\u00ed zdroje)<\/em>. Zahrnuje oblasti jako automatizaci, datovou analytiku, cloudov\u00e9 technologie a digit\u00e1ln\u00ed kultura organizace. Podle pr\u016fzkum\u016f spole\u010dnosti McKinsey <a href=\"https:\/\/www.vafankulo.co.cz\/c6scz0\/\">https:\/\/vafankulo.co.cz\/c6scz0<\/a> jsou firmy, kter\u00e9 aktivn\u011b investuj\u00ed do digit\u00e1ln\u00ed infrastruktury, zaznamen\u00e1vaj\u00ed pr\u016fm\u011brn\u00e9 zv\u00fd\u0161en\u00ed produktivity o 20-25 % a sn\u00ed\u017een\u00ed n\u00e1klad\u016f o 15-20 % b\u011bhem prvn\u00edch t\u0159\u00ed let implementace.<\/p>\n<h2>P\u0159\u00edpadov\u00e9 studie a aktu\u00e1ln\u00ed data<\/h2>\n<table>\n<thead>\n<tr>\n<th>Odv\u011btv\u00ed<\/th>\n<th>Implementovan\u00e1 technologie<\/th>\n<th>V\u00fdsledky<\/th>\n<\/tr>\n<\/thead>\n<tbody>\n<tr>\n<td>V\u00fdroba<\/td>\n<td>IoT a prediktivn\u00ed \u00fadr\u017eba<\/td>\n<td>Pokles odst\u00e1vek o 30 %, zv\u00fd\u0161en\u00ed efektivity v\u00fdroby<\/td>\n<\/tr>\n<tr>\n<td>Retail<\/td>\n<td>Personalizace z\u00e1kaznick\u00e9 zku\u0161enosti p\u0159es data<\/td>\n<td>Mezin\u00e1rodn\u00ed r\u016fst tr\u017eeb o 18 %, zv\u00fd\u0161en\u00ed loajality z\u00e1kazn\u00edk\u016f<\/td>\n<\/tr>\n<tr>\n<td>Finan\u010dn\u00ed sektor<\/td>\n<td>Automatizace proces\u016f a um\u011bl\u00e1 inteligence<\/td>\n<td>Sn\u00ed\u017een\u00ed chybovosti o 40 %, rychlej\u0161\u00ed rozhodovac\u00ed procesy<\/td>\n<\/tr>\n<\/tbody>\n<\/table>\n<h2>V\u00fdzvy a p\u0159\u00edle\u017eitosti p\u0159i zav\u00e1d\u011bn\u00ed digitalizace<\/h2>\n<p>Implementace digit\u00e1ln\u00edch technologi\u00ed v\u0161ak nen\u00ed bez v\u00fdzev. Pat\u0159\u00ed sem nap\u0159\u00edklad odpor ke zm\u011bn\u00e1m, nedostatek kvalifikovan\u00e9ho person\u00e1lu a problematika kybernetick\u00e9 bezpe\u010dnosti. Na druh\u00e9 stran\u011b, firmy, kter\u00e9 p\u0159ekonaj\u00ed tyto p\u0159ek\u00e1\u017eky, t\u011b\u017e\u00ed z robustn\u011bj\u0161\u00ed konkurenceschopnosti a odoln\u011bj\u0161\u00ed struktur.<\/p>\n<blockquote><p>\n\u00ab\u00a0Spr\u00e1vn\u00e1 digitalizace je dnes ji\u017e z\u00e1kladn\u00ed strukturou \u00fasp\u011b\u0161n\u00fdch firem. Bez n\u00ed budou podniky ztr\u00e1cet nejen efektivitu, ale i schopnost inovovat a reagovat na rychl\u00e9 zm\u011bny trhu.\u00a0\u00bb \u2013 <em>Expert na digit\u00e1ln\u00ed inovace, DataTech Research<\/em>\n<\/p><\/blockquote>\n<h2>Jak za\u010d\u00edt s digit\u00e1ln\u00ed transformac\u00ed<\/h2>\n<ol>\n<li><strong>Anal\u00fdza aktu\u00e1ln\u00ed situace<\/strong> \u2013 zmapov\u00e1n\u00ed sou\u010dasn\u00fdch proces\u016f a identifikace slab\u00fdch m\u00edst.<\/li>\n<li><strong>Stanoven\u00ed jasn\u00fdch c\u00edl\u016f<\/strong> \u2013 definov\u00e1n\u00ed, co chce firma digit\u00e1ln\u011b dos\u00e1hnout.<\/li>\n<li><strong>V\u00fdb\u011br vhodn\u00fdch technologi\u00ed<\/strong> \u2013 p\u0159izp\u016fsoben\u00ed \u0159e\u0161en\u00ed konkr\u00e9tn\u00edm pot\u0159eb\u00e1m.<\/li>\n<li><strong>Vytvo\u0159en\u00ed implementa\u010dn\u00edho pl\u00e1nu<\/strong> \u2013 krok za krokem podle priorit.<\/li>\n<li><strong>Vzd\u011bl\u00e1v\u00e1n\u00ed zam\u011bstnanc\u016f<\/strong> \u2013 zvy\u0161ov\u00e1n\u00ed digit\u00e1ln\u00ed gramotnosti a adaptace na zm\u011bny.<\/li>\n<\/ol>\n<p>Pro hlub\u0161\u00ed p\u0159ehled o tom, jak p\u0159istupovat ke komplexn\u00ed digitalizaci v r\u00e1mci firemn\u00edch struktur, doporu\u010dujeme konzultovat <a href=\"https:\/\/www.vafankulo.co.cz\/c6scz0\">tento zdroj<\/a>, kter\u00fd nab\u00edz\u00ed podrobn\u00e9 n\u00e1vody a p\u0159\u00edpadov\u00e9 studie v oblasti implementace modern\u00edch technologi\u00ed.<\/p>\n<h2>Z\u00e1v\u011br<\/h2>\n<p>Digitalizace nen\u00ed pouh\u00fdm trendem, ale nezbytnou podm\u00ednkou p\u0159e\u017eit\u00ed v dne\u0161n\u00edm konkuren\u010dn\u00edm prost\u0159ed\u00ed. Firmy, kter\u00e9 se neboj\u00ed investovat do technologi\u00ed a m\u011bnit sv\u00e9 obchodn\u00ed modely, z\u00edsk\u00e1vaj\u00ed strategickou v\u00fdhodu, kterou je t\u0159eba pova\u017eovat za kl\u00ed\u010dov\u00fd imperativ. \u00dasp\u011b\u0161n\u00e1 transformace spo\u010d\u00edv\u00e1 nejen v technick\u00e9 implementaci, ale p\u0159edev\u0161\u00edm v kultivaci inovativn\u00edho my\u0161len\u00ed a agiln\u00ed organizace.<\/p>\n<p>Pokud hled\u00e1te v\u00edce informac\u00ed o skute\u010dn\u00fdch postupech a zku\u0161enostech v t\u00e9to oblasti, <a href=\"https:\/\/www.vafankulo.co.cz\/c6scz0\">https:\/\/vafankulo.co.cz\/c6scz0<\/a> nab\u00edz\u00ed hodnotn\u00e9 zdroje a detailn\u00ed anal\u00fdzy vhodn\u00e9 pro veden\u00ed i odborn\u00edky.<\/p>\n","protected":false},"excerpt":{"rendered":"<p>V \u00e9\u0159e rychl\u00fdch technologick\u00fdch inovac\u00ed je digitalizace kl\u00ed\u010dov\u00fdm faktorem, kter\u00fd z\u00e1sadn\u011b m\u011bn\u00ed zp\u016fsob, jak\u00fdm podniky vedou sv\u00e9 operace. Modern\u00ed firmy jsou pod neust\u00e1l\u00fdm tlakem na zvy\u0161ov\u00e1n\u00ed efektivity, zlep\u0161ov\u00e1n\u00ed z\u00e1kaznick\u00e9 zku\u0161enosti a vytv\u00e1\u0159en\u00ed nov\u00fdch obchodn\u00edch model\u016f. P\u0159esto\u017ee digitalizace m\u016f\u017ee p\u016fsobit jako [&hellip;]<\/p>\n","protected":false},"author":150,"featured_media":0,"comment_status":"open","ping_status":"open","sticky":false,"template":"","format":"standard","meta":{"_acf_changed":false,"footnotes":""},"categories":[1],"tags":[],"class_list":["post-5163","post","type-post","status-publish","format-standard","hentry","category-non-classe"],"acf":[],"yoast_head":"<!-- This site is optimized with the Yoast SEO plugin v23.9 - https:\/\/yoast.com\/wordpress\/plugins\/seo\/ -->\r\n<title>Digit\u00e1ln\u00ed transformace firem: cesty ke konkurenceschopnosti v 21. stolet\u00ed - Ateliers seniors<\/title>\r\n<meta name=\"robots\" content=\"index, follow, max-snippet:-1, max-image-preview:large, max-video-preview:-1\" \/>\r\n<link rel=\"canonical\" href=\"https:\/\/portail-animation.ufcv.fr\/ateliers-seniors\/2025\/09\/03\/digitalni-transformace-firem-cesty-ke-konkurenceschopnosti-v-21-stoleti\/\" \/>\r\n<meta property=\"og:locale\" content=\"fr_FR\" \/>\r\n<meta property=\"og:type\" content=\"article\" \/>\r\n<meta property=\"og:title\" content=\"Digit\u00e1ln\u00ed transformace firem: cesty ke konkurenceschopnosti v 21. stolet\u00ed - Ateliers seniors\" \/>\r\n<meta property=\"og:description\" content=\"V \u00e9\u0159e rychl\u00fdch technologick\u00fdch inovac\u00ed je digitalizace kl\u00ed\u010dov\u00fdm faktorem, kter\u00fd z\u00e1sadn\u011b m\u011bn\u00ed zp\u016fsob, jak\u00fdm podniky vedou sv\u00e9 operace. Modern\u00ed firmy jsou pod neust\u00e1l\u00fdm tlakem na zvy\u0161ov\u00e1n\u00ed efektivity, zlep\u0161ov\u00e1n\u00ed z\u00e1kaznick\u00e9 zku\u0161enosti a vytv\u00e1\u0159en\u00ed nov\u00fdch obchodn\u00edch model\u016f. P\u0159esto\u017ee digitalizace m\u016f\u017ee p\u016fsobit jako [&hellip;]\" \/>\r\n<meta property=\"og:url\" content=\"https:\/\/portail-animation.ufcv.fr\/ateliers-seniors\/2025\/09\/03\/digitalni-transformace-firem-cesty-ke-konkurenceschopnosti-v-21-stoleti\/\" \/>\r\n<meta property=\"og:site_name\" content=\"Ateliers seniors\" \/>\r\n<meta property=\"article:published_time\" content=\"2025-09-03T17:46:47+00:00\" \/>\r\n<meta property=\"article:modified_time\" content=\"2026-09-03T17:46:19+00:00\" \/>\r\n<meta name=\"author\" content=\"adelforge\" \/>\r\n<meta name=\"twitter:card\" content=\"summary_large_image\" \/>\r\n<meta name=\"twitter:label1\" content=\"\u00c9crit par\" \/>\n\t<meta name=\"twitter:data1\" content=\"adelforge\" \/>\n\t<meta name=\"twitter:label2\" content=\"Dur\u00e9e de lecture estim\u00e9e\" \/>\n\t<meta name=\"twitter:data2\" content=\"3 minutes\" \/>\r\n<script type=\"application\/ld+json\" class=\"yoast-schema-graph\">{\"@context\":\"https:\/\/schema.org\",\"@graph\":[{\"@type\":\"WebPage\",\"@id\":\"https:\/\/portail-animation.ufcv.fr\/ateliers-seniors\/2025\/09\/03\/digitalni-transformace-firem-cesty-ke-konkurenceschopnosti-v-21-stoleti\/\",\"url\":\"https:\/\/portail-animation.ufcv.fr\/ateliers-seniors\/2025\/09\/03\/digitalni-transformace-firem-cesty-ke-konkurenceschopnosti-v-21-stoleti\/\",\"name\":\"Digit\u00e1ln\u00ed transformace firem: cesty ke konkurenceschopnosti v 21. stolet\u00ed - Ateliers seniors\",\"isPartOf\":{\"@id\":\"https:\/\/portail-animation.ufcv.fr\/ateliers-seniors\/#website\"},\"datePublished\":\"2025-09-03T17:46:47+00:00\",\"dateModified\":\"2026-09-03T17:46:19+00:00\",\"author\":{\"@id\":\"https:\/\/portail-animation.ufcv.fr\/ateliers-seniors\/#\/schema\/person\/e3920f121b148283c13890813088e2a0\"},\"breadcrumb\":{\"@id\":\"https:\/\/portail-animation.ufcv.fr\/ateliers-seniors\/2025\/09\/03\/digitalni-transformace-firem-cesty-ke-konkurenceschopnosti-v-21-stoleti\/#breadcrumb\"},\"inLanguage\":\"fr-FR\",\"potentialAction\":[{\"@type\":\"ReadAction\",\"target\":[\"https:\/\/portail-animation.ufcv.fr\/ateliers-seniors\/2025\/09\/03\/digitalni-transformace-firem-cesty-ke-konkurenceschopnosti-v-21-stoleti\/\"]}]},{\"@type\":\"BreadcrumbList\",\"@id\":\"https:\/\/portail-animation.ufcv.fr\/ateliers-seniors\/2025\/09\/03\/digitalni-transformace-firem-cesty-ke-konkurenceschopnosti-v-21-stoleti\/#breadcrumb\",\"itemListElement\":[{\"@type\":\"ListItem\",\"position\":1,\"name\":\"Accueil\",\"item\":\"https:\/\/portail-animation.ufcv.fr\/ateliers-seniors\/\"},{\"@type\":\"ListItem\",\"position\":2,\"name\":\"Digit\u00e1ln\u00ed transformace firem: cesty ke konkurenceschopnosti v 21. stolet\u00ed\"}]},{\"@type\":\"WebSite\",\"@id\":\"https:\/\/portail-animation.ufcv.fr\/ateliers-seniors\/#website\",\"url\":\"https:\/\/portail-animation.ufcv.fr\/ateliers-seniors\/\",\"name\":\"Ateliers seniors\",\"description\":\"Un site utilisant R\u00e9seau Portail Animation\",\"potentialAction\":[{\"@type\":\"SearchAction\",\"target\":{\"@type\":\"EntryPoint\",\"urlTemplate\":\"https:\/\/portail-animation.ufcv.fr\/ateliers-seniors\/?s={search_term_string}\"},\"query-input\":{\"@type\":\"PropertyValueSpecification\",\"valueRequired\":true,\"valueName\":\"search_term_string\"}}],\"inLanguage\":\"fr-FR\"},{\"@type\":\"Person\",\"@id\":\"https:\/\/portail-animation.ufcv.fr\/ateliers-seniors\/#\/schema\/person\/e3920f121b148283c13890813088e2a0\",\"name\":\"adelforge\",\"image\":{\"@type\":\"ImageObject\",\"inLanguage\":\"fr-FR\",\"@id\":\"https:\/\/portail-animation.ufcv.fr\/ateliers-seniors\/#\/schema\/person\/image\/\",\"url\":\"https:\/\/secure.gravatar.com\/avatar\/8207ca5dec2038871f4ea2e2a260a192?s=96&d=mm&r=g\",\"contentUrl\":\"https:\/\/secure.gravatar.com\/avatar\/8207ca5dec2038871f4ea2e2a260a192?s=96&d=mm&r=g\",\"caption\":\"adelforge\"},\"url\":\"https:\/\/portail-animation.ufcv.fr\/ateliers-seniors\/author\/adelforge\/\"}]}<\/script>\r\n<!-- \/ Yoast SEO plugin. -->","yoast_head_json":{"title":"Digit\u00e1ln\u00ed transformace firem: cesty ke konkurenceschopnosti v 21. stolet\u00ed - Ateliers seniors","robots":{"index":"index","follow":"follow","max-snippet":"max-snippet:-1","max-image-preview":"max-image-preview:large","max-video-preview":"max-video-preview:-1"},"canonical":"https:\/\/portail-animation.ufcv.fr\/ateliers-seniors\/2025\/09\/03\/digitalni-transformace-firem-cesty-ke-konkurenceschopnosti-v-21-stoleti\/","og_locale":"fr_FR","og_type":"article","og_title":"Digit\u00e1ln\u00ed transformace firem: cesty ke konkurenceschopnosti v 21. stolet\u00ed - Ateliers seniors","og_description":"V \u00e9\u0159e rychl\u00fdch technologick\u00fdch inovac\u00ed je digitalizace kl\u00ed\u010dov\u00fdm faktorem, kter\u00fd z\u00e1sadn\u011b m\u011bn\u00ed zp\u016fsob, jak\u00fdm podniky vedou sv\u00e9 operace. Modern\u00ed firmy jsou pod neust\u00e1l\u00fdm tlakem na zvy\u0161ov\u00e1n\u00ed efektivity, zlep\u0161ov\u00e1n\u00ed z\u00e1kaznick\u00e9 zku\u0161enosti a vytv\u00e1\u0159en\u00ed nov\u00fdch obchodn\u00edch model\u016f. P\u0159esto\u017ee digitalizace m\u016f\u017ee p\u016fsobit jako [&hellip;]","og_url":"https:\/\/portail-animation.ufcv.fr\/ateliers-seniors\/2025\/09\/03\/digitalni-transformace-firem-cesty-ke-konkurenceschopnosti-v-21-stoleti\/","og_site_name":"Ateliers seniors","article_published_time":"2025-09-03T17:46:47+00:00","article_modified_time":"2026-09-03T17:46:19+00:00","author":"adelforge","twitter_card":"summary_large_image","twitter_misc":{"\u00c9crit par":"adelforge","Dur\u00e9e de lecture estim\u00e9e":"3 minutes"},"schema":{"@context":"https:\/\/schema.org","@graph":[{"@type":"WebPage","@id":"https:\/\/portail-animation.ufcv.fr\/ateliers-seniors\/2025\/09\/03\/digitalni-transformace-firem-cesty-ke-konkurenceschopnosti-v-21-stoleti\/","url":"https:\/\/portail-animation.ufcv.fr\/ateliers-seniors\/2025\/09\/03\/digitalni-transformace-firem-cesty-ke-konkurenceschopnosti-v-21-stoleti\/","name":"Digit\u00e1ln\u00ed transformace firem: cesty ke konkurenceschopnosti v 21. stolet\u00ed - Ateliers seniors","isPartOf":{"@id":"https:\/\/portail-animation.ufcv.fr\/ateliers-seniors\/#website"},"datePublished":"2025-09-03T17:46:47+00:00","dateModified":"2026-09-03T17:46:19+00:00","author":{"@id":"https:\/\/portail-animation.ufcv.fr\/ateliers-seniors\/#\/schema\/person\/e3920f121b148283c13890813088e2a0"},"breadcrumb":{"@id":"https:\/\/portail-animation.ufcv.fr\/ateliers-seniors\/2025\/09\/03\/digitalni-transformace-firem-cesty-ke-konkurenceschopnosti-v-21-stoleti\/#breadcrumb"},"inLanguage":"fr-FR","potentialAction":[{"@type":"ReadAction","target":["https:\/\/portail-animation.ufcv.fr\/ateliers-seniors\/2025\/09\/03\/digitalni-transformace-firem-cesty-ke-konkurenceschopnosti-v-21-stoleti\/"]}]},{"@type":"BreadcrumbList","@id":"https:\/\/portail-animation.ufcv.fr\/ateliers-seniors\/2025\/09\/03\/digitalni-transformace-firem-cesty-ke-konkurenceschopnosti-v-21-stoleti\/#breadcrumb","itemListElement":[{"@type":"ListItem","position":1,"name":"Accueil","item":"https:\/\/portail-animation.ufcv.fr\/ateliers-seniors\/"},{"@type":"ListItem","position":2,"name":"Digit\u00e1ln\u00ed transformace firem: cesty ke konkurenceschopnosti v 21. stolet\u00ed"}]},{"@type":"WebSite","@id":"https:\/\/portail-animation.ufcv.fr\/ateliers-seniors\/#website","url":"https:\/\/portail-animation.ufcv.fr\/ateliers-seniors\/","name":"Ateliers seniors","description":"Un site utilisant R\u00e9seau Portail Animation","potentialAction":[{"@type":"SearchAction","target":{"@type":"EntryPoint","urlTemplate":"https:\/\/portail-animation.ufcv.fr\/ateliers-seniors\/?s={search_term_string}"},"query-input":{"@type":"PropertyValueSpecification","valueRequired":true,"valueName":"search_term_string"}}],"inLanguage":"fr-FR"},{"@type":"Person","@id":"https:\/\/portail-animation.ufcv.fr\/ateliers-seniors\/#\/schema\/person\/e3920f121b148283c13890813088e2a0","name":"adelforge","image":{"@type":"ImageObject","inLanguage":"fr-FR","@id":"https:\/\/portail-animation.ufcv.fr\/ateliers-seniors\/#\/schema\/person\/image\/","url":"https:\/\/secure.gravatar.com\/avatar\/8207ca5dec2038871f4ea2e2a260a192?s=96&d=mm&r=g","contentUrl":"https:\/\/secure.gravatar.com\/avatar\/8207ca5dec2038871f4ea2e2a260a192?s=96&d=mm&r=g","caption":"adelforge"},"url":"https:\/\/portail-animation.ufcv.fr\/ateliers-seniors\/author\/adelforge\/"}]}},"_links":{"self":[{"href":"https:\/\/portail-animation.ufcv.fr\/ateliers-seniors\/wp-json\/wp\/v2\/posts\/5163","targetHints":{"allow":["GET"]}}],"collection":[{"href":"https:\/\/portail-animation.ufcv.fr\/ateliers-seniors\/wp-json\/wp\/v2\/posts"}],"about":[{"href":"https:\/\/portail-animation.ufcv.fr\/ateliers-seniors\/wp-json\/wp\/v2\/types\/post"}],"author":[{"embeddable":true,"href":"https:\/\/portail-animation.ufcv.fr\/ateliers-seniors\/wp-json\/wp\/v2\/users\/150"}],"replies":[{"embeddable":true,"href":"https:\/\/portail-animation.ufcv.fr\/ateliers-seniors\/wp-json\/wp\/v2\/comments?post=5163"}],"version-history":[{"count":1,"href":"https:\/\/portail-animation.ufcv.fr\/ateliers-seniors\/wp-json\/wp\/v2\/posts\/5163\/revisions"}],"predecessor-version":[{"id":5164,"href":"https:\/\/portail-animation.ufcv.fr\/ateliers-seniors\/wp-json\/wp\/v2\/posts\/5163\/revisions\/5164"}],"wp:attachment":[{"href":"https:\/\/portail-animation.ufcv.fr\/ateliers-seniors\/wp-json\/wp\/v2\/media?parent=5163"}],"wp:term":[{"taxonomy":"category","embeddable":true,"href":"https:\/\/portail-animation.ufcv.fr\/ateliers-seniors\/wp-json\/wp\/v2\/categories?post=5163"},{"taxonomy":"post_tag","embeddable":true,"href":"https:\/\/portail-animation.ufcv.fr\/ateliers-seniors\/wp-json\/wp\/v2\/tags?post=5163"}],"curies":[{"name":"wp","href":"https:\/\/api.w.org\/{rel}","templated":true}]}}