 {"id":5373,"date":"2025-09-03T23:17:30","date_gmt":"2025-09-03T21:17:30","guid":{"rendered":"https:\/\/portail-animation.ufcv.fr\/ateliers-seniors\/?p=5373"},"modified":"2026-09-03T23:17:02","modified_gmt":"2026-09-03T21:17:02","slug":"wplyw-branzy-budowlanej-i-energetycznej-na-rozwoj-gospodarczy-polski","status":"publish","type":"post","link":"https:\/\/portail-animation.ufcv.fr\/ateliers-seniors\/2025\/09\/03\/wplyw-branzy-budowlanej-i-energetycznej-na-rozwoj-gospodarczy-polski\/","title":{"rendered":"Wp\u0142yw bran\u017cy budowlanej i energetycznej na rozw\u00f3j gospodarczy Polski"},"content":{"rendered":"<p>Polska, jako dynamicznie rozwijaj\u0105cy si\u0119 kraj Europy \u015arodkowo-Wschodniej, od lat koncentruje si\u0119 na rozwoju sektora budowlanego i energetycznego jako kluczowych silnik\u00f3w wzrostu gospodarczego. Ich synergiczne dzia\u0142anie przyczynia si\u0119 nie tylko do zwi\u0119kszenia infrastruktury, ale tak\u017ce do poprawy konkurencyjno\u015bci gospodarki oraz jako\u015bci \u017cycia obywateli.<\/p>\n<h2>Rozw\u00f3j infrastruktury a wzrost PKB: twarde dane i analizy<\/h2>\n<p>Wed\u0142ug najnowszych raport\u00f3w G\u0142\u00f3wnego Urz\u0119du Statystycznego w Polsce, sektor budowlany odpowiada za prawie 6% PKB kraju. W latach 2015\u20132022 inwestycje w infrastruktur\u0119 drogow\u0105, kolejow\u0105 i miejsk\u0105 systematycznie ros\u0142y, co znalaz\u0142o odzwierciedlenie w danych o zatrudnieniu i inwestycjach zagranicznych.<\/p>\n<table>\n<thead>\n<tr>\n<th>Rok<\/th>\n<th>Warto\u015b\u0107 inwestycji budowlanych (mld z\u0142)<\/th>\n<th>Przyrost PKB (%)<\/th>\n<\/tr>\n<\/thead>\n<tbody>\n<tr>\n<td>2015<\/td>\n<td>125<\/td>\n<td>3,8%<\/td>\n<\/tr>\n<tr>\n<td>2018<\/td>\n<td>165<\/td>\n<td>4,7%<\/td>\n<\/tr>\n<tr>\n<td>2022<\/td>\n<td>200<\/td>\n<td>5,4%<\/td>\n<\/tr>\n<\/tbody>\n<\/table>\n<p>Wzrost ten potwierdzaj\u0105 r\u00f3wnie\u017c projekty zwi\u0105zane z odnawialnymi \u017ar\u00f3d\u0142ami energii, kt\u00f3re wpisuj\u0105 si\u0119 w strategiczne cele Unii Europejskiej wobec neutralno\u015bci klimatycznej do 2050 roku.<\/p>\n<h2>Technologie w energetyce: innowacje a zr\u00f3wnowa\u017cony rozw\u00f3j<\/h2>\n<p>Polska od lat inwestuje w odnawialne \u017ar\u00f3d\u0142a energii (OZE), kt\u00f3re stanowi\u0105 kluczowy element transformacji energetycznej. Energia s\u0142oneczna, wiatrowa i biogaz wprowadzaj\u0105 now\u0105 jako\u015b\u0107 do krajowego systemu energetycznego, jednocze\u015bnie stymuluj\u0105c rozw\u00f3j technologiczny i tworz\u0105c nowe miejsca pracy.<\/p>\n<blockquote><p>\u201eObserwujemy rosn\u0105cy nacisk na rozwi\u0105zania smart grid, kt\u00f3re pozwalaj\u0105 na efektywniejsze zarz\u0105dzanie energi\u0105, minimalizuj\u0105c straty i zwi\u0119kszaj\u0105c udzia\u0142 OZE w miksie energetycznym Polski\u201d \u2014 komentuje ekspert bran\u017cy energetycznej.<\/p><\/blockquote>\n<p>Chocia\u017c infrastruktura energetyczna wymaga du\u017cych inwestycji, coraz cz\u0119\u015bciej korzysta si\u0119 z rozwi\u0105za\u0144 cyfrowych i automatyzacji, kt\u00f3re optymalizuj\u0105 proces magazynowania energii, a tak\u017ce dystrybucj\u0119 \u2014 kluczowe dla zapewnienia stabilno\u015bci systemu, szczeg\u00f3lnie w kontek\u015bcie zmienno\u015bci odnawialnych \u017ar\u00f3de\u0142.<\/p>\n<h2>Wa\u017cne \u017ar\u00f3d\u0142a wiedzy i analiz bran\u017cowych<\/h2>\n<p>Ogromne znaczenie dla bran\u017cowych ekspert\u00f3w i inwestor\u00f3w ma dost\u0119p do wiarygodnych danych i raport\u00f3w. W tym kontek\u015bcie wa\u017cn\u0105 platform\u0105 jest <a href=\"https:\/\/www.wbetz.net.pl\/\">https:\/\/wbetz.net.pl<\/a>, kt\u00f3ra stanowi kompendium informacji o trendach, legislacji i najnowszych technologiach w sektorze budowania i energetycznym.<\/p>\n<h2>Podsumowanie: przysz\u0142o\u015b\u0107 sektora \u2013 mi\u0119dzy wyzwaniami a szansami<\/h2>\n<p>Patrz\u0105c na rozmaite dane i analizy, jasno wida\u0107, \u017ce sektor budownictwa i energetyki w Polsce pe\u0142ni kluczow\u0105 rol\u0119 w d\u0105\u017ceniu do zr\u00f3wnowa\u017conego rozwoju. Wsp\u00f3\u0142czesne wyzwania, takie jak rosn\u0105ce koszty surowc\u00f3w, konieczno\u015b\u0107 ograniczenia emisji CO\u2082 oraz dynamiczna digitalizacja, okre\u015blaj\u0105 kierunki inwestycji i innowacji na najbli\u017csze lata.<\/p>\n<p>Nie mo\u017cna zapomina\u0107, \u017ce dost\u0119p do wiarygodnych \u017ar\u00f3de\u0142 informacji i analiz, takich jak <a href=\"https:\/\/wbetz.net.pl\">https:\/\/wbetz.net.pl<\/a>, stanowi integraln\u0105 cz\u0119\u015b\u0107 profesjonalnego planowania rozwoju i podejmowania strategicznych decyzji w tym sektorze. To w\u0142a\u015bnie wiedza i innowacje b\u0119d\u0105 catalizatorem dla realizacji ambitnych cel\u00f3w gospodarczych Polski.<\/p>\n<p><em>Ostatecznie, synergiczne dzia\u0142ania bran\u017cy budowlanej i energetycznej, oparte na rzetelnych danych i nowoczesnej technologii, b\u0119d\u0105 kluczowe dla zapewnienia stabilnego, konkurencyjnego i ekologicznego rozwoju Polski.<\/em><\/p>\n","protected":false},"excerpt":{"rendered":"<p>Polska, jako dynamicznie rozwijaj\u0105cy si\u0119 kraj Europy \u015arodkowo-Wschodniej, od lat koncentruje si\u0119 na rozwoju sektora budowlanego i energetycznego jako kluczowych silnik\u00f3w wzrostu gospodarczego. Ich synergiczne dzia\u0142anie przyczynia si\u0119 nie tylko do zwi\u0119kszenia infrastruktury, ale tak\u017ce do poprawy konkurencyjno\u015bci gospodarki oraz [&hellip;]<\/p>\n","protected":false},"author":150,"featured_media":0,"comment_status":"open","ping_status":"open","sticky":false,"template":"","format":"standard","meta":{"_acf_changed":false,"footnotes":""},"categories":[1],"tags":[],"class_list":["post-5373","post","type-post","status-publish","format-standard","hentry","category-non-classe"],"acf":[],"yoast_head":"<!-- This site is optimized with the Yoast SEO plugin v23.9 - https:\/\/yoast.com\/wordpress\/plugins\/seo\/ -->\r\n<title>Wp\u0142yw bran\u017cy budowlanej i energetycznej na rozw\u00f3j gospodarczy Polski - Ateliers seniors<\/title>\r\n<meta name=\"robots\" content=\"index, follow, max-snippet:-1, max-image-preview:large, max-video-preview:-1\" \/>\r\n<link rel=\"canonical\" href=\"https:\/\/portail-animation.ufcv.fr\/ateliers-seniors\/2025\/09\/03\/wplyw-branzy-budowlanej-i-energetycznej-na-rozwoj-gospodarczy-polski\/\" \/>\r\n<meta property=\"og:locale\" content=\"fr_FR\" \/>\r\n<meta property=\"og:type\" content=\"article\" \/>\r\n<meta property=\"og:title\" content=\"Wp\u0142yw bran\u017cy budowlanej i energetycznej na rozw\u00f3j gospodarczy Polski - Ateliers seniors\" \/>\r\n<meta property=\"og:description\" content=\"Polska, jako dynamicznie rozwijaj\u0105cy si\u0119 kraj Europy \u015arodkowo-Wschodniej, od lat koncentruje si\u0119 na rozwoju sektora budowlanego i energetycznego jako kluczowych silnik\u00f3w wzrostu gospodarczego. Ich synergiczne dzia\u0142anie przyczynia si\u0119 nie tylko do zwi\u0119kszenia infrastruktury, ale tak\u017ce do poprawy konkurencyjno\u015bci gospodarki oraz [&hellip;]\" \/>\r\n<meta property=\"og:url\" content=\"https:\/\/portail-animation.ufcv.fr\/ateliers-seniors\/2025\/09\/03\/wplyw-branzy-budowlanej-i-energetycznej-na-rozwoj-gospodarczy-polski\/\" \/>\r\n<meta property=\"og:site_name\" content=\"Ateliers seniors\" \/>\r\n<meta property=\"article:published_time\" content=\"2025-09-03T21:17:30+00:00\" \/>\r\n<meta property=\"article:modified_time\" content=\"2026-09-03T21:17:02+00:00\" \/>\r\n<meta name=\"author\" content=\"adelforge\" \/>\r\n<meta name=\"twitter:card\" content=\"summary_large_image\" \/>\r\n<meta name=\"twitter:label1\" content=\"\u00c9crit par\" \/>\n\t<meta name=\"twitter:data1\" content=\"adelforge\" \/>\n\t<meta name=\"twitter:label2\" content=\"Dur\u00e9e de lecture estim\u00e9e\" \/>\n\t<meta name=\"twitter:data2\" content=\"2 minutes\" \/>\r\n<script type=\"application\/ld+json\" class=\"yoast-schema-graph\">{\"@context\":\"https:\/\/schema.org\",\"@graph\":[{\"@type\":\"WebPage\",\"@id\":\"https:\/\/portail-animation.ufcv.fr\/ateliers-seniors\/2025\/09\/03\/wplyw-branzy-budowlanej-i-energetycznej-na-rozwoj-gospodarczy-polski\/\",\"url\":\"https:\/\/portail-animation.ufcv.fr\/ateliers-seniors\/2025\/09\/03\/wplyw-branzy-budowlanej-i-energetycznej-na-rozwoj-gospodarczy-polski\/\",\"name\":\"Wp\u0142yw bran\u017cy budowlanej i energetycznej na rozw\u00f3j gospodarczy Polski - Ateliers seniors\",\"isPartOf\":{\"@id\":\"https:\/\/portail-animation.ufcv.fr\/ateliers-seniors\/#website\"},\"datePublished\":\"2025-09-03T21:17:30+00:00\",\"dateModified\":\"2026-09-03T21:17:02+00:00\",\"author\":{\"@id\":\"https:\/\/portail-animation.ufcv.fr\/ateliers-seniors\/#\/schema\/person\/e3920f121b148283c13890813088e2a0\"},\"breadcrumb\":{\"@id\":\"https:\/\/portail-animation.ufcv.fr\/ateliers-seniors\/2025\/09\/03\/wplyw-branzy-budowlanej-i-energetycznej-na-rozwoj-gospodarczy-polski\/#breadcrumb\"},\"inLanguage\":\"fr-FR\",\"potentialAction\":[{\"@type\":\"ReadAction\",\"target\":[\"https:\/\/portail-animation.ufcv.fr\/ateliers-seniors\/2025\/09\/03\/wplyw-branzy-budowlanej-i-energetycznej-na-rozwoj-gospodarczy-polski\/\"]}]},{\"@type\":\"BreadcrumbList\",\"@id\":\"https:\/\/portail-animation.ufcv.fr\/ateliers-seniors\/2025\/09\/03\/wplyw-branzy-budowlanej-i-energetycznej-na-rozwoj-gospodarczy-polski\/#breadcrumb\",\"itemListElement\":[{\"@type\":\"ListItem\",\"position\":1,\"name\":\"Accueil\",\"item\":\"https:\/\/portail-animation.ufcv.fr\/ateliers-seniors\/\"},{\"@type\":\"ListItem\",\"position\":2,\"name\":\"Wp\u0142yw bran\u017cy budowlanej i energetycznej na rozw\u00f3j gospodarczy Polski\"}]},{\"@type\":\"WebSite\",\"@id\":\"https:\/\/portail-animation.ufcv.fr\/ateliers-seniors\/#website\",\"url\":\"https:\/\/portail-animation.ufcv.fr\/ateliers-seniors\/\",\"name\":\"Ateliers seniors\",\"description\":\"Un site utilisant R\u00e9seau Portail Animation\",\"potentialAction\":[{\"@type\":\"SearchAction\",\"target\":{\"@type\":\"EntryPoint\",\"urlTemplate\":\"https:\/\/portail-animation.ufcv.fr\/ateliers-seniors\/?s={search_term_string}\"},\"query-input\":{\"@type\":\"PropertyValueSpecification\",\"valueRequired\":true,\"valueName\":\"search_term_string\"}}],\"inLanguage\":\"fr-FR\"},{\"@type\":\"Person\",\"@id\":\"https:\/\/portail-animation.ufcv.fr\/ateliers-seniors\/#\/schema\/person\/e3920f121b148283c13890813088e2a0\",\"name\":\"adelforge\",\"image\":{\"@type\":\"ImageObject\",\"inLanguage\":\"fr-FR\",\"@id\":\"https:\/\/portail-animation.ufcv.fr\/ateliers-seniors\/#\/schema\/person\/image\/\",\"url\":\"https:\/\/secure.gravatar.com\/avatar\/8207ca5dec2038871f4ea2e2a260a192?s=96&d=mm&r=g\",\"contentUrl\":\"https:\/\/secure.gravatar.com\/avatar\/8207ca5dec2038871f4ea2e2a260a192?s=96&d=mm&r=g\",\"caption\":\"adelforge\"},\"url\":\"https:\/\/portail-animation.ufcv.fr\/ateliers-seniors\/author\/adelforge\/\"}]}<\/script>\r\n<!-- \/ Yoast SEO plugin. -->","yoast_head_json":{"title":"Wp\u0142yw bran\u017cy budowlanej i energetycznej na rozw\u00f3j gospodarczy Polski - Ateliers seniors","robots":{"index":"index","follow":"follow","max-snippet":"max-snippet:-1","max-image-preview":"max-image-preview:large","max-video-preview":"max-video-preview:-1"},"canonical":"https:\/\/portail-animation.ufcv.fr\/ateliers-seniors\/2025\/09\/03\/wplyw-branzy-budowlanej-i-energetycznej-na-rozwoj-gospodarczy-polski\/","og_locale":"fr_FR","og_type":"article","og_title":"Wp\u0142yw bran\u017cy budowlanej i energetycznej na rozw\u00f3j gospodarczy Polski - Ateliers seniors","og_description":"Polska, jako dynamicznie rozwijaj\u0105cy si\u0119 kraj Europy \u015arodkowo-Wschodniej, od lat koncentruje si\u0119 na rozwoju sektora budowlanego i energetycznego jako kluczowych silnik\u00f3w wzrostu gospodarczego. Ich synergiczne dzia\u0142anie przyczynia si\u0119 nie tylko do zwi\u0119kszenia infrastruktury, ale tak\u017ce do poprawy konkurencyjno\u015bci gospodarki oraz [&hellip;]","og_url":"https:\/\/portail-animation.ufcv.fr\/ateliers-seniors\/2025\/09\/03\/wplyw-branzy-budowlanej-i-energetycznej-na-rozwoj-gospodarczy-polski\/","og_site_name":"Ateliers seniors","article_published_time":"2025-09-03T21:17:30+00:00","article_modified_time":"2026-09-03T21:17:02+00:00","author":"adelforge","twitter_card":"summary_large_image","twitter_misc":{"\u00c9crit par":"adelforge","Dur\u00e9e de lecture estim\u00e9e":"2 minutes"},"schema":{"@context":"https:\/\/schema.org","@graph":[{"@type":"WebPage","@id":"https:\/\/portail-animation.ufcv.fr\/ateliers-seniors\/2025\/09\/03\/wplyw-branzy-budowlanej-i-energetycznej-na-rozwoj-gospodarczy-polski\/","url":"https:\/\/portail-animation.ufcv.fr\/ateliers-seniors\/2025\/09\/03\/wplyw-branzy-budowlanej-i-energetycznej-na-rozwoj-gospodarczy-polski\/","name":"Wp\u0142yw bran\u017cy budowlanej i energetycznej na rozw\u00f3j gospodarczy Polski - Ateliers seniors","isPartOf":{"@id":"https:\/\/portail-animation.ufcv.fr\/ateliers-seniors\/#website"},"datePublished":"2025-09-03T21:17:30+00:00","dateModified":"2026-09-03T21:17:02+00:00","author":{"@id":"https:\/\/portail-animation.ufcv.fr\/ateliers-seniors\/#\/schema\/person\/e3920f121b148283c13890813088e2a0"},"breadcrumb":{"@id":"https:\/\/portail-animation.ufcv.fr\/ateliers-seniors\/2025\/09\/03\/wplyw-branzy-budowlanej-i-energetycznej-na-rozwoj-gospodarczy-polski\/#breadcrumb"},"inLanguage":"fr-FR","potentialAction":[{"@type":"ReadAction","target":["https:\/\/portail-animation.ufcv.fr\/ateliers-seniors\/2025\/09\/03\/wplyw-branzy-budowlanej-i-energetycznej-na-rozwoj-gospodarczy-polski\/"]}]},{"@type":"BreadcrumbList","@id":"https:\/\/portail-animation.ufcv.fr\/ateliers-seniors\/2025\/09\/03\/wplyw-branzy-budowlanej-i-energetycznej-na-rozwoj-gospodarczy-polski\/#breadcrumb","itemListElement":[{"@type":"ListItem","position":1,"name":"Accueil","item":"https:\/\/portail-animation.ufcv.fr\/ateliers-seniors\/"},{"@type":"ListItem","position":2,"name":"Wp\u0142yw bran\u017cy budowlanej i energetycznej na rozw\u00f3j gospodarczy Polski"}]},{"@type":"WebSite","@id":"https:\/\/portail-animation.ufcv.fr\/ateliers-seniors\/#website","url":"https:\/\/portail-animation.ufcv.fr\/ateliers-seniors\/","name":"Ateliers seniors","description":"Un site utilisant R\u00e9seau Portail Animation","potentialAction":[{"@type":"SearchAction","target":{"@type":"EntryPoint","urlTemplate":"https:\/\/portail-animation.ufcv.fr\/ateliers-seniors\/?s={search_term_string}"},"query-input":{"@type":"PropertyValueSpecification","valueRequired":true,"valueName":"search_term_string"}}],"inLanguage":"fr-FR"},{"@type":"Person","@id":"https:\/\/portail-animation.ufcv.fr\/ateliers-seniors\/#\/schema\/person\/e3920f121b148283c13890813088e2a0","name":"adelforge","image":{"@type":"ImageObject","inLanguage":"fr-FR","@id":"https:\/\/portail-animation.ufcv.fr\/ateliers-seniors\/#\/schema\/person\/image\/","url":"https:\/\/secure.gravatar.com\/avatar\/8207ca5dec2038871f4ea2e2a260a192?s=96&d=mm&r=g","contentUrl":"https:\/\/secure.gravatar.com\/avatar\/8207ca5dec2038871f4ea2e2a260a192?s=96&d=mm&r=g","caption":"adelforge"},"url":"https:\/\/portail-animation.ufcv.fr\/ateliers-seniors\/author\/adelforge\/"}]}},"_links":{"self":[{"href":"https:\/\/portail-animation.ufcv.fr\/ateliers-seniors\/wp-json\/wp\/v2\/posts\/5373","targetHints":{"allow":["GET"]}}],"collection":[{"href":"https:\/\/portail-animation.ufcv.fr\/ateliers-seniors\/wp-json\/wp\/v2\/posts"}],"about":[{"href":"https:\/\/portail-animation.ufcv.fr\/ateliers-seniors\/wp-json\/wp\/v2\/types\/post"}],"author":[{"embeddable":true,"href":"https:\/\/portail-animation.ufcv.fr\/ateliers-seniors\/wp-json\/wp\/v2\/users\/150"}],"replies":[{"embeddable":true,"href":"https:\/\/portail-animation.ufcv.fr\/ateliers-seniors\/wp-json\/wp\/v2\/comments?post=5373"}],"version-history":[{"count":1,"href":"https:\/\/portail-animation.ufcv.fr\/ateliers-seniors\/wp-json\/wp\/v2\/posts\/5373\/revisions"}],"predecessor-version":[{"id":5374,"href":"https:\/\/portail-animation.ufcv.fr\/ateliers-seniors\/wp-json\/wp\/v2\/posts\/5373\/revisions\/5374"}],"wp:attachment":[{"href":"https:\/\/portail-animation.ufcv.fr\/ateliers-seniors\/wp-json\/wp\/v2\/media?parent=5373"}],"wp:term":[{"taxonomy":"category","embeddable":true,"href":"https:\/\/portail-animation.ufcv.fr\/ateliers-seniors\/wp-json\/wp\/v2\/categories?post=5373"},{"taxonomy":"post_tag","embeddable":true,"href":"https:\/\/portail-animation.ufcv.fr\/ateliers-seniors\/wp-json\/wp\/v2\/tags?post=5373"}],"curies":[{"name":"wp","href":"https:\/\/api.w.org\/{rel}","templated":true}]}}