 {"id":5489,"date":"2025-09-04T00:41:49","date_gmt":"2025-09-03T22:41:49","guid":{"rendered":"https:\/\/portail-animation.ufcv.fr\/ateliers-seniors\/?p=5489"},"modified":"2026-09-04T00:41:20","modified_gmt":"2026-09-03T22:41:20","slug":"optimiser-la-gestion-fiscale-et-administrative-des-pme-vers-une-solution-integree-et-fiable","status":"publish","type":"post","link":"https:\/\/portail-animation.ufcv.fr\/ateliers-seniors\/2025\/09\/04\/optimiser-la-gestion-fiscale-et-administrative-des-pme-vers-une-solution-integree-et-fiable\/","title":{"rendered":"Optimiser la gestion fiscale et administrative des PME : Vers une solution int\u00e9gr\u00e9e et fiable"},"content":{"rendered":"<p>Dans un paysage \u00e9conomique en constante \u00e9volution, la gestion efficace des aspects fiscaux et administratifs demeure un d\u00e9fi majeur pour les PME fran\u00e7aises. La complexit\u00e9 des r\u00e9glementations, combin\u00e9e \u00e0 la n\u00e9cessit\u00e9 d\u2019optimiser les processus internes, pousse de nombreuses entreprises \u00e0 rechercher des partenaires et des outils permettant d\u2019assurer conformit\u00e9, \u00e9conomie de temps et transparence accrue.<\/p>\n<h2>Les enjeux cruciaux de la gestion pour les PME fran\u00e7aises<\/h2>\n<table>\n<tr>\n<th>Facteur<\/th>\n<th>Impact sur les PME<\/th>\n<th>Solutions possibles<\/th>\n<\/tr>\n<tr>\n<td>Complexit\u00e9 r\u00e9glementaire<\/td>\n<td>Risque de sanctions, erreurs de d\u00e9claration<\/td>\n<td>Automatisation, veille r\u00e9glementaire<\/td>\n<\/tr>\n<tr>\n<td>Gestion financi\u00e8re<\/td>\n<td>Optimisation des flux de tr\u00e9sorerie, conformit\u00e9 fiscale<\/td>\n<td>Outils int\u00e9gr\u00e9s, expertise sp\u00e9cialis\u00e9e<\/td>\n<\/tr>\n<tr>\n<td>Transformation num\u00e9rique<\/td>\n<td>Efficiences op\u00e9rationnelles, meilleur reporting<\/td>\n<td>Solutions SaaS, dashboards interactifs<\/td>\n<\/tr>\n<\/table>\n<p>Ces enjeux n\u00e9cessitent des strat\u00e9gies innovantes, faisant appel \u00e0 une expertise approfondie et \u00e0 des plateformes sp\u00e9cialis\u00e9es qui centralisent la gestion, tout en garantissant une conformit\u00e9 sans faille.<\/p>\n<h2>Le r\u00f4le essentiel des solutions num\u00e9riques dans la gestion moderne<\/h2>\n<p>Les avanc\u00e9es technologiques offrent d\u00e9sormais des opportunit\u00e9s remarquables pour transformer la gestion fiscale et administrative. Les plateformes int\u00e9gr\u00e9es, comme WinVipe, apportent une r\u00e9ponse concr\u00e8te aux d\u00e9fis rencontr\u00e9s par les PME, en combinant automatisation, s\u00e9curit\u00e9, et conformit\u00e9 r\u00e9glementaire. <\/p>\n<blockquote><p>\u00ab\u00a0L\u2019int\u00e9gration d\u2019outils num\u00e9riques permet de r\u00e9duire consid\u00e9rablement le risque d\u2019erreurs fiscales, tout en lib\u00e9rant du temps pr\u00e9cieux pour se concentrer sur la croissance strat\u00e9gique.\u00a0\u00bb<\/p><\/blockquote>\n<h2>Focus sur WinVipe : une plateforme de gestion innovante<\/h2>\n<p>Fond\u00e9e pour r\u00e9pondre aux besoins croissants en mati\u00e8re de gestion efficace, <a href=\"https:\/\/www.winvipe.fr\/\">https:\/\/winvipe.fr<\/a> propose une plateforme num\u00e9rique compl\u00e8te destin\u00e9e aux PME fran\u00e7aises. Son objectif : simplifier la gestion fiscale, comptable, et administrative tout en assurant une conformit\u00e9 optimale face \u00e0 la l\u00e9gislation en constante \u00e9volution.<\/p>\n<h2>Les fonctionnalit\u00e9s cl\u00e9s de WinVipe<\/h2>\n<ul>\n<li><strong>Gestion automatis\u00e9e des d\u00e9clarations fiscales<\/strong> : r\u00e9duction des erreurs, respect des d\u00e9lais<\/li>\n<li><strong>Suivi en temps r\u00e9el<\/strong> : dashboards interactifs pour monitorer la sant\u00e9 financi\u00e8re<\/li>\n<li><strong>Archivage s\u00e9curis\u00e9 et conformit\u00e9 RGPD<\/strong> : facilitation d\u2019audits et contr\u00f4les<\/li>\n<li><strong>Modules int\u00e9gr\u00e9s de communication<\/strong> : \u00e9changes fluides avec les administrations fiscales et partenaires<\/li>\n<\/ul>\n<p>Ce positionnement permet \u00e0 la plateforme de r\u00e9pondre \u00e0 la fois aux attentes r\u00e9glementaires et \u00e0 la volont\u00e9 d\u2019efficience op\u00e9rationnelle, t\u00e9moignant d\u2019une compr\u00e9hension approfondie du march\u00e9 et de ses enjeux.<\/p>\n<h2>Une d\u00e9marche centr\u00e9e sur la conformit\u00e9 et la performance<\/h2>\n<p>Une plateforme comme WinVipe ne se limite pas \u00e0 une simple gestion administrative ; elle incarne une d\u00e9marche proactive pour accompagner les PME dans leur d\u00e9veloppement. La conformit\u00e9 fiscale n\u2019est plus une contrainte, mais un levier de cr\u00e9dibilit\u00e9 et de croissance durable.<\/p>\n<p>Selon des \u00e9tudes r\u00e9centes, les PME ayant adopt\u00e9 de tels outils constatent une r\u00e9duction moyenne de 30% du temps consacr\u00e9 aux t\u00e2ches administratives, tout en minimisant le risque d\u2019erreur fiscale.<\/p>\n<h2>Conclusion : La n\u00e9cessit\u00e9 d\u2019une transformation num\u00e9rique strat\u00e9gique<\/h2>\n<p>Face \u00e0 la complexit\u00e9 croissante des obligations fiscales et r\u00e9glementaires, les PME doivent s\u2019appuyer sur des solutions num\u00e9riques robustes et adapt\u00e9es. Le partenariat avec des plateformes innovantes comme <a href=\"https:\/\/www.winvipe.fr\">https:\/\/winvipe.fr<\/a> devient alors une n\u00e9cessit\u00e9 strat\u00e9gique, positionnant l\u2019entreprise pour une croissance saine, conforme, et technologiquement comp\u00e9titive.<\/p>\n<p>En tant qu\u2019\u00e9diteur de solutions digitales sp\u00e9cialis\u00e9es, WinVipe d\u00e9montre qu\u2019une gestion administrative int\u00e9gr\u00e9e, fiable et automatis\u00e9e est d\u00e9sormais la cl\u00e9 pour lib\u00e9rer du temps, r\u00e9duire les risques et renforcer la cr\u00e9dibilit\u00e9 des PME sur le march\u00e9 national comme international.<\/p>\n<div style=\"text-align: center;margin-top: 3em\">\n<a href=\"https:\/\/www.winvipe.fr\">D\u00e9couvrir la solution WinVipe<\/a>\n<\/div>\n","protected":false},"excerpt":{"rendered":"<p>Dans un paysage \u00e9conomique en constante \u00e9volution, la gestion efficace des aspects fiscaux et administratifs demeure un d\u00e9fi majeur pour les PME fran\u00e7aises. La complexit\u00e9 des r\u00e9glementations, combin\u00e9e \u00e0 la n\u00e9cessit\u00e9 d\u2019optimiser les processus internes, pousse de nombreuses entreprises \u00e0 [&hellip;]<\/p>\n","protected":false},"author":150,"featured_media":0,"comment_status":"open","ping_status":"open","sticky":false,"template":"","format":"standard","meta":{"_acf_changed":false,"footnotes":""},"categories":[1],"tags":[],"class_list":["post-5489","post","type-post","status-publish","format-standard","hentry","category-non-classe"],"acf":[],"yoast_head":"<!-- This site is optimized with the Yoast SEO plugin v23.9 - https:\/\/yoast.com\/wordpress\/plugins\/seo\/ -->\r\n<title>Optimiser la gestion fiscale et administrative des PME : Vers une solution int\u00e9gr\u00e9e et fiable - Ateliers seniors<\/title>\r\n<meta name=\"robots\" content=\"index, follow, max-snippet:-1, max-image-preview:large, max-video-preview:-1\" \/>\r\n<link rel=\"canonical\" href=\"https:\/\/portail-animation.ufcv.fr\/ateliers-seniors\/2025\/09\/04\/optimiser-la-gestion-fiscale-et-administrative-des-pme-vers-une-solution-integree-et-fiable\/\" \/>\r\n<meta property=\"og:locale\" content=\"fr_FR\" \/>\r\n<meta property=\"og:type\" content=\"article\" \/>\r\n<meta property=\"og:title\" content=\"Optimiser la gestion fiscale et administrative des PME : Vers une solution int\u00e9gr\u00e9e et fiable - Ateliers seniors\" \/>\r\n<meta property=\"og:description\" content=\"Dans un paysage \u00e9conomique en constante \u00e9volution, la gestion efficace des aspects fiscaux et administratifs demeure un d\u00e9fi majeur pour les PME fran\u00e7aises. La complexit\u00e9 des r\u00e9glementations, combin\u00e9e \u00e0 la n\u00e9cessit\u00e9 d\u2019optimiser les processus internes, pousse de nombreuses entreprises \u00e0 [&hellip;]\" \/>\r\n<meta property=\"og:url\" content=\"https:\/\/portail-animation.ufcv.fr\/ateliers-seniors\/2025\/09\/04\/optimiser-la-gestion-fiscale-et-administrative-des-pme-vers-une-solution-integree-et-fiable\/\" \/>\r\n<meta property=\"og:site_name\" content=\"Ateliers seniors\" \/>\r\n<meta property=\"article:published_time\" content=\"2025-09-03T22:41:49+00:00\" \/>\r\n<meta property=\"article:modified_time\" content=\"2026-09-03T22:41:20+00:00\" \/>\r\n<meta name=\"author\" content=\"adelforge\" \/>\r\n<meta name=\"twitter:card\" content=\"summary_large_image\" \/>\r\n<meta name=\"twitter:label1\" content=\"\u00c9crit par\" \/>\n\t<meta name=\"twitter:data1\" content=\"adelforge\" \/>\n\t<meta name=\"twitter:label2\" content=\"Dur\u00e9e de lecture estim\u00e9e\" \/>\n\t<meta name=\"twitter:data2\" content=\"3 minutes\" \/>\r\n<script type=\"application\/ld+json\" class=\"yoast-schema-graph\">{\"@context\":\"https:\/\/schema.org\",\"@graph\":[{\"@type\":\"WebPage\",\"@id\":\"https:\/\/portail-animation.ufcv.fr\/ateliers-seniors\/2025\/09\/04\/optimiser-la-gestion-fiscale-et-administrative-des-pme-vers-une-solution-integree-et-fiable\/\",\"url\":\"https:\/\/portail-animation.ufcv.fr\/ateliers-seniors\/2025\/09\/04\/optimiser-la-gestion-fiscale-et-administrative-des-pme-vers-une-solution-integree-et-fiable\/\",\"name\":\"Optimiser la gestion fiscale et administrative des PME : Vers une solution int\u00e9gr\u00e9e et fiable - Ateliers seniors\",\"isPartOf\":{\"@id\":\"https:\/\/portail-animation.ufcv.fr\/ateliers-seniors\/#website\"},\"datePublished\":\"2025-09-03T22:41:49+00:00\",\"dateModified\":\"2026-09-03T22:41:20+00:00\",\"author\":{\"@id\":\"https:\/\/portail-animation.ufcv.fr\/ateliers-seniors\/#\/schema\/person\/e3920f121b148283c13890813088e2a0\"},\"breadcrumb\":{\"@id\":\"https:\/\/portail-animation.ufcv.fr\/ateliers-seniors\/2025\/09\/04\/optimiser-la-gestion-fiscale-et-administrative-des-pme-vers-une-solution-integree-et-fiable\/#breadcrumb\"},\"inLanguage\":\"fr-FR\",\"potentialAction\":[{\"@type\":\"ReadAction\",\"target\":[\"https:\/\/portail-animation.ufcv.fr\/ateliers-seniors\/2025\/09\/04\/optimiser-la-gestion-fiscale-et-administrative-des-pme-vers-une-solution-integree-et-fiable\/\"]}]},{\"@type\":\"BreadcrumbList\",\"@id\":\"https:\/\/portail-animation.ufcv.fr\/ateliers-seniors\/2025\/09\/04\/optimiser-la-gestion-fiscale-et-administrative-des-pme-vers-une-solution-integree-et-fiable\/#breadcrumb\",\"itemListElement\":[{\"@type\":\"ListItem\",\"position\":1,\"name\":\"Accueil\",\"item\":\"https:\/\/portail-animation.ufcv.fr\/ateliers-seniors\/\"},{\"@type\":\"ListItem\",\"position\":2,\"name\":\"Optimiser la gestion fiscale et administrative des PME : Vers une solution int\u00e9gr\u00e9e et fiable\"}]},{\"@type\":\"WebSite\",\"@id\":\"https:\/\/portail-animation.ufcv.fr\/ateliers-seniors\/#website\",\"url\":\"https:\/\/portail-animation.ufcv.fr\/ateliers-seniors\/\",\"name\":\"Ateliers seniors\",\"description\":\"Un site utilisant R\u00e9seau Portail Animation\",\"potentialAction\":[{\"@type\":\"SearchAction\",\"target\":{\"@type\":\"EntryPoint\",\"urlTemplate\":\"https:\/\/portail-animation.ufcv.fr\/ateliers-seniors\/?s={search_term_string}\"},\"query-input\":{\"@type\":\"PropertyValueSpecification\",\"valueRequired\":true,\"valueName\":\"search_term_string\"}}],\"inLanguage\":\"fr-FR\"},{\"@type\":\"Person\",\"@id\":\"https:\/\/portail-animation.ufcv.fr\/ateliers-seniors\/#\/schema\/person\/e3920f121b148283c13890813088e2a0\",\"name\":\"adelforge\",\"image\":{\"@type\":\"ImageObject\",\"inLanguage\":\"fr-FR\",\"@id\":\"https:\/\/portail-animation.ufcv.fr\/ateliers-seniors\/#\/schema\/person\/image\/\",\"url\":\"https:\/\/secure.gravatar.com\/avatar\/8207ca5dec2038871f4ea2e2a260a192?s=96&d=mm&r=g\",\"contentUrl\":\"https:\/\/secure.gravatar.com\/avatar\/8207ca5dec2038871f4ea2e2a260a192?s=96&d=mm&r=g\",\"caption\":\"adelforge\"},\"url\":\"https:\/\/portail-animation.ufcv.fr\/ateliers-seniors\/author\/adelforge\/\"}]}<\/script>\r\n<!-- \/ Yoast SEO plugin. -->","yoast_head_json":{"title":"Optimiser la gestion fiscale et administrative des PME : Vers une solution int\u00e9gr\u00e9e et fiable - Ateliers seniors","robots":{"index":"index","follow":"follow","max-snippet":"max-snippet:-1","max-image-preview":"max-image-preview:large","max-video-preview":"max-video-preview:-1"},"canonical":"https:\/\/portail-animation.ufcv.fr\/ateliers-seniors\/2025\/09\/04\/optimiser-la-gestion-fiscale-et-administrative-des-pme-vers-une-solution-integree-et-fiable\/","og_locale":"fr_FR","og_type":"article","og_title":"Optimiser la gestion fiscale et administrative des PME : Vers une solution int\u00e9gr\u00e9e et fiable - Ateliers seniors","og_description":"Dans un paysage \u00e9conomique en constante \u00e9volution, la gestion efficace des aspects fiscaux et administratifs demeure un d\u00e9fi majeur pour les PME fran\u00e7aises. La complexit\u00e9 des r\u00e9glementations, combin\u00e9e \u00e0 la n\u00e9cessit\u00e9 d\u2019optimiser les processus internes, pousse de nombreuses entreprises \u00e0 [&hellip;]","og_url":"https:\/\/portail-animation.ufcv.fr\/ateliers-seniors\/2025\/09\/04\/optimiser-la-gestion-fiscale-et-administrative-des-pme-vers-une-solution-integree-et-fiable\/","og_site_name":"Ateliers seniors","article_published_time":"2025-09-03T22:41:49+00:00","article_modified_time":"2026-09-03T22:41:20+00:00","author":"adelforge","twitter_card":"summary_large_image","twitter_misc":{"\u00c9crit par":"adelforge","Dur\u00e9e de lecture estim\u00e9e":"3 minutes"},"schema":{"@context":"https:\/\/schema.org","@graph":[{"@type":"WebPage","@id":"https:\/\/portail-animation.ufcv.fr\/ateliers-seniors\/2025\/09\/04\/optimiser-la-gestion-fiscale-et-administrative-des-pme-vers-une-solution-integree-et-fiable\/","url":"https:\/\/portail-animation.ufcv.fr\/ateliers-seniors\/2025\/09\/04\/optimiser-la-gestion-fiscale-et-administrative-des-pme-vers-une-solution-integree-et-fiable\/","name":"Optimiser la gestion fiscale et administrative des PME : Vers une solution int\u00e9gr\u00e9e et fiable - Ateliers seniors","isPartOf":{"@id":"https:\/\/portail-animation.ufcv.fr\/ateliers-seniors\/#website"},"datePublished":"2025-09-03T22:41:49+00:00","dateModified":"2026-09-03T22:41:20+00:00","author":{"@id":"https:\/\/portail-animation.ufcv.fr\/ateliers-seniors\/#\/schema\/person\/e3920f121b148283c13890813088e2a0"},"breadcrumb":{"@id":"https:\/\/portail-animation.ufcv.fr\/ateliers-seniors\/2025\/09\/04\/optimiser-la-gestion-fiscale-et-administrative-des-pme-vers-une-solution-integree-et-fiable\/#breadcrumb"},"inLanguage":"fr-FR","potentialAction":[{"@type":"ReadAction","target":["https:\/\/portail-animation.ufcv.fr\/ateliers-seniors\/2025\/09\/04\/optimiser-la-gestion-fiscale-et-administrative-des-pme-vers-une-solution-integree-et-fiable\/"]}]},{"@type":"BreadcrumbList","@id":"https:\/\/portail-animation.ufcv.fr\/ateliers-seniors\/2025\/09\/04\/optimiser-la-gestion-fiscale-et-administrative-des-pme-vers-une-solution-integree-et-fiable\/#breadcrumb","itemListElement":[{"@type":"ListItem","position":1,"name":"Accueil","item":"https:\/\/portail-animation.ufcv.fr\/ateliers-seniors\/"},{"@type":"ListItem","position":2,"name":"Optimiser la gestion fiscale et administrative des PME : Vers une solution int\u00e9gr\u00e9e et fiable"}]},{"@type":"WebSite","@id":"https:\/\/portail-animation.ufcv.fr\/ateliers-seniors\/#website","url":"https:\/\/portail-animation.ufcv.fr\/ateliers-seniors\/","name":"Ateliers seniors","description":"Un site utilisant R\u00e9seau Portail Animation","potentialAction":[{"@type":"SearchAction","target":{"@type":"EntryPoint","urlTemplate":"https:\/\/portail-animation.ufcv.fr\/ateliers-seniors\/?s={search_term_string}"},"query-input":{"@type":"PropertyValueSpecification","valueRequired":true,"valueName":"search_term_string"}}],"inLanguage":"fr-FR"},{"@type":"Person","@id":"https:\/\/portail-animation.ufcv.fr\/ateliers-seniors\/#\/schema\/person\/e3920f121b148283c13890813088e2a0","name":"adelforge","image":{"@type":"ImageObject","inLanguage":"fr-FR","@id":"https:\/\/portail-animation.ufcv.fr\/ateliers-seniors\/#\/schema\/person\/image\/","url":"https:\/\/secure.gravatar.com\/avatar\/8207ca5dec2038871f4ea2e2a260a192?s=96&d=mm&r=g","contentUrl":"https:\/\/secure.gravatar.com\/avatar\/8207ca5dec2038871f4ea2e2a260a192?s=96&d=mm&r=g","caption":"adelforge"},"url":"https:\/\/portail-animation.ufcv.fr\/ateliers-seniors\/author\/adelforge\/"}]}},"_links":{"self":[{"href":"https:\/\/portail-animation.ufcv.fr\/ateliers-seniors\/wp-json\/wp\/v2\/posts\/5489","targetHints":{"allow":["GET"]}}],"collection":[{"href":"https:\/\/portail-animation.ufcv.fr\/ateliers-seniors\/wp-json\/wp\/v2\/posts"}],"about":[{"href":"https:\/\/portail-animation.ufcv.fr\/ateliers-seniors\/wp-json\/wp\/v2\/types\/post"}],"author":[{"embeddable":true,"href":"https:\/\/portail-animation.ufcv.fr\/ateliers-seniors\/wp-json\/wp\/v2\/users\/150"}],"replies":[{"embeddable":true,"href":"https:\/\/portail-animation.ufcv.fr\/ateliers-seniors\/wp-json\/wp\/v2\/comments?post=5489"}],"version-history":[{"count":1,"href":"https:\/\/portail-animation.ufcv.fr\/ateliers-seniors\/wp-json\/wp\/v2\/posts\/5489\/revisions"}],"predecessor-version":[{"id":5490,"href":"https:\/\/portail-animation.ufcv.fr\/ateliers-seniors\/wp-json\/wp\/v2\/posts\/5489\/revisions\/5490"}],"wp:attachment":[{"href":"https:\/\/portail-animation.ufcv.fr\/ateliers-seniors\/wp-json\/wp\/v2\/media?parent=5489"}],"wp:term":[{"taxonomy":"category","embeddable":true,"href":"https:\/\/portail-animation.ufcv.fr\/ateliers-seniors\/wp-json\/wp\/v2\/categories?post=5489"},{"taxonomy":"post_tag","embeddable":true,"href":"https:\/\/portail-animation.ufcv.fr\/ateliers-seniors\/wp-json\/wp\/v2\/tags?post=5489"}],"curies":[{"name":"wp","href":"https:\/\/api.w.org\/{rel}","templated":true}]}}