 {"id":565,"date":"2025-08-18T12:00:39","date_gmt":"2025-08-18T10:00:39","guid":{"rendered":"https:\/\/portail-animation.ufcv.fr\/ateliers-seniors\/?p=565"},"modified":"2026-08-18T11:59:38","modified_gmt":"2026-08-18T09:59:38","slug":"la-revolution-des-outils-numeriques-pour-la-gestion-agricole","status":"publish","type":"post","link":"https:\/\/portail-animation.ufcv.fr\/ateliers-seniors\/2025\/08\/18\/la-revolution-des-outils-numeriques-pour-la-gestion-agricole\/","title":{"rendered":"La R\u00e9volution des Outils Num\u00e9riques pour la Gestion Agricole"},"content":{"rendered":"<div class=\"section\">\n<h2>Introduction : L\u2019\u00c9volution Technologique dans l\u2019Agriculture<\/h2>\n<p>\n    La modernisation du secteur agricole ne se limite plus \u00e0 l\u2019introduction de nouveaux semences ou \u00e0 l\u2019am\u00e9lioration des pratiques culturales traditionnelles. Aujourd\u2019hui, la digitalisation joue un r\u00f4le central, transformant la gestion des exploitations agricoles en un syst\u00e8me int\u00e9gr\u00e9, pr\u00e9cis et hautement efficace. Dans cette optique, la d\u00e9couverte et l\u2019adoption d\u2019outils num\u00e9riques innovants deviennent essentielles pour r\u00e9pondre aux d\u00e9fis de productivit\u00e9, de durabilit\u00e9 et de rentabilit\u00e9, notamment face aux enjeux climatiques et \u00e9conomiques croissants.\n  <\/p>\n<\/div>\n<div class=\"section\">\n<h2>Les Technologies Cl\u00e9s de la Gestion Agricole Moderne<\/h2>\n<p>\n    Parmi les innovations disruptives, les plateformes de gestion agricole digitalis\u00e9es proposent d\u00e9sormais une abondance de fonctionnalit\u00e9s : surveillance par drone, capteurs IoT, big data, gestion des ressources en temps r\u00e9el, et bien plus encore. Ces technologies permettent aux agriculteurs d\u2019optimiser leurs intrants, r\u00e9duire leurs co\u00fbts et am\u00e9liorer leur rendement.\n  <\/p>\n<p>\n    Un exemple concret de cette tendance est illustr\u00e9 par des solutions qui centralisent la gestion de toutes les op\u00e9rations, de la semence \u00e0 la r\u00e9colte, tout en int\u00e9grant des pr\u00e9visions m\u00e9t\u00e9orologiques et des conseils personnalis\u00e9s bas\u00e9s sur des analyses de donn\u00e9es avanc\u00e9es.\n  <\/p>\n<\/div>\n<div class=\"section\">\n<h2>Cas d\u2019\u00c9tude : La Plateforme Innovante <span class=\"highlight\">Chicken Road<\/span><\/h2>\n<p>\n    Figures parmi ces outils, la plateforme accessible via <a href=\"https:\/\/chicken-road-2-demo.net\/\">https:\/\/chicken-road-2-demo.net\/<\/a> repr\u00e9sente une avanc\u00e9e remarquable dans le domaine de la gestion collaborative et int\u00e9gr\u00e9e des exploitations agricoles. Elle se distingue par sa capacit\u00e9 \u00e0 connecter en temps r\u00e9el les diff\u00e9rents acteurs de la fili\u00e8re, \u00e0 automatiser la collecte de donn\u00e9es et \u00e0 g\u00e9n\u00e9rer des insights exploitables.\n  <\/p>\n<blockquote><p>\n    \u00ab\u00a0L\u2019int\u00e9gration intelligente des donn\u00e9es agricoles permet aux agriculteurs d\u2019apporter une r\u00e9ponse imm\u00e9diate \u00e0 des enjeux complexes, tout en pr\u00e9parant l\u2019avenir avec une vision plus pr\u00e9cise de leur exploitation.\u00a0\u00bb\n  <\/p><\/blockquote>\n<p>\n    Selon nos analyses, cette plateforme offre un avantage concurrentiel en d\u00e9mocratisant l\u2019acc\u00e8s \u00e0 des outils puissants, tout en \u00e9tant user-friendly pour les exploitants de petites \u00e0 moyennes tailles. Sa fiabilit\u00e9 et sa cr\u00e9dibilit\u00e9 d\u00e9coulent d\u2019un d\u00e9veloppement bas\u00e9 sur l\u2019utilisation de technologies \u00e9prouv\u00e9es et d\u2019un accompagnement personnalis\u00e9.\n  <\/p>\n<\/div>\n<div class=\"section\">\n<h2>Facteurs Cl\u00e9s de R\u00e9ussite pour l\u2019Adoption de Solutions Digitales<\/h2>\n<p>\n    Pour que l\u2019int\u00e9gration technologique soit efficace, plusieurs \u00e9l\u00e9ments doivent \u00eatre consid\u00e9r\u00e9s :\n  <\/p>\n<ul>\n<li><strong>Formation :<\/strong> Les agriculteurs doivent ma\u00eetriser l\u2019utilisation des outils pour exploiter leur plein potentiel.<\/li>\n<li><strong>Accessibilit\u00e9 :<\/strong> La plateforme doit \u00eatre accessible sur diff\u00e9rents supports et avantages en termes de co\u00fbts.<\/li>\n<li><strong>Interconnexion :<\/strong> La compatibilit\u00e9 avec d\u2019autres syst\u00e8mes existants ou futurs est cruciale.<\/li>\n<\/ul>\n<p>\n    La cr\u00e9dibilit\u00e9 des sources, notamment lorsqu\u2019il s\u2019agit de plateformes comme https:\/\/www.chicken-road-2-demo.net\/, repose sur la transparence, la qualit\u00e9 des donn\u00e9es, et la capacit\u00e9 \u00e0 s\u2019int\u00e9grer harmonieusement dans un environnement num\u00e9rique complexe.\n  <\/p>\n<\/div>\n<div class=\"section\">\n<h2>Les Enjeux \u00c9thiques et Durables<\/h2>\n<p>\n    La transition num\u00e9rique soul\u00e8ve \u00e9galement des questions relatives \u00e0 la protection des donn\u00e9es, \u00e0 la souverainet\u00e9 num\u00e9rique des exploitations, et \u00e0 l\u2019environnement. La plateforme https:\/\/www.chicken-road-2-demo.net\/ s\u2019inscrit dans une d\u00e9marche \u00e9thique en privil\u00e9giant la transparence et la s\u00e9curit\u00e9 des informations.\n  <\/p>\n<p>\n    En int\u00e9grant ces outils, l\u2019agriculture de demain doit \u00e9galement envisager une approche durable, en r\u00e9duisant le recours aux ressources naturelles et en favorisant des pratiques agricoles r\u00e9g\u00e9n\u00e9ratrices.\n  <\/p>\n<\/div>\n<div class=\"section\">\n<h2>Perspectives et Confiance dans l\u2019Avenir Digital Agricole<\/h2>\n<p>\n    Au croisement de la technologie et de la tradition, les plateformes comme celle h\u00e9berg\u00e9e sur https:\/\/www.chicken-road-2-demo.net\/ illustrent la capacit\u00e9 de l\u2019agriculture moderne \u00e0 \u00e9voluer vers une gestion plus intelligente et durable. La cl\u00e9 du succ\u00e8s r\u00e9side dans l\u2019int\u00e9gration coh\u00e9rente de ces outils dans le quotidien des agriculteurs, tout en maintenant un haut niveau de cr\u00e9dibilit\u00e9 et de s\u00e9curit\u00e9.\n  <\/p>\n<p class=\"summary\">\n    L\u2019innovation num\u00e9rique en agriculture n\u2019est pas une vague passag\u00e8re, mais une transformation profonde, guid\u00e9e par des partenaires fiables et innovants. En adoptant ces solutions, les exploitations agricoles peuvent anticiper les d\u00e9fis futurs avec une pr\u00e9cision accrue, assurer leur comp\u00e9titivit\u00e9, et contribuer \u00e0 un mod\u00e8le agricole plus responsable.\n  <\/p>\n<\/div>\n","protected":false},"excerpt":{"rendered":"<p>Introduction : L\u2019\u00c9volution Technologique dans l\u2019Agriculture La modernisation du secteur agricole ne se limite plus \u00e0 l\u2019introduction de nouveaux semences ou \u00e0 l\u2019am\u00e9lioration des pratiques culturales traditionnelles. Aujourd\u2019hui, la digitalisation joue un r\u00f4le central, transformant la gestion des exploitations agricoles [&hellip;]<\/p>\n","protected":false},"author":150,"featured_media":0,"comment_status":"open","ping_status":"open","sticky":false,"template":"","format":"standard","meta":{"_acf_changed":false,"footnotes":""},"categories":[1],"tags":[],"class_list":["post-565","post","type-post","status-publish","format-standard","hentry","category-non-classe"],"acf":[],"yoast_head":"<!-- This site is optimized with the Yoast SEO plugin v23.9 - https:\/\/yoast.com\/wordpress\/plugins\/seo\/ -->\r\n<title>La R\u00e9volution des Outils Num\u00e9riques pour la Gestion Agricole - Ateliers seniors<\/title>\r\n<meta name=\"robots\" content=\"index, follow, max-snippet:-1, max-image-preview:large, max-video-preview:-1\" \/>\r\n<link rel=\"canonical\" href=\"https:\/\/portail-animation.ufcv.fr\/ateliers-seniors\/2025\/08\/18\/la-revolution-des-outils-numeriques-pour-la-gestion-agricole\/\" \/>\r\n<meta property=\"og:locale\" content=\"fr_FR\" \/>\r\n<meta property=\"og:type\" content=\"article\" \/>\r\n<meta property=\"og:title\" content=\"La R\u00e9volution des Outils Num\u00e9riques pour la Gestion Agricole - Ateliers seniors\" \/>\r\n<meta property=\"og:description\" content=\"Introduction : L\u2019\u00c9volution Technologique dans l\u2019Agriculture La modernisation du secteur agricole ne se limite plus \u00e0 l\u2019introduction de nouveaux semences ou \u00e0 l\u2019am\u00e9lioration des pratiques culturales traditionnelles. Aujourd\u2019hui, la digitalisation joue un r\u00f4le central, transformant la gestion des exploitations agricoles [&hellip;]\" \/>\r\n<meta property=\"og:url\" content=\"https:\/\/portail-animation.ufcv.fr\/ateliers-seniors\/2025\/08\/18\/la-revolution-des-outils-numeriques-pour-la-gestion-agricole\/\" \/>\r\n<meta property=\"og:site_name\" content=\"Ateliers seniors\" \/>\r\n<meta property=\"article:published_time\" content=\"2025-08-18T10:00:39+00:00\" \/>\r\n<meta property=\"article:modified_time\" content=\"2026-08-18T09:59:38+00:00\" \/>\r\n<meta name=\"author\" content=\"adelforge\" \/>\r\n<meta name=\"twitter:card\" content=\"summary_large_image\" \/>\r\n<meta name=\"twitter:label1\" content=\"\u00c9crit par\" \/>\n\t<meta name=\"twitter:data1\" content=\"adelforge\" \/>\n\t<meta name=\"twitter:label2\" content=\"Dur\u00e9e de lecture estim\u00e9e\" \/>\n\t<meta name=\"twitter:data2\" content=\"4 minutes\" \/>\r\n<script type=\"application\/ld+json\" class=\"yoast-schema-graph\">{\"@context\":\"https:\/\/schema.org\",\"@graph\":[{\"@type\":\"WebPage\",\"@id\":\"https:\/\/portail-animation.ufcv.fr\/ateliers-seniors\/2025\/08\/18\/la-revolution-des-outils-numeriques-pour-la-gestion-agricole\/\",\"url\":\"https:\/\/portail-animation.ufcv.fr\/ateliers-seniors\/2025\/08\/18\/la-revolution-des-outils-numeriques-pour-la-gestion-agricole\/\",\"name\":\"La R\u00e9volution des Outils Num\u00e9riques pour la Gestion Agricole - Ateliers seniors\",\"isPartOf\":{\"@id\":\"https:\/\/portail-animation.ufcv.fr\/ateliers-seniors\/#website\"},\"datePublished\":\"2025-08-18T10:00:39+00:00\",\"dateModified\":\"2026-08-18T09:59:38+00:00\",\"author\":{\"@id\":\"https:\/\/portail-animation.ufcv.fr\/ateliers-seniors\/#\/schema\/person\/e3920f121b148283c13890813088e2a0\"},\"breadcrumb\":{\"@id\":\"https:\/\/portail-animation.ufcv.fr\/ateliers-seniors\/2025\/08\/18\/la-revolution-des-outils-numeriques-pour-la-gestion-agricole\/#breadcrumb\"},\"inLanguage\":\"fr-FR\",\"potentialAction\":[{\"@type\":\"ReadAction\",\"target\":[\"https:\/\/portail-animation.ufcv.fr\/ateliers-seniors\/2025\/08\/18\/la-revolution-des-outils-numeriques-pour-la-gestion-agricole\/\"]}]},{\"@type\":\"BreadcrumbList\",\"@id\":\"https:\/\/portail-animation.ufcv.fr\/ateliers-seniors\/2025\/08\/18\/la-revolution-des-outils-numeriques-pour-la-gestion-agricole\/#breadcrumb\",\"itemListElement\":[{\"@type\":\"ListItem\",\"position\":1,\"name\":\"Accueil\",\"item\":\"https:\/\/portail-animation.ufcv.fr\/ateliers-seniors\/\"},{\"@type\":\"ListItem\",\"position\":2,\"name\":\"La R\u00e9volution des Outils Num\u00e9riques pour la Gestion Agricole\"}]},{\"@type\":\"WebSite\",\"@id\":\"https:\/\/portail-animation.ufcv.fr\/ateliers-seniors\/#website\",\"url\":\"https:\/\/portail-animation.ufcv.fr\/ateliers-seniors\/\",\"name\":\"Ateliers seniors\",\"description\":\"Un site utilisant R\u00e9seau Portail Animation\",\"potentialAction\":[{\"@type\":\"SearchAction\",\"target\":{\"@type\":\"EntryPoint\",\"urlTemplate\":\"https:\/\/portail-animation.ufcv.fr\/ateliers-seniors\/?s={search_term_string}\"},\"query-input\":{\"@type\":\"PropertyValueSpecification\",\"valueRequired\":true,\"valueName\":\"search_term_string\"}}],\"inLanguage\":\"fr-FR\"},{\"@type\":\"Person\",\"@id\":\"https:\/\/portail-animation.ufcv.fr\/ateliers-seniors\/#\/schema\/person\/e3920f121b148283c13890813088e2a0\",\"name\":\"adelforge\",\"image\":{\"@type\":\"ImageObject\",\"inLanguage\":\"fr-FR\",\"@id\":\"https:\/\/portail-animation.ufcv.fr\/ateliers-seniors\/#\/schema\/person\/image\/\",\"url\":\"https:\/\/secure.gravatar.com\/avatar\/8207ca5dec2038871f4ea2e2a260a192?s=96&d=mm&r=g\",\"contentUrl\":\"https:\/\/secure.gravatar.com\/avatar\/8207ca5dec2038871f4ea2e2a260a192?s=96&d=mm&r=g\",\"caption\":\"adelforge\"},\"url\":\"https:\/\/portail-animation.ufcv.fr\/ateliers-seniors\/author\/adelforge\/\"}]}<\/script>\r\n<!-- \/ Yoast SEO plugin. -->","yoast_head_json":{"title":"La R\u00e9volution des Outils Num\u00e9riques pour la Gestion Agricole - Ateliers seniors","robots":{"index":"index","follow":"follow","max-snippet":"max-snippet:-1","max-image-preview":"max-image-preview:large","max-video-preview":"max-video-preview:-1"},"canonical":"https:\/\/portail-animation.ufcv.fr\/ateliers-seniors\/2025\/08\/18\/la-revolution-des-outils-numeriques-pour-la-gestion-agricole\/","og_locale":"fr_FR","og_type":"article","og_title":"La R\u00e9volution des Outils Num\u00e9riques pour la Gestion Agricole - Ateliers seniors","og_description":"Introduction : L\u2019\u00c9volution Technologique dans l\u2019Agriculture La modernisation du secteur agricole ne se limite plus \u00e0 l\u2019introduction de nouveaux semences ou \u00e0 l\u2019am\u00e9lioration des pratiques culturales traditionnelles. Aujourd\u2019hui, la digitalisation joue un r\u00f4le central, transformant la gestion des exploitations agricoles [&hellip;]","og_url":"https:\/\/portail-animation.ufcv.fr\/ateliers-seniors\/2025\/08\/18\/la-revolution-des-outils-numeriques-pour-la-gestion-agricole\/","og_site_name":"Ateliers seniors","article_published_time":"2025-08-18T10:00:39+00:00","article_modified_time":"2026-08-18T09:59:38+00:00","author":"adelforge","twitter_card":"summary_large_image","twitter_misc":{"\u00c9crit par":"adelforge","Dur\u00e9e de lecture estim\u00e9e":"4 minutes"},"schema":{"@context":"https:\/\/schema.org","@graph":[{"@type":"WebPage","@id":"https:\/\/portail-animation.ufcv.fr\/ateliers-seniors\/2025\/08\/18\/la-revolution-des-outils-numeriques-pour-la-gestion-agricole\/","url":"https:\/\/portail-animation.ufcv.fr\/ateliers-seniors\/2025\/08\/18\/la-revolution-des-outils-numeriques-pour-la-gestion-agricole\/","name":"La R\u00e9volution des Outils Num\u00e9riques pour la Gestion Agricole - Ateliers seniors","isPartOf":{"@id":"https:\/\/portail-animation.ufcv.fr\/ateliers-seniors\/#website"},"datePublished":"2025-08-18T10:00:39+00:00","dateModified":"2026-08-18T09:59:38+00:00","author":{"@id":"https:\/\/portail-animation.ufcv.fr\/ateliers-seniors\/#\/schema\/person\/e3920f121b148283c13890813088e2a0"},"breadcrumb":{"@id":"https:\/\/portail-animation.ufcv.fr\/ateliers-seniors\/2025\/08\/18\/la-revolution-des-outils-numeriques-pour-la-gestion-agricole\/#breadcrumb"},"inLanguage":"fr-FR","potentialAction":[{"@type":"ReadAction","target":["https:\/\/portail-animation.ufcv.fr\/ateliers-seniors\/2025\/08\/18\/la-revolution-des-outils-numeriques-pour-la-gestion-agricole\/"]}]},{"@type":"BreadcrumbList","@id":"https:\/\/portail-animation.ufcv.fr\/ateliers-seniors\/2025\/08\/18\/la-revolution-des-outils-numeriques-pour-la-gestion-agricole\/#breadcrumb","itemListElement":[{"@type":"ListItem","position":1,"name":"Accueil","item":"https:\/\/portail-animation.ufcv.fr\/ateliers-seniors\/"},{"@type":"ListItem","position":2,"name":"La R\u00e9volution des Outils Num\u00e9riques pour la Gestion Agricole"}]},{"@type":"WebSite","@id":"https:\/\/portail-animation.ufcv.fr\/ateliers-seniors\/#website","url":"https:\/\/portail-animation.ufcv.fr\/ateliers-seniors\/","name":"Ateliers seniors","description":"Un site utilisant R\u00e9seau Portail Animation","potentialAction":[{"@type":"SearchAction","target":{"@type":"EntryPoint","urlTemplate":"https:\/\/portail-animation.ufcv.fr\/ateliers-seniors\/?s={search_term_string}"},"query-input":{"@type":"PropertyValueSpecification","valueRequired":true,"valueName":"search_term_string"}}],"inLanguage":"fr-FR"},{"@type":"Person","@id":"https:\/\/portail-animation.ufcv.fr\/ateliers-seniors\/#\/schema\/person\/e3920f121b148283c13890813088e2a0","name":"adelforge","image":{"@type":"ImageObject","inLanguage":"fr-FR","@id":"https:\/\/portail-animation.ufcv.fr\/ateliers-seniors\/#\/schema\/person\/image\/","url":"https:\/\/secure.gravatar.com\/avatar\/8207ca5dec2038871f4ea2e2a260a192?s=96&d=mm&r=g","contentUrl":"https:\/\/secure.gravatar.com\/avatar\/8207ca5dec2038871f4ea2e2a260a192?s=96&d=mm&r=g","caption":"adelforge"},"url":"https:\/\/portail-animation.ufcv.fr\/ateliers-seniors\/author\/adelforge\/"}]}},"_links":{"self":[{"href":"https:\/\/portail-animation.ufcv.fr\/ateliers-seniors\/wp-json\/wp\/v2\/posts\/565","targetHints":{"allow":["GET"]}}],"collection":[{"href":"https:\/\/portail-animation.ufcv.fr\/ateliers-seniors\/wp-json\/wp\/v2\/posts"}],"about":[{"href":"https:\/\/portail-animation.ufcv.fr\/ateliers-seniors\/wp-json\/wp\/v2\/types\/post"}],"author":[{"embeddable":true,"href":"https:\/\/portail-animation.ufcv.fr\/ateliers-seniors\/wp-json\/wp\/v2\/users\/150"}],"replies":[{"embeddable":true,"href":"https:\/\/portail-animation.ufcv.fr\/ateliers-seniors\/wp-json\/wp\/v2\/comments?post=565"}],"version-history":[{"count":1,"href":"https:\/\/portail-animation.ufcv.fr\/ateliers-seniors\/wp-json\/wp\/v2\/posts\/565\/revisions"}],"predecessor-version":[{"id":566,"href":"https:\/\/portail-animation.ufcv.fr\/ateliers-seniors\/wp-json\/wp\/v2\/posts\/565\/revisions\/566"}],"wp:attachment":[{"href":"https:\/\/portail-animation.ufcv.fr\/ateliers-seniors\/wp-json\/wp\/v2\/media?parent=565"}],"wp:term":[{"taxonomy":"category","embeddable":true,"href":"https:\/\/portail-animation.ufcv.fr\/ateliers-seniors\/wp-json\/wp\/v2\/categories?post=565"},{"taxonomy":"post_tag","embeddable":true,"href":"https:\/\/portail-animation.ufcv.fr\/ateliers-seniors\/wp-json\/wp\/v2\/tags?post=565"}],"curies":[{"name":"wp","href":"https:\/\/api.w.org\/{rel}","templated":true}]}}