 {"id":5685,"date":"2025-09-04T03:45:52","date_gmt":"2025-09-04T01:45:52","guid":{"rendered":"https:\/\/portail-animation.ufcv.fr\/ateliers-seniors\/?p=5685"},"modified":"2026-09-04T03:45:23","modified_gmt":"2026-09-04T01:45:23","slug":"magyarorszagi-nanotechnologiai-innovaciok-a-spinigma-szerepe-a-globalis-szinteren","status":"publish","type":"post","link":"https:\/\/portail-animation.ufcv.fr\/ateliers-seniors\/2025\/09\/04\/magyarorszagi-nanotechnologiai-innovaciok-a-spinigma-szerepe-a-globalis-szinteren\/","title":{"rendered":"Magyarorsz\u00e1gi Nanotechnol\u00f3giai Innov\u00e1ci\u00f3k: A Spinigma szerepe a glob\u00e1lis sz\u00ednt\u00e9ren"},"content":{"rendered":"<p>A nanotechnol\u00f3gia vil\u00e1gszerte forradalmas\u00edtja az ipar\u00e1gakat, kezdve az orvostudom\u00e1nyt\u00f3l az elektronikai eszk\u00f6z\u00f6k\u00f6n \u00e1t a k\u00f6rnyezetv\u00e9delemig. Magyarorsz\u00e1g azonban sokkal t\u00f6bbet \u00e9r el, mint az orsz\u00e1gos \u00e1tlag: az egyik leg\u00edg\u00e9retesebb szerepl\u0151 ebben a dinamikusan fejl\u0151d\u0151 tudom\u00e1ny\u00e1gban a <a href=\"https:\/\/www.spinigma-hu.com\/\">http:\/\/www.spinigma-hu.com<\/a>, amely a nanotechnol\u00f3giai fejleszt\u00e9sek frontvonal\u00e1n helyezkedik el. Ez az elemz\u00e9s nem csup\u00e1n a Spinigma eredm\u00e9nyeit mutatja be, hanem k\u00fcl\u00f6n\u00f6sen arra f\u00f3kusz\u00e1l, hogyan illeszkednek ezek a fejleszt\u00e9sek Magyarorsz\u00e1g \u00e1tfog\u00f3 innov\u00e1ci\u00f3s strat\u00e9gi\u00e1j\u00e1ba, \u00e9s milyen glob\u00e1lis tudom\u00e1nyos szerephez j\u00e1rulhatnak hozz\u00e1.<\/p>\n<h2>A magyar nanotechnol\u00f3gia: innov\u00e1ci\u00f3s \u00f6kosziszt\u00e9ma<\/h2>\n<p>Magyarorsz\u00e1g elk\u00f6telezett abban, hogy a nanotechnol\u00f3giai kutat\u00e1sokat \u00e9s azokat ipari alkalmaz\u00e1sokat \u00f6tv\u00f6zze. Kulcsfontoss\u00e1g\u00fa szerepl\u0151 a kutat\u00e1s-fejleszt\u00e9si \u00f6kosziszt\u00e9m\u00e1ban, ahol egyre t\u00f6bb egyetem, kutat\u00f3int\u00e9zet \u00e9s startup m\u0171k\u00f6dik egy\u00fctt.<\/p>\n<p>Az orsz\u00e1g nanotechnol\u00f3giai tud\u00e1sb\u00e1zis\u00e1nak egyik sarokk\u00f6ve a Budapesti M\u0171szaki \u00e9s Gazdas\u00e1gtudom\u00e1nyi Egyetem, ahol sz\u00e1mos kutat\u00e1si projekt folyik, k\u00fcl\u00f6n\u00f6sen az anyagtudom\u00e1ny \u00e9s a nanotechnol\u00f3giai \u00e9kszer\u0171 szerkezetek ter\u00e9n. A Spinigma ebben a k\u00f6rnyezetben jelent\u0151s szerepl\u0151v\u00e9 v\u00e1lt.<\/p>\n<h2>A Spinigma technol\u00f3giai adotts\u00e1gai \u00e9s glob\u00e1lis szerepv\u00e1llal\u00e1sa<\/h2>\n<p>A <a href=\"https:\/\/www.spinigma-hu.com\">http:\/\/www.spinigma-hu.com<\/a> bemutatja, hogy a c\u00e9g kiemelked\u0151 szak\u00e9rtelemmel rendelkezik a nanotechnol\u00f3giai kutat\u00e1sokban \u00e9s a rendszerfejleszt\u00e9sekben. Innovat\u00edv megold\u00e1sai k\u00f6z\u00e9 tartoznak a saj\u00e1t gy\u00e1rt\u00e1s\u00fa nanor\u00e9szecske-alap\u00fa szintetikus anyagok, melyeket k\u00fcl\u00f6n\u00f6sen az orvosi c\u00e9l\u00fa prec\u00edzi\u00f3s ter\u00e1pi\u00e1kban, a k\u00f6rnyezetv\u00e9delmi sz\u0171r\u0151technol\u00f3gi\u00e1kban, \u00e9s az elektronikai alkatr\u00e9szek gy\u00e1rt\u00e1s\u00e1ban alkalmaznak.<\/p>\n<blockquote><p>\u00ab\u00a0Az ipari nanotechnol\u00f3giai fejleszt\u00e9sek \u00e9s a kutat\u00f3i r\u00e1ford\u00edt\u00e1sok \u00e1rny\u00e9k\u00e1ban a Spinigma folyamatosan vezet\u0151 szerepet t\u00f6lt be mind Magyarorsz\u00e1gon, mind nemzetk\u00f6zi szinten, \u00f6sszekapcsolva a tudom\u00e1nyos alapkutat\u00e1sokat a gyakorlati alkalmaz\u00e1sokkal.\u00a0\u00bb \u2013 Forr\u00e1s: <em>\u00d6nmag\u00e1r\u00f3l besz\u00e1mol\u00f3<\/em><\/p><\/blockquote>\n<p>Az innov\u00e1ci\u00f3 siker\u00e9nek kulcsa a kooper\u00e1ci\u00f3ban \u00e9s a szoros egy\u00fcttm\u0171k\u00f6d\u00e9sben rejlik, amely r\u00e9v\u00e9n a Spinigma t\u00f6bb nemzetk\u00f6zi kutat\u00e1stechnol\u00f3giai platform r\u00e9szes\u00e9v\u00e9 v\u00e1lt. Ez megk\u00f6nny\u00edti a technol\u00f3giai transzfert \u00e9s a nemzetk\u00f6zi piaci terjeszked\u00e9st.<\/p>\n<h2>Mi\u00e9rt fontos a magyar nanotechnol\u00f3gia az eur\u00f3pai \u00e9s glob\u00e1lis versenyben?<\/h2>\n<table>\n<thead>\n<tr>\n<th>Jellemz\u0151<\/th>\n<th>Magyar nanotechnol\u00f3gia jelent\u0151s\u00e9ge<\/th>\n<th>Glob\u00e1lis hat\u00e1s<\/th>\n<\/tr>\n<\/thead>\n<tbody>\n<tr>\n<td class=\"highlight\">Innov\u00e1ci\u00f3s kapacit\u00e1s<\/td>\n<td>Robusztus kutat\u00e1si h\u00e1l\u00f3zat, t\u00f6bb szabadalom \u00e9s publik\u00e1ci\u00f3<\/td>\n<td>El\u0151ny az eur\u00f3pai innov\u00e1ci\u00f3s versenyben<\/td>\n<\/tr>\n<tr>\n<td>Technol\u00f3giai fejleszt\u00e9s<\/td>\n<td>Speci\u00e1lis nanomaterialok, p\u00e9ld\u00e1ul a Spinigma szintetikus anyagai<\/td>\n<td>Nemzetk\u00f6zi szint\u0171 alkalmazhat\u00f3s\u00e1g<\/td>\n<\/tr>\n<tr>\n<td>Gazdas\u00e1gi potenci\u00e1l<\/td>\n<td>N\u00f6vekv\u0151 startup \u00f6kosziszt\u00e9ma, t\u00e1mogatott kutat\u00e1s<\/td>\n<td>Magyarorsz\u00e1g poz\u00edcion\u00e1l\u00e1sa a glob\u00e1lis nanotechnol\u00f3giai t\u00e9rk\u00e9pen<\/td>\n<\/tr>\n<\/tbody>\n<\/table>\n<h2>A j\u00f6v\u0151kih\u00edv\u00e1sok \u00e9s a fenntarthat\u00f3 fejl\u0151d\u00e9s szerepe<\/h2>\n<p>Az egyik legnagyobb kih\u00edv\u00e1s a nanotechnol\u00f3gia t\u00e9rnyer\u00e9s\u00e9ben a j\u00f6v\u0151ben a fenntarthat\u00f3s\u00e1g k\u00e9rd\u00e9se. Ehhez elengedhetetlen a k\u00f6rnyezetbar\u00e1t gy\u00e1rt\u00e1si m\u00f3dszerek, az etikus alkalmaz\u00e1sok \u00e9s a biztons\u00e1gi norm\u00e1k szigor\u00edt\u00e1sa.<\/p>\n<p>A Spinigma p\u00e9ld\u00e1ja mutatja, hogy a technol\u00f3giai fejl\u0151d\u00e9s \u00e9s a t\u00e1rsadalmi felel\u0151ss\u00e9g nem kiz\u00e1r\u00f3lag \u00f6sszeegyeztethet\u0151k, hanem egym\u00e1st er\u0151s\u00edtve l\u00e9phetnek el\u0151re. Innovat\u00edv nanomaterialjai lehet\u0151v\u00e9 teszik p\u00e9ld\u00e1ul a k\u00f6rnyezeti sz\u0171r\u0151rendszerek hat\u00e9konyabb m\u0171k\u00f6d\u00e9s\u00e9t, hozz\u00e1j\u00e1rulva a glob\u00e1lis kl\u00edmav\u00e1ltoz\u00e1s m\u00e9rs\u00e9kl\u00e9s\u00e9hez.<\/p>\n<h2>Z\u00e1r\u00f3 gondolat<\/h2>\n<p>A magyar nanotechnol\u00f3giai szektor, k\u00fcl\u00f6n\u00f6sen olyan szerepl\u0151k r\u00e9v\u00e9n, mint a <a href=\"https:\/\/www.spinigma-hu.com\">http:\/\/www.spinigma-hu.com<\/a>, k\u00e9pes \u00e9rt\u00e9kes nemzetk\u00f6zi l\u00e1bnyomot hagyni a glob\u00e1lis innov\u00e1ci\u00f3s t\u00e9rk\u00e9pen. Ahhoz azonban, hogy ez a potenci\u00e1l val\u00f3ban realiz\u00e1l\u00f3djon, sz\u00fcks\u00e9ges a Folytat\u00f3d\u00f3 t\u00e1mogat\u00e1s a kutat\u00e1sban, a k\u00f6lts\u00e9ghat\u00e9kony alkalmaz\u00e1sok fejleszt\u00e9s\u00e9ben \u00e9s az integr\u00e1lt egy\u00fcttm\u0171k\u00f6d\u00e9si strat\u00e9gi\u00e1kban.<\/p>\n<p>Az orsz\u00e1g strat\u00e9giai t\u00f6rekv\u00e9sei a nanotechnol\u00f3gia ter\u00fclet\u00e9n nemcsak szakmai, hanem t\u00e1rsadalmi \u00e9s gazdas\u00e1gi szempontb\u00f3l is \u00e9rdemi \u00e1tt\u00f6r\u00e9st hozhatnak, biztos\u00edtva Magyarorsz\u00e1g poz\u00edci\u00f3j\u00e1t a j\u00f6v\u0151 technol\u00f3giai k\u00f6zpontjai k\u00f6z\u00f6tt.<\/p>\n","protected":false},"excerpt":{"rendered":"<p>A nanotechnol\u00f3gia vil\u00e1gszerte forradalmas\u00edtja az ipar\u00e1gakat, kezdve az orvostudom\u00e1nyt\u00f3l az elektronikai eszk\u00f6z\u00f6k\u00f6n \u00e1t a k\u00f6rnyezetv\u00e9delemig. Magyarorsz\u00e1g azonban sokkal t\u00f6bbet \u00e9r el, mint az orsz\u00e1gos \u00e1tlag: az egyik leg\u00edg\u00e9retesebb szerepl\u0151 ebben a dinamikusan fejl\u0151d\u0151 tudom\u00e1ny\u00e1gban a http:\/\/www.spinigma-hu.com, amely a nanotechnol\u00f3giai fejleszt\u00e9sek [&hellip;]<\/p>\n","protected":false},"author":150,"featured_media":0,"comment_status":"open","ping_status":"open","sticky":false,"template":"","format":"standard","meta":{"_acf_changed":false,"footnotes":""},"categories":[1],"tags":[],"class_list":["post-5685","post","type-post","status-publish","format-standard","hentry","category-non-classe"],"acf":[],"yoast_head":"<!-- This site is optimized with the Yoast SEO plugin v23.9 - https:\/\/yoast.com\/wordpress\/plugins\/seo\/ -->\r\n<title>Magyarorsz\u00e1gi Nanotechnol\u00f3giai Innov\u00e1ci\u00f3k: A Spinigma szerepe a glob\u00e1lis sz\u00ednt\u00e9ren - Ateliers seniors<\/title>\r\n<meta name=\"robots\" content=\"index, follow, max-snippet:-1, max-image-preview:large, max-video-preview:-1\" \/>\r\n<link rel=\"canonical\" href=\"https:\/\/portail-animation.ufcv.fr\/ateliers-seniors\/2025\/09\/04\/magyarorszagi-nanotechnologiai-innovaciok-a-spinigma-szerepe-a-globalis-szinteren\/\" \/>\r\n<meta property=\"og:locale\" content=\"fr_FR\" \/>\r\n<meta property=\"og:type\" content=\"article\" \/>\r\n<meta property=\"og:title\" content=\"Magyarorsz\u00e1gi Nanotechnol\u00f3giai Innov\u00e1ci\u00f3k: A Spinigma szerepe a glob\u00e1lis sz\u00ednt\u00e9ren - Ateliers seniors\" \/>\r\n<meta property=\"og:description\" content=\"A nanotechnol\u00f3gia vil\u00e1gszerte forradalmas\u00edtja az ipar\u00e1gakat, kezdve az orvostudom\u00e1nyt\u00f3l az elektronikai eszk\u00f6z\u00f6k\u00f6n \u00e1t a k\u00f6rnyezetv\u00e9delemig. Magyarorsz\u00e1g azonban sokkal t\u00f6bbet \u00e9r el, mint az orsz\u00e1gos \u00e1tlag: az egyik leg\u00edg\u00e9retesebb szerepl\u0151 ebben a dinamikusan fejl\u0151d\u0151 tudom\u00e1ny\u00e1gban a http:\/\/www.spinigma-hu.com, amely a nanotechnol\u00f3giai fejleszt\u00e9sek [&hellip;]\" \/>\r\n<meta property=\"og:url\" content=\"https:\/\/portail-animation.ufcv.fr\/ateliers-seniors\/2025\/09\/04\/magyarorszagi-nanotechnologiai-innovaciok-a-spinigma-szerepe-a-globalis-szinteren\/\" \/>\r\n<meta property=\"og:site_name\" content=\"Ateliers seniors\" \/>\r\n<meta property=\"article:published_time\" content=\"2025-09-04T01:45:52+00:00\" \/>\r\n<meta property=\"article:modified_time\" content=\"2026-09-04T01:45:23+00:00\" \/>\r\n<meta name=\"author\" content=\"adelforge\" \/>\r\n<meta name=\"twitter:card\" content=\"summary_large_image\" \/>\r\n<meta name=\"twitter:label1\" content=\"\u00c9crit par\" \/>\n\t<meta name=\"twitter:data1\" content=\"adelforge\" \/>\n\t<meta name=\"twitter:label2\" content=\"Dur\u00e9e de lecture estim\u00e9e\" \/>\n\t<meta name=\"twitter:data2\" content=\"4 minutes\" \/>\r\n<script type=\"application\/ld+json\" class=\"yoast-schema-graph\">{\"@context\":\"https:\/\/schema.org\",\"@graph\":[{\"@type\":\"WebPage\",\"@id\":\"https:\/\/portail-animation.ufcv.fr\/ateliers-seniors\/2025\/09\/04\/magyarorszagi-nanotechnologiai-innovaciok-a-spinigma-szerepe-a-globalis-szinteren\/\",\"url\":\"https:\/\/portail-animation.ufcv.fr\/ateliers-seniors\/2025\/09\/04\/magyarorszagi-nanotechnologiai-innovaciok-a-spinigma-szerepe-a-globalis-szinteren\/\",\"name\":\"Magyarorsz\u00e1gi Nanotechnol\u00f3giai Innov\u00e1ci\u00f3k: A Spinigma szerepe a glob\u00e1lis sz\u00ednt\u00e9ren - Ateliers seniors\",\"isPartOf\":{\"@id\":\"https:\/\/portail-animation.ufcv.fr\/ateliers-seniors\/#website\"},\"datePublished\":\"2025-09-04T01:45:52+00:00\",\"dateModified\":\"2026-09-04T01:45:23+00:00\",\"author\":{\"@id\":\"https:\/\/portail-animation.ufcv.fr\/ateliers-seniors\/#\/schema\/person\/e3920f121b148283c13890813088e2a0\"},\"breadcrumb\":{\"@id\":\"https:\/\/portail-animation.ufcv.fr\/ateliers-seniors\/2025\/09\/04\/magyarorszagi-nanotechnologiai-innovaciok-a-spinigma-szerepe-a-globalis-szinteren\/#breadcrumb\"},\"inLanguage\":\"fr-FR\",\"potentialAction\":[{\"@type\":\"ReadAction\",\"target\":[\"https:\/\/portail-animation.ufcv.fr\/ateliers-seniors\/2025\/09\/04\/magyarorszagi-nanotechnologiai-innovaciok-a-spinigma-szerepe-a-globalis-szinteren\/\"]}]},{\"@type\":\"BreadcrumbList\",\"@id\":\"https:\/\/portail-animation.ufcv.fr\/ateliers-seniors\/2025\/09\/04\/magyarorszagi-nanotechnologiai-innovaciok-a-spinigma-szerepe-a-globalis-szinteren\/#breadcrumb\",\"itemListElement\":[{\"@type\":\"ListItem\",\"position\":1,\"name\":\"Accueil\",\"item\":\"https:\/\/portail-animation.ufcv.fr\/ateliers-seniors\/\"},{\"@type\":\"ListItem\",\"position\":2,\"name\":\"Magyarorsz\u00e1gi Nanotechnol\u00f3giai Innov\u00e1ci\u00f3k: A Spinigma szerepe a glob\u00e1lis sz\u00ednt\u00e9ren\"}]},{\"@type\":\"WebSite\",\"@id\":\"https:\/\/portail-animation.ufcv.fr\/ateliers-seniors\/#website\",\"url\":\"https:\/\/portail-animation.ufcv.fr\/ateliers-seniors\/\",\"name\":\"Ateliers seniors\",\"description\":\"Un site utilisant R\u00e9seau Portail Animation\",\"potentialAction\":[{\"@type\":\"SearchAction\",\"target\":{\"@type\":\"EntryPoint\",\"urlTemplate\":\"https:\/\/portail-animation.ufcv.fr\/ateliers-seniors\/?s={search_term_string}\"},\"query-input\":{\"@type\":\"PropertyValueSpecification\",\"valueRequired\":true,\"valueName\":\"search_term_string\"}}],\"inLanguage\":\"fr-FR\"},{\"@type\":\"Person\",\"@id\":\"https:\/\/portail-animation.ufcv.fr\/ateliers-seniors\/#\/schema\/person\/e3920f121b148283c13890813088e2a0\",\"name\":\"adelforge\",\"image\":{\"@type\":\"ImageObject\",\"inLanguage\":\"fr-FR\",\"@id\":\"https:\/\/portail-animation.ufcv.fr\/ateliers-seniors\/#\/schema\/person\/image\/\",\"url\":\"https:\/\/secure.gravatar.com\/avatar\/8207ca5dec2038871f4ea2e2a260a192?s=96&d=mm&r=g\",\"contentUrl\":\"https:\/\/secure.gravatar.com\/avatar\/8207ca5dec2038871f4ea2e2a260a192?s=96&d=mm&r=g\",\"caption\":\"adelforge\"},\"url\":\"https:\/\/portail-animation.ufcv.fr\/ateliers-seniors\/author\/adelforge\/\"}]}<\/script>\r\n<!-- \/ Yoast SEO plugin. -->","yoast_head_json":{"title":"Magyarorsz\u00e1gi Nanotechnol\u00f3giai Innov\u00e1ci\u00f3k: A Spinigma szerepe a glob\u00e1lis sz\u00ednt\u00e9ren - Ateliers seniors","robots":{"index":"index","follow":"follow","max-snippet":"max-snippet:-1","max-image-preview":"max-image-preview:large","max-video-preview":"max-video-preview:-1"},"canonical":"https:\/\/portail-animation.ufcv.fr\/ateliers-seniors\/2025\/09\/04\/magyarorszagi-nanotechnologiai-innovaciok-a-spinigma-szerepe-a-globalis-szinteren\/","og_locale":"fr_FR","og_type":"article","og_title":"Magyarorsz\u00e1gi Nanotechnol\u00f3giai Innov\u00e1ci\u00f3k: A Spinigma szerepe a glob\u00e1lis sz\u00ednt\u00e9ren - Ateliers seniors","og_description":"A nanotechnol\u00f3gia vil\u00e1gszerte forradalmas\u00edtja az ipar\u00e1gakat, kezdve az orvostudom\u00e1nyt\u00f3l az elektronikai eszk\u00f6z\u00f6k\u00f6n \u00e1t a k\u00f6rnyezetv\u00e9delemig. Magyarorsz\u00e1g azonban sokkal t\u00f6bbet \u00e9r el, mint az orsz\u00e1gos \u00e1tlag: az egyik leg\u00edg\u00e9retesebb szerepl\u0151 ebben a dinamikusan fejl\u0151d\u0151 tudom\u00e1ny\u00e1gban a http:\/\/www.spinigma-hu.com, amely a nanotechnol\u00f3giai fejleszt\u00e9sek [&hellip;]","og_url":"https:\/\/portail-animation.ufcv.fr\/ateliers-seniors\/2025\/09\/04\/magyarorszagi-nanotechnologiai-innovaciok-a-spinigma-szerepe-a-globalis-szinteren\/","og_site_name":"Ateliers seniors","article_published_time":"2025-09-04T01:45:52+00:00","article_modified_time":"2026-09-04T01:45:23+00:00","author":"adelforge","twitter_card":"summary_large_image","twitter_misc":{"\u00c9crit par":"adelforge","Dur\u00e9e de lecture estim\u00e9e":"4 minutes"},"schema":{"@context":"https:\/\/schema.org","@graph":[{"@type":"WebPage","@id":"https:\/\/portail-animation.ufcv.fr\/ateliers-seniors\/2025\/09\/04\/magyarorszagi-nanotechnologiai-innovaciok-a-spinigma-szerepe-a-globalis-szinteren\/","url":"https:\/\/portail-animation.ufcv.fr\/ateliers-seniors\/2025\/09\/04\/magyarorszagi-nanotechnologiai-innovaciok-a-spinigma-szerepe-a-globalis-szinteren\/","name":"Magyarorsz\u00e1gi Nanotechnol\u00f3giai Innov\u00e1ci\u00f3k: A Spinigma szerepe a glob\u00e1lis sz\u00ednt\u00e9ren - Ateliers seniors","isPartOf":{"@id":"https:\/\/portail-animation.ufcv.fr\/ateliers-seniors\/#website"},"datePublished":"2025-09-04T01:45:52+00:00","dateModified":"2026-09-04T01:45:23+00:00","author":{"@id":"https:\/\/portail-animation.ufcv.fr\/ateliers-seniors\/#\/schema\/person\/e3920f121b148283c13890813088e2a0"},"breadcrumb":{"@id":"https:\/\/portail-animation.ufcv.fr\/ateliers-seniors\/2025\/09\/04\/magyarorszagi-nanotechnologiai-innovaciok-a-spinigma-szerepe-a-globalis-szinteren\/#breadcrumb"},"inLanguage":"fr-FR","potentialAction":[{"@type":"ReadAction","target":["https:\/\/portail-animation.ufcv.fr\/ateliers-seniors\/2025\/09\/04\/magyarorszagi-nanotechnologiai-innovaciok-a-spinigma-szerepe-a-globalis-szinteren\/"]}]},{"@type":"BreadcrumbList","@id":"https:\/\/portail-animation.ufcv.fr\/ateliers-seniors\/2025\/09\/04\/magyarorszagi-nanotechnologiai-innovaciok-a-spinigma-szerepe-a-globalis-szinteren\/#breadcrumb","itemListElement":[{"@type":"ListItem","position":1,"name":"Accueil","item":"https:\/\/portail-animation.ufcv.fr\/ateliers-seniors\/"},{"@type":"ListItem","position":2,"name":"Magyarorsz\u00e1gi Nanotechnol\u00f3giai Innov\u00e1ci\u00f3k: A Spinigma szerepe a glob\u00e1lis sz\u00ednt\u00e9ren"}]},{"@type":"WebSite","@id":"https:\/\/portail-animation.ufcv.fr\/ateliers-seniors\/#website","url":"https:\/\/portail-animation.ufcv.fr\/ateliers-seniors\/","name":"Ateliers seniors","description":"Un site utilisant R\u00e9seau Portail Animation","potentialAction":[{"@type":"SearchAction","target":{"@type":"EntryPoint","urlTemplate":"https:\/\/portail-animation.ufcv.fr\/ateliers-seniors\/?s={search_term_string}"},"query-input":{"@type":"PropertyValueSpecification","valueRequired":true,"valueName":"search_term_string"}}],"inLanguage":"fr-FR"},{"@type":"Person","@id":"https:\/\/portail-animation.ufcv.fr\/ateliers-seniors\/#\/schema\/person\/e3920f121b148283c13890813088e2a0","name":"adelforge","image":{"@type":"ImageObject","inLanguage":"fr-FR","@id":"https:\/\/portail-animation.ufcv.fr\/ateliers-seniors\/#\/schema\/person\/image\/","url":"https:\/\/secure.gravatar.com\/avatar\/8207ca5dec2038871f4ea2e2a260a192?s=96&d=mm&r=g","contentUrl":"https:\/\/secure.gravatar.com\/avatar\/8207ca5dec2038871f4ea2e2a260a192?s=96&d=mm&r=g","caption":"adelforge"},"url":"https:\/\/portail-animation.ufcv.fr\/ateliers-seniors\/author\/adelforge\/"}]}},"_links":{"self":[{"href":"https:\/\/portail-animation.ufcv.fr\/ateliers-seniors\/wp-json\/wp\/v2\/posts\/5685","targetHints":{"allow":["GET"]}}],"collection":[{"href":"https:\/\/portail-animation.ufcv.fr\/ateliers-seniors\/wp-json\/wp\/v2\/posts"}],"about":[{"href":"https:\/\/portail-animation.ufcv.fr\/ateliers-seniors\/wp-json\/wp\/v2\/types\/post"}],"author":[{"embeddable":true,"href":"https:\/\/portail-animation.ufcv.fr\/ateliers-seniors\/wp-json\/wp\/v2\/users\/150"}],"replies":[{"embeddable":true,"href":"https:\/\/portail-animation.ufcv.fr\/ateliers-seniors\/wp-json\/wp\/v2\/comments?post=5685"}],"version-history":[{"count":1,"href":"https:\/\/portail-animation.ufcv.fr\/ateliers-seniors\/wp-json\/wp\/v2\/posts\/5685\/revisions"}],"predecessor-version":[{"id":5686,"href":"https:\/\/portail-animation.ufcv.fr\/ateliers-seniors\/wp-json\/wp\/v2\/posts\/5685\/revisions\/5686"}],"wp:attachment":[{"href":"https:\/\/portail-animation.ufcv.fr\/ateliers-seniors\/wp-json\/wp\/v2\/media?parent=5685"}],"wp:term":[{"taxonomy":"category","embeddable":true,"href":"https:\/\/portail-animation.ufcv.fr\/ateliers-seniors\/wp-json\/wp\/v2\/categories?post=5685"},{"taxonomy":"post_tag","embeddable":true,"href":"https:\/\/portail-animation.ufcv.fr\/ateliers-seniors\/wp-json\/wp\/v2\/tags?post=5685"}],"curies":[{"name":"wp","href":"https:\/\/api.w.org\/{rel}","templated":true}]}}