 {"id":5777,"date":"2025-09-04T04:39:05","date_gmt":"2025-09-04T02:39:05","guid":{"rendered":"https:\/\/portail-animation.ufcv.fr\/ateliers-seniors\/?p=5777"},"modified":"2026-09-04T04:38:37","modified_gmt":"2026-09-04T02:38:37","slug":"innovacion-en-gestion-empresarial-y-calidad-de-vida-el-modelo-de-sky-hills","status":"publish","type":"post","link":"https:\/\/portail-animation.ufcv.fr\/ateliers-seniors\/2025\/09\/04\/innovacion-en-gestion-empresarial-y-calidad-de-vida-el-modelo-de-sky-hills\/","title":{"rendered":"Innovaci\u00f3n en Gesti\u00f3n Empresarial y Calidad de Vida: El Modelo de Sky Hills"},"content":{"rendered":"<div style=\"padding: 20px;max-width: 1000px;margin: 0 auto;background-color: #fff\">\n<h2>Introducci\u00f3n: La Nueva Perspectiva en Desarrollo Residencial y Empresarial<\/h2>\n<p>En un mercado inmobiliario en constante transformaci\u00f3n, las tendencias hacia la sostenibilidad, la innovaci\u00f3n y la calidad de vida han redefinido las prioridades tanto de inversores como de residentes. La integraci\u00f3n de espacios residenciales y servicios empresariales en entornos que potencian la experiencia del usuario se ha convertido en un indicador de \u00e9xito para desarrollos modernos. Entre ellos, plataformas especializadas en proyectos personalizados y de alta calidad, como <a href=\"https:\/\/www.sky-hills-es.com\/\">sky-hills-es.com\/<\/a>, destacan por su enfoque en ofrecer soluciones integrales adaptadas a las necesidades contempor\u00e1neas.<\/p>\n<h2>El papel de Sky Hills en la revoluci\u00f3n inmobiliaria<\/h2>\n<p>Desde su fundaci\u00f3n, <a href=\"https:\/\/sky-hills-es.com\/\">sky-hills-es.com\/<\/a> ha establecido un referente en la creaci\u00f3n de espacios que combinan dise\u00f1o innovador, sostenibilidad y eficiencia. La propuesta de esta plataforma ha sido pensar en el desarrollo residencial y comercial como un todo, promoviendo comunidades integradas y entornos que fomentan la productividad y el bienestar.<\/p>\n<h2>Key Elements of the Sky Hills Model<\/h2>\n<table>\n<thead>\n<tr>\n<th>Aspecto<\/th>\n<th>Descripci\u00f3n<\/th>\n<\/tr>\n<\/thead>\n<tbody>\n<tr>\n<td>Dise\u00f1o Sostenible<\/td>\n<td>Utilizaci\u00f3n de tecnolog\u00edas verdes, energ\u00edas renovables y materiales eco-amigables para reducir la huella ambiental.<\/td>\n<\/tr>\n<tr>\n<td>Integraci\u00f3n Community &amp; Business<\/td>\n<td>Espacios que favorecen la interacci\u00f3n social y comercial, promoviendo sinergias entre residentes y emprendedores.<\/td>\n<\/tr>\n<tr>\n<td>Infraestructura de Calidad<\/td>\n<td>Infraestructuras modernas, conectividad avanzada y servicios premium que elevan los est\u00e1ndares de confort y eficiencia.<\/td>\n<\/tr>\n<tr>\n<td>Enfoque en Bienestar<\/td>\n<td>\u00c1reas verdes, espacios recreativos y servicios de salud que potencian la calidad de vida de los habitantes.<\/td>\n<\/tr>\n<\/tbody>\n<\/table>\n<h2>Impacto del Modelo Sky Hills en el Mercado<\/h2>\n<p>Los desarrollos que adoptan esta visi\u00f3n integral est\u00e1n transformando el panorama inmobiliario. Seg\u00fan datos del sector, las propiedades que integran conceptos sostenibles y comunitarios aumentan su valor en un 15-20% en un plazo de cinco a\u00f1os, adem\u00e1s de reportar una mayor satisfacci\u00f3n por parte de los residentes.<\/p>\n<blockquote><p>\n  \u00ab\u00a0El \u00e9xito de Sky Hills radica en su capacidad para combinar innovaci\u00f3n con sostenibilidad, creando comunidades donde la esencia residencial se fusiona con oportunidades para negocios y crecimiento personal.\u00a0\u00bb \u2014 <em>Expertos en desarrollo inmobiliario.<\/em>\n<\/p><\/blockquote>\n<h2>Perspectiva futura: Apuesta por la innovaci\u00f3n y sostenibilidad<\/h2>\n<p>El compromiso con la innovaci\u00f3n contin\u00faa siendo clave para la evoluci\u00f3n del mercado inmobiliario, especialmente frente a los desaf\u00edos medioambientales y sociales. Seg\u00fan recientes estudios, la tendencia apunta a que los desarrollos que integren tecnolog\u00eda inteligente, gesti\u00f3n eficiente de recursos y un enfoque centrado en el bienestar ser\u00e1n los protagonistas del futuro cercano.<\/p>\n<h2>Conclusi\u00f3n: La relevancia de referencias confiables<\/h2>\n<p>Para quienes desean profundizar en el concepto de desarrollo residencial y empresarial sostenible, <a href=\"https:\/\/sky-hills-es.com\/\">sky-hills-es.com\/<\/a> se presenta como una fuente de informaci\u00f3n y ejemplo de buenas pr\u00e1cticas en el sector. Su modelo ejemplifica c\u00f3mo la innovaci\u00f3n, la sostenibilidad y la comunidad pueden converger en proyectos que trascienden la simple construcci\u00f3n, generando un impacto positivo en la vida de sus habitantes y en el entorno urbano.<\/p>\n<p>En definitiva, la apuesta por plataformas que consolidan esta visi\u00f3n no solo redefine el mercado, sino que tambi\u00e9n sienta las bases para un desarrollo m\u00e1s responsable y centrado en la calidad de la experiencia humana en los espacios que habitamos y trabajamos.<\/p>\n<\/div>\n","protected":false},"excerpt":{"rendered":"<p>Introducci\u00f3n: La Nueva Perspectiva en Desarrollo Residencial y Empresarial En un mercado inmobiliario en constante transformaci\u00f3n, las tendencias hacia la sostenibilidad, la innovaci\u00f3n y la calidad de vida han redefinido las prioridades tanto de inversores como de residentes. La integraci\u00f3n [&hellip;]<\/p>\n","protected":false},"author":150,"featured_media":0,"comment_status":"open","ping_status":"open","sticky":false,"template":"","format":"standard","meta":{"_acf_changed":false,"footnotes":""},"categories":[1],"tags":[],"class_list":["post-5777","post","type-post","status-publish","format-standard","hentry","category-non-classe"],"acf":[],"yoast_head":"<!-- This site is optimized with the Yoast SEO plugin v23.9 - https:\/\/yoast.com\/wordpress\/plugins\/seo\/ -->\r\n<title>Innovaci\u00f3n en Gesti\u00f3n Empresarial y Calidad de Vida: El Modelo de Sky Hills - Ateliers seniors<\/title>\r\n<meta name=\"robots\" content=\"index, follow, max-snippet:-1, max-image-preview:large, max-video-preview:-1\" \/>\r\n<link rel=\"canonical\" href=\"https:\/\/portail-animation.ufcv.fr\/ateliers-seniors\/2025\/09\/04\/innovacion-en-gestion-empresarial-y-calidad-de-vida-el-modelo-de-sky-hills\/\" \/>\r\n<meta property=\"og:locale\" content=\"fr_FR\" \/>\r\n<meta property=\"og:type\" content=\"article\" \/>\r\n<meta property=\"og:title\" content=\"Innovaci\u00f3n en Gesti\u00f3n Empresarial y Calidad de Vida: El Modelo de Sky Hills - Ateliers seniors\" \/>\r\n<meta property=\"og:description\" content=\"Introducci\u00f3n: La Nueva Perspectiva en Desarrollo Residencial y Empresarial En un mercado inmobiliario en constante transformaci\u00f3n, las tendencias hacia la sostenibilidad, la innovaci\u00f3n y la calidad de vida han redefinido las prioridades tanto de inversores como de residentes. La integraci\u00f3n [&hellip;]\" \/>\r\n<meta property=\"og:url\" content=\"https:\/\/portail-animation.ufcv.fr\/ateliers-seniors\/2025\/09\/04\/innovacion-en-gestion-empresarial-y-calidad-de-vida-el-modelo-de-sky-hills\/\" \/>\r\n<meta property=\"og:site_name\" content=\"Ateliers seniors\" \/>\r\n<meta property=\"article:published_time\" content=\"2025-09-04T02:39:05+00:00\" \/>\r\n<meta property=\"article:modified_time\" content=\"2026-09-04T02:38:37+00:00\" \/>\r\n<meta name=\"author\" content=\"adelforge\" \/>\r\n<meta name=\"twitter:card\" content=\"summary_large_image\" \/>\r\n<meta name=\"twitter:label1\" content=\"\u00c9crit par\" \/>\n\t<meta name=\"twitter:data1\" content=\"adelforge\" \/>\n\t<meta name=\"twitter:label2\" content=\"Dur\u00e9e de lecture estim\u00e9e\" \/>\n\t<meta name=\"twitter:data2\" content=\"3 minutes\" \/>\r\n<script type=\"application\/ld+json\" class=\"yoast-schema-graph\">{\"@context\":\"https:\/\/schema.org\",\"@graph\":[{\"@type\":\"WebPage\",\"@id\":\"https:\/\/portail-animation.ufcv.fr\/ateliers-seniors\/2025\/09\/04\/innovacion-en-gestion-empresarial-y-calidad-de-vida-el-modelo-de-sky-hills\/\",\"url\":\"https:\/\/portail-animation.ufcv.fr\/ateliers-seniors\/2025\/09\/04\/innovacion-en-gestion-empresarial-y-calidad-de-vida-el-modelo-de-sky-hills\/\",\"name\":\"Innovaci\u00f3n en Gesti\u00f3n Empresarial y Calidad de Vida: El Modelo de Sky Hills - Ateliers seniors\",\"isPartOf\":{\"@id\":\"https:\/\/portail-animation.ufcv.fr\/ateliers-seniors\/#website\"},\"datePublished\":\"2025-09-04T02:39:05+00:00\",\"dateModified\":\"2026-09-04T02:38:37+00:00\",\"author\":{\"@id\":\"https:\/\/portail-animation.ufcv.fr\/ateliers-seniors\/#\/schema\/person\/e3920f121b148283c13890813088e2a0\"},\"breadcrumb\":{\"@id\":\"https:\/\/portail-animation.ufcv.fr\/ateliers-seniors\/2025\/09\/04\/innovacion-en-gestion-empresarial-y-calidad-de-vida-el-modelo-de-sky-hills\/#breadcrumb\"},\"inLanguage\":\"fr-FR\",\"potentialAction\":[{\"@type\":\"ReadAction\",\"target\":[\"https:\/\/portail-animation.ufcv.fr\/ateliers-seniors\/2025\/09\/04\/innovacion-en-gestion-empresarial-y-calidad-de-vida-el-modelo-de-sky-hills\/\"]}]},{\"@type\":\"BreadcrumbList\",\"@id\":\"https:\/\/portail-animation.ufcv.fr\/ateliers-seniors\/2025\/09\/04\/innovacion-en-gestion-empresarial-y-calidad-de-vida-el-modelo-de-sky-hills\/#breadcrumb\",\"itemListElement\":[{\"@type\":\"ListItem\",\"position\":1,\"name\":\"Accueil\",\"item\":\"https:\/\/portail-animation.ufcv.fr\/ateliers-seniors\/\"},{\"@type\":\"ListItem\",\"position\":2,\"name\":\"Innovaci\u00f3n en Gesti\u00f3n Empresarial y Calidad de Vida: El Modelo de Sky Hills\"}]},{\"@type\":\"WebSite\",\"@id\":\"https:\/\/portail-animation.ufcv.fr\/ateliers-seniors\/#website\",\"url\":\"https:\/\/portail-animation.ufcv.fr\/ateliers-seniors\/\",\"name\":\"Ateliers seniors\",\"description\":\"Un site utilisant R\u00e9seau Portail Animation\",\"potentialAction\":[{\"@type\":\"SearchAction\",\"target\":{\"@type\":\"EntryPoint\",\"urlTemplate\":\"https:\/\/portail-animation.ufcv.fr\/ateliers-seniors\/?s={search_term_string}\"},\"query-input\":{\"@type\":\"PropertyValueSpecification\",\"valueRequired\":true,\"valueName\":\"search_term_string\"}}],\"inLanguage\":\"fr-FR\"},{\"@type\":\"Person\",\"@id\":\"https:\/\/portail-animation.ufcv.fr\/ateliers-seniors\/#\/schema\/person\/e3920f121b148283c13890813088e2a0\",\"name\":\"adelforge\",\"image\":{\"@type\":\"ImageObject\",\"inLanguage\":\"fr-FR\",\"@id\":\"https:\/\/portail-animation.ufcv.fr\/ateliers-seniors\/#\/schema\/person\/image\/\",\"url\":\"https:\/\/secure.gravatar.com\/avatar\/8207ca5dec2038871f4ea2e2a260a192?s=96&d=mm&r=g\",\"contentUrl\":\"https:\/\/secure.gravatar.com\/avatar\/8207ca5dec2038871f4ea2e2a260a192?s=96&d=mm&r=g\",\"caption\":\"adelforge\"},\"url\":\"https:\/\/portail-animation.ufcv.fr\/ateliers-seniors\/author\/adelforge\/\"}]}<\/script>\r\n<!-- \/ Yoast SEO plugin. -->","yoast_head_json":{"title":"Innovaci\u00f3n en Gesti\u00f3n Empresarial y Calidad de Vida: El Modelo de Sky Hills - Ateliers seniors","robots":{"index":"index","follow":"follow","max-snippet":"max-snippet:-1","max-image-preview":"max-image-preview:large","max-video-preview":"max-video-preview:-1"},"canonical":"https:\/\/portail-animation.ufcv.fr\/ateliers-seniors\/2025\/09\/04\/innovacion-en-gestion-empresarial-y-calidad-de-vida-el-modelo-de-sky-hills\/","og_locale":"fr_FR","og_type":"article","og_title":"Innovaci\u00f3n en Gesti\u00f3n Empresarial y Calidad de Vida: El Modelo de Sky Hills - Ateliers seniors","og_description":"Introducci\u00f3n: La Nueva Perspectiva en Desarrollo Residencial y Empresarial En un mercado inmobiliario en constante transformaci\u00f3n, las tendencias hacia la sostenibilidad, la innovaci\u00f3n y la calidad de vida han redefinido las prioridades tanto de inversores como de residentes. La integraci\u00f3n [&hellip;]","og_url":"https:\/\/portail-animation.ufcv.fr\/ateliers-seniors\/2025\/09\/04\/innovacion-en-gestion-empresarial-y-calidad-de-vida-el-modelo-de-sky-hills\/","og_site_name":"Ateliers seniors","article_published_time":"2025-09-04T02:39:05+00:00","article_modified_time":"2026-09-04T02:38:37+00:00","author":"adelforge","twitter_card":"summary_large_image","twitter_misc":{"\u00c9crit par":"adelforge","Dur\u00e9e de lecture estim\u00e9e":"3 minutes"},"schema":{"@context":"https:\/\/schema.org","@graph":[{"@type":"WebPage","@id":"https:\/\/portail-animation.ufcv.fr\/ateliers-seniors\/2025\/09\/04\/innovacion-en-gestion-empresarial-y-calidad-de-vida-el-modelo-de-sky-hills\/","url":"https:\/\/portail-animation.ufcv.fr\/ateliers-seniors\/2025\/09\/04\/innovacion-en-gestion-empresarial-y-calidad-de-vida-el-modelo-de-sky-hills\/","name":"Innovaci\u00f3n en Gesti\u00f3n Empresarial y Calidad de Vida: El Modelo de Sky Hills - Ateliers seniors","isPartOf":{"@id":"https:\/\/portail-animation.ufcv.fr\/ateliers-seniors\/#website"},"datePublished":"2025-09-04T02:39:05+00:00","dateModified":"2026-09-04T02:38:37+00:00","author":{"@id":"https:\/\/portail-animation.ufcv.fr\/ateliers-seniors\/#\/schema\/person\/e3920f121b148283c13890813088e2a0"},"breadcrumb":{"@id":"https:\/\/portail-animation.ufcv.fr\/ateliers-seniors\/2025\/09\/04\/innovacion-en-gestion-empresarial-y-calidad-de-vida-el-modelo-de-sky-hills\/#breadcrumb"},"inLanguage":"fr-FR","potentialAction":[{"@type":"ReadAction","target":["https:\/\/portail-animation.ufcv.fr\/ateliers-seniors\/2025\/09\/04\/innovacion-en-gestion-empresarial-y-calidad-de-vida-el-modelo-de-sky-hills\/"]}]},{"@type":"BreadcrumbList","@id":"https:\/\/portail-animation.ufcv.fr\/ateliers-seniors\/2025\/09\/04\/innovacion-en-gestion-empresarial-y-calidad-de-vida-el-modelo-de-sky-hills\/#breadcrumb","itemListElement":[{"@type":"ListItem","position":1,"name":"Accueil","item":"https:\/\/portail-animation.ufcv.fr\/ateliers-seniors\/"},{"@type":"ListItem","position":2,"name":"Innovaci\u00f3n en Gesti\u00f3n Empresarial y Calidad de Vida: El Modelo de Sky Hills"}]},{"@type":"WebSite","@id":"https:\/\/portail-animation.ufcv.fr\/ateliers-seniors\/#website","url":"https:\/\/portail-animation.ufcv.fr\/ateliers-seniors\/","name":"Ateliers seniors","description":"Un site utilisant R\u00e9seau Portail Animation","potentialAction":[{"@type":"SearchAction","target":{"@type":"EntryPoint","urlTemplate":"https:\/\/portail-animation.ufcv.fr\/ateliers-seniors\/?s={search_term_string}"},"query-input":{"@type":"PropertyValueSpecification","valueRequired":true,"valueName":"search_term_string"}}],"inLanguage":"fr-FR"},{"@type":"Person","@id":"https:\/\/portail-animation.ufcv.fr\/ateliers-seniors\/#\/schema\/person\/e3920f121b148283c13890813088e2a0","name":"adelforge","image":{"@type":"ImageObject","inLanguage":"fr-FR","@id":"https:\/\/portail-animation.ufcv.fr\/ateliers-seniors\/#\/schema\/person\/image\/","url":"https:\/\/secure.gravatar.com\/avatar\/8207ca5dec2038871f4ea2e2a260a192?s=96&d=mm&r=g","contentUrl":"https:\/\/secure.gravatar.com\/avatar\/8207ca5dec2038871f4ea2e2a260a192?s=96&d=mm&r=g","caption":"adelforge"},"url":"https:\/\/portail-animation.ufcv.fr\/ateliers-seniors\/author\/adelforge\/"}]}},"_links":{"self":[{"href":"https:\/\/portail-animation.ufcv.fr\/ateliers-seniors\/wp-json\/wp\/v2\/posts\/5777","targetHints":{"allow":["GET"]}}],"collection":[{"href":"https:\/\/portail-animation.ufcv.fr\/ateliers-seniors\/wp-json\/wp\/v2\/posts"}],"about":[{"href":"https:\/\/portail-animation.ufcv.fr\/ateliers-seniors\/wp-json\/wp\/v2\/types\/post"}],"author":[{"embeddable":true,"href":"https:\/\/portail-animation.ufcv.fr\/ateliers-seniors\/wp-json\/wp\/v2\/users\/150"}],"replies":[{"embeddable":true,"href":"https:\/\/portail-animation.ufcv.fr\/ateliers-seniors\/wp-json\/wp\/v2\/comments?post=5777"}],"version-history":[{"count":1,"href":"https:\/\/portail-animation.ufcv.fr\/ateliers-seniors\/wp-json\/wp\/v2\/posts\/5777\/revisions"}],"predecessor-version":[{"id":5778,"href":"https:\/\/portail-animation.ufcv.fr\/ateliers-seniors\/wp-json\/wp\/v2\/posts\/5777\/revisions\/5778"}],"wp:attachment":[{"href":"https:\/\/portail-animation.ufcv.fr\/ateliers-seniors\/wp-json\/wp\/v2\/media?parent=5777"}],"wp:term":[{"taxonomy":"category","embeddable":true,"href":"https:\/\/portail-animation.ufcv.fr\/ateliers-seniors\/wp-json\/wp\/v2\/categories?post=5777"},{"taxonomy":"post_tag","embeddable":true,"href":"https:\/\/portail-animation.ufcv.fr\/ateliers-seniors\/wp-json\/wp\/v2\/tags?post=5777"}],"curies":[{"name":"wp","href":"https:\/\/api.w.org\/{rel}","templated":true}]}}