 {"id":5915,"date":"2025-09-04T06:17:07","date_gmt":"2025-09-04T04:17:07","guid":{"rendered":"https:\/\/portail-animation.ufcv.fr\/ateliers-seniors\/?p=5915"},"modified":"2026-09-04T06:16:38","modified_gmt":"2026-09-04T04:16:38","slug":"ve-svete-kde-dekarbonizace-a-decentralizace-meni-tradicni-energeticke-modely-je-digitalizace-hybno","status":"publish","type":"post","link":"https:\/\/portail-animation.ufcv.fr\/ateliers-seniors\/2025\/09\/04\/ve-svete-kde-dekarbonizace-a-decentralizace-meni-tradicni-energeticke-modely-je-digitalizace-hybno\/","title":{"rendered":"Ve sv\u011bt\u011b, kde dekarbonizace a decentralizace m\u011bn\u00ed tradi\u010dn\u00ed energetick\u00e9 modely, je digitalizace hybno"},"content":{"rendered":"<section>\n<h2>Digitalizace energetick\u00fdch s\u00edt\u00ed: Trend, kter\u00fd nem\u016f\u017ee b\u00fdt ignorov\u00e1n<\/h2>\n<p>Ve sv\u011bt\u011b, kde dekarbonizace a decentralizace m\u011bn\u00ed tradi\u010dn\u00ed energetick\u00e9 modely, je digitalizace hybnou silou evoluce sektoru. Modern\u00ed distribu\u010dn\u00ed infrastruktura vy\u017eaduje sofistikovan\u00e9 n\u00e1stroje k efektivn\u00ed spr\u00e1v\u011b, monitorov\u00e1n\u00ed a optimalizaci s\u00edt\u011b. To vede k zav\u00e1d\u011bn\u00ed pokro\u010dil\u00fdch softwarov\u00fdch platforem, je\u017e umo\u017e\u0148uj\u00ed in\u017een\u00fdr\u016fm a oper\u00e1tor\u016fm precizn\u00ed pl\u00e1nov\u00e1n\u00ed a \u0159\u00edzen\u00ed v re\u00e1ln\u00e9m \u010dase.<\/p>\n<blockquote><p>\n\u00ab\u00a0Efektivn\u00ed spr\u00e1va distribu\u010dn\u00ed s\u00edt\u011b se stala kl\u00ed\u010dov\u00fdm prvkem udr\u017eiteln\u00fdch energetick\u00fdch syst\u00e9m\u016f, podporuj\u00edc\u00edch integraci obnoviteln\u00fdch zdroj\u016f a elektrick\u00fdch vozidel.\u00a0\u00bb\n<\/p><\/blockquote>\n<p>V kontextu tohoto posunu p\u0159edstavuje platforma, kterou nab\u00edz\u00ed <a href=\"https:\/\/www.bizzo-cz.co.cz\/cspnet\/\">http:\/\/www.bizzo-cz.co.cz\/cspnet\/<\/a>, z\u00e1sadn\u00ed n\u00e1stroj pro pl\u00e1nov\u00e1n\u00ed, anal\u00fdzu a spr\u00e1vu distribu\u010dn\u00edch s\u00edt\u00ed. Vyvinul\u00e9 technologie umo\u017e\u0148uj\u00ed nejen vizualizaci slo\u017eit\u00fdch datov\u00fdch sad, ale tak\u00e9 optimalizaci tok\u016f energie a p\u0159edpov\u011b\u010f poruch \u010di odchylek.<\/p>\n<\/section>\n<section>\n<h2>Praktick\u00e9 aplikace a p\u0159\u00ednosy platformy CSPNet<\/h2>\n<p>V\u00fdznam t\u00e9to platformy lze nejl\u00e9pe ilustrovat na konkr\u00e9tn\u00edch p\u0159\u00edpadech:<\/p>\n<ul>\n<li><strong>Optimalizace rozvodn\u00fdch s\u00edt\u00ed:<\/strong> Pomoc\u00ed pokro\u010dil\u00fdch model\u016f umo\u017e\u0148uje platforma anticipovat zat\u00ed\u017een\u00ed a dynamicky upravovat kapacity.<\/li>\n<li><strong>Monitoring a prediktivn\u00ed \u00fadr\u017eba:<\/strong> Data z IoT senzor\u016f jsou analyzov\u00e1na k p\u0159edpov\u011bdi poruch, sni\u017euj\u00edc\u00e9 v\u00fdpadky a n\u00e1klady na \u00fadr\u017ebu.<\/li>\n<li><strong>Integrace obnoviteln\u00fdch zdroj\u016f:<\/strong> Zaji\u0161\u0165uje hladk\u00fd p\u0159echod od tradi\u010dn\u00edch energetick\u00fdch zdroj\u016f k decentralizovan\u00fdm, obnoviteln\u00fdm syst\u00e9m\u016fm.<\/li>\n<\/ul>\n<p>Ve v\u0161ech t\u011bchto aspektech p\u0159isp\u00edv\u00e1 modern\u00ed softwareov\u00e1 platforma, dostupn\u00e1 d\u00edky http:\/\/www.bizzo-cz.co.cz\/cspnet\/, k efektivn\u011bj\u0161\u00edmu a udr\u017eiteln\u011bj\u0161\u00edmu provozu energetick\u00fdch s\u00edt\u00ed.<\/p>\n<h2>Data a statistiky: Budoucnost energetick\u00fdch s\u00edt\u00ed<\/h2>\n<table>\n<tr>\n<th>Kategorie<\/th>\n<th>Stav (2023)<\/th>\n<th>O\u010dek\u00e1van\u00fd r\u016fst do 2030<\/th>\n<\/tr>\n<tr>\n<td>Pod\u00edl obnoviteln\u00fdch zdroj\u016f v s\u00edti<\/td>\n<td>35 %<\/td>\n<td>65 %<\/td>\n<\/tr>\n<tr>\n<td>Implementace digitaliza\u010dn\u00edch \u0159e\u0161en\u00ed<\/td>\n<td>15 % distribu\u010dn\u00edch spole\u010dnost\u00ed<\/td>\n<td>76 % distribu\u010dn\u00edch s\u00edt\u00ed<\/td>\n<\/tr>\n<tr>\n<td>Po\u010det IoT senzor\u016f na 1 km s\u00edt\u011b<\/td>\n<td>50<\/td>\n<td>250+<\/td>\n<\/tr>\n<\/table>\n<p>Tato data jasn\u011b ukazuj\u00ed trend sm\u011brem k digit\u00e1ln\u00ed transformaci, kde sofistikovan\u00e9 platformy, jako ta od http:\/\/www.bizzo-cz.co.cz\/cspnet\/, budou hr\u00e1t kl\u00ed\u010dovou roli.<\/p>\n<\/section>\n<section>\n<h2>Kde stoj\u00ed energetika dnes a kam sm\u011b\u0159uje?<\/h2>\n<p>V\u00fdvoj ukazuje, \u017ee investice do modernizace a digitalizace distribu\u010dn\u00edch s\u00edt\u00ed jsou nejen nezbytn\u00e9, ale p\u0159in\u00e1\u0161ej\u00ed i ekonomick\u00e9 v\u00fdhody. Zv\u00fd\u0161en\u00ed efektivity, sn\u00ed\u017een\u00ed ztr\u00e1t a lep\u0161\u00ed ochrana p\u0159ed kybernetick\u00fdmi hrozbami jsou vize, kter\u00e9 technologie pom\u00e1haj\u00ed napl\u0148ovat.<\/p>\n<p>\u0158ada energetick\u00fdch podnik\u016f ji\u017e poci\u0165uje benefity implementace pokro\u010dil\u00fdch softwarov\u00fdch n\u00e1stroj\u016f, a\u0165 u\u017e prost\u0159ednictv\u00edm zlep\u0161en\u00ed provozn\u00ed transparentnosti nebo obratu k udr\u017eiteln\u00fdm model\u016fm \u0159\u00edzen\u00ed s\u00edt\u011b.<\/p>\n<div class=\"callout\">\n  \u00ab\u00a0What we see today is not just a technological upgrade, but a fundamental shift in how we conceptualize, operate and secure energy infrastructure for future generations.\u00a0\u00bb\n<\/div>\n<p>Po zaveden\u00ed takov\u00fdch syst\u00e9m\u016f je jasn\u00e9, \u017ee digitalizace je cesta k inteligentn\u00ed, flexibiln\u00ed a odoln\u00e9 energetick\u00e9 infrastruktu\u0159e, kter\u00e1 bude p\u0159ipravena uspokojit n\u00e1roky 21. stolet\u00ed.<\/p>\n<\/section>\n","protected":false},"excerpt":{"rendered":"<p>Digitalizace energetick\u00fdch s\u00edt\u00ed: Trend, kter\u00fd nem\u016f\u017ee b\u00fdt ignorov\u00e1n Ve sv\u011bt\u011b, kde dekarbonizace a decentralizace m\u011bn\u00ed tradi\u010dn\u00ed energetick\u00e9 modely, je digitalizace hybnou silou evoluce sektoru. Modern\u00ed distribu\u010dn\u00ed infrastruktura vy\u017eaduje sofistikovan\u00e9 n\u00e1stroje k efektivn\u00ed spr\u00e1v\u011b, monitorov\u00e1n\u00ed a optimalizaci s\u00edt\u011b. To vede k [&hellip;]<\/p>\n","protected":false},"author":150,"featured_media":0,"comment_status":"open","ping_status":"open","sticky":false,"template":"","format":"standard","meta":{"_acf_changed":false,"footnotes":""},"categories":[1],"tags":[],"class_list":["post-5915","post","type-post","status-publish","format-standard","hentry","category-non-classe"],"acf":[],"yoast_head":"<!-- This site is optimized with the Yoast SEO plugin v23.9 - https:\/\/yoast.com\/wordpress\/plugins\/seo\/ -->\r\n<title>Ve sv\u011bt\u011b, kde dekarbonizace a decentralizace m\u011bn\u00ed tradi\u010dn\u00ed energetick\u00e9 modely, je digitalizace hybno - Ateliers seniors<\/title>\r\n<meta name=\"robots\" content=\"index, follow, max-snippet:-1, max-image-preview:large, max-video-preview:-1\" \/>\r\n<link rel=\"canonical\" href=\"https:\/\/portail-animation.ufcv.fr\/ateliers-seniors\/2025\/09\/04\/ve-svete-kde-dekarbonizace-a-decentralizace-meni-tradicni-energeticke-modely-je-digitalizace-hybno\/\" \/>\r\n<meta property=\"og:locale\" content=\"fr_FR\" \/>\r\n<meta property=\"og:type\" content=\"article\" \/>\r\n<meta property=\"og:title\" content=\"Ve sv\u011bt\u011b, kde dekarbonizace a decentralizace m\u011bn\u00ed tradi\u010dn\u00ed energetick\u00e9 modely, je digitalizace hybno - Ateliers seniors\" \/>\r\n<meta property=\"og:description\" content=\"Digitalizace energetick\u00fdch s\u00edt\u00ed: Trend, kter\u00fd nem\u016f\u017ee b\u00fdt ignorov\u00e1n Ve sv\u011bt\u011b, kde dekarbonizace a decentralizace m\u011bn\u00ed tradi\u010dn\u00ed energetick\u00e9 modely, je digitalizace hybnou silou evoluce sektoru. Modern\u00ed distribu\u010dn\u00ed infrastruktura vy\u017eaduje sofistikovan\u00e9 n\u00e1stroje k efektivn\u00ed spr\u00e1v\u011b, monitorov\u00e1n\u00ed a optimalizaci s\u00edt\u011b. To vede k [&hellip;]\" \/>\r\n<meta property=\"og:url\" content=\"https:\/\/portail-animation.ufcv.fr\/ateliers-seniors\/2025\/09\/04\/ve-svete-kde-dekarbonizace-a-decentralizace-meni-tradicni-energeticke-modely-je-digitalizace-hybno\/\" \/>\r\n<meta property=\"og:site_name\" content=\"Ateliers seniors\" \/>\r\n<meta property=\"article:published_time\" content=\"2025-09-04T04:17:07+00:00\" \/>\r\n<meta property=\"article:modified_time\" content=\"2026-09-04T04:16:38+00:00\" \/>\r\n<meta name=\"author\" content=\"adelforge\" \/>\r\n<meta name=\"twitter:card\" content=\"summary_large_image\" \/>\r\n<meta name=\"twitter:label1\" content=\"\u00c9crit par\" \/>\n\t<meta name=\"twitter:data1\" content=\"adelforge\" \/>\n\t<meta name=\"twitter:label2\" content=\"Dur\u00e9e de lecture estim\u00e9e\" \/>\n\t<meta name=\"twitter:data2\" content=\"3 minutes\" \/>\r\n<script type=\"application\/ld+json\" class=\"yoast-schema-graph\">{\"@context\":\"https:\/\/schema.org\",\"@graph\":[{\"@type\":\"WebPage\",\"@id\":\"https:\/\/portail-animation.ufcv.fr\/ateliers-seniors\/2025\/09\/04\/ve-svete-kde-dekarbonizace-a-decentralizace-meni-tradicni-energeticke-modely-je-digitalizace-hybno\/\",\"url\":\"https:\/\/portail-animation.ufcv.fr\/ateliers-seniors\/2025\/09\/04\/ve-svete-kde-dekarbonizace-a-decentralizace-meni-tradicni-energeticke-modely-je-digitalizace-hybno\/\",\"name\":\"Ve sv\u011bt\u011b, kde dekarbonizace a decentralizace m\u011bn\u00ed tradi\u010dn\u00ed energetick\u00e9 modely, je digitalizace hybno - Ateliers seniors\",\"isPartOf\":{\"@id\":\"https:\/\/portail-animation.ufcv.fr\/ateliers-seniors\/#website\"},\"datePublished\":\"2025-09-04T04:17:07+00:00\",\"dateModified\":\"2026-09-04T04:16:38+00:00\",\"author\":{\"@id\":\"https:\/\/portail-animation.ufcv.fr\/ateliers-seniors\/#\/schema\/person\/e3920f121b148283c13890813088e2a0\"},\"breadcrumb\":{\"@id\":\"https:\/\/portail-animation.ufcv.fr\/ateliers-seniors\/2025\/09\/04\/ve-svete-kde-dekarbonizace-a-decentralizace-meni-tradicni-energeticke-modely-je-digitalizace-hybno\/#breadcrumb\"},\"inLanguage\":\"fr-FR\",\"potentialAction\":[{\"@type\":\"ReadAction\",\"target\":[\"https:\/\/portail-animation.ufcv.fr\/ateliers-seniors\/2025\/09\/04\/ve-svete-kde-dekarbonizace-a-decentralizace-meni-tradicni-energeticke-modely-je-digitalizace-hybno\/\"]}]},{\"@type\":\"BreadcrumbList\",\"@id\":\"https:\/\/portail-animation.ufcv.fr\/ateliers-seniors\/2025\/09\/04\/ve-svete-kde-dekarbonizace-a-decentralizace-meni-tradicni-energeticke-modely-je-digitalizace-hybno\/#breadcrumb\",\"itemListElement\":[{\"@type\":\"ListItem\",\"position\":1,\"name\":\"Accueil\",\"item\":\"https:\/\/portail-animation.ufcv.fr\/ateliers-seniors\/\"},{\"@type\":\"ListItem\",\"position\":2,\"name\":\"Ve sv\u011bt\u011b, kde dekarbonizace a decentralizace m\u011bn\u00ed tradi\u010dn\u00ed energetick\u00e9 modely, je digitalizace hybno\"}]},{\"@type\":\"WebSite\",\"@id\":\"https:\/\/portail-animation.ufcv.fr\/ateliers-seniors\/#website\",\"url\":\"https:\/\/portail-animation.ufcv.fr\/ateliers-seniors\/\",\"name\":\"Ateliers seniors\",\"description\":\"Un site utilisant R\u00e9seau Portail Animation\",\"potentialAction\":[{\"@type\":\"SearchAction\",\"target\":{\"@type\":\"EntryPoint\",\"urlTemplate\":\"https:\/\/portail-animation.ufcv.fr\/ateliers-seniors\/?s={search_term_string}\"},\"query-input\":{\"@type\":\"PropertyValueSpecification\",\"valueRequired\":true,\"valueName\":\"search_term_string\"}}],\"inLanguage\":\"fr-FR\"},{\"@type\":\"Person\",\"@id\":\"https:\/\/portail-animation.ufcv.fr\/ateliers-seniors\/#\/schema\/person\/e3920f121b148283c13890813088e2a0\",\"name\":\"adelforge\",\"image\":{\"@type\":\"ImageObject\",\"inLanguage\":\"fr-FR\",\"@id\":\"https:\/\/portail-animation.ufcv.fr\/ateliers-seniors\/#\/schema\/person\/image\/\",\"url\":\"https:\/\/secure.gravatar.com\/avatar\/8207ca5dec2038871f4ea2e2a260a192?s=96&d=mm&r=g\",\"contentUrl\":\"https:\/\/secure.gravatar.com\/avatar\/8207ca5dec2038871f4ea2e2a260a192?s=96&d=mm&r=g\",\"caption\":\"adelforge\"},\"url\":\"https:\/\/portail-animation.ufcv.fr\/ateliers-seniors\/author\/adelforge\/\"}]}<\/script>\r\n<!-- \/ Yoast SEO plugin. -->","yoast_head_json":{"title":"Ve sv\u011bt\u011b, kde dekarbonizace a decentralizace m\u011bn\u00ed tradi\u010dn\u00ed energetick\u00e9 modely, je digitalizace hybno - Ateliers seniors","robots":{"index":"index","follow":"follow","max-snippet":"max-snippet:-1","max-image-preview":"max-image-preview:large","max-video-preview":"max-video-preview:-1"},"canonical":"https:\/\/portail-animation.ufcv.fr\/ateliers-seniors\/2025\/09\/04\/ve-svete-kde-dekarbonizace-a-decentralizace-meni-tradicni-energeticke-modely-je-digitalizace-hybno\/","og_locale":"fr_FR","og_type":"article","og_title":"Ve sv\u011bt\u011b, kde dekarbonizace a decentralizace m\u011bn\u00ed tradi\u010dn\u00ed energetick\u00e9 modely, je digitalizace hybno - Ateliers seniors","og_description":"Digitalizace energetick\u00fdch s\u00edt\u00ed: Trend, kter\u00fd nem\u016f\u017ee b\u00fdt ignorov\u00e1n Ve sv\u011bt\u011b, kde dekarbonizace a decentralizace m\u011bn\u00ed tradi\u010dn\u00ed energetick\u00e9 modely, je digitalizace hybnou silou evoluce sektoru. Modern\u00ed distribu\u010dn\u00ed infrastruktura vy\u017eaduje sofistikovan\u00e9 n\u00e1stroje k efektivn\u00ed spr\u00e1v\u011b, monitorov\u00e1n\u00ed a optimalizaci s\u00edt\u011b. To vede k [&hellip;]","og_url":"https:\/\/portail-animation.ufcv.fr\/ateliers-seniors\/2025\/09\/04\/ve-svete-kde-dekarbonizace-a-decentralizace-meni-tradicni-energeticke-modely-je-digitalizace-hybno\/","og_site_name":"Ateliers seniors","article_published_time":"2025-09-04T04:17:07+00:00","article_modified_time":"2026-09-04T04:16:38+00:00","author":"adelforge","twitter_card":"summary_large_image","twitter_misc":{"\u00c9crit par":"adelforge","Dur\u00e9e de lecture estim\u00e9e":"3 minutes"},"schema":{"@context":"https:\/\/schema.org","@graph":[{"@type":"WebPage","@id":"https:\/\/portail-animation.ufcv.fr\/ateliers-seniors\/2025\/09\/04\/ve-svete-kde-dekarbonizace-a-decentralizace-meni-tradicni-energeticke-modely-je-digitalizace-hybno\/","url":"https:\/\/portail-animation.ufcv.fr\/ateliers-seniors\/2025\/09\/04\/ve-svete-kde-dekarbonizace-a-decentralizace-meni-tradicni-energeticke-modely-je-digitalizace-hybno\/","name":"Ve sv\u011bt\u011b, kde dekarbonizace a decentralizace m\u011bn\u00ed tradi\u010dn\u00ed energetick\u00e9 modely, je digitalizace hybno - Ateliers seniors","isPartOf":{"@id":"https:\/\/portail-animation.ufcv.fr\/ateliers-seniors\/#website"},"datePublished":"2025-09-04T04:17:07+00:00","dateModified":"2026-09-04T04:16:38+00:00","author":{"@id":"https:\/\/portail-animation.ufcv.fr\/ateliers-seniors\/#\/schema\/person\/e3920f121b148283c13890813088e2a0"},"breadcrumb":{"@id":"https:\/\/portail-animation.ufcv.fr\/ateliers-seniors\/2025\/09\/04\/ve-svete-kde-dekarbonizace-a-decentralizace-meni-tradicni-energeticke-modely-je-digitalizace-hybno\/#breadcrumb"},"inLanguage":"fr-FR","potentialAction":[{"@type":"ReadAction","target":["https:\/\/portail-animation.ufcv.fr\/ateliers-seniors\/2025\/09\/04\/ve-svete-kde-dekarbonizace-a-decentralizace-meni-tradicni-energeticke-modely-je-digitalizace-hybno\/"]}]},{"@type":"BreadcrumbList","@id":"https:\/\/portail-animation.ufcv.fr\/ateliers-seniors\/2025\/09\/04\/ve-svete-kde-dekarbonizace-a-decentralizace-meni-tradicni-energeticke-modely-je-digitalizace-hybno\/#breadcrumb","itemListElement":[{"@type":"ListItem","position":1,"name":"Accueil","item":"https:\/\/portail-animation.ufcv.fr\/ateliers-seniors\/"},{"@type":"ListItem","position":2,"name":"Ve sv\u011bt\u011b, kde dekarbonizace a decentralizace m\u011bn\u00ed tradi\u010dn\u00ed energetick\u00e9 modely, je digitalizace hybno"}]},{"@type":"WebSite","@id":"https:\/\/portail-animation.ufcv.fr\/ateliers-seniors\/#website","url":"https:\/\/portail-animation.ufcv.fr\/ateliers-seniors\/","name":"Ateliers seniors","description":"Un site utilisant R\u00e9seau Portail Animation","potentialAction":[{"@type":"SearchAction","target":{"@type":"EntryPoint","urlTemplate":"https:\/\/portail-animation.ufcv.fr\/ateliers-seniors\/?s={search_term_string}"},"query-input":{"@type":"PropertyValueSpecification","valueRequired":true,"valueName":"search_term_string"}}],"inLanguage":"fr-FR"},{"@type":"Person","@id":"https:\/\/portail-animation.ufcv.fr\/ateliers-seniors\/#\/schema\/person\/e3920f121b148283c13890813088e2a0","name":"adelforge","image":{"@type":"ImageObject","inLanguage":"fr-FR","@id":"https:\/\/portail-animation.ufcv.fr\/ateliers-seniors\/#\/schema\/person\/image\/","url":"https:\/\/secure.gravatar.com\/avatar\/8207ca5dec2038871f4ea2e2a260a192?s=96&d=mm&r=g","contentUrl":"https:\/\/secure.gravatar.com\/avatar\/8207ca5dec2038871f4ea2e2a260a192?s=96&d=mm&r=g","caption":"adelforge"},"url":"https:\/\/portail-animation.ufcv.fr\/ateliers-seniors\/author\/adelforge\/"}]}},"_links":{"self":[{"href":"https:\/\/portail-animation.ufcv.fr\/ateliers-seniors\/wp-json\/wp\/v2\/posts\/5915","targetHints":{"allow":["GET"]}}],"collection":[{"href":"https:\/\/portail-animation.ufcv.fr\/ateliers-seniors\/wp-json\/wp\/v2\/posts"}],"about":[{"href":"https:\/\/portail-animation.ufcv.fr\/ateliers-seniors\/wp-json\/wp\/v2\/types\/post"}],"author":[{"embeddable":true,"href":"https:\/\/portail-animation.ufcv.fr\/ateliers-seniors\/wp-json\/wp\/v2\/users\/150"}],"replies":[{"embeddable":true,"href":"https:\/\/portail-animation.ufcv.fr\/ateliers-seniors\/wp-json\/wp\/v2\/comments?post=5915"}],"version-history":[{"count":1,"href":"https:\/\/portail-animation.ufcv.fr\/ateliers-seniors\/wp-json\/wp\/v2\/posts\/5915\/revisions"}],"predecessor-version":[{"id":5916,"href":"https:\/\/portail-animation.ufcv.fr\/ateliers-seniors\/wp-json\/wp\/v2\/posts\/5915\/revisions\/5916"}],"wp:attachment":[{"href":"https:\/\/portail-animation.ufcv.fr\/ateliers-seniors\/wp-json\/wp\/v2\/media?parent=5915"}],"wp:term":[{"taxonomy":"category","embeddable":true,"href":"https:\/\/portail-animation.ufcv.fr\/ateliers-seniors\/wp-json\/wp\/v2\/categories?post=5915"},{"taxonomy":"post_tag","embeddable":true,"href":"https:\/\/portail-animation.ufcv.fr\/ateliers-seniors\/wp-json\/wp\/v2\/tags?post=5915"}],"curies":[{"name":"wp","href":"https:\/\/api.w.org\/{rel}","templated":true}]}}