 {"id":6213,"date":"2025-09-04T10:28:37","date_gmt":"2025-09-04T08:28:37","guid":{"rendered":"https:\/\/portail-animation.ufcv.fr\/ateliers-seniors\/?p=6213"},"modified":"2026-09-04T10:28:08","modified_gmt":"2026-09-04T08:28:08","slug":"depuis-plusieurs-decennies-le-secteur-sportif-beneficie-d-une-couverture-mediatique-en-constante-ev","status":"publish","type":"post","link":"https:\/\/portail-animation.ufcv.fr\/ateliers-seniors\/2025\/09\/04\/depuis-plusieurs-decennies-le-secteur-sportif-beneficie-d-une-couverture-mediatique-en-constante-ev\/","title":{"rendered":"Depuis plusieurs d\u00e9cennies, le secteur sportif b\u00e9n\u00e9ficie d&rsquo;une couverture m\u00e9diatique en constante \u00e9v"},"content":{"rendered":"<article>\n<h2>Introduction : une mutation du paysage m\u00e9diatique sportif<\/h2>\n<p>\nDepuis plusieurs d\u00e9cennies, le secteur sportif b\u00e9n\u00e9ficie d&rsquo;une couverture m\u00e9diatique en constante \u00e9volution, fa\u00e7onn\u00e9e par l&rsquo;essor du num\u00e9rique, les changements dans les habitudes de consommation et la mont\u00e9e en puissance des plateformes digitales sp\u00e9cialis\u00e9es. Cette transformation ne se limite pas \u00e0 la simple diffusion d&rsquo;\u00e9v\u00e9nements sportifs, mais concerne aussi la mani\u00e8re dont l&rsquo;information est produite, diffus\u00e9e, et consomm\u00e9e par un public de plus en plus exigeant et connect\u00e9.\n<\/p>\n<h2>Convergence num\u00e9rique et sp\u00e9cialisation : vers une nouvelle \u00e8re<\/h2>\n<p>\nDans cette optique, des acteurs comme <a href=\"https:\/\/www.sportuna-france.fr\/\">sportuna<\/a> jouent un r\u00f4le cl\u00e9 dans la red\u00e9finition de la m\u00e9diatisation sportive. Cette plateforme, dont la cr\u00e9dibilit\u00e9 repose sur une expertise approfondie, concentre ses efforts sur la couverture analytique de disciplines vari\u00e9es, en mettant en avant une approche qualitative, critique, et souvent niche.\n<\/p>\n<p>\nLes donn\u00e9es suivantes illustrent cette tendance : selon une \u00e9tude men\u00e9e par le cabinet <em>Mediam\u00e9trie<\/em> en 2023, la consommation de contenu sportif digital a augment\u00e9 de plus de 35% en cinq ans, avec une croissance annuelle de 7% seulement sur les plateformes sp\u00e9cialis\u00e9es. Ce ph\u00e9nom\u00e8ne indique une mutation vers une consommation plus cibl\u00e9e, moins d\u00e9pendante des grands \u00e9v\u00e9nements t\u00e9l\u00e9vis\u00e9s traditionnels.\n<\/p>\n<h2>Donn\u00e9es et impacts : l&rsquo;importance d&rsquo;une couverture cr\u00e9dible<\/h2>\n<table>\n<caption style=\"caption-side: top;font-weight: bold;font-size: 1.2rem;color:#0d6efd\">\u00c9volution de la consommation m\u00e9diatique sportive (en milliards de vues par mois)<\/caption>\n<thead>\n<tr style=\"background-color:#d1e9f6\">\n<th>Ann\u00e9e<\/th>\n<th>Vid\u00e9o sur r\u00e9seaux sociaux<\/th>\n<th>Articles sp\u00e9cialis\u00e9s<\/th>\n<th>Diffusion t\u00e9l\u00e9vis\u00e9e traditionnelle<\/th>\n<\/tr>\n<\/thead>\n<tbody>\n<tr>\n<td>2018<\/td>\n<td>2,4<\/td>\n<td>1,8<\/td>\n<td>3,2<\/td>\n<\/tr>\n<tr>\n<td>2020<\/td>\n<td>4,7<\/td>\n<td>3,0<\/td>\n<td>2,9<\/td>\n<\/tr>\n<tr>\n<td>2023<\/td>\n<td>6,8<\/td>\n<td>4,2<\/td>\n<td>2,5<\/td>\n<\/tr>\n<\/tbody>\n<\/table>\n<p>\nCe tableau met en \u00e9vidence une reconfiguration de l&rsquo;attention m\u00e9diatique, o\u00f9 les plateformes digitales et notamment les contenus sp\u00e9cialis\u00e9s prennent le pas sur la t\u00e9l\u00e9vision traditionnelle. La cr\u00e9dibilit\u00e9 et l&rsquo;analytique approfondie, comme celle propos\u00e9e par sportuna, deviennent des \u00e9l\u00e9ments essentiels pour satisfaire un public averti.\n<\/p>\n<h2>Une expertise cr\u00e9dible : la valeur ajout\u00e9e de plateformes sp\u00e9cialis\u00e9es<\/h2>\n<blockquote><p>\n\u00ab\u00a0Le public d&rsquo;aujourd&rsquo;hui ne se satisfait plus d&rsquo;informations candides ou de simples r\u00e9sultats. Il recherche une compr\u00e9hension fine, une contextualisation, et des analyses incarn\u00e9es par des experts.\u00a0\u00bb \u2013 Dr. \u00c9lodie Lambert, experte en communication sportive\n<\/p><\/blockquote>\n<p>\nL\u2019approche rigoureuse de plateformes comme sportuna repose sur cette exigence de cr\u00e9dibilit\u00e9. En proposant des analyses approfondies, des interviews exclusives, et une couverture cibl\u00e9e de disciplines souvent n\u00e9glig\u00e9es par les m\u00e9dias g\u00e9n\u00e9ralistes, ce site contribue \u00e0 enrichir la connaissance sport-ancienne et \u00e0 renforcer la l\u00e9gitimit\u00e9 du journalisme sp\u00e9cialis\u00e9.\n<\/p>\n<p>\nCe positionnement est d\u2019autant plus crucial dans un contexte o\u00f9 la d\u00e9sinformation et la superficialit\u00e9 peuvent rapidement invalider une source d&rsquo;information. L\u2019ind\u00e9pendance \u00e9ditoriale et la sp\u00e9cialisation font de ces plateformes des acteurs indispensables pour la construction d\u2019un discours m\u00e9diatique de qualit\u00e9.\n<\/p>\n<h2>Conclusion : vers un avenir bas\u00e9 sur la cr\u00e9dibilit\u00e9 et la sp\u00e9cialisation<\/h2>\n<p>\nL\u2019analyse de l\u2019\u00e9volution m\u00e9diatique du sport d\u00e9montre une red\u00e9finition profonde, o\u00f9 la qualit\u00e9 de l\u2019information et la cr\u00e9dibilit\u00e9 prennent une place centrale. Les acteurs sp\u00e9cialis\u00e9s, \u00e0 l\u2019instar de sportuna, incarnent cette transition en offrant un regard expert sur les disciplines, souvent dans une optique analytique et p\u00e9dagogique. Leur influence contribue \u00e0 renforcer la confiance du public, \u00e0 encourager une consommation plus \u00e9clair\u00e9e, et \u00e0 soutenir une presse sportive de qualit\u00e9.\n<\/p>\n<\/article>\n","protected":false},"excerpt":{"rendered":"<p>Introduction : une mutation du paysage m\u00e9diatique sportif Depuis plusieurs d\u00e9cennies, le secteur sportif b\u00e9n\u00e9ficie d&rsquo;une couverture m\u00e9diatique en constante \u00e9volution, fa\u00e7onn\u00e9e par l&rsquo;essor du num\u00e9rique, les changements dans les habitudes de consommation et la mont\u00e9e en puissance des plateformes [&hellip;]<\/p>\n","protected":false},"author":150,"featured_media":0,"comment_status":"open","ping_status":"open","sticky":false,"template":"","format":"standard","meta":{"_acf_changed":false,"footnotes":""},"categories":[1],"tags":[],"class_list":["post-6213","post","type-post","status-publish","format-standard","hentry","category-non-classe"],"acf":[],"yoast_head":"<!-- This site is optimized with the Yoast SEO plugin v23.9 - https:\/\/yoast.com\/wordpress\/plugins\/seo\/ -->\r\n<title>Depuis plusieurs d\u00e9cennies, le secteur sportif b\u00e9n\u00e9ficie d&#039;une couverture m\u00e9diatique en constante \u00e9v - Ateliers seniors<\/title>\r\n<meta name=\"robots\" content=\"index, follow, max-snippet:-1, max-image-preview:large, max-video-preview:-1\" \/>\r\n<link rel=\"canonical\" href=\"https:\/\/portail-animation.ufcv.fr\/ateliers-seniors\/2025\/09\/04\/depuis-plusieurs-decennies-le-secteur-sportif-beneficie-d-une-couverture-mediatique-en-constante-ev\/\" \/>\r\n<meta property=\"og:locale\" content=\"fr_FR\" \/>\r\n<meta property=\"og:type\" content=\"article\" \/>\r\n<meta property=\"og:title\" content=\"Depuis plusieurs d\u00e9cennies, le secteur sportif b\u00e9n\u00e9ficie d&#039;une couverture m\u00e9diatique en constante \u00e9v - Ateliers seniors\" \/>\r\n<meta property=\"og:description\" content=\"Introduction : une mutation du paysage m\u00e9diatique sportif Depuis plusieurs d\u00e9cennies, le secteur sportif b\u00e9n\u00e9ficie d&rsquo;une couverture m\u00e9diatique en constante \u00e9volution, fa\u00e7onn\u00e9e par l&rsquo;essor du num\u00e9rique, les changements dans les habitudes de consommation et la mont\u00e9e en puissance des plateformes [&hellip;]\" \/>\r\n<meta property=\"og:url\" content=\"https:\/\/portail-animation.ufcv.fr\/ateliers-seniors\/2025\/09\/04\/depuis-plusieurs-decennies-le-secteur-sportif-beneficie-d-une-couverture-mediatique-en-constante-ev\/\" \/>\r\n<meta property=\"og:site_name\" content=\"Ateliers seniors\" \/>\r\n<meta property=\"article:published_time\" content=\"2025-09-04T08:28:37+00:00\" \/>\r\n<meta property=\"article:modified_time\" content=\"2026-09-04T08:28:08+00:00\" \/>\r\n<meta name=\"author\" content=\"adelforge\" \/>\r\n<meta name=\"twitter:card\" content=\"summary_large_image\" \/>\r\n<meta name=\"twitter:label1\" content=\"\u00c9crit par\" \/>\n\t<meta name=\"twitter:data1\" content=\"adelforge\" \/>\n\t<meta name=\"twitter:label2\" content=\"Dur\u00e9e de lecture estim\u00e9e\" \/>\n\t<meta name=\"twitter:data2\" content=\"3 minutes\" \/>\r\n<script type=\"application\/ld+json\" class=\"yoast-schema-graph\">{\"@context\":\"https:\/\/schema.org\",\"@graph\":[{\"@type\":\"WebPage\",\"@id\":\"https:\/\/portail-animation.ufcv.fr\/ateliers-seniors\/2025\/09\/04\/depuis-plusieurs-decennies-le-secteur-sportif-beneficie-d-une-couverture-mediatique-en-constante-ev\/\",\"url\":\"https:\/\/portail-animation.ufcv.fr\/ateliers-seniors\/2025\/09\/04\/depuis-plusieurs-decennies-le-secteur-sportif-beneficie-d-une-couverture-mediatique-en-constante-ev\/\",\"name\":\"Depuis plusieurs d\u00e9cennies, le secteur sportif b\u00e9n\u00e9ficie d'une couverture m\u00e9diatique en constante \u00e9v - Ateliers seniors\",\"isPartOf\":{\"@id\":\"https:\/\/portail-animation.ufcv.fr\/ateliers-seniors\/#website\"},\"datePublished\":\"2025-09-04T08:28:37+00:00\",\"dateModified\":\"2026-09-04T08:28:08+00:00\",\"author\":{\"@id\":\"https:\/\/portail-animation.ufcv.fr\/ateliers-seniors\/#\/schema\/person\/e3920f121b148283c13890813088e2a0\"},\"breadcrumb\":{\"@id\":\"https:\/\/portail-animation.ufcv.fr\/ateliers-seniors\/2025\/09\/04\/depuis-plusieurs-decennies-le-secteur-sportif-beneficie-d-une-couverture-mediatique-en-constante-ev\/#breadcrumb\"},\"inLanguage\":\"fr-FR\",\"potentialAction\":[{\"@type\":\"ReadAction\",\"target\":[\"https:\/\/portail-animation.ufcv.fr\/ateliers-seniors\/2025\/09\/04\/depuis-plusieurs-decennies-le-secteur-sportif-beneficie-d-une-couverture-mediatique-en-constante-ev\/\"]}]},{\"@type\":\"BreadcrumbList\",\"@id\":\"https:\/\/portail-animation.ufcv.fr\/ateliers-seniors\/2025\/09\/04\/depuis-plusieurs-decennies-le-secteur-sportif-beneficie-d-une-couverture-mediatique-en-constante-ev\/#breadcrumb\",\"itemListElement\":[{\"@type\":\"ListItem\",\"position\":1,\"name\":\"Accueil\",\"item\":\"https:\/\/portail-animation.ufcv.fr\/ateliers-seniors\/\"},{\"@type\":\"ListItem\",\"position\":2,\"name\":\"Depuis plusieurs d\u00e9cennies, le secteur sportif b\u00e9n\u00e9ficie d&rsquo;une couverture m\u00e9diatique en constante \u00e9v\"}]},{\"@type\":\"WebSite\",\"@id\":\"https:\/\/portail-animation.ufcv.fr\/ateliers-seniors\/#website\",\"url\":\"https:\/\/portail-animation.ufcv.fr\/ateliers-seniors\/\",\"name\":\"Ateliers seniors\",\"description\":\"Un site utilisant R\u00e9seau Portail Animation\",\"potentialAction\":[{\"@type\":\"SearchAction\",\"target\":{\"@type\":\"EntryPoint\",\"urlTemplate\":\"https:\/\/portail-animation.ufcv.fr\/ateliers-seniors\/?s={search_term_string}\"},\"query-input\":{\"@type\":\"PropertyValueSpecification\",\"valueRequired\":true,\"valueName\":\"search_term_string\"}}],\"inLanguage\":\"fr-FR\"},{\"@type\":\"Person\",\"@id\":\"https:\/\/portail-animation.ufcv.fr\/ateliers-seniors\/#\/schema\/person\/e3920f121b148283c13890813088e2a0\",\"name\":\"adelforge\",\"image\":{\"@type\":\"ImageObject\",\"inLanguage\":\"fr-FR\",\"@id\":\"https:\/\/portail-animation.ufcv.fr\/ateliers-seniors\/#\/schema\/person\/image\/\",\"url\":\"https:\/\/secure.gravatar.com\/avatar\/8207ca5dec2038871f4ea2e2a260a192?s=96&d=mm&r=g\",\"contentUrl\":\"https:\/\/secure.gravatar.com\/avatar\/8207ca5dec2038871f4ea2e2a260a192?s=96&d=mm&r=g\",\"caption\":\"adelforge\"},\"url\":\"https:\/\/portail-animation.ufcv.fr\/ateliers-seniors\/author\/adelforge\/\"}]}<\/script>\r\n<!-- \/ Yoast SEO plugin. -->","yoast_head_json":{"title":"Depuis plusieurs d\u00e9cennies, le secteur sportif b\u00e9n\u00e9ficie d'une couverture m\u00e9diatique en constante \u00e9v - Ateliers seniors","robots":{"index":"index","follow":"follow","max-snippet":"max-snippet:-1","max-image-preview":"max-image-preview:large","max-video-preview":"max-video-preview:-1"},"canonical":"https:\/\/portail-animation.ufcv.fr\/ateliers-seniors\/2025\/09\/04\/depuis-plusieurs-decennies-le-secteur-sportif-beneficie-d-une-couverture-mediatique-en-constante-ev\/","og_locale":"fr_FR","og_type":"article","og_title":"Depuis plusieurs d\u00e9cennies, le secteur sportif b\u00e9n\u00e9ficie d'une couverture m\u00e9diatique en constante \u00e9v - Ateliers seniors","og_description":"Introduction : une mutation du paysage m\u00e9diatique sportif Depuis plusieurs d\u00e9cennies, le secteur sportif b\u00e9n\u00e9ficie d&rsquo;une couverture m\u00e9diatique en constante \u00e9volution, fa\u00e7onn\u00e9e par l&rsquo;essor du num\u00e9rique, les changements dans les habitudes de consommation et la mont\u00e9e en puissance des plateformes [&hellip;]","og_url":"https:\/\/portail-animation.ufcv.fr\/ateliers-seniors\/2025\/09\/04\/depuis-plusieurs-decennies-le-secteur-sportif-beneficie-d-une-couverture-mediatique-en-constante-ev\/","og_site_name":"Ateliers seniors","article_published_time":"2025-09-04T08:28:37+00:00","article_modified_time":"2026-09-04T08:28:08+00:00","author":"adelforge","twitter_card":"summary_large_image","twitter_misc":{"\u00c9crit par":"adelforge","Dur\u00e9e de lecture estim\u00e9e":"3 minutes"},"schema":{"@context":"https:\/\/schema.org","@graph":[{"@type":"WebPage","@id":"https:\/\/portail-animation.ufcv.fr\/ateliers-seniors\/2025\/09\/04\/depuis-plusieurs-decennies-le-secteur-sportif-beneficie-d-une-couverture-mediatique-en-constante-ev\/","url":"https:\/\/portail-animation.ufcv.fr\/ateliers-seniors\/2025\/09\/04\/depuis-plusieurs-decennies-le-secteur-sportif-beneficie-d-une-couverture-mediatique-en-constante-ev\/","name":"Depuis plusieurs d\u00e9cennies, le secteur sportif b\u00e9n\u00e9ficie d'une couverture m\u00e9diatique en constante \u00e9v - Ateliers seniors","isPartOf":{"@id":"https:\/\/portail-animation.ufcv.fr\/ateliers-seniors\/#website"},"datePublished":"2025-09-04T08:28:37+00:00","dateModified":"2026-09-04T08:28:08+00:00","author":{"@id":"https:\/\/portail-animation.ufcv.fr\/ateliers-seniors\/#\/schema\/person\/e3920f121b148283c13890813088e2a0"},"breadcrumb":{"@id":"https:\/\/portail-animation.ufcv.fr\/ateliers-seniors\/2025\/09\/04\/depuis-plusieurs-decennies-le-secteur-sportif-beneficie-d-une-couverture-mediatique-en-constante-ev\/#breadcrumb"},"inLanguage":"fr-FR","potentialAction":[{"@type":"ReadAction","target":["https:\/\/portail-animation.ufcv.fr\/ateliers-seniors\/2025\/09\/04\/depuis-plusieurs-decennies-le-secteur-sportif-beneficie-d-une-couverture-mediatique-en-constante-ev\/"]}]},{"@type":"BreadcrumbList","@id":"https:\/\/portail-animation.ufcv.fr\/ateliers-seniors\/2025\/09\/04\/depuis-plusieurs-decennies-le-secteur-sportif-beneficie-d-une-couverture-mediatique-en-constante-ev\/#breadcrumb","itemListElement":[{"@type":"ListItem","position":1,"name":"Accueil","item":"https:\/\/portail-animation.ufcv.fr\/ateliers-seniors\/"},{"@type":"ListItem","position":2,"name":"Depuis plusieurs d\u00e9cennies, le secteur sportif b\u00e9n\u00e9ficie d&rsquo;une couverture m\u00e9diatique en constante \u00e9v"}]},{"@type":"WebSite","@id":"https:\/\/portail-animation.ufcv.fr\/ateliers-seniors\/#website","url":"https:\/\/portail-animation.ufcv.fr\/ateliers-seniors\/","name":"Ateliers seniors","description":"Un site utilisant R\u00e9seau Portail Animation","potentialAction":[{"@type":"SearchAction","target":{"@type":"EntryPoint","urlTemplate":"https:\/\/portail-animation.ufcv.fr\/ateliers-seniors\/?s={search_term_string}"},"query-input":{"@type":"PropertyValueSpecification","valueRequired":true,"valueName":"search_term_string"}}],"inLanguage":"fr-FR"},{"@type":"Person","@id":"https:\/\/portail-animation.ufcv.fr\/ateliers-seniors\/#\/schema\/person\/e3920f121b148283c13890813088e2a0","name":"adelforge","image":{"@type":"ImageObject","inLanguage":"fr-FR","@id":"https:\/\/portail-animation.ufcv.fr\/ateliers-seniors\/#\/schema\/person\/image\/","url":"https:\/\/secure.gravatar.com\/avatar\/8207ca5dec2038871f4ea2e2a260a192?s=96&d=mm&r=g","contentUrl":"https:\/\/secure.gravatar.com\/avatar\/8207ca5dec2038871f4ea2e2a260a192?s=96&d=mm&r=g","caption":"adelforge"},"url":"https:\/\/portail-animation.ufcv.fr\/ateliers-seniors\/author\/adelforge\/"}]}},"_links":{"self":[{"href":"https:\/\/portail-animation.ufcv.fr\/ateliers-seniors\/wp-json\/wp\/v2\/posts\/6213","targetHints":{"allow":["GET"]}}],"collection":[{"href":"https:\/\/portail-animation.ufcv.fr\/ateliers-seniors\/wp-json\/wp\/v2\/posts"}],"about":[{"href":"https:\/\/portail-animation.ufcv.fr\/ateliers-seniors\/wp-json\/wp\/v2\/types\/post"}],"author":[{"embeddable":true,"href":"https:\/\/portail-animation.ufcv.fr\/ateliers-seniors\/wp-json\/wp\/v2\/users\/150"}],"replies":[{"embeddable":true,"href":"https:\/\/portail-animation.ufcv.fr\/ateliers-seniors\/wp-json\/wp\/v2\/comments?post=6213"}],"version-history":[{"count":1,"href":"https:\/\/portail-animation.ufcv.fr\/ateliers-seniors\/wp-json\/wp\/v2\/posts\/6213\/revisions"}],"predecessor-version":[{"id":6214,"href":"https:\/\/portail-animation.ufcv.fr\/ateliers-seniors\/wp-json\/wp\/v2\/posts\/6213\/revisions\/6214"}],"wp:attachment":[{"href":"https:\/\/portail-animation.ufcv.fr\/ateliers-seniors\/wp-json\/wp\/v2\/media?parent=6213"}],"wp:term":[{"taxonomy":"category","embeddable":true,"href":"https:\/\/portail-animation.ufcv.fr\/ateliers-seniors\/wp-json\/wp\/v2\/categories?post=6213"},{"taxonomy":"post_tag","embeddable":true,"href":"https:\/\/portail-animation.ufcv.fr\/ateliers-seniors\/wp-json\/wp\/v2\/tags?post=6213"}],"curies":[{"name":"wp","href":"https:\/\/api.w.org\/{rel}","templated":true}]}}