 {"id":655,"date":"2025-08-18T13:06:38","date_gmt":"2025-08-18T11:06:38","guid":{"rendered":"https:\/\/portail-animation.ufcv.fr\/ateliers-seniors\/?p=655"},"modified":"2026-08-18T13:05:38","modified_gmt":"2026-08-18T11:05:38","slug":"les-nouvelles-tendances-en-gestion-durable-de-l-agriculture-avicole-en-france","status":"publish","type":"post","link":"https:\/\/portail-animation.ufcv.fr\/ateliers-seniors\/2025\/08\/18\/les-nouvelles-tendances-en-gestion-durable-de-l-agriculture-avicole-en-france\/","title":{"rendered":"Les Nouvelles Tendances en Gestion Durable de l&rsquo;Agriculture Avicole en France"},"content":{"rendered":"<div class=\"section\">\n<p>Au fil des derni\u00e8res ann\u00e9es, le secteur avicole fran\u00e7ais a connu une transformation profonde, motiv\u00e9e par une exigence croissante de durabilit\u00e9, de tra\u00e7abilit\u00e9 et d&rsquo;innovation technologique. La recherche d&rsquo;une meilleure efficacit\u00e9 tout en respectant l\u2019environnement et le bien-\u00eatre animal a plac\u00e9 la gestion durable au c\u0153ur des strat\u00e9gies des acteurs de cette fili\u00e8re. Pour mieux comprendre ces \u00e9volutions, il est essentiel d&rsquo;examiner les pratiques innovantes et les ressources qui soutiennent cette transition.<\/p>\n<\/div>\n<h2>Les Enjeux Cruciaux de l&rsquo;Agriculture Avicole Moderne<\/h2>\n<div class=\"section\">\n<p>Le secteur avicole repr\u00e9sente une part importante de l\u2019agroalimentaire fran\u00e7ais, contribuant \u00e0 la s\u00e9curit\u00e9 alimentaire nationale et \u00e0 l\u2019\u00e9conomie rurale. Cependant, il fait face \u00e0 des d\u00e9fis majeurs tels que la r\u00e9duction de l\u2019impact environnemental, l\u2019utilisation optimis\u00e9e des ressources, et la conformit\u00e9 aux normes r\u00e9glementaires strictes li\u00e9es \u00e0 la sant\u00e9 animale et \u00e0 la s\u00e9curit\u00e9 des aliments.<\/p>\n<p>Les enjeux principaux incluent :<\/p>\n<ul>\n<li><strong>R\u00e9duction de l&#8217;empreinte carbone<\/strong> via l\u2019adoption de pratiques \u00e9coresponsables.<\/li>\n<li><strong>Am\u00e9lioration du bien-\u00eatre animal<\/strong> avec des syst\u00e8mes de gestion innovants.<\/li>\n<li><strong>Tra\u00e7abilit\u00e9 renforc\u00e9e<\/strong> pour garantir la transparence et la confiance des consommateurs.<\/li>\n<li><strong>Adoption de technologies num\u00e9riques<\/strong> pour une gestion plus pr\u00e9cise et efficace.<\/li>\n<\/ul>\n<\/div>\n<h2>Les Technologies et Pratiques Innovantes Revitalis\u00e9es<\/h2>\n<div class=\"section\">\n<p>Face \u00e0 ces enjeux, plusieurs innovations \u00e9mergent pour moderniser la fili\u00e8re avicole. Parmi celles-ci, l\u2019int\u00e9gration de solutions num\u00e9riques permet une surveillance proactive de la sant\u00e9 des troupeaux, l\u2019utilisation d\u2019\u00e9nergies renouvelables r\u00e9duit la d\u00e9pendance aux \u00e9nergies fossiles, et l\u2019optimisation des habitats participe au bien-\u00eatre des volailles.<\/p>\n<p>Par exemple, la gestion intelligente des b\u00e2timents via des capteurs connect\u00e9s permet d\u2019ajuster en temps r\u00e9el la ventilation, la temp\u00e9rature et la luminosit\u00e9, minimisant ainsi la consommation \u00e9nerg\u00e9tique tout en maximisant le confort animal.<\/p>\n<\/div>\n<h2>La Gestion Durable : Entre Innovation et R\u00e9glementation<\/h2>\n<div class=\"section\">\n<p>Le cadre r\u00e9glementaire europ\u00e9en et national impose un cadre strict en mati\u00e8re de bien-\u00eatre animal, d\u2019hygi\u00e8ne et de s\u00e9curit\u00e9 alimentaire. La conformit\u00e9 \u00e0 ces normes pousse les producteurs \u00e0 adopter des strat\u00e9gies de gestion qui allient innovation technologique et responsabilit\u00e9 \u00e9thique.<\/p>\n<p>Une ressource essentielle pour naviguer dans cet environnement r\u00e9glementaire en constante \u00e9volution est le site <a href=\"https:\/\/chickenroad2fr.fr\/\">chickenroad2fr.fr\/<\/a>. Ce portail propose des solutions concr\u00e8tes et des conseils pour am\u00e9liorer la gestion des \u00e9levages, tout en respectant l\u2019environnement, gr\u00e2ce \u00e0 une plateforme ax\u00e9e sur la durabilit\u00e9.<\/p>\n<\/div>\n<h2>Exemple d\u2019Utilisation de la Plateforme \u00ab\u00a0chickenroad2fr.fr\/\u00a0\u00bb<\/h2>\n<div class=\"section\">\n<p>Les \u00e9leveurs fran\u00e7ais qui cherchent \u00e0 moderniser leurs exploitations trouvent une ressource pr\u00e9cieuse en visitant chickenroad2fr.fr\/. Cette plateforme offre un \u00e9ventail de solutions, notamment :<\/p>\n<table>\n<thead>\n<tr>\n<th>Solutions propos\u00e9es<\/th>\n<th>Description<\/th>\n<th>Impact attendu<\/th>\n<\/tr>\n<\/thead>\n<tbody>\n<tr>\n<td>Gestion num\u00e9rique<\/td>\n<td>Syst\u00e8mes automatis\u00e9s pour la surveillance de l\u2019\u00e9levage<\/td>\n<td>R\u00e9duction des mortalit\u00e9s et optimisation des ressources<\/td>\n<\/tr>\n<tr>\n<td>Am\u00e9lioration du bien-\u00eatre animal<\/td>\n<td>Techniques d\u2019am\u00e9lioration des habitats<\/td>\n<td>Augmentation de la productivit\u00e9 et conformit\u00e9 r\u00e9glementaire<\/td>\n<\/tr>\n<tr>\n<td>Tra\u00e7abilit\u00e9 et transparence<\/td>\n<td>Syst\u00e8mes d\u2019\u00e9tiquetage num\u00e9riques certifi\u00e9s<\/td>\n<td>Confiance accrue et acc\u00e8s \u00e0 des march\u00e9s premium<\/td>\n<\/tr>\n<\/tbody>\n<\/table>\n<\/div>\n<h2>Perspectives d&rsquo;Avenir<\/h2>\n<div class=\"section\">\n<p>En conclusion, le secteur avicole fran\u00e7ais est \u00e0 l\u2019avant-garde d\u2019une r\u00e9volution durable. La conjugaison d\u2019innovations technologiques, de pratiques responsables et de r\u00e9glementations compr\u00e9hensives est essentielle pour b\u00e2tir une fili\u00e8re r\u00e9siliente et respectueuse de l\u2019environnement.<\/p>\n<p>Les plateformes comme chickenroad2fr\/ incarnent cette transformation, offrant aux acteurs du secteur les outils n\u00e9cessaires pour une gestion moderne et durable. Leur r\u00f4le est crucial, en favorisant une transition vers une agriculture plus verte, \u00e9thique et \u00e9conomiquement viable.<\/p>\n<\/div>\n","protected":false},"excerpt":{"rendered":"<p>Au fil des derni\u00e8res ann\u00e9es, le secteur avicole fran\u00e7ais a connu une transformation profonde, motiv\u00e9e par une exigence croissante de durabilit\u00e9, de tra\u00e7abilit\u00e9 et d&rsquo;innovation technologique. La recherche d&rsquo;une meilleure efficacit\u00e9 tout en respectant l\u2019environnement et le bien-\u00eatre animal a [&hellip;]<\/p>\n","protected":false},"author":150,"featured_media":0,"comment_status":"open","ping_status":"open","sticky":false,"template":"","format":"standard","meta":{"_acf_changed":false,"footnotes":""},"categories":[1],"tags":[],"class_list":["post-655","post","type-post","status-publish","format-standard","hentry","category-non-classe"],"acf":[],"yoast_head":"<!-- This site is optimized with the Yoast SEO plugin v23.9 - https:\/\/yoast.com\/wordpress\/plugins\/seo\/ -->\r\n<title>Les Nouvelles Tendances en Gestion Durable de l&#039;Agriculture Avicole en France - Ateliers seniors<\/title>\r\n<meta name=\"robots\" content=\"index, follow, max-snippet:-1, max-image-preview:large, max-video-preview:-1\" \/>\r\n<link rel=\"canonical\" href=\"https:\/\/portail-animation.ufcv.fr\/ateliers-seniors\/2025\/08\/18\/les-nouvelles-tendances-en-gestion-durable-de-l-agriculture-avicole-en-france\/\" \/>\r\n<meta property=\"og:locale\" content=\"fr_FR\" \/>\r\n<meta property=\"og:type\" content=\"article\" \/>\r\n<meta property=\"og:title\" content=\"Les Nouvelles Tendances en Gestion Durable de l&#039;Agriculture Avicole en France - Ateliers seniors\" \/>\r\n<meta property=\"og:description\" content=\"Au fil des derni\u00e8res ann\u00e9es, le secteur avicole fran\u00e7ais a connu une transformation profonde, motiv\u00e9e par une exigence croissante de durabilit\u00e9, de tra\u00e7abilit\u00e9 et d&rsquo;innovation technologique. La recherche d&rsquo;une meilleure efficacit\u00e9 tout en respectant l\u2019environnement et le bien-\u00eatre animal a [&hellip;]\" \/>\r\n<meta property=\"og:url\" content=\"https:\/\/portail-animation.ufcv.fr\/ateliers-seniors\/2025\/08\/18\/les-nouvelles-tendances-en-gestion-durable-de-l-agriculture-avicole-en-france\/\" \/>\r\n<meta property=\"og:site_name\" content=\"Ateliers seniors\" \/>\r\n<meta property=\"article:published_time\" content=\"2025-08-18T11:06:38+00:00\" \/>\r\n<meta property=\"article:modified_time\" content=\"2026-08-18T11:05:38+00:00\" \/>\r\n<meta name=\"author\" content=\"adelforge\" \/>\r\n<meta name=\"twitter:card\" content=\"summary_large_image\" \/>\r\n<meta name=\"twitter:label1\" content=\"\u00c9crit par\" \/>\n\t<meta name=\"twitter:data1\" content=\"adelforge\" \/>\n\t<meta name=\"twitter:label2\" content=\"Dur\u00e9e de lecture estim\u00e9e\" \/>\n\t<meta name=\"twitter:data2\" content=\"3 minutes\" \/>\r\n<script type=\"application\/ld+json\" class=\"yoast-schema-graph\">{\"@context\":\"https:\/\/schema.org\",\"@graph\":[{\"@type\":\"WebPage\",\"@id\":\"https:\/\/portail-animation.ufcv.fr\/ateliers-seniors\/2025\/08\/18\/les-nouvelles-tendances-en-gestion-durable-de-l-agriculture-avicole-en-france\/\",\"url\":\"https:\/\/portail-animation.ufcv.fr\/ateliers-seniors\/2025\/08\/18\/les-nouvelles-tendances-en-gestion-durable-de-l-agriculture-avicole-en-france\/\",\"name\":\"Les Nouvelles Tendances en Gestion Durable de l'Agriculture Avicole en France - Ateliers seniors\",\"isPartOf\":{\"@id\":\"https:\/\/portail-animation.ufcv.fr\/ateliers-seniors\/#website\"},\"datePublished\":\"2025-08-18T11:06:38+00:00\",\"dateModified\":\"2026-08-18T11:05:38+00:00\",\"author\":{\"@id\":\"https:\/\/portail-animation.ufcv.fr\/ateliers-seniors\/#\/schema\/person\/e3920f121b148283c13890813088e2a0\"},\"breadcrumb\":{\"@id\":\"https:\/\/portail-animation.ufcv.fr\/ateliers-seniors\/2025\/08\/18\/les-nouvelles-tendances-en-gestion-durable-de-l-agriculture-avicole-en-france\/#breadcrumb\"},\"inLanguage\":\"fr-FR\",\"potentialAction\":[{\"@type\":\"ReadAction\",\"target\":[\"https:\/\/portail-animation.ufcv.fr\/ateliers-seniors\/2025\/08\/18\/les-nouvelles-tendances-en-gestion-durable-de-l-agriculture-avicole-en-france\/\"]}]},{\"@type\":\"BreadcrumbList\",\"@id\":\"https:\/\/portail-animation.ufcv.fr\/ateliers-seniors\/2025\/08\/18\/les-nouvelles-tendances-en-gestion-durable-de-l-agriculture-avicole-en-france\/#breadcrumb\",\"itemListElement\":[{\"@type\":\"ListItem\",\"position\":1,\"name\":\"Accueil\",\"item\":\"https:\/\/portail-animation.ufcv.fr\/ateliers-seniors\/\"},{\"@type\":\"ListItem\",\"position\":2,\"name\":\"Les Nouvelles Tendances en Gestion Durable de l&rsquo;Agriculture Avicole en France\"}]},{\"@type\":\"WebSite\",\"@id\":\"https:\/\/portail-animation.ufcv.fr\/ateliers-seniors\/#website\",\"url\":\"https:\/\/portail-animation.ufcv.fr\/ateliers-seniors\/\",\"name\":\"Ateliers seniors\",\"description\":\"Un site utilisant R\u00e9seau Portail Animation\",\"potentialAction\":[{\"@type\":\"SearchAction\",\"target\":{\"@type\":\"EntryPoint\",\"urlTemplate\":\"https:\/\/portail-animation.ufcv.fr\/ateliers-seniors\/?s={search_term_string}\"},\"query-input\":{\"@type\":\"PropertyValueSpecification\",\"valueRequired\":true,\"valueName\":\"search_term_string\"}}],\"inLanguage\":\"fr-FR\"},{\"@type\":\"Person\",\"@id\":\"https:\/\/portail-animation.ufcv.fr\/ateliers-seniors\/#\/schema\/person\/e3920f121b148283c13890813088e2a0\",\"name\":\"adelforge\",\"image\":{\"@type\":\"ImageObject\",\"inLanguage\":\"fr-FR\",\"@id\":\"https:\/\/portail-animation.ufcv.fr\/ateliers-seniors\/#\/schema\/person\/image\/\",\"url\":\"https:\/\/secure.gravatar.com\/avatar\/8207ca5dec2038871f4ea2e2a260a192?s=96&d=mm&r=g\",\"contentUrl\":\"https:\/\/secure.gravatar.com\/avatar\/8207ca5dec2038871f4ea2e2a260a192?s=96&d=mm&r=g\",\"caption\":\"adelforge\"},\"url\":\"https:\/\/portail-animation.ufcv.fr\/ateliers-seniors\/author\/adelforge\/\"}]}<\/script>\r\n<!-- \/ Yoast SEO plugin. -->","yoast_head_json":{"title":"Les Nouvelles Tendances en Gestion Durable de l'Agriculture Avicole en France - Ateliers seniors","robots":{"index":"index","follow":"follow","max-snippet":"max-snippet:-1","max-image-preview":"max-image-preview:large","max-video-preview":"max-video-preview:-1"},"canonical":"https:\/\/portail-animation.ufcv.fr\/ateliers-seniors\/2025\/08\/18\/les-nouvelles-tendances-en-gestion-durable-de-l-agriculture-avicole-en-france\/","og_locale":"fr_FR","og_type":"article","og_title":"Les Nouvelles Tendances en Gestion Durable de l'Agriculture Avicole en France - Ateliers seniors","og_description":"Au fil des derni\u00e8res ann\u00e9es, le secteur avicole fran\u00e7ais a connu une transformation profonde, motiv\u00e9e par une exigence croissante de durabilit\u00e9, de tra\u00e7abilit\u00e9 et d&rsquo;innovation technologique. La recherche d&rsquo;une meilleure efficacit\u00e9 tout en respectant l\u2019environnement et le bien-\u00eatre animal a [&hellip;]","og_url":"https:\/\/portail-animation.ufcv.fr\/ateliers-seniors\/2025\/08\/18\/les-nouvelles-tendances-en-gestion-durable-de-l-agriculture-avicole-en-france\/","og_site_name":"Ateliers seniors","article_published_time":"2025-08-18T11:06:38+00:00","article_modified_time":"2026-08-18T11:05:38+00:00","author":"adelforge","twitter_card":"summary_large_image","twitter_misc":{"\u00c9crit par":"adelforge","Dur\u00e9e de lecture estim\u00e9e":"3 minutes"},"schema":{"@context":"https:\/\/schema.org","@graph":[{"@type":"WebPage","@id":"https:\/\/portail-animation.ufcv.fr\/ateliers-seniors\/2025\/08\/18\/les-nouvelles-tendances-en-gestion-durable-de-l-agriculture-avicole-en-france\/","url":"https:\/\/portail-animation.ufcv.fr\/ateliers-seniors\/2025\/08\/18\/les-nouvelles-tendances-en-gestion-durable-de-l-agriculture-avicole-en-france\/","name":"Les Nouvelles Tendances en Gestion Durable de l'Agriculture Avicole en France - Ateliers seniors","isPartOf":{"@id":"https:\/\/portail-animation.ufcv.fr\/ateliers-seniors\/#website"},"datePublished":"2025-08-18T11:06:38+00:00","dateModified":"2026-08-18T11:05:38+00:00","author":{"@id":"https:\/\/portail-animation.ufcv.fr\/ateliers-seniors\/#\/schema\/person\/e3920f121b148283c13890813088e2a0"},"breadcrumb":{"@id":"https:\/\/portail-animation.ufcv.fr\/ateliers-seniors\/2025\/08\/18\/les-nouvelles-tendances-en-gestion-durable-de-l-agriculture-avicole-en-france\/#breadcrumb"},"inLanguage":"fr-FR","potentialAction":[{"@type":"ReadAction","target":["https:\/\/portail-animation.ufcv.fr\/ateliers-seniors\/2025\/08\/18\/les-nouvelles-tendances-en-gestion-durable-de-l-agriculture-avicole-en-france\/"]}]},{"@type":"BreadcrumbList","@id":"https:\/\/portail-animation.ufcv.fr\/ateliers-seniors\/2025\/08\/18\/les-nouvelles-tendances-en-gestion-durable-de-l-agriculture-avicole-en-france\/#breadcrumb","itemListElement":[{"@type":"ListItem","position":1,"name":"Accueil","item":"https:\/\/portail-animation.ufcv.fr\/ateliers-seniors\/"},{"@type":"ListItem","position":2,"name":"Les Nouvelles Tendances en Gestion Durable de l&rsquo;Agriculture Avicole en France"}]},{"@type":"WebSite","@id":"https:\/\/portail-animation.ufcv.fr\/ateliers-seniors\/#website","url":"https:\/\/portail-animation.ufcv.fr\/ateliers-seniors\/","name":"Ateliers seniors","description":"Un site utilisant R\u00e9seau Portail Animation","potentialAction":[{"@type":"SearchAction","target":{"@type":"EntryPoint","urlTemplate":"https:\/\/portail-animation.ufcv.fr\/ateliers-seniors\/?s={search_term_string}"},"query-input":{"@type":"PropertyValueSpecification","valueRequired":true,"valueName":"search_term_string"}}],"inLanguage":"fr-FR"},{"@type":"Person","@id":"https:\/\/portail-animation.ufcv.fr\/ateliers-seniors\/#\/schema\/person\/e3920f121b148283c13890813088e2a0","name":"adelforge","image":{"@type":"ImageObject","inLanguage":"fr-FR","@id":"https:\/\/portail-animation.ufcv.fr\/ateliers-seniors\/#\/schema\/person\/image\/","url":"https:\/\/secure.gravatar.com\/avatar\/8207ca5dec2038871f4ea2e2a260a192?s=96&d=mm&r=g","contentUrl":"https:\/\/secure.gravatar.com\/avatar\/8207ca5dec2038871f4ea2e2a260a192?s=96&d=mm&r=g","caption":"adelforge"},"url":"https:\/\/portail-animation.ufcv.fr\/ateliers-seniors\/author\/adelforge\/"}]}},"_links":{"self":[{"href":"https:\/\/portail-animation.ufcv.fr\/ateliers-seniors\/wp-json\/wp\/v2\/posts\/655","targetHints":{"allow":["GET"]}}],"collection":[{"href":"https:\/\/portail-animation.ufcv.fr\/ateliers-seniors\/wp-json\/wp\/v2\/posts"}],"about":[{"href":"https:\/\/portail-animation.ufcv.fr\/ateliers-seniors\/wp-json\/wp\/v2\/types\/post"}],"author":[{"embeddable":true,"href":"https:\/\/portail-animation.ufcv.fr\/ateliers-seniors\/wp-json\/wp\/v2\/users\/150"}],"replies":[{"embeddable":true,"href":"https:\/\/portail-animation.ufcv.fr\/ateliers-seniors\/wp-json\/wp\/v2\/comments?post=655"}],"version-history":[{"count":1,"href":"https:\/\/portail-animation.ufcv.fr\/ateliers-seniors\/wp-json\/wp\/v2\/posts\/655\/revisions"}],"predecessor-version":[{"id":656,"href":"https:\/\/portail-animation.ufcv.fr\/ateliers-seniors\/wp-json\/wp\/v2\/posts\/655\/revisions\/656"}],"wp:attachment":[{"href":"https:\/\/portail-animation.ufcv.fr\/ateliers-seniors\/wp-json\/wp\/v2\/media?parent=655"}],"wp:term":[{"taxonomy":"category","embeddable":true,"href":"https:\/\/portail-animation.ufcv.fr\/ateliers-seniors\/wp-json\/wp\/v2\/categories?post=655"},{"taxonomy":"post_tag","embeddable":true,"href":"https:\/\/portail-animation.ufcv.fr\/ateliers-seniors\/wp-json\/wp\/v2\/tags?post=655"}],"curies":[{"name":"wp","href":"https:\/\/api.w.org\/{rel}","templated":true}]}}