 {"id":659,"date":"2025-08-18T13:07:37","date_gmt":"2025-08-18T11:07:37","guid":{"rendered":"https:\/\/portail-animation.ufcv.fr\/ateliers-seniors\/?p=659"},"modified":"2026-08-18T13:06:36","modified_gmt":"2026-08-18T11:06:36","slug":"die-zukunft-der-privatsphare-digitale-sicherheit-im-zeitalter-der-uberwachung","status":"publish","type":"post","link":"https:\/\/portail-animation.ufcv.fr\/ateliers-seniors\/2025\/08\/18\/die-zukunft-der-privatsphare-digitale-sicherheit-im-zeitalter-der-uberwachung\/","title":{"rendered":"Die Zukunft der Privatsph\u00e4re: Digitale Sicherheit im Zeitalter der \u00dcberwachung"},"content":{"rendered":"<p>In einer Welt, die zunehmend von digitalen Technologien und Datenfl\u00fcssen gepr\u00e4gt ist, gewinnt der Schutz der Privatsph\u00e4re eine immer zentralere Bedeutung. Die j\u00fcngsten Entwicklungen im Bereich der \u00dcberwachungstechnologien, sowohl auf staatlicher als auch auf privater Ebene, werfen grundlegende Fragen nach Informationen, Sicherheit und individueller Freiheit auf.<\/p>\n<h2>Digitale \u00dcberwachung: Mehr als nur Kontrolle<\/h2>\n<p>Seit dem Aufkommen von Big Data und k\u00fcnstlicher Intelligenz sind \u00dcberwachungssysteme allgegenw\u00e4rtig geworden. Von Gesichtserkennungskameras in \u00f6ffentlichen R\u00e4umen bis hin zu umfassenden Datensammlungen durch soziale Netzwerke \u2013 die technologischen M\u00f6glichkeiten wachsen exponentiell.<\/p>\n<p>Studien zeigen, dass <span class=\"accent\">globale \u00dcberwachungsma\u00dfnahmen<\/span> im Jahr 2022 einen Rekordwert von \u00fcber 1,2 Milliarden gesichtserkennungsf\u00e4higen \u00dcberwachungskameras erreichten, wobei die meisten in asiatischen L\u00e4ndern installiert wurden (<em>Quelle: Statista, 2023<\/em>).<\/p>\n<table>\n<tr>\n<th>Technologie<\/th>\n<th>Verwendungsbereich<\/th>\n<th>Ethik &amp; Risiko<\/th>\n<\/tr>\n<tr>\n<td>Gesichtserkennung<\/td>\n<td>\u00d6ffentliche Sicherheit, Zugangskontrolle<\/td>\n<td>Fehlidentifikationen, Diskriminierung<\/td>\n<\/tr>\n<tr>\n<td>Biometrische Daten<\/td>\n<td>Personalisierte Dienste, Grenzkontrolle<\/td>\n<td>Datenschutzverletzungen, Missbrauch<\/td>\n<\/tr>\n<tr>\n<td>K\u00fcnstliche Intelligenz<\/td>\n<td>Verhaltensanalyse, Pr\u00e4diktion<\/td>\n<td>Bias, \u00dcberwachungskapazit\u00e4ten<\/td>\n<\/tr>\n<\/table>\n<h2>Herausforderungen f\u00fcr den Datenschutz<\/h2>\n<p>Mit diesen technologischen Fortschritten entstehen Konflikte zwischen Sicherheitsinteressen und dem Schutz individueller Rechte. Es ist entscheidend, die Balance zwischen <span class=\"accent\">effektiver \u00dcberwachung<\/span> und <span class=\"accent\">Datenschutz<\/span> zu wahren, um autorit\u00e4re Tendenzen zu vermeiden.<\/p>\n<blockquote><p>\n\u201ePrivatsph\u00e4re ist die Grundlage unserer Freiheit. Ohne sie verwischen die Grenzen zwischen \u00f6ffentlichem Interesse und individuellem Recht.\u201c \u2013 Dr. Franziska Becker, Digitalrechts-Expertin\n<\/p><\/blockquote>\n<h2>Innovative Ans\u00e4tze f\u00fcr den Schutz der Privatsph\u00e4re<\/h2>\n<p>Hier kommen technische Innovationen ins Spiel, die auf <strong>Dezentralisierung<\/strong> und <strong>Verschl\u00fcsselung<\/strong> setzen. Neuartige Methoden, wie beispielsweise der Einsatz von <em>Zero-Knowledge-Proofs<\/em>, erm\u00f6glichen es, Daten zu validieren, ohne sie offen zu legen.<\/p>\n<p>Die Plattform <a href=\"https:\/\/eye-ofhorus.de\/\">https:\/\/eye-ofhorus.de\/<\/a> bietet tiefe Einblicke in die Welt der digitalen Sicherheit und zeigt Wege auf, wie B\u00fcrger und Organisationen ihre Privatsph\u00e4re effektiv sch\u00fctzen k\u00f6nnen. Besonders im Hinblick auf <strong>sensiblen Daten<\/strong> und <strong>kritische Infrastrukturen<\/strong> ist die Expertise dieser Ressource von hoher Bedeutung.<\/p>\n<h2>Die Rolle von Aufkl\u00e4rung und Regulierung<\/h2>\n<p>Technologie allein reicht jedoch nicht. Es bedarf gesetzlicher Rahmenwerke und einer aufgekl\u00e4rten Gesellschaft, um Missbrauch zu verhindern. Die Europ\u00e4ische Union hat bereits mit der Allgemeinen Datenschutzverordnung (DSGVO) eine Ma\u00dfgabe geschaffen, die den Datenschutz in Europa auf ein hohes Niveau hebt.<\/p>\n<p>Dennoch ist die st\u00e4ndige Weiterentwicklung der Technologien eine Herausforderung f\u00fcr Gesetzgeber und Gesellschaft gleicherma\u00dfen. Innovative Quellen wie https:\/\/eye-ofhorus.de\/ leisten hier wichtige Beitrag, indem sie Wissen und Handlungsempfehlungen bereitstellen.<\/p>\n<h2>Ausblick: Eine datenschutzorientierte Zukunft<\/h2>\n<p>Die Herausforderung besteht darin, technologische Innovationen so zu gestalten, dass sie die Privatsph\u00e4re sch\u00fctzen und gleichzeitig gesellschaftliche Sicherheitsinteressen gewahrt bleiben. Die Entwicklung vertrauensw\u00fcrdiger Sicherheitssysteme ist hier ein entscheidender Faktor.<\/p>\n<p>Fazit: In einer \u00c4ra, in der \u00dcberwachungsma\u00dfnahmen an Bedeutung gewinnen, ist es unerl\u00e4sslich, dass technische Experten, Rechtsexperten und die Gesellschaft gemeinsam Strategien entwickeln, um die Privatsph\u00e4re nachhaltig zu sichern. Quellen wie https:\/\/eye-ofhorus.de\/ bieten wertvolles Fachwissen, um diesen Wandel verantwortungsvoll zu gestalten.<\/p>\n","protected":false},"excerpt":{"rendered":"<p>In einer Welt, die zunehmend von digitalen Technologien und Datenfl\u00fcssen gepr\u00e4gt ist, gewinnt der Schutz der Privatsph\u00e4re eine immer zentralere Bedeutung. Die j\u00fcngsten Entwicklungen im Bereich der \u00dcberwachungstechnologien, sowohl auf staatlicher als auch auf privater Ebene, werfen grundlegende Fragen nach [&hellip;]<\/p>\n","protected":false},"author":150,"featured_media":0,"comment_status":"open","ping_status":"open","sticky":false,"template":"","format":"standard","meta":{"_acf_changed":false,"footnotes":""},"categories":[1],"tags":[],"class_list":["post-659","post","type-post","status-publish","format-standard","hentry","category-non-classe"],"acf":[],"yoast_head":"<!-- This site is optimized with the Yoast SEO plugin v23.9 - https:\/\/yoast.com\/wordpress\/plugins\/seo\/ -->\r\n<title>Die Zukunft der Privatsph\u00e4re: Digitale Sicherheit im Zeitalter der \u00dcberwachung - Ateliers seniors<\/title>\r\n<meta name=\"robots\" content=\"index, follow, max-snippet:-1, max-image-preview:large, max-video-preview:-1\" \/>\r\n<link rel=\"canonical\" href=\"https:\/\/portail-animation.ufcv.fr\/ateliers-seniors\/2025\/08\/18\/die-zukunft-der-privatsphare-digitale-sicherheit-im-zeitalter-der-uberwachung\/\" \/>\r\n<meta property=\"og:locale\" content=\"fr_FR\" \/>\r\n<meta property=\"og:type\" content=\"article\" \/>\r\n<meta property=\"og:title\" content=\"Die Zukunft der Privatsph\u00e4re: Digitale Sicherheit im Zeitalter der \u00dcberwachung - Ateliers seniors\" \/>\r\n<meta property=\"og:description\" content=\"In einer Welt, die zunehmend von digitalen Technologien und Datenfl\u00fcssen gepr\u00e4gt ist, gewinnt der Schutz der Privatsph\u00e4re eine immer zentralere Bedeutung. Die j\u00fcngsten Entwicklungen im Bereich der \u00dcberwachungstechnologien, sowohl auf staatlicher als auch auf privater Ebene, werfen grundlegende Fragen nach [&hellip;]\" \/>\r\n<meta property=\"og:url\" content=\"https:\/\/portail-animation.ufcv.fr\/ateliers-seniors\/2025\/08\/18\/die-zukunft-der-privatsphare-digitale-sicherheit-im-zeitalter-der-uberwachung\/\" \/>\r\n<meta property=\"og:site_name\" content=\"Ateliers seniors\" \/>\r\n<meta property=\"article:published_time\" content=\"2025-08-18T11:07:37+00:00\" \/>\r\n<meta property=\"article:modified_time\" content=\"2026-08-18T11:06:36+00:00\" \/>\r\n<meta name=\"author\" content=\"adelforge\" \/>\r\n<meta name=\"twitter:card\" content=\"summary_large_image\" \/>\r\n<meta name=\"twitter:label1\" content=\"\u00c9crit par\" \/>\n\t<meta name=\"twitter:data1\" content=\"adelforge\" \/>\n\t<meta name=\"twitter:label2\" content=\"Dur\u00e9e de lecture estim\u00e9e\" \/>\n\t<meta name=\"twitter:data2\" content=\"2 minutes\" \/>\r\n<script type=\"application\/ld+json\" class=\"yoast-schema-graph\">{\"@context\":\"https:\/\/schema.org\",\"@graph\":[{\"@type\":\"WebPage\",\"@id\":\"https:\/\/portail-animation.ufcv.fr\/ateliers-seniors\/2025\/08\/18\/die-zukunft-der-privatsphare-digitale-sicherheit-im-zeitalter-der-uberwachung\/\",\"url\":\"https:\/\/portail-animation.ufcv.fr\/ateliers-seniors\/2025\/08\/18\/die-zukunft-der-privatsphare-digitale-sicherheit-im-zeitalter-der-uberwachung\/\",\"name\":\"Die Zukunft der Privatsph\u00e4re: Digitale Sicherheit im Zeitalter der \u00dcberwachung - Ateliers seniors\",\"isPartOf\":{\"@id\":\"https:\/\/portail-animation.ufcv.fr\/ateliers-seniors\/#website\"},\"datePublished\":\"2025-08-18T11:07:37+00:00\",\"dateModified\":\"2026-08-18T11:06:36+00:00\",\"author\":{\"@id\":\"https:\/\/portail-animation.ufcv.fr\/ateliers-seniors\/#\/schema\/person\/e3920f121b148283c13890813088e2a0\"},\"breadcrumb\":{\"@id\":\"https:\/\/portail-animation.ufcv.fr\/ateliers-seniors\/2025\/08\/18\/die-zukunft-der-privatsphare-digitale-sicherheit-im-zeitalter-der-uberwachung\/#breadcrumb\"},\"inLanguage\":\"fr-FR\",\"potentialAction\":[{\"@type\":\"ReadAction\",\"target\":[\"https:\/\/portail-animation.ufcv.fr\/ateliers-seniors\/2025\/08\/18\/die-zukunft-der-privatsphare-digitale-sicherheit-im-zeitalter-der-uberwachung\/\"]}]},{\"@type\":\"BreadcrumbList\",\"@id\":\"https:\/\/portail-animation.ufcv.fr\/ateliers-seniors\/2025\/08\/18\/die-zukunft-der-privatsphare-digitale-sicherheit-im-zeitalter-der-uberwachung\/#breadcrumb\",\"itemListElement\":[{\"@type\":\"ListItem\",\"position\":1,\"name\":\"Accueil\",\"item\":\"https:\/\/portail-animation.ufcv.fr\/ateliers-seniors\/\"},{\"@type\":\"ListItem\",\"position\":2,\"name\":\"Die Zukunft der Privatsph\u00e4re: Digitale Sicherheit im Zeitalter der \u00dcberwachung\"}]},{\"@type\":\"WebSite\",\"@id\":\"https:\/\/portail-animation.ufcv.fr\/ateliers-seniors\/#website\",\"url\":\"https:\/\/portail-animation.ufcv.fr\/ateliers-seniors\/\",\"name\":\"Ateliers seniors\",\"description\":\"Un site utilisant R\u00e9seau Portail Animation\",\"potentialAction\":[{\"@type\":\"SearchAction\",\"target\":{\"@type\":\"EntryPoint\",\"urlTemplate\":\"https:\/\/portail-animation.ufcv.fr\/ateliers-seniors\/?s={search_term_string}\"},\"query-input\":{\"@type\":\"PropertyValueSpecification\",\"valueRequired\":true,\"valueName\":\"search_term_string\"}}],\"inLanguage\":\"fr-FR\"},{\"@type\":\"Person\",\"@id\":\"https:\/\/portail-animation.ufcv.fr\/ateliers-seniors\/#\/schema\/person\/e3920f121b148283c13890813088e2a0\",\"name\":\"adelforge\",\"image\":{\"@type\":\"ImageObject\",\"inLanguage\":\"fr-FR\",\"@id\":\"https:\/\/portail-animation.ufcv.fr\/ateliers-seniors\/#\/schema\/person\/image\/\",\"url\":\"https:\/\/secure.gravatar.com\/avatar\/8207ca5dec2038871f4ea2e2a260a192?s=96&d=mm&r=g\",\"contentUrl\":\"https:\/\/secure.gravatar.com\/avatar\/8207ca5dec2038871f4ea2e2a260a192?s=96&d=mm&r=g\",\"caption\":\"adelforge\"},\"url\":\"https:\/\/portail-animation.ufcv.fr\/ateliers-seniors\/author\/adelforge\/\"}]}<\/script>\r\n<!-- \/ Yoast SEO plugin. -->","yoast_head_json":{"title":"Die Zukunft der Privatsph\u00e4re: Digitale Sicherheit im Zeitalter der \u00dcberwachung - Ateliers seniors","robots":{"index":"index","follow":"follow","max-snippet":"max-snippet:-1","max-image-preview":"max-image-preview:large","max-video-preview":"max-video-preview:-1"},"canonical":"https:\/\/portail-animation.ufcv.fr\/ateliers-seniors\/2025\/08\/18\/die-zukunft-der-privatsphare-digitale-sicherheit-im-zeitalter-der-uberwachung\/","og_locale":"fr_FR","og_type":"article","og_title":"Die Zukunft der Privatsph\u00e4re: Digitale Sicherheit im Zeitalter der \u00dcberwachung - Ateliers seniors","og_description":"In einer Welt, die zunehmend von digitalen Technologien und Datenfl\u00fcssen gepr\u00e4gt ist, gewinnt der Schutz der Privatsph\u00e4re eine immer zentralere Bedeutung. Die j\u00fcngsten Entwicklungen im Bereich der \u00dcberwachungstechnologien, sowohl auf staatlicher als auch auf privater Ebene, werfen grundlegende Fragen nach [&hellip;]","og_url":"https:\/\/portail-animation.ufcv.fr\/ateliers-seniors\/2025\/08\/18\/die-zukunft-der-privatsphare-digitale-sicherheit-im-zeitalter-der-uberwachung\/","og_site_name":"Ateliers seniors","article_published_time":"2025-08-18T11:07:37+00:00","article_modified_time":"2026-08-18T11:06:36+00:00","author":"adelforge","twitter_card":"summary_large_image","twitter_misc":{"\u00c9crit par":"adelforge","Dur\u00e9e de lecture estim\u00e9e":"2 minutes"},"schema":{"@context":"https:\/\/schema.org","@graph":[{"@type":"WebPage","@id":"https:\/\/portail-animation.ufcv.fr\/ateliers-seniors\/2025\/08\/18\/die-zukunft-der-privatsphare-digitale-sicherheit-im-zeitalter-der-uberwachung\/","url":"https:\/\/portail-animation.ufcv.fr\/ateliers-seniors\/2025\/08\/18\/die-zukunft-der-privatsphare-digitale-sicherheit-im-zeitalter-der-uberwachung\/","name":"Die Zukunft der Privatsph\u00e4re: Digitale Sicherheit im Zeitalter der \u00dcberwachung - Ateliers seniors","isPartOf":{"@id":"https:\/\/portail-animation.ufcv.fr\/ateliers-seniors\/#website"},"datePublished":"2025-08-18T11:07:37+00:00","dateModified":"2026-08-18T11:06:36+00:00","author":{"@id":"https:\/\/portail-animation.ufcv.fr\/ateliers-seniors\/#\/schema\/person\/e3920f121b148283c13890813088e2a0"},"breadcrumb":{"@id":"https:\/\/portail-animation.ufcv.fr\/ateliers-seniors\/2025\/08\/18\/die-zukunft-der-privatsphare-digitale-sicherheit-im-zeitalter-der-uberwachung\/#breadcrumb"},"inLanguage":"fr-FR","potentialAction":[{"@type":"ReadAction","target":["https:\/\/portail-animation.ufcv.fr\/ateliers-seniors\/2025\/08\/18\/die-zukunft-der-privatsphare-digitale-sicherheit-im-zeitalter-der-uberwachung\/"]}]},{"@type":"BreadcrumbList","@id":"https:\/\/portail-animation.ufcv.fr\/ateliers-seniors\/2025\/08\/18\/die-zukunft-der-privatsphare-digitale-sicherheit-im-zeitalter-der-uberwachung\/#breadcrumb","itemListElement":[{"@type":"ListItem","position":1,"name":"Accueil","item":"https:\/\/portail-animation.ufcv.fr\/ateliers-seniors\/"},{"@type":"ListItem","position":2,"name":"Die Zukunft der Privatsph\u00e4re: Digitale Sicherheit im Zeitalter der \u00dcberwachung"}]},{"@type":"WebSite","@id":"https:\/\/portail-animation.ufcv.fr\/ateliers-seniors\/#website","url":"https:\/\/portail-animation.ufcv.fr\/ateliers-seniors\/","name":"Ateliers seniors","description":"Un site utilisant R\u00e9seau Portail Animation","potentialAction":[{"@type":"SearchAction","target":{"@type":"EntryPoint","urlTemplate":"https:\/\/portail-animation.ufcv.fr\/ateliers-seniors\/?s={search_term_string}"},"query-input":{"@type":"PropertyValueSpecification","valueRequired":true,"valueName":"search_term_string"}}],"inLanguage":"fr-FR"},{"@type":"Person","@id":"https:\/\/portail-animation.ufcv.fr\/ateliers-seniors\/#\/schema\/person\/e3920f121b148283c13890813088e2a0","name":"adelforge","image":{"@type":"ImageObject","inLanguage":"fr-FR","@id":"https:\/\/portail-animation.ufcv.fr\/ateliers-seniors\/#\/schema\/person\/image\/","url":"https:\/\/secure.gravatar.com\/avatar\/8207ca5dec2038871f4ea2e2a260a192?s=96&d=mm&r=g","contentUrl":"https:\/\/secure.gravatar.com\/avatar\/8207ca5dec2038871f4ea2e2a260a192?s=96&d=mm&r=g","caption":"adelforge"},"url":"https:\/\/portail-animation.ufcv.fr\/ateliers-seniors\/author\/adelforge\/"}]}},"_links":{"self":[{"href":"https:\/\/portail-animation.ufcv.fr\/ateliers-seniors\/wp-json\/wp\/v2\/posts\/659","targetHints":{"allow":["GET"]}}],"collection":[{"href":"https:\/\/portail-animation.ufcv.fr\/ateliers-seniors\/wp-json\/wp\/v2\/posts"}],"about":[{"href":"https:\/\/portail-animation.ufcv.fr\/ateliers-seniors\/wp-json\/wp\/v2\/types\/post"}],"author":[{"embeddable":true,"href":"https:\/\/portail-animation.ufcv.fr\/ateliers-seniors\/wp-json\/wp\/v2\/users\/150"}],"replies":[{"embeddable":true,"href":"https:\/\/portail-animation.ufcv.fr\/ateliers-seniors\/wp-json\/wp\/v2\/comments?post=659"}],"version-history":[{"count":1,"href":"https:\/\/portail-animation.ufcv.fr\/ateliers-seniors\/wp-json\/wp\/v2\/posts\/659\/revisions"}],"predecessor-version":[{"id":660,"href":"https:\/\/portail-animation.ufcv.fr\/ateliers-seniors\/wp-json\/wp\/v2\/posts\/659\/revisions\/660"}],"wp:attachment":[{"href":"https:\/\/portail-animation.ufcv.fr\/ateliers-seniors\/wp-json\/wp\/v2\/media?parent=659"}],"wp:term":[{"taxonomy":"category","embeddable":true,"href":"https:\/\/portail-animation.ufcv.fr\/ateliers-seniors\/wp-json\/wp\/v2\/categories?post=659"},{"taxonomy":"post_tag","embeddable":true,"href":"https:\/\/portail-animation.ufcv.fr\/ateliers-seniors\/wp-json\/wp\/v2\/tags?post=659"}],"curies":[{"name":"wp","href":"https:\/\/api.w.org\/{rel}","templated":true}]}}