 {"id":6611,"date":"2025-09-04T17:21:09","date_gmt":"2025-09-04T15:21:09","guid":{"rendered":"https:\/\/portail-animation.ufcv.fr\/ateliers-seniors\/?p=6611"},"modified":"2026-09-04T17:20:39","modified_gmt":"2026-09-04T15:20:39","slug":"les-mutations-de-la-formation-professionnelle-a-l-ere-du-numerique-un-regard-d-expert","status":"publish","type":"post","link":"https:\/\/portail-animation.ufcv.fr\/ateliers-seniors\/2025\/09\/04\/les-mutations-de-la-formation-professionnelle-a-l-ere-du-numerique-un-regard-d-expert\/","title":{"rendered":"Les mutations de la formation professionnelle \u00e0 l&rsquo;\u00e8re du num\u00e9rique : un regard d&rsquo;expert"},"content":{"rendered":"<p>Depuis la derni\u00e8re d\u00e9cennie, la transformation num\u00e9rique influence profond\u00e9ment tous les secteurs \u00e9conomiques, mais son impact sur la formation professionnelle demeure particuli\u00e8rement critique. Les organisations, conscientes de l&rsquo;\u00e9volution rapide des comp\u00e9tences requises, doivent repenser leurs strat\u00e9gies de d\u00e9veloppement des talents pour rester comp\u00e9titives. La question centrale demeure : comment optimiser ces processus de formation dans un contexte de vitesse accrue et de digitalisation massive ?<\/p>\n<h2>Le contexte actuel : une r\u00e9volution silencieuse mais profonde<\/h2>\n<p>Les notions traditionnelles de formation, souvent bas\u00e9es sur des sessions pr\u00e9sentielles et des cursus fig\u00e9s, c\u00e8dent place \u00e0 des approches agiles, modulaires et surtout num\u00e9riques. Selon un rapport publi\u00e9 par <strong>The World Economic Forum<\/strong> en 2023, 72\u00a0% des employeurs interrog\u00e9s consid\u00e8rent que leurs collaborateurs ont besoin d&rsquo;acqu\u00e9rir de nouvelles comp\u00e9tences pour faire face aux mutations technologiques rapides, notamment dans l&rsquo;intelligence artificielle, la cybers\u00e9curit\u00e9 ou encore la gestion de donn\u00e9es massives.<\/p>\n<p>Ce contexte stimule la croissance des plateformes de formation en ligne, des programmes de microlearning, ainsi que des solutions d&rsquo;apprentissage adaptatif. La n\u00e9cessit\u00e9 de solutions flexibles et \u00e9volutives devient incontournable, surtout dans un environnement o\u00f9 l&rsquo;agilit\u00e9 et la r\u00e9activit\u00e9 d\u00e9terminent la survie des entreprises.<\/p>\n<h2>Les innovations cl\u00e9s dans la transformation de la formation professionnelle<\/h2>\n<h3>1. La mont\u00e9e en puissance de l\u2019e-learning et des plateformes immersives<\/h3>\n<p>Les plateformes d\u2019e-learning, aliment\u00e9es par l\u2019intelligence artificielle et la r\u00e9alit\u00e9 virtuelle, offrent d\u00e9sormais des exp\u00e9riences d&rsquo;apprentissage immersives et personnalis\u00e9es. Par exemple, des simulateurs en VR permettent aux stagiaires de pratiquer des interventions m\u00e9dicales ou industrielles sans risques concrets, tout en b\u00e9n\u00e9ficiant d\u2019un feedback imm\u00e9diat.<\/p>\n<h3>2. La personnalisation gr\u00e2ce \u00e0 l\u2019intelligence artificielle<\/h3>\n<p>Les solutions bas\u00e9es sur l\u2019IA analysent le profil de chaque apprenant pour proposer une progression sur mesure. Cela a pour avantage d\u2019am\u00e9liorer la r\u00e9tention des connaissances et de r\u00e9duire le co\u00fbt global de la formation en \u00e9vitant les parcours g\u00e9n\u00e9riques.<\/p>\n<h3>3. La modularit\u00e9 et le microlearning<\/h3>\n<p>Le microlearning, qui consiste \u00e0 d\u00e9livrer de courtes sessions th\u00e9matiques accessibles \u00e0 tout moment, devient la norme. Cette approche s\u2019adapte parfaitement aux rythmes professionnels modernes, permettant une formation continue en situation de mobilit\u00e9 ou d\u2019urgence.<\/p>\n<h2>Les enjeux \u00e9thiques et strat\u00e9giques pour les entreprises<\/h2>\n<p>Ce mouvement n\u2019est pas sans d\u00e9fis. La digitalisation massive soumet les entreprises \u00e0 des questions d\u2019\u00e9thique li\u00e9es \u00e0 la gestion des donn\u00e9es personnelles, \u00e0 l\u2019\u00e9quit\u00e9 dans l\u2019acc\u00e8s aux formations, et \u00e0 la qualit\u00e9 p\u00e9dagogique. D\u2019autre part, la mont\u00e9e en puissance des plateformes n\u00e9cessite d\u2019\u00e9tablir des standards de qualit\u00e9, tout en s\u2019assurant que la transformation reste centr\u00e9e sur l\u2019humain.<\/p>\n<h2>Cas d\u2019\u00e9tude : strat\u00e9gies innovantes dans le secteur de la formation professionnelle<\/h2>\n<table>\n<thead>\n<tr>\n<th>Secteur<\/th>\n<th>Initiative innovante<\/th>\n<th>Impact mesur\u00e9<\/th>\n<\/tr>\n<\/thead>\n<tbody>\n<tr>\n<td>Technologies<\/td>\n<td>Utilisation de VR pour la formation en cybers\u00e9curit\u00e9<\/td>\n<td>Augmentation de la r\u00e9tention des comp\u00e9tences de 35\u00a0%<\/td>\n<\/tr>\n<tr>\n<td>Industrie<\/td>\n<td>Modules de microlearning sur plateforme d\u00e9di\u00e9e<\/td>\n<td>D\u00e9li\u00e9s en 3 minutes, d\u00e9cuplent la fr\u00e9quence de formation<\/td>\n<\/tr>\n<\/tbody>\n<\/table>\n<h2>Une ressource essentielle pour explorer ces innovations<\/h2>\n<p>Pour suivre l\u2019\u00e9volution et adopter les meilleures pratiques en formation num\u00e9rique, il est crucial de s\u2019appuyer sur des sources cr\u00e9dibles et actualis\u00e9es. Un site de r\u00e9f\u00e9rence dans ce domaine, offrant une expertise approfondie et des conseils pertinents, est disponible \u00e0 l\u2019adresse <a href=\"https:\/\/www.powerup1.fr\/\">http:\/\/powerup1.fr\/<\/a>. Ce portail propose notamment des analyses strat\u00e9giques, des \u00e9tudes de cas et des critiques des nouvelles tendances technologiques dans la formation professionnelle, faisant de lui une ressource pr\u00e9cieuse pour les responsables RH et les formateurs innovants.<\/p>\n<p>Comme le souligne leur contenu r\u00e9cent, la cl\u00e9 pour r\u00e9ussir cette transition r\u00e9side dans une vision strat\u00e9gique, une compr\u00e9hension fine des technologies, et une capacit\u00e9 \u00e0 int\u00e9grer l\u2019exp\u00e9rience utilisateur au c\u0153ur des dispositifs.<\/p>\n<h2>Conclusion : transformer la formation pour un avenir durable<\/h2>\n<p>La digitalisation n\u2019est pas une simple tendance passag\u00e8re, mais une \u00e9volution fondamentale des paradigmes de l\u2019apprentissage professionnel. En adoptant des strat\u00e9gies num\u00e9riques innovantes, les entreprises peuvent non seulement renforcer leurs comp\u00e9tences et leur agilit\u00e9, mais aussi favoriser une culture de l\u2019innovation continue. La r\u00e9ussite dans ce domaine exige une veille constante, une adaptation rapide et une collaboration \u00e9troite avec des partenaires experts, tels que ceux qui contribuent \u00e0 http:\/\/powerup1.fr\/.<\/p>\n<p>En d\u00e9finitive, l\u2019investissement dans la formation num\u00e9rique constitue une d\u00e9marche strat\u00e9gique pour b\u00e2tir un avenir plus comp\u00e9titif, inclusif et r\u00e9silient pour toutes les organisations.<\/p>\n","protected":false},"excerpt":{"rendered":"<p>Depuis la derni\u00e8re d\u00e9cennie, la transformation num\u00e9rique influence profond\u00e9ment tous les secteurs \u00e9conomiques, mais son impact sur la formation professionnelle demeure particuli\u00e8rement critique. Les organisations, conscientes de l&rsquo;\u00e9volution rapide des comp\u00e9tences requises, doivent repenser leurs strat\u00e9gies de d\u00e9veloppement des talents [&hellip;]<\/p>\n","protected":false},"author":150,"featured_media":0,"comment_status":"open","ping_status":"open","sticky":false,"template":"","format":"standard","meta":{"_acf_changed":false,"footnotes":""},"categories":[1],"tags":[],"class_list":["post-6611","post","type-post","status-publish","format-standard","hentry","category-non-classe"],"acf":[],"yoast_head":"<!-- This site is optimized with the Yoast SEO plugin v23.9 - https:\/\/yoast.com\/wordpress\/plugins\/seo\/ -->\r\n<title>Les mutations de la formation professionnelle \u00e0 l&#039;\u00e8re du num\u00e9rique : un regard d&#039;expert - Ateliers seniors<\/title>\r\n<meta name=\"robots\" content=\"index, follow, max-snippet:-1, max-image-preview:large, max-video-preview:-1\" \/>\r\n<link rel=\"canonical\" href=\"https:\/\/portail-animation.ufcv.fr\/ateliers-seniors\/2025\/09\/04\/les-mutations-de-la-formation-professionnelle-a-l-ere-du-numerique-un-regard-d-expert\/\" \/>\r\n<meta property=\"og:locale\" content=\"fr_FR\" \/>\r\n<meta property=\"og:type\" content=\"article\" \/>\r\n<meta property=\"og:title\" content=\"Les mutations de la formation professionnelle \u00e0 l&#039;\u00e8re du num\u00e9rique : un regard d&#039;expert - Ateliers seniors\" \/>\r\n<meta property=\"og:description\" content=\"Depuis la derni\u00e8re d\u00e9cennie, la transformation num\u00e9rique influence profond\u00e9ment tous les secteurs \u00e9conomiques, mais son impact sur la formation professionnelle demeure particuli\u00e8rement critique. Les organisations, conscientes de l&rsquo;\u00e9volution rapide des comp\u00e9tences requises, doivent repenser leurs strat\u00e9gies de d\u00e9veloppement des talents [&hellip;]\" \/>\r\n<meta property=\"og:url\" content=\"https:\/\/portail-animation.ufcv.fr\/ateliers-seniors\/2025\/09\/04\/les-mutations-de-la-formation-professionnelle-a-l-ere-du-numerique-un-regard-d-expert\/\" \/>\r\n<meta property=\"og:site_name\" content=\"Ateliers seniors\" \/>\r\n<meta property=\"article:published_time\" content=\"2025-09-04T15:21:09+00:00\" \/>\r\n<meta property=\"article:modified_time\" content=\"2026-09-04T15:20:39+00:00\" \/>\r\n<meta name=\"author\" content=\"adelforge\" \/>\r\n<meta name=\"twitter:card\" content=\"summary_large_image\" \/>\r\n<meta name=\"twitter:label1\" content=\"\u00c9crit par\" \/>\n\t<meta name=\"twitter:data1\" content=\"adelforge\" \/>\n\t<meta name=\"twitter:label2\" content=\"Dur\u00e9e de lecture estim\u00e9e\" \/>\n\t<meta name=\"twitter:data2\" content=\"4 minutes\" \/>\r\n<script type=\"application\/ld+json\" class=\"yoast-schema-graph\">{\"@context\":\"https:\/\/schema.org\",\"@graph\":[{\"@type\":\"WebPage\",\"@id\":\"https:\/\/portail-animation.ufcv.fr\/ateliers-seniors\/2025\/09\/04\/les-mutations-de-la-formation-professionnelle-a-l-ere-du-numerique-un-regard-d-expert\/\",\"url\":\"https:\/\/portail-animation.ufcv.fr\/ateliers-seniors\/2025\/09\/04\/les-mutations-de-la-formation-professionnelle-a-l-ere-du-numerique-un-regard-d-expert\/\",\"name\":\"Les mutations de la formation professionnelle \u00e0 l'\u00e8re du num\u00e9rique : un regard d'expert - Ateliers seniors\",\"isPartOf\":{\"@id\":\"https:\/\/portail-animation.ufcv.fr\/ateliers-seniors\/#website\"},\"datePublished\":\"2025-09-04T15:21:09+00:00\",\"dateModified\":\"2026-09-04T15:20:39+00:00\",\"author\":{\"@id\":\"https:\/\/portail-animation.ufcv.fr\/ateliers-seniors\/#\/schema\/person\/e3920f121b148283c13890813088e2a0\"},\"breadcrumb\":{\"@id\":\"https:\/\/portail-animation.ufcv.fr\/ateliers-seniors\/2025\/09\/04\/les-mutations-de-la-formation-professionnelle-a-l-ere-du-numerique-un-regard-d-expert\/#breadcrumb\"},\"inLanguage\":\"fr-FR\",\"potentialAction\":[{\"@type\":\"ReadAction\",\"target\":[\"https:\/\/portail-animation.ufcv.fr\/ateliers-seniors\/2025\/09\/04\/les-mutations-de-la-formation-professionnelle-a-l-ere-du-numerique-un-regard-d-expert\/\"]}]},{\"@type\":\"BreadcrumbList\",\"@id\":\"https:\/\/portail-animation.ufcv.fr\/ateliers-seniors\/2025\/09\/04\/les-mutations-de-la-formation-professionnelle-a-l-ere-du-numerique-un-regard-d-expert\/#breadcrumb\",\"itemListElement\":[{\"@type\":\"ListItem\",\"position\":1,\"name\":\"Accueil\",\"item\":\"https:\/\/portail-animation.ufcv.fr\/ateliers-seniors\/\"},{\"@type\":\"ListItem\",\"position\":2,\"name\":\"Les mutations de la formation professionnelle \u00e0 l&rsquo;\u00e8re du num\u00e9rique : un regard d&rsquo;expert\"}]},{\"@type\":\"WebSite\",\"@id\":\"https:\/\/portail-animation.ufcv.fr\/ateliers-seniors\/#website\",\"url\":\"https:\/\/portail-animation.ufcv.fr\/ateliers-seniors\/\",\"name\":\"Ateliers seniors\",\"description\":\"Un site utilisant R\u00e9seau Portail Animation\",\"potentialAction\":[{\"@type\":\"SearchAction\",\"target\":{\"@type\":\"EntryPoint\",\"urlTemplate\":\"https:\/\/portail-animation.ufcv.fr\/ateliers-seniors\/?s={search_term_string}\"},\"query-input\":{\"@type\":\"PropertyValueSpecification\",\"valueRequired\":true,\"valueName\":\"search_term_string\"}}],\"inLanguage\":\"fr-FR\"},{\"@type\":\"Person\",\"@id\":\"https:\/\/portail-animation.ufcv.fr\/ateliers-seniors\/#\/schema\/person\/e3920f121b148283c13890813088e2a0\",\"name\":\"adelforge\",\"image\":{\"@type\":\"ImageObject\",\"inLanguage\":\"fr-FR\",\"@id\":\"https:\/\/portail-animation.ufcv.fr\/ateliers-seniors\/#\/schema\/person\/image\/\",\"url\":\"https:\/\/secure.gravatar.com\/avatar\/8207ca5dec2038871f4ea2e2a260a192?s=96&d=mm&r=g\",\"contentUrl\":\"https:\/\/secure.gravatar.com\/avatar\/8207ca5dec2038871f4ea2e2a260a192?s=96&d=mm&r=g\",\"caption\":\"adelforge\"},\"url\":\"https:\/\/portail-animation.ufcv.fr\/ateliers-seniors\/author\/adelforge\/\"}]}<\/script>\r\n<!-- \/ Yoast SEO plugin. -->","yoast_head_json":{"title":"Les mutations de la formation professionnelle \u00e0 l'\u00e8re du num\u00e9rique : un regard d'expert - Ateliers seniors","robots":{"index":"index","follow":"follow","max-snippet":"max-snippet:-1","max-image-preview":"max-image-preview:large","max-video-preview":"max-video-preview:-1"},"canonical":"https:\/\/portail-animation.ufcv.fr\/ateliers-seniors\/2025\/09\/04\/les-mutations-de-la-formation-professionnelle-a-l-ere-du-numerique-un-regard-d-expert\/","og_locale":"fr_FR","og_type":"article","og_title":"Les mutations de la formation professionnelle \u00e0 l'\u00e8re du num\u00e9rique : un regard d'expert - Ateliers seniors","og_description":"Depuis la derni\u00e8re d\u00e9cennie, la transformation num\u00e9rique influence profond\u00e9ment tous les secteurs \u00e9conomiques, mais son impact sur la formation professionnelle demeure particuli\u00e8rement critique. Les organisations, conscientes de l&rsquo;\u00e9volution rapide des comp\u00e9tences requises, doivent repenser leurs strat\u00e9gies de d\u00e9veloppement des talents [&hellip;]","og_url":"https:\/\/portail-animation.ufcv.fr\/ateliers-seniors\/2025\/09\/04\/les-mutations-de-la-formation-professionnelle-a-l-ere-du-numerique-un-regard-d-expert\/","og_site_name":"Ateliers seniors","article_published_time":"2025-09-04T15:21:09+00:00","article_modified_time":"2026-09-04T15:20:39+00:00","author":"adelforge","twitter_card":"summary_large_image","twitter_misc":{"\u00c9crit par":"adelforge","Dur\u00e9e de lecture estim\u00e9e":"4 minutes"},"schema":{"@context":"https:\/\/schema.org","@graph":[{"@type":"WebPage","@id":"https:\/\/portail-animation.ufcv.fr\/ateliers-seniors\/2025\/09\/04\/les-mutations-de-la-formation-professionnelle-a-l-ere-du-numerique-un-regard-d-expert\/","url":"https:\/\/portail-animation.ufcv.fr\/ateliers-seniors\/2025\/09\/04\/les-mutations-de-la-formation-professionnelle-a-l-ere-du-numerique-un-regard-d-expert\/","name":"Les mutations de la formation professionnelle \u00e0 l'\u00e8re du num\u00e9rique : un regard d'expert - Ateliers seniors","isPartOf":{"@id":"https:\/\/portail-animation.ufcv.fr\/ateliers-seniors\/#website"},"datePublished":"2025-09-04T15:21:09+00:00","dateModified":"2026-09-04T15:20:39+00:00","author":{"@id":"https:\/\/portail-animation.ufcv.fr\/ateliers-seniors\/#\/schema\/person\/e3920f121b148283c13890813088e2a0"},"breadcrumb":{"@id":"https:\/\/portail-animation.ufcv.fr\/ateliers-seniors\/2025\/09\/04\/les-mutations-de-la-formation-professionnelle-a-l-ere-du-numerique-un-regard-d-expert\/#breadcrumb"},"inLanguage":"fr-FR","potentialAction":[{"@type":"ReadAction","target":["https:\/\/portail-animation.ufcv.fr\/ateliers-seniors\/2025\/09\/04\/les-mutations-de-la-formation-professionnelle-a-l-ere-du-numerique-un-regard-d-expert\/"]}]},{"@type":"BreadcrumbList","@id":"https:\/\/portail-animation.ufcv.fr\/ateliers-seniors\/2025\/09\/04\/les-mutations-de-la-formation-professionnelle-a-l-ere-du-numerique-un-regard-d-expert\/#breadcrumb","itemListElement":[{"@type":"ListItem","position":1,"name":"Accueil","item":"https:\/\/portail-animation.ufcv.fr\/ateliers-seniors\/"},{"@type":"ListItem","position":2,"name":"Les mutations de la formation professionnelle \u00e0 l&rsquo;\u00e8re du num\u00e9rique : un regard d&rsquo;expert"}]},{"@type":"WebSite","@id":"https:\/\/portail-animation.ufcv.fr\/ateliers-seniors\/#website","url":"https:\/\/portail-animation.ufcv.fr\/ateliers-seniors\/","name":"Ateliers seniors","description":"Un site utilisant R\u00e9seau Portail Animation","potentialAction":[{"@type":"SearchAction","target":{"@type":"EntryPoint","urlTemplate":"https:\/\/portail-animation.ufcv.fr\/ateliers-seniors\/?s={search_term_string}"},"query-input":{"@type":"PropertyValueSpecification","valueRequired":true,"valueName":"search_term_string"}}],"inLanguage":"fr-FR"},{"@type":"Person","@id":"https:\/\/portail-animation.ufcv.fr\/ateliers-seniors\/#\/schema\/person\/e3920f121b148283c13890813088e2a0","name":"adelforge","image":{"@type":"ImageObject","inLanguage":"fr-FR","@id":"https:\/\/portail-animation.ufcv.fr\/ateliers-seniors\/#\/schema\/person\/image\/","url":"https:\/\/secure.gravatar.com\/avatar\/8207ca5dec2038871f4ea2e2a260a192?s=96&d=mm&r=g","contentUrl":"https:\/\/secure.gravatar.com\/avatar\/8207ca5dec2038871f4ea2e2a260a192?s=96&d=mm&r=g","caption":"adelforge"},"url":"https:\/\/portail-animation.ufcv.fr\/ateliers-seniors\/author\/adelforge\/"}]}},"_links":{"self":[{"href":"https:\/\/portail-animation.ufcv.fr\/ateliers-seniors\/wp-json\/wp\/v2\/posts\/6611","targetHints":{"allow":["GET"]}}],"collection":[{"href":"https:\/\/portail-animation.ufcv.fr\/ateliers-seniors\/wp-json\/wp\/v2\/posts"}],"about":[{"href":"https:\/\/portail-animation.ufcv.fr\/ateliers-seniors\/wp-json\/wp\/v2\/types\/post"}],"author":[{"embeddable":true,"href":"https:\/\/portail-animation.ufcv.fr\/ateliers-seniors\/wp-json\/wp\/v2\/users\/150"}],"replies":[{"embeddable":true,"href":"https:\/\/portail-animation.ufcv.fr\/ateliers-seniors\/wp-json\/wp\/v2\/comments?post=6611"}],"version-history":[{"count":1,"href":"https:\/\/portail-animation.ufcv.fr\/ateliers-seniors\/wp-json\/wp\/v2\/posts\/6611\/revisions"}],"predecessor-version":[{"id":6612,"href":"https:\/\/portail-animation.ufcv.fr\/ateliers-seniors\/wp-json\/wp\/v2\/posts\/6611\/revisions\/6612"}],"wp:attachment":[{"href":"https:\/\/portail-animation.ufcv.fr\/ateliers-seniors\/wp-json\/wp\/v2\/media?parent=6611"}],"wp:term":[{"taxonomy":"category","embeddable":true,"href":"https:\/\/portail-animation.ufcv.fr\/ateliers-seniors\/wp-json\/wp\/v2\/categories?post=6611"},{"taxonomy":"post_tag","embeddable":true,"href":"https:\/\/portail-animation.ufcv.fr\/ateliers-seniors\/wp-json\/wp\/v2\/tags?post=6611"}],"curies":[{"name":"wp","href":"https:\/\/api.w.org\/{rel}","templated":true}]}}