 {"id":6657,"date":"2025-09-04T17:45:20","date_gmt":"2025-09-04T15:45:20","guid":{"rendered":"https:\/\/portail-animation.ufcv.fr\/ateliers-seniors\/?p=6657"},"modified":"2026-09-04T17:44:50","modified_gmt":"2026-09-04T15:44:50","slug":"integration-des-technologies-innovantes-dans-la-gestion-durable-des-ressources-analyse-professionnelle","status":"publish","type":"post","link":"https:\/\/portail-animation.ufcv.fr\/ateliers-seniors\/2025\/09\/04\/integration-des-technologies-innovantes-dans-la-gestion-durable-des-ressources-analyse-professionnelle\/","title":{"rendered":"Int\u00e9gration des Technologies Innovantes dans la Gestion Durable des Ressources : Analyse Professionnelle"},"content":{"rendered":"<p>Dans un contexte global marqu\u00e9 par la croissance d\u00e9mographique, la pression environnementale et l&rsquo;\u00e9volution rapide des technologies num\u00e9riques, la gestion durable des ressources naturelles devient plus cruciale que jamais. Les industries, tant au niveau national qu&rsquo;international, doivent int\u00e9grer des solutions innovantes pour optimiser l\u2019utilisation des ressources, r\u00e9duire leur empreinte \u00e9cologique et assurer une r\u00e9silience face aux enjeux \u00e9cologiques et \u00e9conomiques.<\/p>\n<h2>Les Nouveaux Paradigmes de la Gestion des Ressources<\/h2>\n<p>Depuis la derni\u00e8re d\u00e9cennie, la transition vers une gestion plus intelligente et responsable des ressources a \u00e9t\u00e9 catalys\u00e9e par l\u2019essor de technologies telles que l&rsquo;Internet des Objets (IoT), l\u2019intelligence artificielle (IA) et les plateformes num\u00e9riques sophistiqu\u00e9es. Ces outils permettent non seulement de monitorer en temps r\u00e9el, mais aussi de pr\u00e9voir, d\u2019optimiser, et d\u2019automatiser des processus complexes. A travers des \u00e9tudes de cas et des analyses sectorielles, il appara\u00eet clairement que ces innovations jouent un r\u00f4le d\u00e9terminant dans la transition vers une \u00e9conomie circulaire.<\/p>\n<blockquote><p>\n\u00ab\u00a0Les technologies num\u00e9riques offrent aux gestionnaires de ressources la capacit\u00e9 de faire des choix \u00e9clair\u00e9s, en se basant sur des donn\u00e9es pr\u00e9cises et en temps r\u00e9el, am\u00e9liorant ainsi la durabilit\u00e9 tout en renfor\u00e7ant la rentabilit\u00e9.\u00a0\u00bb \u2013 Expert en Gestion de Ressources Durables\n<\/p><\/blockquote>\n<h2>Exemples Concrets d\u2019Innovation : Le Cas des Plateformes de Gestion<\/h2>\n<p>Un exemple illustratif qui m\u00e9rite l\u2019attention est celui des plateformes num\u00e9riques sp\u00e9cialis\u00e9es dans la gestion de projets environnementaux et industriels. Ces plateformes fournissent une interface int\u00e9gr\u00e9e permettant de suivre la consommation, la qualit\u00e9, et la consommation \u00e9nerg\u00e9tique de diff\u00e9rentes infrastructures ou sites industriels. La cr\u00e9dibilit\u00e9 et la robustesse de ces outils reposent souvent sur leur capacit\u00e9 \u00e0 agr\u00e9ger plusieurs sources de donn\u00e9es et \u00e0 appliquer des analyses pr\u00e9dictives avanc\u00e9es.<\/p>\n<p>Pour approfondir cette approche, il est instructif de consulter les ressources propos\u00e9es par <a href=\"https:\/\/www.yeti-zino.fr\/\">www.yeti-zino.fr<\/a>. Cette plateforme se distingue par sa sp\u00e9cialisation dans la conception de solutions num\u00e9riques innovantes pour la gestion durable, notamment dans le secteur de l\u2019\u00e9nergie, de l\u2019eau, et des d\u00e9chets. Elle sert de r\u00e9f\u00e9rence cr\u00e9dible pour les professionnels souhaitant mettre en \u0153uvre des strat\u00e9gies techniquement avanc\u00e9es et \u00e9cologiquement responsables.<\/p>\n<h2>Impacts et D\u00e9fis de l\u2019Adoption Technologique<\/h2>\n<p>Les b\u00e9n\u00e9fices sont substantiels :<\/p>\n<ul>\n<li><strong>Optimisation des ressources<\/strong> via des analyses en temps r\u00e9el<\/li>\n<li><strong>R\u00e9duction de l\u2019empreinte carbone<\/strong> par la gestion proactive et automatis\u00e9e<\/li>\n<li><strong>Transparence accrue<\/strong> dans la tra\u00e7abilit\u00e9 et la responsabilit\u00e9 environnementale<\/li>\n<\/ul>\n<p>Cependant, ces avanc\u00e9es ne sont pas exemptes de d\u00e9fis. La mise en \u0153uvre requiert des investissements importants, une adaptation des comp\u00e9tences, ainsi qu\u2019une gestion rigoureuse de la cybers\u00e9curit\u00e9. Par ailleurs, l\u2019int\u00e9gration des donn\u00e9es provenant de diff\u00e9rentes sources impose une coh\u00e9rence et une standardisation que toutes les entreprises ne sont pas pr\u00eates \u00e0 adopter imm\u00e9diatement.<\/p>\n<h2>Perspectives pour l\u2019Industrie et la Recherche<\/h2>\n<p>Les tendances actuelles pointent vers une int\u00e9gration accrue de l\u2019intelligence artificielle, du machine learning, et de la blockchain dans les syst\u00e8mes de gestion des ressources. Ces innovations promettent de rendre ces syst\u00e8mes encore plus r\u00e9actifs et s\u00e9curis\u00e9s, facilitant une gouvernance autonome et d\u00e9centralis\u00e9e.<\/p>\n<p>Pour suivre ces \u00e9volutions, il est essentiel d\u2019acc\u00e9der \u00e0 des ressources cr\u00e9dibles et actualis\u00e9es. La plateforme www.yeti-zino.fr repr\u00e9sente une r\u00e9f\u00e9rence dans ce domaine, proposant des solutions qui allient innovation technologique et respect des principes de durabilit\u00e9. Such references are invaluable for industry leaders, policymakers, and researchers seeking to align their strategies with best practices.<\/p>\n<h2>Conclusion<\/h2>\n<p>Int\u00e9grer la technologie dans la gestion durable des ressources n\u2019est plus une option, mais une n\u00e9cessit\u00e9 strat\u00e9gique. La d\u00e9marche exige une vision \u00e0 long terme, ainsi qu\u2019un engagement envers l\u2019innovation responsable. En s\u2019appuyant sur des sources fiables telles que www.yeti-zino.fr, les acteurs du secteur peuvent non seulement renforcer leur comp\u00e9titivit\u00e9 mais aussi contribuer significativement \u00e0 la pr\u00e9servation de notre environnement pour les g\u00e9n\u00e9rations futures.<\/p>\n<p style=\"margin-top: 2em;font-weight: bold\">Pour en savoir plus, explorez les solutions innovantes propos\u00e9es par www.yeti-zino.fr, une r\u00e9f\u00e9rence incontournable dans la transformation num\u00e9rique durable.<\/p>\n","protected":false},"excerpt":{"rendered":"<p>Dans un contexte global marqu\u00e9 par la croissance d\u00e9mographique, la pression environnementale et l&rsquo;\u00e9volution rapide des technologies num\u00e9riques, la gestion durable des ressources naturelles devient plus cruciale que jamais. Les industries, tant au niveau national qu&rsquo;international, doivent int\u00e9grer des solutions [&hellip;]<\/p>\n","protected":false},"author":150,"featured_media":0,"comment_status":"open","ping_status":"open","sticky":false,"template":"","format":"standard","meta":{"_acf_changed":false,"footnotes":""},"categories":[1],"tags":[],"class_list":["post-6657","post","type-post","status-publish","format-standard","hentry","category-non-classe"],"acf":[],"yoast_head":"<!-- This site is optimized with the Yoast SEO plugin v23.9 - https:\/\/yoast.com\/wordpress\/plugins\/seo\/ -->\r\n<title>Int\u00e9gration des Technologies Innovantes dans la Gestion Durable des Ressources : Analyse Professionnelle - Ateliers seniors<\/title>\r\n<meta name=\"robots\" content=\"index, follow, max-snippet:-1, max-image-preview:large, max-video-preview:-1\" \/>\r\n<link rel=\"canonical\" href=\"https:\/\/portail-animation.ufcv.fr\/ateliers-seniors\/2025\/09\/04\/integration-des-technologies-innovantes-dans-la-gestion-durable-des-ressources-analyse-professionnelle\/\" \/>\r\n<meta property=\"og:locale\" content=\"fr_FR\" \/>\r\n<meta property=\"og:type\" content=\"article\" \/>\r\n<meta property=\"og:title\" content=\"Int\u00e9gration des Technologies Innovantes dans la Gestion Durable des Ressources : Analyse Professionnelle - Ateliers seniors\" \/>\r\n<meta property=\"og:description\" content=\"Dans un contexte global marqu\u00e9 par la croissance d\u00e9mographique, la pression environnementale et l&rsquo;\u00e9volution rapide des technologies num\u00e9riques, la gestion durable des ressources naturelles devient plus cruciale que jamais. Les industries, tant au niveau national qu&rsquo;international, doivent int\u00e9grer des solutions [&hellip;]\" \/>\r\n<meta property=\"og:url\" content=\"https:\/\/portail-animation.ufcv.fr\/ateliers-seniors\/2025\/09\/04\/integration-des-technologies-innovantes-dans-la-gestion-durable-des-ressources-analyse-professionnelle\/\" \/>\r\n<meta property=\"og:site_name\" content=\"Ateliers seniors\" \/>\r\n<meta property=\"article:published_time\" content=\"2025-09-04T15:45:20+00:00\" \/>\r\n<meta property=\"article:modified_time\" content=\"2026-09-04T15:44:50+00:00\" \/>\r\n<meta name=\"author\" content=\"adelforge\" \/>\r\n<meta name=\"twitter:card\" content=\"summary_large_image\" \/>\r\n<meta name=\"twitter:label1\" content=\"\u00c9crit par\" \/>\n\t<meta name=\"twitter:data1\" content=\"adelforge\" \/>\n\t<meta name=\"twitter:label2\" content=\"Dur\u00e9e de lecture estim\u00e9e\" \/>\n\t<meta name=\"twitter:data2\" content=\"4 minutes\" \/>\r\n<script type=\"application\/ld+json\" class=\"yoast-schema-graph\">{\"@context\":\"https:\/\/schema.org\",\"@graph\":[{\"@type\":\"WebPage\",\"@id\":\"https:\/\/portail-animation.ufcv.fr\/ateliers-seniors\/2025\/09\/04\/integration-des-technologies-innovantes-dans-la-gestion-durable-des-ressources-analyse-professionnelle\/\",\"url\":\"https:\/\/portail-animation.ufcv.fr\/ateliers-seniors\/2025\/09\/04\/integration-des-technologies-innovantes-dans-la-gestion-durable-des-ressources-analyse-professionnelle\/\",\"name\":\"Int\u00e9gration des Technologies Innovantes dans la Gestion Durable des Ressources : Analyse Professionnelle - Ateliers seniors\",\"isPartOf\":{\"@id\":\"https:\/\/portail-animation.ufcv.fr\/ateliers-seniors\/#website\"},\"datePublished\":\"2025-09-04T15:45:20+00:00\",\"dateModified\":\"2026-09-04T15:44:50+00:00\",\"author\":{\"@id\":\"https:\/\/portail-animation.ufcv.fr\/ateliers-seniors\/#\/schema\/person\/e3920f121b148283c13890813088e2a0\"},\"breadcrumb\":{\"@id\":\"https:\/\/portail-animation.ufcv.fr\/ateliers-seniors\/2025\/09\/04\/integration-des-technologies-innovantes-dans-la-gestion-durable-des-ressources-analyse-professionnelle\/#breadcrumb\"},\"inLanguage\":\"fr-FR\",\"potentialAction\":[{\"@type\":\"ReadAction\",\"target\":[\"https:\/\/portail-animation.ufcv.fr\/ateliers-seniors\/2025\/09\/04\/integration-des-technologies-innovantes-dans-la-gestion-durable-des-ressources-analyse-professionnelle\/\"]}]},{\"@type\":\"BreadcrumbList\",\"@id\":\"https:\/\/portail-animation.ufcv.fr\/ateliers-seniors\/2025\/09\/04\/integration-des-technologies-innovantes-dans-la-gestion-durable-des-ressources-analyse-professionnelle\/#breadcrumb\",\"itemListElement\":[{\"@type\":\"ListItem\",\"position\":1,\"name\":\"Accueil\",\"item\":\"https:\/\/portail-animation.ufcv.fr\/ateliers-seniors\/\"},{\"@type\":\"ListItem\",\"position\":2,\"name\":\"Int\u00e9gration des Technologies Innovantes dans la Gestion Durable des Ressources : Analyse Professionnelle\"}]},{\"@type\":\"WebSite\",\"@id\":\"https:\/\/portail-animation.ufcv.fr\/ateliers-seniors\/#website\",\"url\":\"https:\/\/portail-animation.ufcv.fr\/ateliers-seniors\/\",\"name\":\"Ateliers seniors\",\"description\":\"Un site utilisant R\u00e9seau Portail Animation\",\"potentialAction\":[{\"@type\":\"SearchAction\",\"target\":{\"@type\":\"EntryPoint\",\"urlTemplate\":\"https:\/\/portail-animation.ufcv.fr\/ateliers-seniors\/?s={search_term_string}\"},\"query-input\":{\"@type\":\"PropertyValueSpecification\",\"valueRequired\":true,\"valueName\":\"search_term_string\"}}],\"inLanguage\":\"fr-FR\"},{\"@type\":\"Person\",\"@id\":\"https:\/\/portail-animation.ufcv.fr\/ateliers-seniors\/#\/schema\/person\/e3920f121b148283c13890813088e2a0\",\"name\":\"adelforge\",\"image\":{\"@type\":\"ImageObject\",\"inLanguage\":\"fr-FR\",\"@id\":\"https:\/\/portail-animation.ufcv.fr\/ateliers-seniors\/#\/schema\/person\/image\/\",\"url\":\"https:\/\/secure.gravatar.com\/avatar\/8207ca5dec2038871f4ea2e2a260a192?s=96&d=mm&r=g\",\"contentUrl\":\"https:\/\/secure.gravatar.com\/avatar\/8207ca5dec2038871f4ea2e2a260a192?s=96&d=mm&r=g\",\"caption\":\"adelforge\"},\"url\":\"https:\/\/portail-animation.ufcv.fr\/ateliers-seniors\/author\/adelforge\/\"}]}<\/script>\r\n<!-- \/ Yoast SEO plugin. -->","yoast_head_json":{"title":"Int\u00e9gration des Technologies Innovantes dans la Gestion Durable des Ressources : Analyse Professionnelle - Ateliers seniors","robots":{"index":"index","follow":"follow","max-snippet":"max-snippet:-1","max-image-preview":"max-image-preview:large","max-video-preview":"max-video-preview:-1"},"canonical":"https:\/\/portail-animation.ufcv.fr\/ateliers-seniors\/2025\/09\/04\/integration-des-technologies-innovantes-dans-la-gestion-durable-des-ressources-analyse-professionnelle\/","og_locale":"fr_FR","og_type":"article","og_title":"Int\u00e9gration des Technologies Innovantes dans la Gestion Durable des Ressources : Analyse Professionnelle - Ateliers seniors","og_description":"Dans un contexte global marqu\u00e9 par la croissance d\u00e9mographique, la pression environnementale et l&rsquo;\u00e9volution rapide des technologies num\u00e9riques, la gestion durable des ressources naturelles devient plus cruciale que jamais. Les industries, tant au niveau national qu&rsquo;international, doivent int\u00e9grer des solutions [&hellip;]","og_url":"https:\/\/portail-animation.ufcv.fr\/ateliers-seniors\/2025\/09\/04\/integration-des-technologies-innovantes-dans-la-gestion-durable-des-ressources-analyse-professionnelle\/","og_site_name":"Ateliers seniors","article_published_time":"2025-09-04T15:45:20+00:00","article_modified_time":"2026-09-04T15:44:50+00:00","author":"adelforge","twitter_card":"summary_large_image","twitter_misc":{"\u00c9crit par":"adelforge","Dur\u00e9e de lecture estim\u00e9e":"4 minutes"},"schema":{"@context":"https:\/\/schema.org","@graph":[{"@type":"WebPage","@id":"https:\/\/portail-animation.ufcv.fr\/ateliers-seniors\/2025\/09\/04\/integration-des-technologies-innovantes-dans-la-gestion-durable-des-ressources-analyse-professionnelle\/","url":"https:\/\/portail-animation.ufcv.fr\/ateliers-seniors\/2025\/09\/04\/integration-des-technologies-innovantes-dans-la-gestion-durable-des-ressources-analyse-professionnelle\/","name":"Int\u00e9gration des Technologies Innovantes dans la Gestion Durable des Ressources : Analyse Professionnelle - Ateliers seniors","isPartOf":{"@id":"https:\/\/portail-animation.ufcv.fr\/ateliers-seniors\/#website"},"datePublished":"2025-09-04T15:45:20+00:00","dateModified":"2026-09-04T15:44:50+00:00","author":{"@id":"https:\/\/portail-animation.ufcv.fr\/ateliers-seniors\/#\/schema\/person\/e3920f121b148283c13890813088e2a0"},"breadcrumb":{"@id":"https:\/\/portail-animation.ufcv.fr\/ateliers-seniors\/2025\/09\/04\/integration-des-technologies-innovantes-dans-la-gestion-durable-des-ressources-analyse-professionnelle\/#breadcrumb"},"inLanguage":"fr-FR","potentialAction":[{"@type":"ReadAction","target":["https:\/\/portail-animation.ufcv.fr\/ateliers-seniors\/2025\/09\/04\/integration-des-technologies-innovantes-dans-la-gestion-durable-des-ressources-analyse-professionnelle\/"]}]},{"@type":"BreadcrumbList","@id":"https:\/\/portail-animation.ufcv.fr\/ateliers-seniors\/2025\/09\/04\/integration-des-technologies-innovantes-dans-la-gestion-durable-des-ressources-analyse-professionnelle\/#breadcrumb","itemListElement":[{"@type":"ListItem","position":1,"name":"Accueil","item":"https:\/\/portail-animation.ufcv.fr\/ateliers-seniors\/"},{"@type":"ListItem","position":2,"name":"Int\u00e9gration des Technologies Innovantes dans la Gestion Durable des Ressources : Analyse Professionnelle"}]},{"@type":"WebSite","@id":"https:\/\/portail-animation.ufcv.fr\/ateliers-seniors\/#website","url":"https:\/\/portail-animation.ufcv.fr\/ateliers-seniors\/","name":"Ateliers seniors","description":"Un site utilisant R\u00e9seau Portail Animation","potentialAction":[{"@type":"SearchAction","target":{"@type":"EntryPoint","urlTemplate":"https:\/\/portail-animation.ufcv.fr\/ateliers-seniors\/?s={search_term_string}"},"query-input":{"@type":"PropertyValueSpecification","valueRequired":true,"valueName":"search_term_string"}}],"inLanguage":"fr-FR"},{"@type":"Person","@id":"https:\/\/portail-animation.ufcv.fr\/ateliers-seniors\/#\/schema\/person\/e3920f121b148283c13890813088e2a0","name":"adelforge","image":{"@type":"ImageObject","inLanguage":"fr-FR","@id":"https:\/\/portail-animation.ufcv.fr\/ateliers-seniors\/#\/schema\/person\/image\/","url":"https:\/\/secure.gravatar.com\/avatar\/8207ca5dec2038871f4ea2e2a260a192?s=96&d=mm&r=g","contentUrl":"https:\/\/secure.gravatar.com\/avatar\/8207ca5dec2038871f4ea2e2a260a192?s=96&d=mm&r=g","caption":"adelforge"},"url":"https:\/\/portail-animation.ufcv.fr\/ateliers-seniors\/author\/adelforge\/"}]}},"_links":{"self":[{"href":"https:\/\/portail-animation.ufcv.fr\/ateliers-seniors\/wp-json\/wp\/v2\/posts\/6657","targetHints":{"allow":["GET"]}}],"collection":[{"href":"https:\/\/portail-animation.ufcv.fr\/ateliers-seniors\/wp-json\/wp\/v2\/posts"}],"about":[{"href":"https:\/\/portail-animation.ufcv.fr\/ateliers-seniors\/wp-json\/wp\/v2\/types\/post"}],"author":[{"embeddable":true,"href":"https:\/\/portail-animation.ufcv.fr\/ateliers-seniors\/wp-json\/wp\/v2\/users\/150"}],"replies":[{"embeddable":true,"href":"https:\/\/portail-animation.ufcv.fr\/ateliers-seniors\/wp-json\/wp\/v2\/comments?post=6657"}],"version-history":[{"count":1,"href":"https:\/\/portail-animation.ufcv.fr\/ateliers-seniors\/wp-json\/wp\/v2\/posts\/6657\/revisions"}],"predecessor-version":[{"id":6658,"href":"https:\/\/portail-animation.ufcv.fr\/ateliers-seniors\/wp-json\/wp\/v2\/posts\/6657\/revisions\/6658"}],"wp:attachment":[{"href":"https:\/\/portail-animation.ufcv.fr\/ateliers-seniors\/wp-json\/wp\/v2\/media?parent=6657"}],"wp:term":[{"taxonomy":"category","embeddable":true,"href":"https:\/\/portail-animation.ufcv.fr\/ateliers-seniors\/wp-json\/wp\/v2\/categories?post=6657"},{"taxonomy":"post_tag","embeddable":true,"href":"https:\/\/portail-animation.ufcv.fr\/ateliers-seniors\/wp-json\/wp\/v2\/tags?post=6657"}],"curies":[{"name":"wp","href":"https:\/\/api.w.org\/{rel}","templated":true}]}}