 {"id":6705,"date":"2025-09-04T18:33:29","date_gmt":"2025-09-04T16:33:29","guid":{"rendered":"https:\/\/portail-animation.ufcv.fr\/ateliers-seniors\/?p=6705"},"modified":"2026-09-04T18:32:59","modified_gmt":"2026-09-04T16:32:59","slug":"innovacion-en-la-educacion-superior-el-modelo-esee-y-su-impacto-en-la-formacion-universitaria","status":"publish","type":"post","link":"https:\/\/portail-animation.ufcv.fr\/ateliers-seniors\/2025\/09\/04\/innovacion-en-la-educacion-superior-el-modelo-esee-y-su-impacto-en-la-formacion-universitaria\/","title":{"rendered":"Innovaci\u00f3n en la Educaci\u00f3n Superior: El Modelo ESEE y su Impacto en la Formaci\u00f3n Universitaria"},"content":{"rendered":"<p>\nEn el contexto actual de transformaci\u00f3n digital y globalizaci\u00f3n, las instituciones de educaci\u00f3n superior enfrentan una demanda creciente por modelos de formaci\u00f3n que integren innovaci\u00f3n, flexibilidad y reconocimiento internacional. Uno de los enfoques que ha ganado reconocimiento en los \u00faltimos a\u00f1os es el <strong>modelo de la Escuela de Estudios Superiores en Empresa (ESEE)<\/strong>, una estrategia que redefine la manera en que los estudiantes acceden al conocimiento y c\u00f3mo las universidades dise\u00f1an sus programas acad\u00e9micos.\n<\/p>\n<h2>El Modelo ESEE: Una Revoluci\u00f3n en la Educaci\u00f3n Universitaria<\/h2>\n<p>\nEl <a href=\"https:\/\/www.playzini.com.es\/eese-es-club3\/\">modelo ESEE<\/a> destaca por su \u00e9nfasis en la educaci\u00f3n basada en experiencias reales, flexibilidad metodol\u00f3gica y una estrecha colaboraci\u00f3n con el sector empresarial. Se trata de un enfoque que combina <em>aprendizaje te\u00f3rico<\/em> con <em>pr\u00e1ctica aplicada<\/em>, permitiendo a los estudiantes para desarrollar competencias espec\u00edficas con un impacto directo en su empleabilidad.\n<\/p>\n<table>\n<caption style=\"font-weight:bold;margin-bottom: 0.5em\">Comparativa de Modelos Educativos Tradicionales vs. ESEE<\/caption>\n<thead>\n<tr>\n<th>Aspecto<\/th>\n<th>Modelo Tradicional<\/th>\n<th>Modelo ESEE<\/th>\n<\/tr>\n<\/thead>\n<tbody>\n<tr>\n<td>Enfoque<\/td>\n<td>Docencia te\u00f3rica y ex\u00e1menes<\/td>\n<td>Aprendizaje experiencial y proyectos reales<\/td>\n<\/tr>\n<tr>\n<td>Flexibilidad<\/td>\n<td>Horarios fijos, presencial<\/td>\n<td>Modalidad h\u00edbrida, adaptaci\u00f3n a necesidades profesionales<\/td>\n<\/tr>\n<tr>\n<td>Colaboraci\u00f3n con la industria<\/td>\n<td>Limitada<\/td>\n<td>Alta, con participaci\u00f3n activa del sector empresarial<\/td>\n<\/tr>\n<tr>\n<td>Reconocimiento internacional<\/td>\n<td>Var\u00eda, separado del mercado global<\/td>\n<td>Integraci\u00f3n con certificaciones internacionales y movilidad<\/td>\n<\/tr>\n<\/tbody>\n<\/table>\n<h2>Practicas Innovadoras y Casos de \u00c9xito<\/h2>\n<p>\nEl impacto del modelo ESEE no solo radica en su estructura pedag\u00f3gica, sino tambi\u00e9n en su capacidad para transformar la empleabilidad de sus egresados. Universidades que han adoptado este enfoque han reportado un aumento del 30% en la inserci\u00f3n laboral de sus graduados, seg\u00fan datos internos de instituciones pioneras en su implementaci\u00f3n. Adem\u00e1s, ofrecen programas de pr\u00e1cticas en empresas lideradas por <strong>alianzas estrat\u00e9gicas<\/strong> con compa\u00f1\u00edas reconocidas a nivel internacional.\n<\/p>\n<blockquote><p>\n\u201cEl modelo ESEE representa un paradigma que pone a la experiencia y a las competencias en el centro del proceso formativo, creando profesionales que est\u00e1n verdaderamente preparados para los desaf\u00edos del mercado global,\u201d afirma el Dr. Juan P\u00e9rez, experto en innovaci\u00f3n educativa.\n<\/p><\/blockquote>\n<h2>El Rol de la Digitalizaci\u00f3n y la Tecnolog\u00eda<\/h2>\n<p>\nLa pandemia de COVID-19 aceler\u00f3 la adopci\u00f3n de herramientas digitales en la ense\u00f1anza superior, y el modelo ESEE ha sabido aprovechar esta tendencia. Plataformas interactivas, inteligencia artificial y aprendizaje adaptativo se integran para ofrecer experiencias personalizadas y mantener la interacci\u00f3n con el sector empresarial en tiempo real.\n<\/p>\n<h2>Perspectivas Futuras y Desaf\u00edos<\/h2>\n<p>\nAunque el modelo ESEE presenta numerosas ventajas, su implementaci\u00f3n requiere de una infraestructura s\u00f3lida, formaci\u00f3n docente especializada y un marco regulatorio flexible. Los desaf\u00edos incluyen la escalabilidad y la sostenibilidad financiera, aspectos que las universidades est\u00e1n abordando mediante alianzas p\u00fablico-privadas y programas de financiamiento innovador.\n<\/p>\n<div class=\"callout\">\n<h2>\u00bfQuieres profundizar en las ventajas del modelo ESEE?<\/h2>\n<p>Descubre m\u00e1s detalles y casos de \u00e9xito en [este recurso especializado](https:\/\/www.playzini.com.es\/eese-es-club3\/), que te permitir\u00e1 comprender c\u00f3mo esta estrategia puede revolucionar la educaci\u00f3n superior en tu instituci\u00f3n.<\/p>\n<\/div>\n","protected":false},"excerpt":{"rendered":"<p>En el contexto actual de transformaci\u00f3n digital y globalizaci\u00f3n, las instituciones de educaci\u00f3n superior enfrentan una demanda creciente por modelos de formaci\u00f3n que integren innovaci\u00f3n, flexibilidad y reconocimiento internacional. Uno de los enfoques que ha ganado reconocimiento en los \u00faltimos [&hellip;]<\/p>\n","protected":false},"author":150,"featured_media":0,"comment_status":"open","ping_status":"open","sticky":false,"template":"","format":"standard","meta":{"_acf_changed":false,"footnotes":""},"categories":[1],"tags":[],"class_list":["post-6705","post","type-post","status-publish","format-standard","hentry","category-non-classe"],"acf":[],"yoast_head":"<!-- This site is optimized with the Yoast SEO plugin v23.9 - https:\/\/yoast.com\/wordpress\/plugins\/seo\/ -->\r\n<title>Innovaci\u00f3n en la Educaci\u00f3n Superior: El Modelo ESEE y su Impacto en la Formaci\u00f3n Universitaria - Ateliers seniors<\/title>\r\n<meta name=\"robots\" content=\"index, follow, max-snippet:-1, max-image-preview:large, max-video-preview:-1\" \/>\r\n<link rel=\"canonical\" href=\"https:\/\/portail-animation.ufcv.fr\/ateliers-seniors\/2025\/09\/04\/innovacion-en-la-educacion-superior-el-modelo-esee-y-su-impacto-en-la-formacion-universitaria\/\" \/>\r\n<meta property=\"og:locale\" content=\"fr_FR\" \/>\r\n<meta property=\"og:type\" content=\"article\" \/>\r\n<meta property=\"og:title\" content=\"Innovaci\u00f3n en la Educaci\u00f3n Superior: El Modelo ESEE y su Impacto en la Formaci\u00f3n Universitaria - Ateliers seniors\" \/>\r\n<meta property=\"og:description\" content=\"En el contexto actual de transformaci\u00f3n digital y globalizaci\u00f3n, las instituciones de educaci\u00f3n superior enfrentan una demanda creciente por modelos de formaci\u00f3n que integren innovaci\u00f3n, flexibilidad y reconocimiento internacional. Uno de los enfoques que ha ganado reconocimiento en los \u00faltimos [&hellip;]\" \/>\r\n<meta property=\"og:url\" content=\"https:\/\/portail-animation.ufcv.fr\/ateliers-seniors\/2025\/09\/04\/innovacion-en-la-educacion-superior-el-modelo-esee-y-su-impacto-en-la-formacion-universitaria\/\" \/>\r\n<meta property=\"og:site_name\" content=\"Ateliers seniors\" \/>\r\n<meta property=\"article:published_time\" content=\"2025-09-04T16:33:29+00:00\" \/>\r\n<meta property=\"article:modified_time\" content=\"2026-09-04T16:32:59+00:00\" \/>\r\n<meta name=\"author\" content=\"adelforge\" \/>\r\n<meta name=\"twitter:card\" content=\"summary_large_image\" \/>\r\n<meta name=\"twitter:label1\" content=\"\u00c9crit par\" \/>\n\t<meta name=\"twitter:data1\" content=\"adelforge\" \/>\n\t<meta name=\"twitter:label2\" content=\"Dur\u00e9e de lecture estim\u00e9e\" \/>\n\t<meta name=\"twitter:data2\" content=\"3 minutes\" \/>\r\n<script type=\"application\/ld+json\" class=\"yoast-schema-graph\">{\"@context\":\"https:\/\/schema.org\",\"@graph\":[{\"@type\":\"WebPage\",\"@id\":\"https:\/\/portail-animation.ufcv.fr\/ateliers-seniors\/2025\/09\/04\/innovacion-en-la-educacion-superior-el-modelo-esee-y-su-impacto-en-la-formacion-universitaria\/\",\"url\":\"https:\/\/portail-animation.ufcv.fr\/ateliers-seniors\/2025\/09\/04\/innovacion-en-la-educacion-superior-el-modelo-esee-y-su-impacto-en-la-formacion-universitaria\/\",\"name\":\"Innovaci\u00f3n en la Educaci\u00f3n Superior: El Modelo ESEE y su Impacto en la Formaci\u00f3n Universitaria - Ateliers seniors\",\"isPartOf\":{\"@id\":\"https:\/\/portail-animation.ufcv.fr\/ateliers-seniors\/#website\"},\"datePublished\":\"2025-09-04T16:33:29+00:00\",\"dateModified\":\"2026-09-04T16:32:59+00:00\",\"author\":{\"@id\":\"https:\/\/portail-animation.ufcv.fr\/ateliers-seniors\/#\/schema\/person\/e3920f121b148283c13890813088e2a0\"},\"breadcrumb\":{\"@id\":\"https:\/\/portail-animation.ufcv.fr\/ateliers-seniors\/2025\/09\/04\/innovacion-en-la-educacion-superior-el-modelo-esee-y-su-impacto-en-la-formacion-universitaria\/#breadcrumb\"},\"inLanguage\":\"fr-FR\",\"potentialAction\":[{\"@type\":\"ReadAction\",\"target\":[\"https:\/\/portail-animation.ufcv.fr\/ateliers-seniors\/2025\/09\/04\/innovacion-en-la-educacion-superior-el-modelo-esee-y-su-impacto-en-la-formacion-universitaria\/\"]}]},{\"@type\":\"BreadcrumbList\",\"@id\":\"https:\/\/portail-animation.ufcv.fr\/ateliers-seniors\/2025\/09\/04\/innovacion-en-la-educacion-superior-el-modelo-esee-y-su-impacto-en-la-formacion-universitaria\/#breadcrumb\",\"itemListElement\":[{\"@type\":\"ListItem\",\"position\":1,\"name\":\"Accueil\",\"item\":\"https:\/\/portail-animation.ufcv.fr\/ateliers-seniors\/\"},{\"@type\":\"ListItem\",\"position\":2,\"name\":\"Innovaci\u00f3n en la Educaci\u00f3n Superior: El Modelo ESEE y su Impacto en la Formaci\u00f3n Universitaria\"}]},{\"@type\":\"WebSite\",\"@id\":\"https:\/\/portail-animation.ufcv.fr\/ateliers-seniors\/#website\",\"url\":\"https:\/\/portail-animation.ufcv.fr\/ateliers-seniors\/\",\"name\":\"Ateliers seniors\",\"description\":\"Un site utilisant R\u00e9seau Portail Animation\",\"potentialAction\":[{\"@type\":\"SearchAction\",\"target\":{\"@type\":\"EntryPoint\",\"urlTemplate\":\"https:\/\/portail-animation.ufcv.fr\/ateliers-seniors\/?s={search_term_string}\"},\"query-input\":{\"@type\":\"PropertyValueSpecification\",\"valueRequired\":true,\"valueName\":\"search_term_string\"}}],\"inLanguage\":\"fr-FR\"},{\"@type\":\"Person\",\"@id\":\"https:\/\/portail-animation.ufcv.fr\/ateliers-seniors\/#\/schema\/person\/e3920f121b148283c13890813088e2a0\",\"name\":\"adelforge\",\"image\":{\"@type\":\"ImageObject\",\"inLanguage\":\"fr-FR\",\"@id\":\"https:\/\/portail-animation.ufcv.fr\/ateliers-seniors\/#\/schema\/person\/image\/\",\"url\":\"https:\/\/secure.gravatar.com\/avatar\/8207ca5dec2038871f4ea2e2a260a192?s=96&d=mm&r=g\",\"contentUrl\":\"https:\/\/secure.gravatar.com\/avatar\/8207ca5dec2038871f4ea2e2a260a192?s=96&d=mm&r=g\",\"caption\":\"adelforge\"},\"url\":\"https:\/\/portail-animation.ufcv.fr\/ateliers-seniors\/author\/adelforge\/\"}]}<\/script>\r\n<!-- \/ Yoast SEO plugin. -->","yoast_head_json":{"title":"Innovaci\u00f3n en la Educaci\u00f3n Superior: El Modelo ESEE y su Impacto en la Formaci\u00f3n Universitaria - Ateliers seniors","robots":{"index":"index","follow":"follow","max-snippet":"max-snippet:-1","max-image-preview":"max-image-preview:large","max-video-preview":"max-video-preview:-1"},"canonical":"https:\/\/portail-animation.ufcv.fr\/ateliers-seniors\/2025\/09\/04\/innovacion-en-la-educacion-superior-el-modelo-esee-y-su-impacto-en-la-formacion-universitaria\/","og_locale":"fr_FR","og_type":"article","og_title":"Innovaci\u00f3n en la Educaci\u00f3n Superior: El Modelo ESEE y su Impacto en la Formaci\u00f3n Universitaria - Ateliers seniors","og_description":"En el contexto actual de transformaci\u00f3n digital y globalizaci\u00f3n, las instituciones de educaci\u00f3n superior enfrentan una demanda creciente por modelos de formaci\u00f3n que integren innovaci\u00f3n, flexibilidad y reconocimiento internacional. Uno de los enfoques que ha ganado reconocimiento en los \u00faltimos [&hellip;]","og_url":"https:\/\/portail-animation.ufcv.fr\/ateliers-seniors\/2025\/09\/04\/innovacion-en-la-educacion-superior-el-modelo-esee-y-su-impacto-en-la-formacion-universitaria\/","og_site_name":"Ateliers seniors","article_published_time":"2025-09-04T16:33:29+00:00","article_modified_time":"2026-09-04T16:32:59+00:00","author":"adelforge","twitter_card":"summary_large_image","twitter_misc":{"\u00c9crit par":"adelforge","Dur\u00e9e de lecture estim\u00e9e":"3 minutes"},"schema":{"@context":"https:\/\/schema.org","@graph":[{"@type":"WebPage","@id":"https:\/\/portail-animation.ufcv.fr\/ateliers-seniors\/2025\/09\/04\/innovacion-en-la-educacion-superior-el-modelo-esee-y-su-impacto-en-la-formacion-universitaria\/","url":"https:\/\/portail-animation.ufcv.fr\/ateliers-seniors\/2025\/09\/04\/innovacion-en-la-educacion-superior-el-modelo-esee-y-su-impacto-en-la-formacion-universitaria\/","name":"Innovaci\u00f3n en la Educaci\u00f3n Superior: El Modelo ESEE y su Impacto en la Formaci\u00f3n Universitaria - Ateliers seniors","isPartOf":{"@id":"https:\/\/portail-animation.ufcv.fr\/ateliers-seniors\/#website"},"datePublished":"2025-09-04T16:33:29+00:00","dateModified":"2026-09-04T16:32:59+00:00","author":{"@id":"https:\/\/portail-animation.ufcv.fr\/ateliers-seniors\/#\/schema\/person\/e3920f121b148283c13890813088e2a0"},"breadcrumb":{"@id":"https:\/\/portail-animation.ufcv.fr\/ateliers-seniors\/2025\/09\/04\/innovacion-en-la-educacion-superior-el-modelo-esee-y-su-impacto-en-la-formacion-universitaria\/#breadcrumb"},"inLanguage":"fr-FR","potentialAction":[{"@type":"ReadAction","target":["https:\/\/portail-animation.ufcv.fr\/ateliers-seniors\/2025\/09\/04\/innovacion-en-la-educacion-superior-el-modelo-esee-y-su-impacto-en-la-formacion-universitaria\/"]}]},{"@type":"BreadcrumbList","@id":"https:\/\/portail-animation.ufcv.fr\/ateliers-seniors\/2025\/09\/04\/innovacion-en-la-educacion-superior-el-modelo-esee-y-su-impacto-en-la-formacion-universitaria\/#breadcrumb","itemListElement":[{"@type":"ListItem","position":1,"name":"Accueil","item":"https:\/\/portail-animation.ufcv.fr\/ateliers-seniors\/"},{"@type":"ListItem","position":2,"name":"Innovaci\u00f3n en la Educaci\u00f3n Superior: El Modelo ESEE y su Impacto en la Formaci\u00f3n Universitaria"}]},{"@type":"WebSite","@id":"https:\/\/portail-animation.ufcv.fr\/ateliers-seniors\/#website","url":"https:\/\/portail-animation.ufcv.fr\/ateliers-seniors\/","name":"Ateliers seniors","description":"Un site utilisant R\u00e9seau Portail Animation","potentialAction":[{"@type":"SearchAction","target":{"@type":"EntryPoint","urlTemplate":"https:\/\/portail-animation.ufcv.fr\/ateliers-seniors\/?s={search_term_string}"},"query-input":{"@type":"PropertyValueSpecification","valueRequired":true,"valueName":"search_term_string"}}],"inLanguage":"fr-FR"},{"@type":"Person","@id":"https:\/\/portail-animation.ufcv.fr\/ateliers-seniors\/#\/schema\/person\/e3920f121b148283c13890813088e2a0","name":"adelforge","image":{"@type":"ImageObject","inLanguage":"fr-FR","@id":"https:\/\/portail-animation.ufcv.fr\/ateliers-seniors\/#\/schema\/person\/image\/","url":"https:\/\/secure.gravatar.com\/avatar\/8207ca5dec2038871f4ea2e2a260a192?s=96&d=mm&r=g","contentUrl":"https:\/\/secure.gravatar.com\/avatar\/8207ca5dec2038871f4ea2e2a260a192?s=96&d=mm&r=g","caption":"adelforge"},"url":"https:\/\/portail-animation.ufcv.fr\/ateliers-seniors\/author\/adelforge\/"}]}},"_links":{"self":[{"href":"https:\/\/portail-animation.ufcv.fr\/ateliers-seniors\/wp-json\/wp\/v2\/posts\/6705","targetHints":{"allow":["GET"]}}],"collection":[{"href":"https:\/\/portail-animation.ufcv.fr\/ateliers-seniors\/wp-json\/wp\/v2\/posts"}],"about":[{"href":"https:\/\/portail-animation.ufcv.fr\/ateliers-seniors\/wp-json\/wp\/v2\/types\/post"}],"author":[{"embeddable":true,"href":"https:\/\/portail-animation.ufcv.fr\/ateliers-seniors\/wp-json\/wp\/v2\/users\/150"}],"replies":[{"embeddable":true,"href":"https:\/\/portail-animation.ufcv.fr\/ateliers-seniors\/wp-json\/wp\/v2\/comments?post=6705"}],"version-history":[{"count":1,"href":"https:\/\/portail-animation.ufcv.fr\/ateliers-seniors\/wp-json\/wp\/v2\/posts\/6705\/revisions"}],"predecessor-version":[{"id":6706,"href":"https:\/\/portail-animation.ufcv.fr\/ateliers-seniors\/wp-json\/wp\/v2\/posts\/6705\/revisions\/6706"}],"wp:attachment":[{"href":"https:\/\/portail-animation.ufcv.fr\/ateliers-seniors\/wp-json\/wp\/v2\/media?parent=6705"}],"wp:term":[{"taxonomy":"category","embeddable":true,"href":"https:\/\/portail-animation.ufcv.fr\/ateliers-seniors\/wp-json\/wp\/v2\/categories?post=6705"},{"taxonomy":"post_tag","embeddable":true,"href":"https:\/\/portail-animation.ufcv.fr\/ateliers-seniors\/wp-json\/wp\/v2\/tags?post=6705"}],"curies":[{"name":"wp","href":"https:\/\/api.w.org\/{rel}","templated":true}]}}