 {"id":6869,"date":"2025-09-04T21:28:27","date_gmt":"2025-09-04T19:28:27","guid":{"rendered":"https:\/\/portail-animation.ufcv.fr\/ateliers-seniors\/?p=6869"},"modified":"2026-09-04T21:27:57","modified_gmt":"2026-09-04T19:27:57","slug":"historia-i-znaczenie-luksusowych-palacow-w-dziedzictwie-europejskim","status":"publish","type":"post","link":"https:\/\/portail-animation.ufcv.fr\/ateliers-seniors\/2025\/09\/04\/historia-i-znaczenie-luksusowych-palacow-w-dziedzictwie-europejskim\/","title":{"rendered":"Historia i znaczenie luksusowych pa\u0142ac\u00f3w w dziedzictwie europejskim"},"content":{"rendered":"<p>Pa\u0142ace od wiek\u00f3w stanowi\u0142y nie tylko symbole statusu i w\u0142adzy, ale tak\u017ce architektoniczne arcydzie\u0142a, kt\u00f3re kszta\u0142towa\u0142y panoramy miast i krajobraz\u00f3w historycznego dziedzictwa. Ich obecno\u015b\u0107 w przestrzeni miejskiej czy wiejskiej \u015bwiadczy o niezwyk\u0142ym rozwoju sztuki, architektury i kultury. W niniejszym opracowaniu pragn\u0119 przedstawi\u0107 zar\u00f3wno g\u0142\u0119bokie significance, jak i wsp\u00f3\u0142czesne przyk\u0142ady, kt\u00f3re potwierdzaj\u0105 t\u0119 warto\u015b\u0107 \u2014 a jednym z nich jest <a href=\"https:\/\/www.palace.net.pl\/\">palace<\/a>.<\/p>\n<h2>Pa\u0142ace jako odzwierciedlenie epok i styl\u00f3w architektonicznych<\/h2>\n<p>Historycznie, pa\u0142ace pe\u0142ni\u0142y funkcj\u0119 rezydencji monark\u00f3w, arystokracji czy bogatych magnat\u00f3w. Ich style ewoluowa\u0142y od renesansowych, barokowych, klasycystycznych do modernistycznych form, odzwierciedlaj\u0105c \u00f3wczesne trendy i techniki budowlane. Najbardziej rozpoznawalnymi przyk\u0142adami s\u0105 \u0141a\u017anie Kr\u00f3lewskie na Wawelu, Pa\u0142ac wersalski czy Schonbrunn w Wiedniu. Wsp\u00f3\u0142czesne interpretacje takich budowli cz\u0119sto \u0142\u0105cz\u0105 historyczn\u0105 narracj\u0119 z innowacyjnymi rozwi\u0105zaniami, tworz\u0105c unikalne do\u015bwiadczenia dla odwiedzaj\u0105cych.<\/p>\n<h2>Architektura i funkcja \u2013 od zlo\u017cono\u015bci do obecnej roli<\/h2>\n<table>\n<thead>\n<tr>\n<th>Era<\/th>\n<th>Typ architektury<\/th>\n<th>Kluczowe przyk\u0142ady<\/th>\n<\/tr>\n<\/thead>\n<tbody>\n<tr>\n<td>Renesans<\/td>\n<td>Symetryczna, harmonijna<\/td>\n<td>Pa\u0142ac w Wilanowie<\/td>\n<\/tr>\n<tr>\n<td>Barok<\/td>\n<td>Eksplozja dekoracji i dramatyzmu<\/td>\n<td>Pa\u0142ac Sanssouci<\/td>\n<\/tr>\n<tr>\n<td>Klasycyzm<\/td>\n<td>Prostota i symetria<\/td>\n<td>Pa\u0142ac w \u0141a\u0144cucie<\/td>\n<\/tr>\n<tr>\n<td>Wsp\u00f3\u0142czesno\u015b\u0107<\/td>\n<td>Minimalizm i innowacje<\/td>\n<td>Niekt\u00f3re rezydencje i luksusowe obiekty komercyjne<\/td>\n<\/tr>\n<\/tbody>\n<\/table>\n<p>Dzisiejsze funkcje pa\u0142ac\u00f3w cz\u0119sto uleg\u0142y transformacji: od rezydencji, przez centra kulturalne, muzea, a\u017c po luksusowe hotele czy siedziby instytucji pa\u0144stwowych. Ta ewolucja \u015bwiadczy o ich niezmiennej warto\u015bci jako pomnik\u00f3w architektonicznych i kulturowych.<\/p>\n<h2>Warto\u015b\u0107 dziedzictwa i ochrona historycznych pa\u0142ac\u00f3w<\/h2>\n<p>Ochrona takich obiekt\u00f3w jest obecnie jednym z priorytet\u00f3w w dziedzinie konserwacji dziedzictwa narodowego i europejskiego. W Polsce dzia\u0142a wiele instytucji odpowiedzialnych za zachowanie i odrestaurowanie pa\u0142ac\u00f3w, kt\u00f3re odgrywaj\u0105 kluczow\u0105 rol\u0119 w kszta\u0142towaniu to\u017csamo\u015bci regionalnych i narodowych. Przyk\u0142adem jest palace, kt\u00f3re stanowi cenn\u0105 baz\u0119 informacji i wsparcia dla inwestycji konserwatorskich, zar\u00f3wno historycznych, jak i nowoczesnych.<\/p>\n<blockquote><p>\n  \u00ab\u00a0Zachowanie pa\u0142ac\u00f3w to nie tylko kwestia estetyki, lecz tak\u017ce ochrona \u015bwiadectwa epok i technologii budowlanych, kt\u00f3re buduj\u0105 nasz\u0105 wsp\u00f3ln\u0105 histori\u0119.\u00a0\u00bb \u2014 Dr Ewa Nowicka, ekspert ds. dziedzictwa kulturowego.\n<\/p><\/blockquote>\n<h2>Perspektywy rozwoju i wyzwania<\/h2>\n<p>Wsp\u00f3\u0142czesne wyzwania wi\u0105\u017c\u0105 si\u0119 z konieczno\u015bci\u0105 balansowania pomi\u0119dzy ochron\u0105 dziedzictwa a komercyjnym wykorzystaniem tych obiekt\u00f3w dla turystyki czy dzia\u0142alno\u015bci kulturalnej. Inwestycje w pa\u0142ace wymagaj\u0105 wi\u0119c nie tylko znacznych nak\u0142ad\u00f3w finansowych, lecz r\u00f3wnie\u017c strategicznego podej\u015bcia, kt\u00f3re uwzgl\u0119dni ich historyczn\u0105 warto\u015b\u0107.<\/p>\n<p>W tym kontek\u015bcie palace odgrywa istotn\u0105 rol\u0119 w dostarczaniu ekspert\u00f3w i narz\u0119dzi niezb\u0119dnych do skutecznej ochrony i zarz\u0105dzania tym unikalnym dziedzictwem.<\/p>\n<h2>Podsumowanie<\/h2>\n<p>Pa\u0142ace, jako artefakty historii, stanowi\u0105 kluczowy element europejskiego dziedzictwa kulturowego. Ich architektoniczne pi\u0119kno, wielowymiarowa funkcja oraz znaczenie symbolic- i historyczne sprawiaj\u0105, \u017ce s\u0105 one nie tylko miejscami do podziwiania, ale i do g\u0142\u0119bokiej refleksji nad nasz\u0105 przesz\u0142o\u015bci\u0105 i przysz\u0142o\u015bci\u0105. Wsp\u00f3\u0142czesne inicjatywy, takie jak palace, s\u0142u\u017c\u0105 ochronie tego wyj\u0105tkowego dziedzictwa, zapewniaj\u0105c jego dost\u0119pno\u015b\u0107 i zachowanie na pokolenia.<\/p>\n","protected":false},"excerpt":{"rendered":"<p>Pa\u0142ace od wiek\u00f3w stanowi\u0142y nie tylko symbole statusu i w\u0142adzy, ale tak\u017ce architektoniczne arcydzie\u0142a, kt\u00f3re kszta\u0142towa\u0142y panoramy miast i krajobraz\u00f3w historycznego dziedzictwa. Ich obecno\u015b\u0107 w przestrzeni miejskiej czy wiejskiej \u015bwiadczy o niezwyk\u0142ym rozwoju sztuki, architektury i kultury. W niniejszym opracowaniu [&hellip;]<\/p>\n","protected":false},"author":150,"featured_media":0,"comment_status":"open","ping_status":"open","sticky":false,"template":"","format":"standard","meta":{"_acf_changed":false,"footnotes":""},"categories":[1],"tags":[],"class_list":["post-6869","post","type-post","status-publish","format-standard","hentry","category-non-classe"],"acf":[],"yoast_head":"<!-- This site is optimized with the Yoast SEO plugin v23.9 - https:\/\/yoast.com\/wordpress\/plugins\/seo\/ -->\r\n<title>Historia i znaczenie luksusowych pa\u0142ac\u00f3w w dziedzictwie europejskim - Ateliers seniors<\/title>\r\n<meta name=\"robots\" content=\"index, follow, max-snippet:-1, max-image-preview:large, max-video-preview:-1\" \/>\r\n<link rel=\"canonical\" href=\"https:\/\/portail-animation.ufcv.fr\/ateliers-seniors\/2025\/09\/04\/historia-i-znaczenie-luksusowych-palacow-w-dziedzictwie-europejskim\/\" \/>\r\n<meta property=\"og:locale\" content=\"fr_FR\" \/>\r\n<meta property=\"og:type\" content=\"article\" \/>\r\n<meta property=\"og:title\" content=\"Historia i znaczenie luksusowych pa\u0142ac\u00f3w w dziedzictwie europejskim - Ateliers seniors\" \/>\r\n<meta property=\"og:description\" content=\"Pa\u0142ace od wiek\u00f3w stanowi\u0142y nie tylko symbole statusu i w\u0142adzy, ale tak\u017ce architektoniczne arcydzie\u0142a, kt\u00f3re kszta\u0142towa\u0142y panoramy miast i krajobraz\u00f3w historycznego dziedzictwa. Ich obecno\u015b\u0107 w przestrzeni miejskiej czy wiejskiej \u015bwiadczy o niezwyk\u0142ym rozwoju sztuki, architektury i kultury. W niniejszym opracowaniu [&hellip;]\" \/>\r\n<meta property=\"og:url\" content=\"https:\/\/portail-animation.ufcv.fr\/ateliers-seniors\/2025\/09\/04\/historia-i-znaczenie-luksusowych-palacow-w-dziedzictwie-europejskim\/\" \/>\r\n<meta property=\"og:site_name\" content=\"Ateliers seniors\" \/>\r\n<meta property=\"article:published_time\" content=\"2025-09-04T19:28:27+00:00\" \/>\r\n<meta property=\"article:modified_time\" content=\"2026-09-04T19:27:57+00:00\" \/>\r\n<meta name=\"author\" content=\"adelforge\" \/>\r\n<meta name=\"twitter:card\" content=\"summary_large_image\" \/>\r\n<meta name=\"twitter:label1\" content=\"\u00c9crit par\" \/>\n\t<meta name=\"twitter:data1\" content=\"adelforge\" \/>\n\t<meta name=\"twitter:label2\" content=\"Dur\u00e9e de lecture estim\u00e9e\" \/>\n\t<meta name=\"twitter:data2\" content=\"3 minutes\" \/>\r\n<script type=\"application\/ld+json\" class=\"yoast-schema-graph\">{\"@context\":\"https:\/\/schema.org\",\"@graph\":[{\"@type\":\"WebPage\",\"@id\":\"https:\/\/portail-animation.ufcv.fr\/ateliers-seniors\/2025\/09\/04\/historia-i-znaczenie-luksusowych-palacow-w-dziedzictwie-europejskim\/\",\"url\":\"https:\/\/portail-animation.ufcv.fr\/ateliers-seniors\/2025\/09\/04\/historia-i-znaczenie-luksusowych-palacow-w-dziedzictwie-europejskim\/\",\"name\":\"Historia i znaczenie luksusowych pa\u0142ac\u00f3w w dziedzictwie europejskim - Ateliers seniors\",\"isPartOf\":{\"@id\":\"https:\/\/portail-animation.ufcv.fr\/ateliers-seniors\/#website\"},\"datePublished\":\"2025-09-04T19:28:27+00:00\",\"dateModified\":\"2026-09-04T19:27:57+00:00\",\"author\":{\"@id\":\"https:\/\/portail-animation.ufcv.fr\/ateliers-seniors\/#\/schema\/person\/e3920f121b148283c13890813088e2a0\"},\"breadcrumb\":{\"@id\":\"https:\/\/portail-animation.ufcv.fr\/ateliers-seniors\/2025\/09\/04\/historia-i-znaczenie-luksusowych-palacow-w-dziedzictwie-europejskim\/#breadcrumb\"},\"inLanguage\":\"fr-FR\",\"potentialAction\":[{\"@type\":\"ReadAction\",\"target\":[\"https:\/\/portail-animation.ufcv.fr\/ateliers-seniors\/2025\/09\/04\/historia-i-znaczenie-luksusowych-palacow-w-dziedzictwie-europejskim\/\"]}]},{\"@type\":\"BreadcrumbList\",\"@id\":\"https:\/\/portail-animation.ufcv.fr\/ateliers-seniors\/2025\/09\/04\/historia-i-znaczenie-luksusowych-palacow-w-dziedzictwie-europejskim\/#breadcrumb\",\"itemListElement\":[{\"@type\":\"ListItem\",\"position\":1,\"name\":\"Accueil\",\"item\":\"https:\/\/portail-animation.ufcv.fr\/ateliers-seniors\/\"},{\"@type\":\"ListItem\",\"position\":2,\"name\":\"Historia i znaczenie luksusowych pa\u0142ac\u00f3w w dziedzictwie europejskim\"}]},{\"@type\":\"WebSite\",\"@id\":\"https:\/\/portail-animation.ufcv.fr\/ateliers-seniors\/#website\",\"url\":\"https:\/\/portail-animation.ufcv.fr\/ateliers-seniors\/\",\"name\":\"Ateliers seniors\",\"description\":\"Un site utilisant R\u00e9seau Portail Animation\",\"potentialAction\":[{\"@type\":\"SearchAction\",\"target\":{\"@type\":\"EntryPoint\",\"urlTemplate\":\"https:\/\/portail-animation.ufcv.fr\/ateliers-seniors\/?s={search_term_string}\"},\"query-input\":{\"@type\":\"PropertyValueSpecification\",\"valueRequired\":true,\"valueName\":\"search_term_string\"}}],\"inLanguage\":\"fr-FR\"},{\"@type\":\"Person\",\"@id\":\"https:\/\/portail-animation.ufcv.fr\/ateliers-seniors\/#\/schema\/person\/e3920f121b148283c13890813088e2a0\",\"name\":\"adelforge\",\"image\":{\"@type\":\"ImageObject\",\"inLanguage\":\"fr-FR\",\"@id\":\"https:\/\/portail-animation.ufcv.fr\/ateliers-seniors\/#\/schema\/person\/image\/\",\"url\":\"https:\/\/secure.gravatar.com\/avatar\/8207ca5dec2038871f4ea2e2a260a192?s=96&d=mm&r=g\",\"contentUrl\":\"https:\/\/secure.gravatar.com\/avatar\/8207ca5dec2038871f4ea2e2a260a192?s=96&d=mm&r=g\",\"caption\":\"adelforge\"},\"url\":\"https:\/\/portail-animation.ufcv.fr\/ateliers-seniors\/author\/adelforge\/\"}]}<\/script>\r\n<!-- \/ Yoast SEO plugin. -->","yoast_head_json":{"title":"Historia i znaczenie luksusowych pa\u0142ac\u00f3w w dziedzictwie europejskim - Ateliers seniors","robots":{"index":"index","follow":"follow","max-snippet":"max-snippet:-1","max-image-preview":"max-image-preview:large","max-video-preview":"max-video-preview:-1"},"canonical":"https:\/\/portail-animation.ufcv.fr\/ateliers-seniors\/2025\/09\/04\/historia-i-znaczenie-luksusowych-palacow-w-dziedzictwie-europejskim\/","og_locale":"fr_FR","og_type":"article","og_title":"Historia i znaczenie luksusowych pa\u0142ac\u00f3w w dziedzictwie europejskim - Ateliers seniors","og_description":"Pa\u0142ace od wiek\u00f3w stanowi\u0142y nie tylko symbole statusu i w\u0142adzy, ale tak\u017ce architektoniczne arcydzie\u0142a, kt\u00f3re kszta\u0142towa\u0142y panoramy miast i krajobraz\u00f3w historycznego dziedzictwa. Ich obecno\u015b\u0107 w przestrzeni miejskiej czy wiejskiej \u015bwiadczy o niezwyk\u0142ym rozwoju sztuki, architektury i kultury. W niniejszym opracowaniu [&hellip;]","og_url":"https:\/\/portail-animation.ufcv.fr\/ateliers-seniors\/2025\/09\/04\/historia-i-znaczenie-luksusowych-palacow-w-dziedzictwie-europejskim\/","og_site_name":"Ateliers seniors","article_published_time":"2025-09-04T19:28:27+00:00","article_modified_time":"2026-09-04T19:27:57+00:00","author":"adelforge","twitter_card":"summary_large_image","twitter_misc":{"\u00c9crit par":"adelforge","Dur\u00e9e de lecture estim\u00e9e":"3 minutes"},"schema":{"@context":"https:\/\/schema.org","@graph":[{"@type":"WebPage","@id":"https:\/\/portail-animation.ufcv.fr\/ateliers-seniors\/2025\/09\/04\/historia-i-znaczenie-luksusowych-palacow-w-dziedzictwie-europejskim\/","url":"https:\/\/portail-animation.ufcv.fr\/ateliers-seniors\/2025\/09\/04\/historia-i-znaczenie-luksusowych-palacow-w-dziedzictwie-europejskim\/","name":"Historia i znaczenie luksusowych pa\u0142ac\u00f3w w dziedzictwie europejskim - Ateliers seniors","isPartOf":{"@id":"https:\/\/portail-animation.ufcv.fr\/ateliers-seniors\/#website"},"datePublished":"2025-09-04T19:28:27+00:00","dateModified":"2026-09-04T19:27:57+00:00","author":{"@id":"https:\/\/portail-animation.ufcv.fr\/ateliers-seniors\/#\/schema\/person\/e3920f121b148283c13890813088e2a0"},"breadcrumb":{"@id":"https:\/\/portail-animation.ufcv.fr\/ateliers-seniors\/2025\/09\/04\/historia-i-znaczenie-luksusowych-palacow-w-dziedzictwie-europejskim\/#breadcrumb"},"inLanguage":"fr-FR","potentialAction":[{"@type":"ReadAction","target":["https:\/\/portail-animation.ufcv.fr\/ateliers-seniors\/2025\/09\/04\/historia-i-znaczenie-luksusowych-palacow-w-dziedzictwie-europejskim\/"]}]},{"@type":"BreadcrumbList","@id":"https:\/\/portail-animation.ufcv.fr\/ateliers-seniors\/2025\/09\/04\/historia-i-znaczenie-luksusowych-palacow-w-dziedzictwie-europejskim\/#breadcrumb","itemListElement":[{"@type":"ListItem","position":1,"name":"Accueil","item":"https:\/\/portail-animation.ufcv.fr\/ateliers-seniors\/"},{"@type":"ListItem","position":2,"name":"Historia i znaczenie luksusowych pa\u0142ac\u00f3w w dziedzictwie europejskim"}]},{"@type":"WebSite","@id":"https:\/\/portail-animation.ufcv.fr\/ateliers-seniors\/#website","url":"https:\/\/portail-animation.ufcv.fr\/ateliers-seniors\/","name":"Ateliers seniors","description":"Un site utilisant R\u00e9seau Portail Animation","potentialAction":[{"@type":"SearchAction","target":{"@type":"EntryPoint","urlTemplate":"https:\/\/portail-animation.ufcv.fr\/ateliers-seniors\/?s={search_term_string}"},"query-input":{"@type":"PropertyValueSpecification","valueRequired":true,"valueName":"search_term_string"}}],"inLanguage":"fr-FR"},{"@type":"Person","@id":"https:\/\/portail-animation.ufcv.fr\/ateliers-seniors\/#\/schema\/person\/e3920f121b148283c13890813088e2a0","name":"adelforge","image":{"@type":"ImageObject","inLanguage":"fr-FR","@id":"https:\/\/portail-animation.ufcv.fr\/ateliers-seniors\/#\/schema\/person\/image\/","url":"https:\/\/secure.gravatar.com\/avatar\/8207ca5dec2038871f4ea2e2a260a192?s=96&d=mm&r=g","contentUrl":"https:\/\/secure.gravatar.com\/avatar\/8207ca5dec2038871f4ea2e2a260a192?s=96&d=mm&r=g","caption":"adelforge"},"url":"https:\/\/portail-animation.ufcv.fr\/ateliers-seniors\/author\/adelforge\/"}]}},"_links":{"self":[{"href":"https:\/\/portail-animation.ufcv.fr\/ateliers-seniors\/wp-json\/wp\/v2\/posts\/6869","targetHints":{"allow":["GET"]}}],"collection":[{"href":"https:\/\/portail-animation.ufcv.fr\/ateliers-seniors\/wp-json\/wp\/v2\/posts"}],"about":[{"href":"https:\/\/portail-animation.ufcv.fr\/ateliers-seniors\/wp-json\/wp\/v2\/types\/post"}],"author":[{"embeddable":true,"href":"https:\/\/portail-animation.ufcv.fr\/ateliers-seniors\/wp-json\/wp\/v2\/users\/150"}],"replies":[{"embeddable":true,"href":"https:\/\/portail-animation.ufcv.fr\/ateliers-seniors\/wp-json\/wp\/v2\/comments?post=6869"}],"version-history":[{"count":1,"href":"https:\/\/portail-animation.ufcv.fr\/ateliers-seniors\/wp-json\/wp\/v2\/posts\/6869\/revisions"}],"predecessor-version":[{"id":6870,"href":"https:\/\/portail-animation.ufcv.fr\/ateliers-seniors\/wp-json\/wp\/v2\/posts\/6869\/revisions\/6870"}],"wp:attachment":[{"href":"https:\/\/portail-animation.ufcv.fr\/ateliers-seniors\/wp-json\/wp\/v2\/media?parent=6869"}],"wp:term":[{"taxonomy":"category","embeddable":true,"href":"https:\/\/portail-animation.ufcv.fr\/ateliers-seniors\/wp-json\/wp\/v2\/categories?post=6869"},{"taxonomy":"post_tag","embeddable":true,"href":"https:\/\/portail-animation.ufcv.fr\/ateliers-seniors\/wp-json\/wp\/v2\/tags?post=6869"}],"curies":[{"name":"wp","href":"https:\/\/api.w.org\/{rel}","templated":true}]}}