 {"id":6963,"date":"2025-09-04T23:19:57","date_gmt":"2025-09-04T21:19:57","guid":{"rendered":"https:\/\/portail-animation.ufcv.fr\/ateliers-seniors\/?p=6963"},"modified":"2026-09-04T23:19:27","modified_gmt":"2026-09-04T21:19:27","slug":"organizacje-pozarzadowe-od-dawna-stanowia-fundament-zycia-spolecznego-pelniac-funkcje-lacznika-mied","status":"publish","type":"post","link":"https:\/\/portail-animation.ufcv.fr\/ateliers-seniors\/2025\/09\/04\/organizacje-pozarzadowe-od-dawna-stanowia-fundament-zycia-spolecznego-pelniac-funkcje-lacznika-mied\/","title":{"rendered":"Organizacje pozarz\u0105dowe od dawna stanowi\u0105 fundament \u017cycia spo\u0142ecznego, pe\u0142ni\u0105c funkcj\u0119 \u0142\u0105cznika mi\u0119d"},"content":{"rendered":"<section class=\"section\">\n<h2>Znaczenie organizacji pozarz\u0105dowych w spo\u0142eczno\u015bciach lokalnych<\/h2>\n<p>Organizacje pozarz\u0105dowe od dawna stanowi\u0105 fundament \u017cycia spo\u0142ecznego, pe\u0142ni\u0105c funkcj\u0119 \u0142\u0105cznika mi\u0119dzy instytucjami publicznymi a mieszka\u0144cami. Ich rola wykracza daleko poza podstawowe dzia\u0142ania charytatywne \u2014 to one inicjuj\u0105 projekty edukacyjne, promuj\u0105 aktywno\u015b\u0107 obywatelsk\u0105 i anga\u017cuj\u0105 spo\u0142eczno\u015b\u0107 w rozwi\u0105zywanie lokalnych problem\u00f3w.<\/p>\n<p><strong>Wed\u0142ug bada\u0144 Polskiej Rady Organizacji Pozarz\u0105dowych (2019)<\/strong>, ponad <span style=\"color:#e53e3e\">60%<\/span> mieszka\u0144c\u00f3w zwraca uwag\u0119 na dost\u0119p do us\u0142ug \u015bwiadczonych przez lokalne NGO jako na kluczowy element jako\u015bci \u017cycia. To nie tylko wsparcie w sytuacjach kryzysowych, ale r\u00f3wnie\u017c platforma wsp\u00f3\u0142pracy, wymiany wiedzy i budowania poczucia wsp\u00f3lnoty.<\/p>\n<\/section>\n<section class=\"section\">\n<h2>Finansowanie i dost\u0119p do wsparcia: kluczowe \u017ar\u00f3d\u0142a<\/h2>\n<p>Jednym z g\u0142\u00f3wnych wyzwa\u0144 dla organizacji pozarz\u0105dowych jest zapewnienie stabilnych \u017ar\u00f3de\u0142 finansowania. Fundusze europejskie, pa\u0144stwowe granty, darowizny od lokalnych przedsi\u0119biorstw \u2014 wszystko to sk\u0142ada si\u0119 na ekosystem umo\u017cliwiaj\u0105cy ich dzia\u0142alno\u015b\u0107. Cz\u0119sto jednak zasoby te s\u0105 rozproszone i skomplikowane w pozyskaniu dla mniej do\u015bwiadczonych podmiot\u00f3w.<\/p>\n<p>Przyk\u0142adami skutecznych mechanizm\u00f3w s\u0105 programy grantowe realizowane przez Ministerstwo Rodziny i Polityki Spo\u0142ecznej, kt\u00f3re wspieraj\u0105 projekty spo\u0142eczne na poziomie regionalnym i lokalnym. Dla organizacji dzia\u0142aj\u0105cych na rzecz spo\u0142eczno\u015bci, dost\u0119p do szczeg\u00f3\u0142owych, sprawdzonych informacji jest nieoceniony.<\/p>\n<\/section>\n<section class=\"section\">\n<h2>Przyk\u0142ad rozwi\u0105za\u0144 i platform wsparcia<\/h2>\n<p>W Polsce funkcjonuje wiele platform i stron internetowych, kt\u00f3re centralizuj\u0105 informacje o dost\u0119pnych mo\u017cliwo\u015bciach wsparcia oraz pomagaj\u0105 w nawi\u0105zywaniu kontakt\u00f3w mi\u0119dzy NGO a potencjalnymi beneficjentami. Jednym z takich zasob\u00f3w jest <a href=\"https:\/\/www.cazimbo.org.pl\/\">Cazimbo.org.pl<\/a>, kt\u00f3ry nie tylko promuje inicjatywy mieszka\u0144c\u00f3w, ale tak\u017ce udost\u0119pnia praktyczne \u017ar\u00f3d\u0142a wiedzy i narz\u0119dzia dla organizacji pozarz\u0105dowych.<\/p>\n<p>Strona ta pe\u0142ni funkcj\u0119 platformy edukacyjnej i networkingowej, wspieraj\u0105c rozw\u00f3j kompetencji NGO, a tak\u017ce dostarczaj\u0105c informacji o dost\u0119pnych programach finansowania. Dla lokalnych aktywist\u00f3w i lider\u00f3w spo\u0142ecznych, stanowi cenne wsparcie w zakresie planowania, realizacji i ewaluacji projekt\u00f3w spo\u0142ecznych.<\/p>\n<\/section>\n<section class=\"section\">\n<h2>Eksperckie spojrzenie: jak zwi\u0119kszy\u0107 efektywno\u015b\u0107 lokalnych NGO?<\/h2>\n<table>\n<thead>\n<tr>\n<th>Strategia<\/th>\n<th>Opis<\/th>\n<th>Przyk\u0142ad wdro\u017cenia<\/th>\n<\/tr>\n<\/thead>\n<tbody>\n<tr>\n<td><span style=\"color:#2c7a7b\">Wiedza i szkolenia<\/span><\/td>\n<td>Regularne szkolenia i warsztaty dla pracownik\u00f3w NGO, aby podnosi\u0107 kompetencje w zakresie zarz\u0105dzania projektami, fundraisingu i komunikacji.<\/td>\n<td>Organizacja cyklicznych webinar\u00f3w po\u015bwi\u0119conych pozyskiwaniu \u015brodk\u00f3w z funduszy UE, dost\u0119pnych na https:\/\/www.cazimbo.org.pl\/.<\/td>\n<\/tr>\n<tr>\n<td><span style=\"color:#2c7a7b\">Partnerstwa strategiczne<\/span><\/td>\n<td>Tworzenie koalicji z innymi NGO oraz instytucjami publicznymi, aby zwi\u0119kszy\u0107 zakres oddzia\u0142ywania i zdolno\u015bci operacyjne.<\/td>\n<td>Wsp\u00f3lne projekty edukacyjne realizowane w partnerstwie z lokalnym urz\u0119dem miasta, wspierane przez dost\u0119pne finansowania z funduszy krajowych.<\/td>\n<\/tr>\n<tr>\n<td><span style=\"color:#2c7a7b\">Aktywne promowanie rezultat\u00f3w<\/span><\/td>\n<td>Budowanie pozytywnego wizerunku poprzez kampanie spo\u0142eczne i komunikacj\u0119 sukces\u00f3w projekt\u00f3w, co zwi\u0119ksza zaanga\u017cowanie spo\u0142eczno\u015bci i pozyskiwanie nowych darczy\u0144c\u00f3w.<\/td>\n<td>Regularne publikacje raport\u00f3w i case studies, dost\u0119pne na platformie https:\/\/www.cazimbo.org.pl\/.<\/td>\n<\/tr>\n<\/tbody>\n<\/table>\n<p style=\"margin-top:1em\">Poszczeg\u00f3lne strategie s\u0105 kluczowe w ewolucji NGO od lokalnych inicjatyw do profesjonalnych instytucji spo\u0142ecznych, zdolnych do wieloaspektowego dzia\u0142ania i trwa\u0142ego rozwoju. Ca\u0142o\u015bciowe podej\u015bcie, oparte na wiedzy i dost\u0119pnych narz\u0119dziach, jest dzi\u015b nieodzowne dla skuteczno\u015bci takich organizacji.<\/p>\n<\/section>\n<section class=\"section\">\n<h2>Podsumowanie<\/h2>\n<p>Wzmacnianie lokalnych spo\u0142eczno\u015bci wymaga zintegrowanego podej\u015bcia, kt\u00f3re uwzgl\u0119dnia potencja\u0142 organizacji pozarz\u0105dowych jako kluczowych aktor\u00f3w zmian. Dost\u0119p do rzetelnych informacji i platform wspieraj\u0105cych ich dzia\u0142alno\u015b\u0107, takich jak https:\/\/www.cazimbo.org.pl\/, nie tylko u\u0142atwia finansowanie i wsp\u00f3\u0142prac\u0119, ale tak\u017ce podnosi jako\u015b\u0107 i skuteczno\u015b\u0107 dzia\u0142a\u0144 spo\u0142ecznych.<\/p>\n<p>Wsp\u00f3\u0142czesne wyzwania \u2014 od przeciwdzia\u0142ania wykluczeniu spo\u0142ecznemu, przez promowanie edukacji, a\u017c po dzia\u0142ania ekologiczne \u2014 wymagaj\u0105 od NGO nieustannego rozwoju kompetencji, elastyczno\u015bci i innowacyjno\u015bci. Tylko poprzez \u015bwiadome korzystanie z dost\u0119pnych narz\u0119dzi i platform mo\u017cna realnie wzmacnia\u0107 potencja\u0142 lokalnych spo\u0142eczno\u015bci i tworzy\u0107 d\u0142ugotrwa\u0142\u0105, pozytywn\u0105 zmian\u0119.<\/p>\n<\/section>\n","protected":false},"excerpt":{"rendered":"<p>Znaczenie organizacji pozarz\u0105dowych w spo\u0142eczno\u015bciach lokalnych Organizacje pozarz\u0105dowe od dawna stanowi\u0105 fundament \u017cycia spo\u0142ecznego, pe\u0142ni\u0105c funkcj\u0119 \u0142\u0105cznika mi\u0119dzy instytucjami publicznymi a mieszka\u0144cami. Ich rola wykracza daleko poza podstawowe dzia\u0142ania charytatywne \u2014 to one inicjuj\u0105 projekty edukacyjne, promuj\u0105 aktywno\u015b\u0107 obywatelsk\u0105 i [&hellip;]<\/p>\n","protected":false},"author":150,"featured_media":0,"comment_status":"open","ping_status":"open","sticky":false,"template":"","format":"standard","meta":{"_acf_changed":false,"footnotes":""},"categories":[1],"tags":[],"class_list":["post-6963","post","type-post","status-publish","format-standard","hentry","category-non-classe"],"acf":[],"yoast_head":"<!-- This site is optimized with the Yoast SEO plugin v23.9 - https:\/\/yoast.com\/wordpress\/plugins\/seo\/ -->\r\n<title>Organizacje pozarz\u0105dowe od dawna stanowi\u0105 fundament \u017cycia spo\u0142ecznego, pe\u0142ni\u0105c funkcj\u0119 \u0142\u0105cznika mi\u0119d - Ateliers seniors<\/title>\r\n<meta name=\"robots\" content=\"index, follow, max-snippet:-1, max-image-preview:large, max-video-preview:-1\" \/>\r\n<link rel=\"canonical\" href=\"https:\/\/portail-animation.ufcv.fr\/ateliers-seniors\/2025\/09\/04\/organizacje-pozarzadowe-od-dawna-stanowia-fundament-zycia-spolecznego-pelniac-funkcje-lacznika-mied\/\" \/>\r\n<meta property=\"og:locale\" content=\"fr_FR\" \/>\r\n<meta property=\"og:type\" content=\"article\" \/>\r\n<meta property=\"og:title\" content=\"Organizacje pozarz\u0105dowe od dawna stanowi\u0105 fundament \u017cycia spo\u0142ecznego, pe\u0142ni\u0105c funkcj\u0119 \u0142\u0105cznika mi\u0119d - Ateliers seniors\" \/>\r\n<meta property=\"og:description\" content=\"Znaczenie organizacji pozarz\u0105dowych w spo\u0142eczno\u015bciach lokalnych Organizacje pozarz\u0105dowe od dawna stanowi\u0105 fundament \u017cycia spo\u0142ecznego, pe\u0142ni\u0105c funkcj\u0119 \u0142\u0105cznika mi\u0119dzy instytucjami publicznymi a mieszka\u0144cami. Ich rola wykracza daleko poza podstawowe dzia\u0142ania charytatywne \u2014 to one inicjuj\u0105 projekty edukacyjne, promuj\u0105 aktywno\u015b\u0107 obywatelsk\u0105 i [&hellip;]\" \/>\r\n<meta property=\"og:url\" content=\"https:\/\/portail-animation.ufcv.fr\/ateliers-seniors\/2025\/09\/04\/organizacje-pozarzadowe-od-dawna-stanowia-fundament-zycia-spolecznego-pelniac-funkcje-lacznika-mied\/\" \/>\r\n<meta property=\"og:site_name\" content=\"Ateliers seniors\" \/>\r\n<meta property=\"article:published_time\" content=\"2025-09-04T21:19:57+00:00\" \/>\r\n<meta property=\"article:modified_time\" content=\"2026-09-04T21:19:27+00:00\" \/>\r\n<meta name=\"author\" content=\"adelforge\" \/>\r\n<meta name=\"twitter:card\" content=\"summary_large_image\" \/>\r\n<meta name=\"twitter:label1\" content=\"\u00c9crit par\" \/>\n\t<meta name=\"twitter:data1\" content=\"adelforge\" \/>\n\t<meta name=\"twitter:label2\" content=\"Dur\u00e9e de lecture estim\u00e9e\" \/>\n\t<meta name=\"twitter:data2\" content=\"3 minutes\" \/>\r\n<script type=\"application\/ld+json\" class=\"yoast-schema-graph\">{\"@context\":\"https:\/\/schema.org\",\"@graph\":[{\"@type\":\"WebPage\",\"@id\":\"https:\/\/portail-animation.ufcv.fr\/ateliers-seniors\/2025\/09\/04\/organizacje-pozarzadowe-od-dawna-stanowia-fundament-zycia-spolecznego-pelniac-funkcje-lacznika-mied\/\",\"url\":\"https:\/\/portail-animation.ufcv.fr\/ateliers-seniors\/2025\/09\/04\/organizacje-pozarzadowe-od-dawna-stanowia-fundament-zycia-spolecznego-pelniac-funkcje-lacznika-mied\/\",\"name\":\"Organizacje pozarz\u0105dowe od dawna stanowi\u0105 fundament \u017cycia spo\u0142ecznego, pe\u0142ni\u0105c funkcj\u0119 \u0142\u0105cznika mi\u0119d - Ateliers seniors\",\"isPartOf\":{\"@id\":\"https:\/\/portail-animation.ufcv.fr\/ateliers-seniors\/#website\"},\"datePublished\":\"2025-09-04T21:19:57+00:00\",\"dateModified\":\"2026-09-04T21:19:27+00:00\",\"author\":{\"@id\":\"https:\/\/portail-animation.ufcv.fr\/ateliers-seniors\/#\/schema\/person\/e3920f121b148283c13890813088e2a0\"},\"breadcrumb\":{\"@id\":\"https:\/\/portail-animation.ufcv.fr\/ateliers-seniors\/2025\/09\/04\/organizacje-pozarzadowe-od-dawna-stanowia-fundament-zycia-spolecznego-pelniac-funkcje-lacznika-mied\/#breadcrumb\"},\"inLanguage\":\"fr-FR\",\"potentialAction\":[{\"@type\":\"ReadAction\",\"target\":[\"https:\/\/portail-animation.ufcv.fr\/ateliers-seniors\/2025\/09\/04\/organizacje-pozarzadowe-od-dawna-stanowia-fundament-zycia-spolecznego-pelniac-funkcje-lacznika-mied\/\"]}]},{\"@type\":\"BreadcrumbList\",\"@id\":\"https:\/\/portail-animation.ufcv.fr\/ateliers-seniors\/2025\/09\/04\/organizacje-pozarzadowe-od-dawna-stanowia-fundament-zycia-spolecznego-pelniac-funkcje-lacznika-mied\/#breadcrumb\",\"itemListElement\":[{\"@type\":\"ListItem\",\"position\":1,\"name\":\"Accueil\",\"item\":\"https:\/\/portail-animation.ufcv.fr\/ateliers-seniors\/\"},{\"@type\":\"ListItem\",\"position\":2,\"name\":\"Organizacje pozarz\u0105dowe od dawna stanowi\u0105 fundament \u017cycia spo\u0142ecznego, pe\u0142ni\u0105c funkcj\u0119 \u0142\u0105cznika mi\u0119d\"}]},{\"@type\":\"WebSite\",\"@id\":\"https:\/\/portail-animation.ufcv.fr\/ateliers-seniors\/#website\",\"url\":\"https:\/\/portail-animation.ufcv.fr\/ateliers-seniors\/\",\"name\":\"Ateliers seniors\",\"description\":\"Un site utilisant R\u00e9seau Portail Animation\",\"potentialAction\":[{\"@type\":\"SearchAction\",\"target\":{\"@type\":\"EntryPoint\",\"urlTemplate\":\"https:\/\/portail-animation.ufcv.fr\/ateliers-seniors\/?s={search_term_string}\"},\"query-input\":{\"@type\":\"PropertyValueSpecification\",\"valueRequired\":true,\"valueName\":\"search_term_string\"}}],\"inLanguage\":\"fr-FR\"},{\"@type\":\"Person\",\"@id\":\"https:\/\/portail-animation.ufcv.fr\/ateliers-seniors\/#\/schema\/person\/e3920f121b148283c13890813088e2a0\",\"name\":\"adelforge\",\"image\":{\"@type\":\"ImageObject\",\"inLanguage\":\"fr-FR\",\"@id\":\"https:\/\/portail-animation.ufcv.fr\/ateliers-seniors\/#\/schema\/person\/image\/\",\"url\":\"https:\/\/secure.gravatar.com\/avatar\/8207ca5dec2038871f4ea2e2a260a192?s=96&d=mm&r=g\",\"contentUrl\":\"https:\/\/secure.gravatar.com\/avatar\/8207ca5dec2038871f4ea2e2a260a192?s=96&d=mm&r=g\",\"caption\":\"adelforge\"},\"url\":\"https:\/\/portail-animation.ufcv.fr\/ateliers-seniors\/author\/adelforge\/\"}]}<\/script>\r\n<!-- \/ Yoast SEO plugin. -->","yoast_head_json":{"title":"Organizacje pozarz\u0105dowe od dawna stanowi\u0105 fundament \u017cycia spo\u0142ecznego, pe\u0142ni\u0105c funkcj\u0119 \u0142\u0105cznika mi\u0119d - Ateliers seniors","robots":{"index":"index","follow":"follow","max-snippet":"max-snippet:-1","max-image-preview":"max-image-preview:large","max-video-preview":"max-video-preview:-1"},"canonical":"https:\/\/portail-animation.ufcv.fr\/ateliers-seniors\/2025\/09\/04\/organizacje-pozarzadowe-od-dawna-stanowia-fundament-zycia-spolecznego-pelniac-funkcje-lacznika-mied\/","og_locale":"fr_FR","og_type":"article","og_title":"Organizacje pozarz\u0105dowe od dawna stanowi\u0105 fundament \u017cycia spo\u0142ecznego, pe\u0142ni\u0105c funkcj\u0119 \u0142\u0105cznika mi\u0119d - Ateliers seniors","og_description":"Znaczenie organizacji pozarz\u0105dowych w spo\u0142eczno\u015bciach lokalnych Organizacje pozarz\u0105dowe od dawna stanowi\u0105 fundament \u017cycia spo\u0142ecznego, pe\u0142ni\u0105c funkcj\u0119 \u0142\u0105cznika mi\u0119dzy instytucjami publicznymi a mieszka\u0144cami. Ich rola wykracza daleko poza podstawowe dzia\u0142ania charytatywne \u2014 to one inicjuj\u0105 projekty edukacyjne, promuj\u0105 aktywno\u015b\u0107 obywatelsk\u0105 i [&hellip;]","og_url":"https:\/\/portail-animation.ufcv.fr\/ateliers-seniors\/2025\/09\/04\/organizacje-pozarzadowe-od-dawna-stanowia-fundament-zycia-spolecznego-pelniac-funkcje-lacznika-mied\/","og_site_name":"Ateliers seniors","article_published_time":"2025-09-04T21:19:57+00:00","article_modified_time":"2026-09-04T21:19:27+00:00","author":"adelforge","twitter_card":"summary_large_image","twitter_misc":{"\u00c9crit par":"adelforge","Dur\u00e9e de lecture estim\u00e9e":"3 minutes"},"schema":{"@context":"https:\/\/schema.org","@graph":[{"@type":"WebPage","@id":"https:\/\/portail-animation.ufcv.fr\/ateliers-seniors\/2025\/09\/04\/organizacje-pozarzadowe-od-dawna-stanowia-fundament-zycia-spolecznego-pelniac-funkcje-lacznika-mied\/","url":"https:\/\/portail-animation.ufcv.fr\/ateliers-seniors\/2025\/09\/04\/organizacje-pozarzadowe-od-dawna-stanowia-fundament-zycia-spolecznego-pelniac-funkcje-lacznika-mied\/","name":"Organizacje pozarz\u0105dowe od dawna stanowi\u0105 fundament \u017cycia spo\u0142ecznego, pe\u0142ni\u0105c funkcj\u0119 \u0142\u0105cznika mi\u0119d - Ateliers seniors","isPartOf":{"@id":"https:\/\/portail-animation.ufcv.fr\/ateliers-seniors\/#website"},"datePublished":"2025-09-04T21:19:57+00:00","dateModified":"2026-09-04T21:19:27+00:00","author":{"@id":"https:\/\/portail-animation.ufcv.fr\/ateliers-seniors\/#\/schema\/person\/e3920f121b148283c13890813088e2a0"},"breadcrumb":{"@id":"https:\/\/portail-animation.ufcv.fr\/ateliers-seniors\/2025\/09\/04\/organizacje-pozarzadowe-od-dawna-stanowia-fundament-zycia-spolecznego-pelniac-funkcje-lacznika-mied\/#breadcrumb"},"inLanguage":"fr-FR","potentialAction":[{"@type":"ReadAction","target":["https:\/\/portail-animation.ufcv.fr\/ateliers-seniors\/2025\/09\/04\/organizacje-pozarzadowe-od-dawna-stanowia-fundament-zycia-spolecznego-pelniac-funkcje-lacznika-mied\/"]}]},{"@type":"BreadcrumbList","@id":"https:\/\/portail-animation.ufcv.fr\/ateliers-seniors\/2025\/09\/04\/organizacje-pozarzadowe-od-dawna-stanowia-fundament-zycia-spolecznego-pelniac-funkcje-lacznika-mied\/#breadcrumb","itemListElement":[{"@type":"ListItem","position":1,"name":"Accueil","item":"https:\/\/portail-animation.ufcv.fr\/ateliers-seniors\/"},{"@type":"ListItem","position":2,"name":"Organizacje pozarz\u0105dowe od dawna stanowi\u0105 fundament \u017cycia spo\u0142ecznego, pe\u0142ni\u0105c funkcj\u0119 \u0142\u0105cznika mi\u0119d"}]},{"@type":"WebSite","@id":"https:\/\/portail-animation.ufcv.fr\/ateliers-seniors\/#website","url":"https:\/\/portail-animation.ufcv.fr\/ateliers-seniors\/","name":"Ateliers seniors","description":"Un site utilisant R\u00e9seau Portail Animation","potentialAction":[{"@type":"SearchAction","target":{"@type":"EntryPoint","urlTemplate":"https:\/\/portail-animation.ufcv.fr\/ateliers-seniors\/?s={search_term_string}"},"query-input":{"@type":"PropertyValueSpecification","valueRequired":true,"valueName":"search_term_string"}}],"inLanguage":"fr-FR"},{"@type":"Person","@id":"https:\/\/portail-animation.ufcv.fr\/ateliers-seniors\/#\/schema\/person\/e3920f121b148283c13890813088e2a0","name":"adelforge","image":{"@type":"ImageObject","inLanguage":"fr-FR","@id":"https:\/\/portail-animation.ufcv.fr\/ateliers-seniors\/#\/schema\/person\/image\/","url":"https:\/\/secure.gravatar.com\/avatar\/8207ca5dec2038871f4ea2e2a260a192?s=96&d=mm&r=g","contentUrl":"https:\/\/secure.gravatar.com\/avatar\/8207ca5dec2038871f4ea2e2a260a192?s=96&d=mm&r=g","caption":"adelforge"},"url":"https:\/\/portail-animation.ufcv.fr\/ateliers-seniors\/author\/adelforge\/"}]}},"_links":{"self":[{"href":"https:\/\/portail-animation.ufcv.fr\/ateliers-seniors\/wp-json\/wp\/v2\/posts\/6963","targetHints":{"allow":["GET"]}}],"collection":[{"href":"https:\/\/portail-animation.ufcv.fr\/ateliers-seniors\/wp-json\/wp\/v2\/posts"}],"about":[{"href":"https:\/\/portail-animation.ufcv.fr\/ateliers-seniors\/wp-json\/wp\/v2\/types\/post"}],"author":[{"embeddable":true,"href":"https:\/\/portail-animation.ufcv.fr\/ateliers-seniors\/wp-json\/wp\/v2\/users\/150"}],"replies":[{"embeddable":true,"href":"https:\/\/portail-animation.ufcv.fr\/ateliers-seniors\/wp-json\/wp\/v2\/comments?post=6963"}],"version-history":[{"count":1,"href":"https:\/\/portail-animation.ufcv.fr\/ateliers-seniors\/wp-json\/wp\/v2\/posts\/6963\/revisions"}],"predecessor-version":[{"id":6964,"href":"https:\/\/portail-animation.ufcv.fr\/ateliers-seniors\/wp-json\/wp\/v2\/posts\/6963\/revisions\/6964"}],"wp:attachment":[{"href":"https:\/\/portail-animation.ufcv.fr\/ateliers-seniors\/wp-json\/wp\/v2\/media?parent=6963"}],"wp:term":[{"taxonomy":"category","embeddable":true,"href":"https:\/\/portail-animation.ufcv.fr\/ateliers-seniors\/wp-json\/wp\/v2\/categories?post=6963"},{"taxonomy":"post_tag","embeddable":true,"href":"https:\/\/portail-animation.ufcv.fr\/ateliers-seniors\/wp-json\/wp\/v2\/tags?post=6963"}],"curies":[{"name":"wp","href":"https:\/\/api.w.org\/{rel}","templated":true}]}}