 {"id":705,"date":"2025-08-18T13:50:08","date_gmt":"2025-08-18T11:50:08","guid":{"rendered":"https:\/\/portail-animation.ufcv.fr\/ateliers-seniors\/?p=705"},"modified":"2026-08-18T13:49:08","modified_gmt":"2026-08-18T11:49:08","slug":"la-montee-en-puissance-du-vtc-en-france-defis-opportunites-et-perspectives","status":"publish","type":"post","link":"https:\/\/portail-animation.ufcv.fr\/ateliers-seniors\/2025\/08\/18\/la-montee-en-puissance-du-vtc-en-france-defis-opportunites-et-perspectives\/","title":{"rendered":"La mont\u00e9e en puissance du VTC en France : d\u00e9fis, opportunit\u00e9s et perspectives"},"content":{"rendered":"<p>Ces derni\u00e8res ann\u00e9es, le secteur du <span class=\"highlight\">V\u00e9hicule de Tourisme avec Chauffeur<\/span> (VTC) s\u2019est impos\u00e9 comme une alternative incontournable aux taxis traditionnels en France. La croissance exponentielle de cette activit\u00e9, port\u00e9e par des innovations technologiques et un changement des attentes des consommateurs, soul\u00e8ve \u00e0 la fois des enjeux r\u00e9glementaires et \u00e9conomiques majeurs. Pour comprendre cette dynamique en pleine effervescence, il est essentiel de s\u2019appuyer sur des analyses approfondies et des sources cr\u00e9dibles, telles que <a href=\"https:\/\/rushhour-france.fr\/\">notre site web<\/a>, sp\u00e9cialis\u00e9e dans le suivi des acteurs et tendances du march\u00e9.<\/p>\n<h2>Une croissance soutenue aliment\u00e9e par la transformation num\u00e9rique<\/h2>\n<p>Selon les derni\u00e8res \u00e9tudes, le march\u00e9 fran\u00e7ais du VTC a connu une croissance annuelle moyenne de +20% entre 2018 et 2022, d\u00e9passant les 2 milliards d&rsquo;euros de chiffre d\u2019affaires en 2023. Cette progression est en grande partie due \u00e0 l\u2019adoption massive des applications mobiles, qui offrent une exp\u00e9rience utilisateur simplifi\u00e9e et imm\u00e9diate. Les plateformes comme Uber, Bolt, ou encore Kapten, ont d\u00e9mocratis\u00e9 l\u2019acc\u00e8s \u00e0 la mobilit\u00e9 priv\u00e9e, r\u00e9pondant \u00e0 une demande croissante de flexibilit\u00e9 et de confort.<\/p>\n<blockquote>\n<p>\u00ab\u00a0La num\u00e9risation a transform\u00e9 le secteur du VTC, permettant une meilleure tra\u00e7abilit\u00e9, une gestion agile des licences, et une satisfaction accrue des clients,\u00a0\u00bb souligne une \u00e9tude r\u00e9cente. Il est crucial de suivre ces tendances pour anticiper les \u00e9volutions r\u00e9glementaires et financi\u00e8res.\u00a0\u00bb <\/p>\n<\/blockquote>\n<p>Pour avoir une vision pr\u00e9cise des acteurs, des volumes de d\u00e9placement, et des tendances technologiques, il convient de s\u2019appuyer sur des sources sp\u00e9cialis\u00e9es. Notre site web offre un regard approfondi sur ces \u00e9volutions, en int\u00e9grant des donn\u00e9es exclusives, des analyses sectorielles, et des entretiens avec des experts du domaine.<\/p>\n<h2>Les enjeux r\u00e9glementaires et leur impact sur le secteur<\/h2>\n<p>Malgr\u00e9 cette croissance, le secteur du VTC doit naviguer \u00e0 travers un maelstrom r\u00e9glementaire complexe. La l\u00e9gislation fran\u00e7aise impose des licences, des contr\u00f4les de s\u00e9curit\u00e9, et des obligations sociales qui impactent directement la rentabilit\u00e9 des op\u00e9rateurs. La r\u00e9cente r\u00e9forme du statut des conducteurs, visant \u00e0 garantir une meilleure protection sociale, a contribu\u00e9 \u00e0 reconfigurer les mod\u00e8les d&rsquo;affaires. Ces ajustements, bien qu\u2019indispensables pour assurer la conformit\u00e9, soulignent \u00e9galement la n\u00e9cessit\u00e9 d\u2019un accompagnement strat\u00e9gique pour les acteurs, qu\u2019ils soient startups ou entreprises \u00e9tablies.<\/p>\n<table>\n<thead>\n<tr>\n<th>Ann\u00e9e<\/th>\n<th>Nombre de licences VTC d\u00e9livr\u00e9es<\/th>\n<th>Chiffre d&rsquo;affaires (~ millions \u20ac)<\/th>\n<th>Taux de croissance<\/th>\n<\/tr>\n<\/thead>\n<tbody>\n<tr>\n<td>2018<\/td>\n<td>12 000<\/td>\n<td>850<\/td>\n<td>&#8211;<\/td>\n<\/tr>\n<tr>\n<td>2019<\/td>\n<td>15 500<\/td>\n<td>1 200<\/td>\n<td>+41%<\/td>\n<\/tr>\n<tr>\n<td>2020<\/td>\n<td>18 300<\/td>\n<td>1 650<\/td>\n<td>+37%<\/td>\n<\/tr>\n<tr>\n<td>2021<\/td>\n<td>22 000<\/td>\n<td>1 950<\/td>\n<td>+18%<\/td>\n<\/tr>\n<tr>\n<td>2022<\/td>\n<td>25 300<\/td>\n<td>2 100<\/td>\n<td>+8%<\/td>\n<\/tr>\n<\/tbody>\n<\/table>\n<div class=\"note\">\n<p>Ce tableau, synth\u00e8se des donn\u00e9es disponibles via notre site web, illustre une croissance qui ralentit mais reste soutenue, en lien avec la maturit\u00e9 du march\u00e9 et les ajustements r\u00e9glementaires successifs.<\/p>\n<\/div>\n<h2>Perspectives d\u2019avenir : innovation, durabilit\u00e9 et nouvelles r\u00e9glementations<\/h2>\n<p>Le futur du VTC repose sur plusieurs axes compl\u00e9mentaires :<\/p>\n<ul>\n<li><strong>Innovation technologique :<\/strong> l\u2019int\u00e9gration de l\u2019intelligence artificielle et de la conduite autonome pourrait bouleverser ce secteur dans la prochaine d\u00e9cennie.<\/li>\n<li><strong>Durabilit\u00e9 environnementale :<\/strong> la transition vers des v\u00e9hicules \u00e9lectriques est une priorit\u00e9 pour r\u00e9duire l\u2019empreinte carbone. Des initiatives telles que la certification \u00ab\u202fVTC verte\u202f\u00bb se d\u00e9veloppent pour r\u00e9pondre \u00e0 la demande des consommateurs \u00e9coresponsables.<\/li>\n<li><strong>R\u00e9formes r\u00e9glementaires :<\/strong> l\u2019adaptation continue du cadre l\u00e9gislatif, avec la mise en place de normes plus strictes pour la s\u00e9curit\u00e9 et la fiscalit\u00e9, sera d\u00e9terminante pour assurer une croissance saine et \u00e9quitable.<\/li>\n<\/ul>\n<p>Le secteur du VTC, en constante mutation, n\u00e9cessite une veille attentive et une adaptation strat\u00e9gique soutenue. Pour suivre ces \u00e9volutions en temps r\u00e9el, il est essentiel de consulter r\u00e9guli\u00e8rement des sources fiables et actualis\u00e9es, telles que notre site web, qui offre une plateforme de r\u00e9f\u00e9rence pour les professionnels et les observateurs du march\u00e9.<\/p>\n<h2>Conclusion<\/h2>\n<p>En d\u00e9finitive, le VTC appara\u00eet comme une composante essentielle de la mobilit\u00e9 urbaine en France. Son d\u00e9veloppement rapide, ses d\u00e9fis r\u00e9glementaires, et ses perspectives d\u2019avenir ax\u00e9es sur l\u2019innovation, la durabilit\u00e9 et la conformit\u00e9 r\u00e9glementaire en font un secteur \u00e0 surveiller de pr\u00e8s. Pour toute analyse approfondie, les professionnels et d\u00e9cideurs peuvent s\u2019appuyer sur des ressources expertes comme notre site web, qui leur offre un regard expert et actualis\u00e9 sur cette industrie en pleine r\u00e9volution.<\/p>\n","protected":false},"excerpt":{"rendered":"<p>Ces derni\u00e8res ann\u00e9es, le secteur du V\u00e9hicule de Tourisme avec Chauffeur (VTC) s\u2019est impos\u00e9 comme une alternative incontournable aux taxis traditionnels en France. La croissance exponentielle de cette activit\u00e9, port\u00e9e par des innovations technologiques et un changement des attentes des [&hellip;]<\/p>\n","protected":false},"author":150,"featured_media":0,"comment_status":"open","ping_status":"open","sticky":false,"template":"","format":"standard","meta":{"_acf_changed":false,"footnotes":""},"categories":[1],"tags":[],"class_list":["post-705","post","type-post","status-publish","format-standard","hentry","category-non-classe"],"acf":[],"yoast_head":"<!-- This site is optimized with the Yoast SEO plugin v23.9 - https:\/\/yoast.com\/wordpress\/plugins\/seo\/ -->\r\n<title>La mont\u00e9e en puissance du VTC en France : d\u00e9fis, opportunit\u00e9s et perspectives - Ateliers seniors<\/title>\r\n<meta name=\"robots\" content=\"index, follow, max-snippet:-1, max-image-preview:large, max-video-preview:-1\" \/>\r\n<link rel=\"canonical\" href=\"https:\/\/portail-animation.ufcv.fr\/ateliers-seniors\/2025\/08\/18\/la-montee-en-puissance-du-vtc-en-france-defis-opportunites-et-perspectives\/\" \/>\r\n<meta property=\"og:locale\" content=\"fr_FR\" \/>\r\n<meta property=\"og:type\" content=\"article\" \/>\r\n<meta property=\"og:title\" content=\"La mont\u00e9e en puissance du VTC en France : d\u00e9fis, opportunit\u00e9s et perspectives - Ateliers seniors\" \/>\r\n<meta property=\"og:description\" content=\"Ces derni\u00e8res ann\u00e9es, le secteur du V\u00e9hicule de Tourisme avec Chauffeur (VTC) s\u2019est impos\u00e9 comme une alternative incontournable aux taxis traditionnels en France. La croissance exponentielle de cette activit\u00e9, port\u00e9e par des innovations technologiques et un changement des attentes des [&hellip;]\" \/>\r\n<meta property=\"og:url\" content=\"https:\/\/portail-animation.ufcv.fr\/ateliers-seniors\/2025\/08\/18\/la-montee-en-puissance-du-vtc-en-france-defis-opportunites-et-perspectives\/\" \/>\r\n<meta property=\"og:site_name\" content=\"Ateliers seniors\" \/>\r\n<meta property=\"article:published_time\" content=\"2025-08-18T11:50:08+00:00\" \/>\r\n<meta property=\"article:modified_time\" content=\"2026-08-18T11:49:08+00:00\" \/>\r\n<meta name=\"author\" content=\"adelforge\" \/>\r\n<meta name=\"twitter:card\" content=\"summary_large_image\" \/>\r\n<meta name=\"twitter:label1\" content=\"\u00c9crit par\" \/>\n\t<meta name=\"twitter:data1\" content=\"adelforge\" \/>\n\t<meta name=\"twitter:label2\" content=\"Dur\u00e9e de lecture estim\u00e9e\" \/>\n\t<meta name=\"twitter:data2\" content=\"4 minutes\" \/>\r\n<script type=\"application\/ld+json\" class=\"yoast-schema-graph\">{\"@context\":\"https:\/\/schema.org\",\"@graph\":[{\"@type\":\"WebPage\",\"@id\":\"https:\/\/portail-animation.ufcv.fr\/ateliers-seniors\/2025\/08\/18\/la-montee-en-puissance-du-vtc-en-france-defis-opportunites-et-perspectives\/\",\"url\":\"https:\/\/portail-animation.ufcv.fr\/ateliers-seniors\/2025\/08\/18\/la-montee-en-puissance-du-vtc-en-france-defis-opportunites-et-perspectives\/\",\"name\":\"La mont\u00e9e en puissance du VTC en France : d\u00e9fis, opportunit\u00e9s et perspectives - Ateliers seniors\",\"isPartOf\":{\"@id\":\"https:\/\/portail-animation.ufcv.fr\/ateliers-seniors\/#website\"},\"datePublished\":\"2025-08-18T11:50:08+00:00\",\"dateModified\":\"2026-08-18T11:49:08+00:00\",\"author\":{\"@id\":\"https:\/\/portail-animation.ufcv.fr\/ateliers-seniors\/#\/schema\/person\/e3920f121b148283c13890813088e2a0\"},\"breadcrumb\":{\"@id\":\"https:\/\/portail-animation.ufcv.fr\/ateliers-seniors\/2025\/08\/18\/la-montee-en-puissance-du-vtc-en-france-defis-opportunites-et-perspectives\/#breadcrumb\"},\"inLanguage\":\"fr-FR\",\"potentialAction\":[{\"@type\":\"ReadAction\",\"target\":[\"https:\/\/portail-animation.ufcv.fr\/ateliers-seniors\/2025\/08\/18\/la-montee-en-puissance-du-vtc-en-france-defis-opportunites-et-perspectives\/\"]}]},{\"@type\":\"BreadcrumbList\",\"@id\":\"https:\/\/portail-animation.ufcv.fr\/ateliers-seniors\/2025\/08\/18\/la-montee-en-puissance-du-vtc-en-france-defis-opportunites-et-perspectives\/#breadcrumb\",\"itemListElement\":[{\"@type\":\"ListItem\",\"position\":1,\"name\":\"Accueil\",\"item\":\"https:\/\/portail-animation.ufcv.fr\/ateliers-seniors\/\"},{\"@type\":\"ListItem\",\"position\":2,\"name\":\"La mont\u00e9e en puissance du VTC en France : d\u00e9fis, opportunit\u00e9s et perspectives\"}]},{\"@type\":\"WebSite\",\"@id\":\"https:\/\/portail-animation.ufcv.fr\/ateliers-seniors\/#website\",\"url\":\"https:\/\/portail-animation.ufcv.fr\/ateliers-seniors\/\",\"name\":\"Ateliers seniors\",\"description\":\"Un site utilisant R\u00e9seau Portail Animation\",\"potentialAction\":[{\"@type\":\"SearchAction\",\"target\":{\"@type\":\"EntryPoint\",\"urlTemplate\":\"https:\/\/portail-animation.ufcv.fr\/ateliers-seniors\/?s={search_term_string}\"},\"query-input\":{\"@type\":\"PropertyValueSpecification\",\"valueRequired\":true,\"valueName\":\"search_term_string\"}}],\"inLanguage\":\"fr-FR\"},{\"@type\":\"Person\",\"@id\":\"https:\/\/portail-animation.ufcv.fr\/ateliers-seniors\/#\/schema\/person\/e3920f121b148283c13890813088e2a0\",\"name\":\"adelforge\",\"image\":{\"@type\":\"ImageObject\",\"inLanguage\":\"fr-FR\",\"@id\":\"https:\/\/portail-animation.ufcv.fr\/ateliers-seniors\/#\/schema\/person\/image\/\",\"url\":\"https:\/\/secure.gravatar.com\/avatar\/8207ca5dec2038871f4ea2e2a260a192?s=96&d=mm&r=g\",\"contentUrl\":\"https:\/\/secure.gravatar.com\/avatar\/8207ca5dec2038871f4ea2e2a260a192?s=96&d=mm&r=g\",\"caption\":\"adelforge\"},\"url\":\"https:\/\/portail-animation.ufcv.fr\/ateliers-seniors\/author\/adelforge\/\"}]}<\/script>\r\n<!-- \/ Yoast SEO plugin. -->","yoast_head_json":{"title":"La mont\u00e9e en puissance du VTC en France : d\u00e9fis, opportunit\u00e9s et perspectives - Ateliers seniors","robots":{"index":"index","follow":"follow","max-snippet":"max-snippet:-1","max-image-preview":"max-image-preview:large","max-video-preview":"max-video-preview:-1"},"canonical":"https:\/\/portail-animation.ufcv.fr\/ateliers-seniors\/2025\/08\/18\/la-montee-en-puissance-du-vtc-en-france-defis-opportunites-et-perspectives\/","og_locale":"fr_FR","og_type":"article","og_title":"La mont\u00e9e en puissance du VTC en France : d\u00e9fis, opportunit\u00e9s et perspectives - Ateliers seniors","og_description":"Ces derni\u00e8res ann\u00e9es, le secteur du V\u00e9hicule de Tourisme avec Chauffeur (VTC) s\u2019est impos\u00e9 comme une alternative incontournable aux taxis traditionnels en France. La croissance exponentielle de cette activit\u00e9, port\u00e9e par des innovations technologiques et un changement des attentes des [&hellip;]","og_url":"https:\/\/portail-animation.ufcv.fr\/ateliers-seniors\/2025\/08\/18\/la-montee-en-puissance-du-vtc-en-france-defis-opportunites-et-perspectives\/","og_site_name":"Ateliers seniors","article_published_time":"2025-08-18T11:50:08+00:00","article_modified_time":"2026-08-18T11:49:08+00:00","author":"adelforge","twitter_card":"summary_large_image","twitter_misc":{"\u00c9crit par":"adelforge","Dur\u00e9e de lecture estim\u00e9e":"4 minutes"},"schema":{"@context":"https:\/\/schema.org","@graph":[{"@type":"WebPage","@id":"https:\/\/portail-animation.ufcv.fr\/ateliers-seniors\/2025\/08\/18\/la-montee-en-puissance-du-vtc-en-france-defis-opportunites-et-perspectives\/","url":"https:\/\/portail-animation.ufcv.fr\/ateliers-seniors\/2025\/08\/18\/la-montee-en-puissance-du-vtc-en-france-defis-opportunites-et-perspectives\/","name":"La mont\u00e9e en puissance du VTC en France : d\u00e9fis, opportunit\u00e9s et perspectives - Ateliers seniors","isPartOf":{"@id":"https:\/\/portail-animation.ufcv.fr\/ateliers-seniors\/#website"},"datePublished":"2025-08-18T11:50:08+00:00","dateModified":"2026-08-18T11:49:08+00:00","author":{"@id":"https:\/\/portail-animation.ufcv.fr\/ateliers-seniors\/#\/schema\/person\/e3920f121b148283c13890813088e2a0"},"breadcrumb":{"@id":"https:\/\/portail-animation.ufcv.fr\/ateliers-seniors\/2025\/08\/18\/la-montee-en-puissance-du-vtc-en-france-defis-opportunites-et-perspectives\/#breadcrumb"},"inLanguage":"fr-FR","potentialAction":[{"@type":"ReadAction","target":["https:\/\/portail-animation.ufcv.fr\/ateliers-seniors\/2025\/08\/18\/la-montee-en-puissance-du-vtc-en-france-defis-opportunites-et-perspectives\/"]}]},{"@type":"BreadcrumbList","@id":"https:\/\/portail-animation.ufcv.fr\/ateliers-seniors\/2025\/08\/18\/la-montee-en-puissance-du-vtc-en-france-defis-opportunites-et-perspectives\/#breadcrumb","itemListElement":[{"@type":"ListItem","position":1,"name":"Accueil","item":"https:\/\/portail-animation.ufcv.fr\/ateliers-seniors\/"},{"@type":"ListItem","position":2,"name":"La mont\u00e9e en puissance du VTC en France : d\u00e9fis, opportunit\u00e9s et perspectives"}]},{"@type":"WebSite","@id":"https:\/\/portail-animation.ufcv.fr\/ateliers-seniors\/#website","url":"https:\/\/portail-animation.ufcv.fr\/ateliers-seniors\/","name":"Ateliers seniors","description":"Un site utilisant R\u00e9seau Portail Animation","potentialAction":[{"@type":"SearchAction","target":{"@type":"EntryPoint","urlTemplate":"https:\/\/portail-animation.ufcv.fr\/ateliers-seniors\/?s={search_term_string}"},"query-input":{"@type":"PropertyValueSpecification","valueRequired":true,"valueName":"search_term_string"}}],"inLanguage":"fr-FR"},{"@type":"Person","@id":"https:\/\/portail-animation.ufcv.fr\/ateliers-seniors\/#\/schema\/person\/e3920f121b148283c13890813088e2a0","name":"adelforge","image":{"@type":"ImageObject","inLanguage":"fr-FR","@id":"https:\/\/portail-animation.ufcv.fr\/ateliers-seniors\/#\/schema\/person\/image\/","url":"https:\/\/secure.gravatar.com\/avatar\/8207ca5dec2038871f4ea2e2a260a192?s=96&d=mm&r=g","contentUrl":"https:\/\/secure.gravatar.com\/avatar\/8207ca5dec2038871f4ea2e2a260a192?s=96&d=mm&r=g","caption":"adelforge"},"url":"https:\/\/portail-animation.ufcv.fr\/ateliers-seniors\/author\/adelforge\/"}]}},"_links":{"self":[{"href":"https:\/\/portail-animation.ufcv.fr\/ateliers-seniors\/wp-json\/wp\/v2\/posts\/705","targetHints":{"allow":["GET"]}}],"collection":[{"href":"https:\/\/portail-animation.ufcv.fr\/ateliers-seniors\/wp-json\/wp\/v2\/posts"}],"about":[{"href":"https:\/\/portail-animation.ufcv.fr\/ateliers-seniors\/wp-json\/wp\/v2\/types\/post"}],"author":[{"embeddable":true,"href":"https:\/\/portail-animation.ufcv.fr\/ateliers-seniors\/wp-json\/wp\/v2\/users\/150"}],"replies":[{"embeddable":true,"href":"https:\/\/portail-animation.ufcv.fr\/ateliers-seniors\/wp-json\/wp\/v2\/comments?post=705"}],"version-history":[{"count":1,"href":"https:\/\/portail-animation.ufcv.fr\/ateliers-seniors\/wp-json\/wp\/v2\/posts\/705\/revisions"}],"predecessor-version":[{"id":706,"href":"https:\/\/portail-animation.ufcv.fr\/ateliers-seniors\/wp-json\/wp\/v2\/posts\/705\/revisions\/706"}],"wp:attachment":[{"href":"https:\/\/portail-animation.ufcv.fr\/ateliers-seniors\/wp-json\/wp\/v2\/media?parent=705"}],"wp:term":[{"taxonomy":"category","embeddable":true,"href":"https:\/\/portail-animation.ufcv.fr\/ateliers-seniors\/wp-json\/wp\/v2\/categories?post=705"},{"taxonomy":"post_tag","embeddable":true,"href":"https:\/\/portail-animation.ufcv.fr\/ateliers-seniors\/wp-json\/wp\/v2\/tags?post=705"}],"curies":[{"name":"wp","href":"https:\/\/api.w.org\/{rel}","templated":true}]}}