 {"id":7961,"date":"2025-09-05T18:54:11","date_gmt":"2025-09-05T16:54:11","guid":{"rendered":"https:\/\/portail-animation.ufcv.fr\/ateliers-seniors\/?p=7961"},"modified":"2026-09-05T18:53:39","modified_gmt":"2026-09-05T16:53:39","slug":"de-evolutie-van-media-en-digitale-cultuur-in-zuid-afrika-een-diepgaande-analyse","status":"publish","type":"post","link":"https:\/\/portail-animation.ufcv.fr\/ateliers-seniors\/2025\/09\/05\/de-evolutie-van-media-en-digitale-cultuur-in-zuid-afrika-een-diepgaande-analyse\/","title":{"rendered":"De Evolutie van Media en Digitale Cultuur in Zuid-Afrika: Een Diepgaande Analyse"},"content":{"rendered":"<p>In de afgelopen decennia heeft Zuid-Afrika een opmerkelijke transformatie doorgemaakt op het gebied van media en digitale communicatie. De combinatie van historische uitdagingen en technologische vooruitgang heeft geleid tot een unieke digitale cultuur die zowel complex als fascinerend is.<\/p>\n<h2>Historische Context en de Opkomst van Digitale Media<\/h2>\n<p>Na het einde van de apartheid stond Zuid-Afrika voor de enorme taak om een inclusieve en representatieve mediaklacht te ontwikkelen. Traditionele media, zoals radio en televisie, speelden een cruciale rol in de emancipatieproces, maar het was de opkomst van internet en mobiele technologie die de sudoku voor de toekomst van berichtgeving en communicatie veranderde.<\/p>\n<p>Volgens recente statistieken (2022) beschikken meer dan 70% van de Zuid-Afrikanen over een smartphone, en bijna 60% van de bevolking gebruikt internet regelmatig (<span class=\"highlight\">Data afkomstig van de South African Digital Landscape Report<\/span>). Dit wijst op een snel groeiende digitale participatie, en onderstrepen de inherente noodzaak voor mediabedrijven om hun strategie\u00ebn aan te passen aan deze nieuwe realiteit.<\/p>\n<h2>De Rol van Lokale Media in een Digitale Ecosysteem<\/h2>\n<p>Lokale media, zoals <a href=\"https:\/\/www.mzansi.co.nl\/\">www.mzansi.co.nl<\/a>, fungeren als belangrijke bronnen voor informatie en culturele uitwisseling. Deze platforms bieden niet alleen nieuws, maar ook context die specifiek is voor de Zuid-Afrikaanse samenleving, met zijn rijke diversiteit aan talen, culturen en verhalen.<\/p>\n<blockquote><p>\u00ab\u00a0Het digitale landschap in Zuid-Afrika vereist een evenwicht tussen technologische innovatie en culturele gevoeligheid, waarbij lokale media een cruciale brug vormen tussen wereldwijde trends en de eigen identiteit.\u00a0\u00bb<\/p><\/blockquote>\n<h2>Technologische Innovatie en de Nieuwe Media Ondernemingen<\/h2>\n<table>\n<thead>\n<tr>\n<th>Innovatie<\/th>\n<th>Impact<\/th>\n<th>Voorbeeld<\/th>\n<\/tr>\n<\/thead>\n<tbody>\n<tr>\n<td>Mobiele gezondheidsapps<\/td>\n<td>Verbeteren van gezondheidscommunicatie en preventieprogramma&rsquo;s<\/td>\n<td>South African Telehealth Initiative<\/td>\n<\/tr>\n<tr>\n<td>Socialmediaplatforms<\/td>\n<td>Stimuleren van burgerparticipatie en maatschappelijke discussies<\/td>\n<td>Facebook-groepen voor gemeenschapsontwikkeling<\/td>\n<\/tr>\n<tr>\n<td>Lokale content creatie<\/td>\n<td>Ge\u00efndividualiseerde en relevante media-aanbiedingen<\/td>\n<td>Jazz-based podcasts en verhalen<\/td>\n<\/tr>\n<\/tbody>\n<\/table>\n<h2>De Veranderende Consumentenpatronen en Digitale Participatie<\/h2>\n<p>Het digitale tijdperk heeft het consumptiepatroon van media fundamenteel gewijzigd. Jongere generaties in Zuid-Afrika prefereren visueel ingestelde content zoals korte video\u2019s en interactieve platforms, terwijl oudere groepen nog steeds waarde hechten aan traditionele nieuwsbronnen. Volgens een studie van het Johannesburg Media Lab (2023) wordt meer dan 80% van de jonge consumenten ge\u00efnformeerd via social media en digitale nieuwsdiensten.<\/p>\n<p>Deze verschuiving vereist dat mediabedrijven zich aanpassen door flexibele en multiplaform strategie\u00ebn te ontwikkelen. Daarnaast groeit de invloed van digitale verbroederingen, waar gemeenschappen online betrokken blijven en informatie delen, wat de sociale dynamiek aanzienlijk be\u00efnvloedt.<\/p>\n<h2>Interne Uitdagingen en Toekomstperspectieven<\/h2>\n<p>Ondanks de kansen blijven er uitdagingen bestaan, zoals het bestrijden van desinformatie, het waarborgen van privacy en het vergroten van digitale inclusie. Het stimuleren van lokale inhoud en het versterken van digitale vaardigheden vormen prioriteiten voor beleidsmakers en managers in de sector.<\/p>\n<p>In deze context wordt het belang van betrouwbare informatiebronnen onderstreept, zoals www.mzansi.co.nl, dat zich positioneert als een toegewijd platform dat de Zuid-Afrikaanse stem versterkt en betrouwbare, up-to-date informatie biedt over de digitale en media-innovaties binnen de regio.<\/p>\n<h2>Conclusie<\/h2>\n<p>De digitale transformatie in Zuid-Afrika vertegenwoordigt niet alleen technologische vooruitgang, maar ook een culturele verschuiving die de samenleving op nieuwe manieren verbindt en uitdaagt. Lokale mediabedrijven en digitale initiatieven zoals www.mzansi.co.nl blijven essentieel voor het vormgeven van een ge\u00efnformeerde en inclusieve digitale cultuur.<\/p>\n<p>Toekomstgericht vereist dit een voortdurende inzet voor innovatie, ethiek en het empoweren van de gemeenschap \u2013 factoren die de kracht van Zuid-Afrika\u2019s digitale narratief zullen bepalen.<\/p>\n","protected":false},"excerpt":{"rendered":"<p>In de afgelopen decennia heeft Zuid-Afrika een opmerkelijke transformatie doorgemaakt op het gebied van media en digitale communicatie. De combinatie van historische uitdagingen en technologische vooruitgang heeft geleid tot een unieke digitale cultuur die zowel complex als fascinerend is. Historische [&hellip;]<\/p>\n","protected":false},"author":150,"featured_media":0,"comment_status":"open","ping_status":"open","sticky":false,"template":"","format":"standard","meta":{"_acf_changed":false,"footnotes":""},"categories":[1],"tags":[],"class_list":["post-7961","post","type-post","status-publish","format-standard","hentry","category-non-classe"],"acf":[],"yoast_head":"<!-- This site is optimized with the Yoast SEO plugin v23.9 - https:\/\/yoast.com\/wordpress\/plugins\/seo\/ -->\r\n<title>De Evolutie van Media en Digitale Cultuur in Zuid-Afrika: Een Diepgaande Analyse - Ateliers seniors<\/title>\r\n<meta name=\"robots\" content=\"index, follow, max-snippet:-1, max-image-preview:large, max-video-preview:-1\" \/>\r\n<link rel=\"canonical\" href=\"https:\/\/portail-animation.ufcv.fr\/ateliers-seniors\/2025\/09\/05\/de-evolutie-van-media-en-digitale-cultuur-in-zuid-afrika-een-diepgaande-analyse\/\" \/>\r\n<meta property=\"og:locale\" content=\"fr_FR\" \/>\r\n<meta property=\"og:type\" content=\"article\" \/>\r\n<meta property=\"og:title\" content=\"De Evolutie van Media en Digitale Cultuur in Zuid-Afrika: Een Diepgaande Analyse - Ateliers seniors\" \/>\r\n<meta property=\"og:description\" content=\"In de afgelopen decennia heeft Zuid-Afrika een opmerkelijke transformatie doorgemaakt op het gebied van media en digitale communicatie. De combinatie van historische uitdagingen en technologische vooruitgang heeft geleid tot een unieke digitale cultuur die zowel complex als fascinerend is. Historische [&hellip;]\" \/>\r\n<meta property=\"og:url\" content=\"https:\/\/portail-animation.ufcv.fr\/ateliers-seniors\/2025\/09\/05\/de-evolutie-van-media-en-digitale-cultuur-in-zuid-afrika-een-diepgaande-analyse\/\" \/>\r\n<meta property=\"og:site_name\" content=\"Ateliers seniors\" \/>\r\n<meta property=\"article:published_time\" content=\"2025-09-05T16:54:11+00:00\" \/>\r\n<meta property=\"article:modified_time\" content=\"2026-09-05T16:53:39+00:00\" \/>\r\n<meta name=\"author\" content=\"adelforge\" \/>\r\n<meta name=\"twitter:card\" content=\"summary_large_image\" \/>\r\n<meta name=\"twitter:label1\" content=\"\u00c9crit par\" \/>\n\t<meta name=\"twitter:data1\" content=\"adelforge\" \/>\n\t<meta name=\"twitter:label2\" content=\"Dur\u00e9e de lecture estim\u00e9e\" \/>\n\t<meta name=\"twitter:data2\" content=\"3 minutes\" \/>\r\n<script type=\"application\/ld+json\" class=\"yoast-schema-graph\">{\"@context\":\"https:\/\/schema.org\",\"@graph\":[{\"@type\":\"WebPage\",\"@id\":\"https:\/\/portail-animation.ufcv.fr\/ateliers-seniors\/2025\/09\/05\/de-evolutie-van-media-en-digitale-cultuur-in-zuid-afrika-een-diepgaande-analyse\/\",\"url\":\"https:\/\/portail-animation.ufcv.fr\/ateliers-seniors\/2025\/09\/05\/de-evolutie-van-media-en-digitale-cultuur-in-zuid-afrika-een-diepgaande-analyse\/\",\"name\":\"De Evolutie van Media en Digitale Cultuur in Zuid-Afrika: Een Diepgaande Analyse - Ateliers seniors\",\"isPartOf\":{\"@id\":\"https:\/\/portail-animation.ufcv.fr\/ateliers-seniors\/#website\"},\"datePublished\":\"2025-09-05T16:54:11+00:00\",\"dateModified\":\"2026-09-05T16:53:39+00:00\",\"author\":{\"@id\":\"https:\/\/portail-animation.ufcv.fr\/ateliers-seniors\/#\/schema\/person\/e3920f121b148283c13890813088e2a0\"},\"breadcrumb\":{\"@id\":\"https:\/\/portail-animation.ufcv.fr\/ateliers-seniors\/2025\/09\/05\/de-evolutie-van-media-en-digitale-cultuur-in-zuid-afrika-een-diepgaande-analyse\/#breadcrumb\"},\"inLanguage\":\"fr-FR\",\"potentialAction\":[{\"@type\":\"ReadAction\",\"target\":[\"https:\/\/portail-animation.ufcv.fr\/ateliers-seniors\/2025\/09\/05\/de-evolutie-van-media-en-digitale-cultuur-in-zuid-afrika-een-diepgaande-analyse\/\"]}]},{\"@type\":\"BreadcrumbList\",\"@id\":\"https:\/\/portail-animation.ufcv.fr\/ateliers-seniors\/2025\/09\/05\/de-evolutie-van-media-en-digitale-cultuur-in-zuid-afrika-een-diepgaande-analyse\/#breadcrumb\",\"itemListElement\":[{\"@type\":\"ListItem\",\"position\":1,\"name\":\"Accueil\",\"item\":\"https:\/\/portail-animation.ufcv.fr\/ateliers-seniors\/\"},{\"@type\":\"ListItem\",\"position\":2,\"name\":\"De Evolutie van Media en Digitale Cultuur in Zuid-Afrika: Een Diepgaande Analyse\"}]},{\"@type\":\"WebSite\",\"@id\":\"https:\/\/portail-animation.ufcv.fr\/ateliers-seniors\/#website\",\"url\":\"https:\/\/portail-animation.ufcv.fr\/ateliers-seniors\/\",\"name\":\"Ateliers seniors\",\"description\":\"Un site utilisant R\u00e9seau Portail Animation\",\"potentialAction\":[{\"@type\":\"SearchAction\",\"target\":{\"@type\":\"EntryPoint\",\"urlTemplate\":\"https:\/\/portail-animation.ufcv.fr\/ateliers-seniors\/?s={search_term_string}\"},\"query-input\":{\"@type\":\"PropertyValueSpecification\",\"valueRequired\":true,\"valueName\":\"search_term_string\"}}],\"inLanguage\":\"fr-FR\"},{\"@type\":\"Person\",\"@id\":\"https:\/\/portail-animation.ufcv.fr\/ateliers-seniors\/#\/schema\/person\/e3920f121b148283c13890813088e2a0\",\"name\":\"adelforge\",\"image\":{\"@type\":\"ImageObject\",\"inLanguage\":\"fr-FR\",\"@id\":\"https:\/\/portail-animation.ufcv.fr\/ateliers-seniors\/#\/schema\/person\/image\/\",\"url\":\"https:\/\/secure.gravatar.com\/avatar\/8207ca5dec2038871f4ea2e2a260a192?s=96&d=mm&r=g\",\"contentUrl\":\"https:\/\/secure.gravatar.com\/avatar\/8207ca5dec2038871f4ea2e2a260a192?s=96&d=mm&r=g\",\"caption\":\"adelforge\"},\"url\":\"https:\/\/portail-animation.ufcv.fr\/ateliers-seniors\/author\/adelforge\/\"}]}<\/script>\r\n<!-- \/ Yoast SEO plugin. -->","yoast_head_json":{"title":"De Evolutie van Media en Digitale Cultuur in Zuid-Afrika: Een Diepgaande Analyse - Ateliers seniors","robots":{"index":"index","follow":"follow","max-snippet":"max-snippet:-1","max-image-preview":"max-image-preview:large","max-video-preview":"max-video-preview:-1"},"canonical":"https:\/\/portail-animation.ufcv.fr\/ateliers-seniors\/2025\/09\/05\/de-evolutie-van-media-en-digitale-cultuur-in-zuid-afrika-een-diepgaande-analyse\/","og_locale":"fr_FR","og_type":"article","og_title":"De Evolutie van Media en Digitale Cultuur in Zuid-Afrika: Een Diepgaande Analyse - Ateliers seniors","og_description":"In de afgelopen decennia heeft Zuid-Afrika een opmerkelijke transformatie doorgemaakt op het gebied van media en digitale communicatie. De combinatie van historische uitdagingen en technologische vooruitgang heeft geleid tot een unieke digitale cultuur die zowel complex als fascinerend is. Historische [&hellip;]","og_url":"https:\/\/portail-animation.ufcv.fr\/ateliers-seniors\/2025\/09\/05\/de-evolutie-van-media-en-digitale-cultuur-in-zuid-afrika-een-diepgaande-analyse\/","og_site_name":"Ateliers seniors","article_published_time":"2025-09-05T16:54:11+00:00","article_modified_time":"2026-09-05T16:53:39+00:00","author":"adelforge","twitter_card":"summary_large_image","twitter_misc":{"\u00c9crit par":"adelforge","Dur\u00e9e de lecture estim\u00e9e":"3 minutes"},"schema":{"@context":"https:\/\/schema.org","@graph":[{"@type":"WebPage","@id":"https:\/\/portail-animation.ufcv.fr\/ateliers-seniors\/2025\/09\/05\/de-evolutie-van-media-en-digitale-cultuur-in-zuid-afrika-een-diepgaande-analyse\/","url":"https:\/\/portail-animation.ufcv.fr\/ateliers-seniors\/2025\/09\/05\/de-evolutie-van-media-en-digitale-cultuur-in-zuid-afrika-een-diepgaande-analyse\/","name":"De Evolutie van Media en Digitale Cultuur in Zuid-Afrika: Een Diepgaande Analyse - Ateliers seniors","isPartOf":{"@id":"https:\/\/portail-animation.ufcv.fr\/ateliers-seniors\/#website"},"datePublished":"2025-09-05T16:54:11+00:00","dateModified":"2026-09-05T16:53:39+00:00","author":{"@id":"https:\/\/portail-animation.ufcv.fr\/ateliers-seniors\/#\/schema\/person\/e3920f121b148283c13890813088e2a0"},"breadcrumb":{"@id":"https:\/\/portail-animation.ufcv.fr\/ateliers-seniors\/2025\/09\/05\/de-evolutie-van-media-en-digitale-cultuur-in-zuid-afrika-een-diepgaande-analyse\/#breadcrumb"},"inLanguage":"fr-FR","potentialAction":[{"@type":"ReadAction","target":["https:\/\/portail-animation.ufcv.fr\/ateliers-seniors\/2025\/09\/05\/de-evolutie-van-media-en-digitale-cultuur-in-zuid-afrika-een-diepgaande-analyse\/"]}]},{"@type":"BreadcrumbList","@id":"https:\/\/portail-animation.ufcv.fr\/ateliers-seniors\/2025\/09\/05\/de-evolutie-van-media-en-digitale-cultuur-in-zuid-afrika-een-diepgaande-analyse\/#breadcrumb","itemListElement":[{"@type":"ListItem","position":1,"name":"Accueil","item":"https:\/\/portail-animation.ufcv.fr\/ateliers-seniors\/"},{"@type":"ListItem","position":2,"name":"De Evolutie van Media en Digitale Cultuur in Zuid-Afrika: Een Diepgaande Analyse"}]},{"@type":"WebSite","@id":"https:\/\/portail-animation.ufcv.fr\/ateliers-seniors\/#website","url":"https:\/\/portail-animation.ufcv.fr\/ateliers-seniors\/","name":"Ateliers seniors","description":"Un site utilisant R\u00e9seau Portail Animation","potentialAction":[{"@type":"SearchAction","target":{"@type":"EntryPoint","urlTemplate":"https:\/\/portail-animation.ufcv.fr\/ateliers-seniors\/?s={search_term_string}"},"query-input":{"@type":"PropertyValueSpecification","valueRequired":true,"valueName":"search_term_string"}}],"inLanguage":"fr-FR"},{"@type":"Person","@id":"https:\/\/portail-animation.ufcv.fr\/ateliers-seniors\/#\/schema\/person\/e3920f121b148283c13890813088e2a0","name":"adelforge","image":{"@type":"ImageObject","inLanguage":"fr-FR","@id":"https:\/\/portail-animation.ufcv.fr\/ateliers-seniors\/#\/schema\/person\/image\/","url":"https:\/\/secure.gravatar.com\/avatar\/8207ca5dec2038871f4ea2e2a260a192?s=96&d=mm&r=g","contentUrl":"https:\/\/secure.gravatar.com\/avatar\/8207ca5dec2038871f4ea2e2a260a192?s=96&d=mm&r=g","caption":"adelforge"},"url":"https:\/\/portail-animation.ufcv.fr\/ateliers-seniors\/author\/adelforge\/"}]}},"_links":{"self":[{"href":"https:\/\/portail-animation.ufcv.fr\/ateliers-seniors\/wp-json\/wp\/v2\/posts\/7961","targetHints":{"allow":["GET"]}}],"collection":[{"href":"https:\/\/portail-animation.ufcv.fr\/ateliers-seniors\/wp-json\/wp\/v2\/posts"}],"about":[{"href":"https:\/\/portail-animation.ufcv.fr\/ateliers-seniors\/wp-json\/wp\/v2\/types\/post"}],"author":[{"embeddable":true,"href":"https:\/\/portail-animation.ufcv.fr\/ateliers-seniors\/wp-json\/wp\/v2\/users\/150"}],"replies":[{"embeddable":true,"href":"https:\/\/portail-animation.ufcv.fr\/ateliers-seniors\/wp-json\/wp\/v2\/comments?post=7961"}],"version-history":[{"count":1,"href":"https:\/\/portail-animation.ufcv.fr\/ateliers-seniors\/wp-json\/wp\/v2\/posts\/7961\/revisions"}],"predecessor-version":[{"id":7962,"href":"https:\/\/portail-animation.ufcv.fr\/ateliers-seniors\/wp-json\/wp\/v2\/posts\/7961\/revisions\/7962"}],"wp:attachment":[{"href":"https:\/\/portail-animation.ufcv.fr\/ateliers-seniors\/wp-json\/wp\/v2\/media?parent=7961"}],"wp:term":[{"taxonomy":"category","embeddable":true,"href":"https:\/\/portail-animation.ufcv.fr\/ateliers-seniors\/wp-json\/wp\/v2\/categories?post=7961"},{"taxonomy":"post_tag","embeddable":true,"href":"https:\/\/portail-animation.ufcv.fr\/ateliers-seniors\/wp-json\/wp\/v2\/tags?post=7961"}],"curies":[{"name":"wp","href":"https:\/\/api.w.org\/{rel}","templated":true}]}}