 {"id":8125,"date":"2025-09-05T21:49:51","date_gmt":"2025-09-05T19:49:51","guid":{"rendered":"https:\/\/portail-animation.ufcv.fr\/ateliers-seniors\/?p=8125"},"modified":"2026-09-05T21:49:20","modified_gmt":"2026-09-05T19:49:20","slug":"innovativ-beton-technologiak-es-a-fenntarthato-epites-a-betonred-magyar-jelentosege","status":"publish","type":"post","link":"https:\/\/portail-animation.ufcv.fr\/ateliers-seniors\/2025\/09\/05\/innovativ-beton-technologiak-es-a-fenntarthato-epites-a-betonred-magyar-jelentosege\/","title":{"rendered":"Innovat\u00edv Beton Technol\u00f3gi\u00e1k \u00e9s a Fenntarthat\u00f3 \u00c9p\u00edt\u00e9s: A BetonRed Magyar Jelent\u0151s\u00e9ge"},"content":{"rendered":"<p>\nA modern \u00e9p\u00edt\u0151ipar egyik kiemelked\u0151 kih\u00edv\u00e1sa a fenntarthat\u00f3s\u00e1g \u00e9s a technol\u00f3giai innov\u00e1ci\u00f3 \u00f6sszhangj\u00e1nak megteremt\u00e9se. Az egyik legsz\u00e9lesebb k\u00f6r\u0171 anyag, amely ezen kih\u00edv\u00e1sok megold\u00e1s\u00e1ban j\u00e1tszik kulcsszerepet, a beton. Azonban nem minden beton egyforma. Az innovat\u00edv technol\u00f3gi\u00e1k \u00e9s a speci\u00e1lis anyagkezel\u00e9si m\u00f3dszerek lehet\u0151v\u00e9 teszik, hogy a beton k\u00f6rnyezetbar\u00e1tabb, tart\u00f3sabb \u00e9s gazdas\u00e1gosabb legyen. Ebben a kontextusban fontosnak tartom hangs\u00falyozni a hazai pion\u00edrok szerep\u00e9t, akik folyamatosan kutatnak \u00e9s fejlesztenek ezen a ter\u00fcleten.<\/p>\n<h2><span>K\u00fcl\u00f6nleges Betontechnol\u00f3gi\u00e1k \u00e9s a Fenntarthat\u00f3s\u00e1g<\/span><\/h2>\n<p>\nA beton sokszor a glob\u00e1lis \u00e9p\u00edt\u0151ipar elegend\u0151 \u00e9s megb\u00edzhat\u00f3 anyaga, azonban a sz\u00e9n-dioxid kibocs\u00e1t\u00e1s \u00e9s az er\u0151forr\u00e1sok t\u00falzott felhaszn\u00e1l\u00e1sa miatt az ipar\u00e1g egyre ink\u00e1bb a z\u00f6ldebb alternat\u00edv\u00e1k fel\u00e9 fordul. A modern technol\u00f3gi\u00e1k, p\u00e9ld\u00e1ul az autokl\u00e1vos beton helyett a szerves betonszerkezetek \u00e9s az \u00fajrahasznos\u00edtott anyagok integr\u00e1l\u00e1sa biztos\u00edtja az anyag fenntarthat\u00f3s\u00e1g\u00e1t.\n<\/p>\n<p>\nA magyarorsz\u00e1gi betongy\u00e1rt\u00f3k \u00e9s kutat\u00f3szervezetek r\u00e9szt vesznek az innov\u00e1ci\u00f3ban, egyik p\u00e9ldak\u00e9nt eml\u00edtve a <a href=\"https:\/\/www.betonred-magyar.com\/\">www.betonred-magyar.com\/<\/a> oldalt, amely a helyi szakemberek \u00e9s gy\u00e1rt\u00f3k leg\u00fajabb fejleszt\u00e9seit \u00e9s kutat\u00e1si eredm\u00e9nyeit mutatja be. Ez az oldal egy olyan inform\u00e1ci\u00f3s k\u00f6zpontk\u00e9nt m\u0171k\u00f6dik, ahol az ipar\u00e1g szerepl\u0151i megosztj\u00e1k egym\u00e1ssal a legfrissebb innov\u00e1ci\u00f3kat, valamint a fenntarthat\u00f3s\u00e1ggal kapcsolatos tud\u00e1sokat, mint p\u00e9ld\u00e1ul a tov\u00e1bbfejlesztett, alacsony sz\u00e9n-dioxid kibocs\u00e1t\u00e1s\u00fa beton \u00f6sszetev\u0151ket.\n<\/p>\n<h2><span>El\u0151ny\u00f6k \u00e9s J\u00f6v\u0151k\u00e9pek a Elektromos \u00e9s Fenntarthat\u00f3 Betonban<\/span><\/h2>\n<table>\n<tr>\n<th>Jellemz\u0151<\/th>\n<th>Kivitelez\u00e9s \u00e9s Hat\u00e1s<\/th>\n<\/tr>\n<tr>\n<td><strong>Alacsony sz\u00e9n-dioxid kibocs\u00e1t\u00e1s<\/strong><\/td>\n<td>Cs\u00f6kkenti az \u00e9p\u00edt\u00e9si projektek karbonl\u00e1bnyom\u00e1t, t\u00e1mogatva az EU z\u00f6ld c\u00e9lkit\u0171z\u00e9seit<\/td>\n<\/tr>\n<tr>\n<td><strong>\u00dajrahasznos\u00edtott anyagok<\/strong><\/td>\n<td>Felhaszn\u00e1lja a hullad\u00e9kberendez\u00e9seket \u00e9s cs\u00f6kkenti a nyersanyag-felhaszn\u00e1l\u00e1st<\/td>\n<\/tr>\n<tr>\n<td><strong>Okos beton technol\u00f3gi\u00e1k<\/strong><\/td>\n<td>Tart\u00f3sabb \u00e9s \u00f6njav\u00edt\u00f3 k\u00e9pess\u00e9ggel b\u00edr\u00f3 anyagok, melyek a j\u00f6v\u0151 \u00e9p\u00fcleteinek alapk\u00f6vei lehetnek<\/td>\n<\/tr>\n<tr>\n<td><strong>Mesters\u00e9ges intelligencia \u00e9s gy\u00e1rt\u00e1si folyamatok<\/strong><\/td>\n<td>Hat\u00e9konyabb, k\u00f6lts\u00e9ghat\u00e9konyabb \u00e9s k\u00f6rnyezetk\u00edm\u00e9l\u0151bb gy\u00e1rt\u00e1si m\u00f3dszerek kialak\u00edt\u00e1sa<\/td>\n<\/tr>\n<\/table>\n<p>\nEzek a fejleszt\u00e9sek nemcsak a fenntarthat\u00f3s\u00e1got szolg\u00e1lj\u00e1k, hanem jelent\u0151s gazdas\u00e1gi \u00e9s m\u0171szaki el\u0151ny\u00f6ket k\u00edn\u00e1lnak az \u00e9p\u00edt\u0151ipar szerepl\u0151inek. A www.betonred-magyar.com\/ oldal p\u00e9ld\u00e1ja annak a hazai szellemi \u00e9s ipari t\u00f6rekv\u00e9snek, amely a glob\u00e1lis trendekhez igazodva \u00f6szt\u00f6nzi a magyarorsz\u00e1gi szerepl\u0151ket a technol\u00f3giai fejl\u0151d\u00e9sre.\n<\/p>\n<h2><span>Az Egyedis\u00e9g \u00e9s a Versenyel\u0151ny Fontoss\u00e1ga<\/span><\/h2>\n<p>\nA betoniparban a pinceszintekt\u0151l a felh\u0151karcol\u00f3kig minden komplex szerkezet alapj\u00e1t a megfelel\u0151 betonmin\u0151s\u00e9g adja. A piaci szerepl\u0151k sz\u00e1m\u00e1ra l\u00e9tfontoss\u00e1g\u00fa, hogy korszer\u0171, innovat\u00edv megold\u00e1sokat alkalmazzanak, melyek megfelelnek a szigor\u00fa k\u00f6rnyezetv\u00e9delmi \u00e9s biztons\u00e1gi norm\u00e1knak. Hazai kutat\u00f3k \u00e9s v\u00e1llalatok k\u00f6z\u00f6sen dolgoznak azon, hogy a www.betonred-magyar.com\/ platform seg\u00edtse a szakembereket abban, hogy naprak\u00e9sz inform\u00e1ci\u00f3khoz jussanak, \u00faj technol\u00f3gi\u00e1kat alkalmazzanak, \u00e9s \u00edgy versenyk\u00e9pesek maradjanak.\n<\/p>\n<p>\nEnnek eredm\u00e9nyek\u00e9nt Magyarorsz\u00e1g nem csup\u00e1n helyben fejlesztett, hanem magabiztosan k\u00e9sz\u00fcl a glob\u00e1lis kivitelez\u00e9sekre, melyek a fenntarthat\u00f3s\u00e1g, a hat\u00e9konys\u00e1g \u00e9s az innov\u00e1ci\u00f3 jegy\u00e9ben val\u00f3sulnak meg. A magyar betoniparban zajl\u00f3 kutat\u00e1sok hozz\u00e1j\u00e1rulnak ahhoz, hogy a hazai \u00e9p\u00fcletek, hidak \u00e9s vasutak megfeleljenek a XXI. sz\u00e1zad kih\u00edv\u00e1sainak.\n<\/p>\n<h2><span>\u00d6sszegz\u00e9s<\/span><\/h2>\n<p>\nAz \u00e9p\u00edt\u0151ipar j\u00f6v\u0151je a technol\u00f3gia \u00e9s a fenntarthat\u00f3s\u00e1g \u00f6sszefon\u00f3d\u00e1s\u00e1ban rejlik. Magyarorsz\u00e1g kiemelked\u0151 szerepl\u0151k\u00e9nt figyel a nemzetk\u00f6zi trendekre, \u00e9s helyi innov\u00e1ci\u00f3val igyekszik meger\u0151s\u00edteni poz\u00edci\u00f3j\u00e1t ezen a piacon. A www.betonred-magyar.com\/ oldal pedig ennek a t\u00f6rekv\u00e9snek egyik kiemelked\u0151 platformja, amely lehet\u0151s\u00e9get ad a szakembereknek, kutat\u00f3knak \u00e9s v\u00e1llalkoz\u00e1soknak a folyamatos fejl\u0151d\u00e9sre.\n<\/p>\n<p>\nAz egy\u00e9ni \u00e9s ipari szint\u0171 innov\u00e1ci\u00f3k, a folyamatos tud\u00e1smegoszt\u00e1s, valamint a fenntarthat\u00f3s\u00e1g ir\u00e1nti elk\u00f6telezetts\u00e9g kulcs a fenntarthat\u00f3 j\u00f6v\u0151 \u00e9p\u00edt\u00e9s\u00e9hez \u2013 \u00e9s ennek akt\u00edv r\u00e9szesek\u00e9nt Magyarorsz\u00e1g is megteszi a nemzetk\u00f6zi sz\u00ednt\u00e9ren az els\u0151 l\u00e9p\u00e9seket.<\/p>\n","protected":false},"excerpt":{"rendered":"<p>A modern \u00e9p\u00edt\u0151ipar egyik kiemelked\u0151 kih\u00edv\u00e1sa a fenntarthat\u00f3s\u00e1g \u00e9s a technol\u00f3giai innov\u00e1ci\u00f3 \u00f6sszhangj\u00e1nak megteremt\u00e9se. Az egyik legsz\u00e9lesebb k\u00f6r\u0171 anyag, amely ezen kih\u00edv\u00e1sok megold\u00e1s\u00e1ban j\u00e1tszik kulcsszerepet, a beton. Azonban nem minden beton egyforma. Az innovat\u00edv technol\u00f3gi\u00e1k \u00e9s a speci\u00e1lis anyagkezel\u00e9si m\u00f3dszerek [&hellip;]<\/p>\n","protected":false},"author":150,"featured_media":0,"comment_status":"open","ping_status":"open","sticky":false,"template":"","format":"standard","meta":{"_acf_changed":false,"footnotes":""},"categories":[1],"tags":[],"class_list":["post-8125","post","type-post","status-publish","format-standard","hentry","category-non-classe"],"acf":[],"yoast_head":"<!-- This site is optimized with the Yoast SEO plugin v23.9 - https:\/\/yoast.com\/wordpress\/plugins\/seo\/ -->\r\n<title>Innovat\u00edv Beton Technol\u00f3gi\u00e1k \u00e9s a Fenntarthat\u00f3 \u00c9p\u00edt\u00e9s: A BetonRed Magyar Jelent\u0151s\u00e9ge - Ateliers seniors<\/title>\r\n<meta name=\"robots\" content=\"index, follow, max-snippet:-1, max-image-preview:large, max-video-preview:-1\" \/>\r\n<link rel=\"canonical\" href=\"https:\/\/portail-animation.ufcv.fr\/ateliers-seniors\/2025\/09\/05\/innovativ-beton-technologiak-es-a-fenntarthato-epites-a-betonred-magyar-jelentosege\/\" \/>\r\n<meta property=\"og:locale\" content=\"fr_FR\" \/>\r\n<meta property=\"og:type\" content=\"article\" \/>\r\n<meta property=\"og:title\" content=\"Innovat\u00edv Beton Technol\u00f3gi\u00e1k \u00e9s a Fenntarthat\u00f3 \u00c9p\u00edt\u00e9s: A BetonRed Magyar Jelent\u0151s\u00e9ge - Ateliers seniors\" \/>\r\n<meta property=\"og:description\" content=\"A modern \u00e9p\u00edt\u0151ipar egyik kiemelked\u0151 kih\u00edv\u00e1sa a fenntarthat\u00f3s\u00e1g \u00e9s a technol\u00f3giai innov\u00e1ci\u00f3 \u00f6sszhangj\u00e1nak megteremt\u00e9se. Az egyik legsz\u00e9lesebb k\u00f6r\u0171 anyag, amely ezen kih\u00edv\u00e1sok megold\u00e1s\u00e1ban j\u00e1tszik kulcsszerepet, a beton. Azonban nem minden beton egyforma. Az innovat\u00edv technol\u00f3gi\u00e1k \u00e9s a speci\u00e1lis anyagkezel\u00e9si m\u00f3dszerek [&hellip;]\" \/>\r\n<meta property=\"og:url\" content=\"https:\/\/portail-animation.ufcv.fr\/ateliers-seniors\/2025\/09\/05\/innovativ-beton-technologiak-es-a-fenntarthato-epites-a-betonred-magyar-jelentosege\/\" \/>\r\n<meta property=\"og:site_name\" content=\"Ateliers seniors\" \/>\r\n<meta property=\"article:published_time\" content=\"2025-09-05T19:49:51+00:00\" \/>\r\n<meta property=\"article:modified_time\" content=\"2026-09-05T19:49:20+00:00\" \/>\r\n<meta name=\"author\" content=\"adelforge\" \/>\r\n<meta name=\"twitter:card\" content=\"summary_large_image\" \/>\r\n<meta name=\"twitter:label1\" content=\"\u00c9crit par\" \/>\n\t<meta name=\"twitter:data1\" content=\"adelforge\" \/>\n\t<meta name=\"twitter:label2\" content=\"Dur\u00e9e de lecture estim\u00e9e\" \/>\n\t<meta name=\"twitter:data2\" content=\"4 minutes\" \/>\r\n<script type=\"application\/ld+json\" class=\"yoast-schema-graph\">{\"@context\":\"https:\/\/schema.org\",\"@graph\":[{\"@type\":\"WebPage\",\"@id\":\"https:\/\/portail-animation.ufcv.fr\/ateliers-seniors\/2025\/09\/05\/innovativ-beton-technologiak-es-a-fenntarthato-epites-a-betonred-magyar-jelentosege\/\",\"url\":\"https:\/\/portail-animation.ufcv.fr\/ateliers-seniors\/2025\/09\/05\/innovativ-beton-technologiak-es-a-fenntarthato-epites-a-betonred-magyar-jelentosege\/\",\"name\":\"Innovat\u00edv Beton Technol\u00f3gi\u00e1k \u00e9s a Fenntarthat\u00f3 \u00c9p\u00edt\u00e9s: A BetonRed Magyar Jelent\u0151s\u00e9ge - Ateliers seniors\",\"isPartOf\":{\"@id\":\"https:\/\/portail-animation.ufcv.fr\/ateliers-seniors\/#website\"},\"datePublished\":\"2025-09-05T19:49:51+00:00\",\"dateModified\":\"2026-09-05T19:49:20+00:00\",\"author\":{\"@id\":\"https:\/\/portail-animation.ufcv.fr\/ateliers-seniors\/#\/schema\/person\/e3920f121b148283c13890813088e2a0\"},\"breadcrumb\":{\"@id\":\"https:\/\/portail-animation.ufcv.fr\/ateliers-seniors\/2025\/09\/05\/innovativ-beton-technologiak-es-a-fenntarthato-epites-a-betonred-magyar-jelentosege\/#breadcrumb\"},\"inLanguage\":\"fr-FR\",\"potentialAction\":[{\"@type\":\"ReadAction\",\"target\":[\"https:\/\/portail-animation.ufcv.fr\/ateliers-seniors\/2025\/09\/05\/innovativ-beton-technologiak-es-a-fenntarthato-epites-a-betonred-magyar-jelentosege\/\"]}]},{\"@type\":\"BreadcrumbList\",\"@id\":\"https:\/\/portail-animation.ufcv.fr\/ateliers-seniors\/2025\/09\/05\/innovativ-beton-technologiak-es-a-fenntarthato-epites-a-betonred-magyar-jelentosege\/#breadcrumb\",\"itemListElement\":[{\"@type\":\"ListItem\",\"position\":1,\"name\":\"Accueil\",\"item\":\"https:\/\/portail-animation.ufcv.fr\/ateliers-seniors\/\"},{\"@type\":\"ListItem\",\"position\":2,\"name\":\"Innovat\u00edv Beton Technol\u00f3gi\u00e1k \u00e9s a Fenntarthat\u00f3 \u00c9p\u00edt\u00e9s: A BetonRed Magyar Jelent\u0151s\u00e9ge\"}]},{\"@type\":\"WebSite\",\"@id\":\"https:\/\/portail-animation.ufcv.fr\/ateliers-seniors\/#website\",\"url\":\"https:\/\/portail-animation.ufcv.fr\/ateliers-seniors\/\",\"name\":\"Ateliers seniors\",\"description\":\"Un site utilisant R\u00e9seau Portail Animation\",\"potentialAction\":[{\"@type\":\"SearchAction\",\"target\":{\"@type\":\"EntryPoint\",\"urlTemplate\":\"https:\/\/portail-animation.ufcv.fr\/ateliers-seniors\/?s={search_term_string}\"},\"query-input\":{\"@type\":\"PropertyValueSpecification\",\"valueRequired\":true,\"valueName\":\"search_term_string\"}}],\"inLanguage\":\"fr-FR\"},{\"@type\":\"Person\",\"@id\":\"https:\/\/portail-animation.ufcv.fr\/ateliers-seniors\/#\/schema\/person\/e3920f121b148283c13890813088e2a0\",\"name\":\"adelforge\",\"image\":{\"@type\":\"ImageObject\",\"inLanguage\":\"fr-FR\",\"@id\":\"https:\/\/portail-animation.ufcv.fr\/ateliers-seniors\/#\/schema\/person\/image\/\",\"url\":\"https:\/\/secure.gravatar.com\/avatar\/8207ca5dec2038871f4ea2e2a260a192?s=96&d=mm&r=g\",\"contentUrl\":\"https:\/\/secure.gravatar.com\/avatar\/8207ca5dec2038871f4ea2e2a260a192?s=96&d=mm&r=g\",\"caption\":\"adelforge\"},\"url\":\"https:\/\/portail-animation.ufcv.fr\/ateliers-seniors\/author\/adelforge\/\"}]}<\/script>\r\n<!-- \/ Yoast SEO plugin. -->","yoast_head_json":{"title":"Innovat\u00edv Beton Technol\u00f3gi\u00e1k \u00e9s a Fenntarthat\u00f3 \u00c9p\u00edt\u00e9s: A BetonRed Magyar Jelent\u0151s\u00e9ge - Ateliers seniors","robots":{"index":"index","follow":"follow","max-snippet":"max-snippet:-1","max-image-preview":"max-image-preview:large","max-video-preview":"max-video-preview:-1"},"canonical":"https:\/\/portail-animation.ufcv.fr\/ateliers-seniors\/2025\/09\/05\/innovativ-beton-technologiak-es-a-fenntarthato-epites-a-betonred-magyar-jelentosege\/","og_locale":"fr_FR","og_type":"article","og_title":"Innovat\u00edv Beton Technol\u00f3gi\u00e1k \u00e9s a Fenntarthat\u00f3 \u00c9p\u00edt\u00e9s: A BetonRed Magyar Jelent\u0151s\u00e9ge - Ateliers seniors","og_description":"A modern \u00e9p\u00edt\u0151ipar egyik kiemelked\u0151 kih\u00edv\u00e1sa a fenntarthat\u00f3s\u00e1g \u00e9s a technol\u00f3giai innov\u00e1ci\u00f3 \u00f6sszhangj\u00e1nak megteremt\u00e9se. Az egyik legsz\u00e9lesebb k\u00f6r\u0171 anyag, amely ezen kih\u00edv\u00e1sok megold\u00e1s\u00e1ban j\u00e1tszik kulcsszerepet, a beton. Azonban nem minden beton egyforma. Az innovat\u00edv technol\u00f3gi\u00e1k \u00e9s a speci\u00e1lis anyagkezel\u00e9si m\u00f3dszerek [&hellip;]","og_url":"https:\/\/portail-animation.ufcv.fr\/ateliers-seniors\/2025\/09\/05\/innovativ-beton-technologiak-es-a-fenntarthato-epites-a-betonred-magyar-jelentosege\/","og_site_name":"Ateliers seniors","article_published_time":"2025-09-05T19:49:51+00:00","article_modified_time":"2026-09-05T19:49:20+00:00","author":"adelforge","twitter_card":"summary_large_image","twitter_misc":{"\u00c9crit par":"adelforge","Dur\u00e9e de lecture estim\u00e9e":"4 minutes"},"schema":{"@context":"https:\/\/schema.org","@graph":[{"@type":"WebPage","@id":"https:\/\/portail-animation.ufcv.fr\/ateliers-seniors\/2025\/09\/05\/innovativ-beton-technologiak-es-a-fenntarthato-epites-a-betonred-magyar-jelentosege\/","url":"https:\/\/portail-animation.ufcv.fr\/ateliers-seniors\/2025\/09\/05\/innovativ-beton-technologiak-es-a-fenntarthato-epites-a-betonred-magyar-jelentosege\/","name":"Innovat\u00edv Beton Technol\u00f3gi\u00e1k \u00e9s a Fenntarthat\u00f3 \u00c9p\u00edt\u00e9s: A BetonRed Magyar Jelent\u0151s\u00e9ge - Ateliers seniors","isPartOf":{"@id":"https:\/\/portail-animation.ufcv.fr\/ateliers-seniors\/#website"},"datePublished":"2025-09-05T19:49:51+00:00","dateModified":"2026-09-05T19:49:20+00:00","author":{"@id":"https:\/\/portail-animation.ufcv.fr\/ateliers-seniors\/#\/schema\/person\/e3920f121b148283c13890813088e2a0"},"breadcrumb":{"@id":"https:\/\/portail-animation.ufcv.fr\/ateliers-seniors\/2025\/09\/05\/innovativ-beton-technologiak-es-a-fenntarthato-epites-a-betonred-magyar-jelentosege\/#breadcrumb"},"inLanguage":"fr-FR","potentialAction":[{"@type":"ReadAction","target":["https:\/\/portail-animation.ufcv.fr\/ateliers-seniors\/2025\/09\/05\/innovativ-beton-technologiak-es-a-fenntarthato-epites-a-betonred-magyar-jelentosege\/"]}]},{"@type":"BreadcrumbList","@id":"https:\/\/portail-animation.ufcv.fr\/ateliers-seniors\/2025\/09\/05\/innovativ-beton-technologiak-es-a-fenntarthato-epites-a-betonred-magyar-jelentosege\/#breadcrumb","itemListElement":[{"@type":"ListItem","position":1,"name":"Accueil","item":"https:\/\/portail-animation.ufcv.fr\/ateliers-seniors\/"},{"@type":"ListItem","position":2,"name":"Innovat\u00edv Beton Technol\u00f3gi\u00e1k \u00e9s a Fenntarthat\u00f3 \u00c9p\u00edt\u00e9s: A BetonRed Magyar Jelent\u0151s\u00e9ge"}]},{"@type":"WebSite","@id":"https:\/\/portail-animation.ufcv.fr\/ateliers-seniors\/#website","url":"https:\/\/portail-animation.ufcv.fr\/ateliers-seniors\/","name":"Ateliers seniors","description":"Un site utilisant R\u00e9seau Portail Animation","potentialAction":[{"@type":"SearchAction","target":{"@type":"EntryPoint","urlTemplate":"https:\/\/portail-animation.ufcv.fr\/ateliers-seniors\/?s={search_term_string}"},"query-input":{"@type":"PropertyValueSpecification","valueRequired":true,"valueName":"search_term_string"}}],"inLanguage":"fr-FR"},{"@type":"Person","@id":"https:\/\/portail-animation.ufcv.fr\/ateliers-seniors\/#\/schema\/person\/e3920f121b148283c13890813088e2a0","name":"adelforge","image":{"@type":"ImageObject","inLanguage":"fr-FR","@id":"https:\/\/portail-animation.ufcv.fr\/ateliers-seniors\/#\/schema\/person\/image\/","url":"https:\/\/secure.gravatar.com\/avatar\/8207ca5dec2038871f4ea2e2a260a192?s=96&d=mm&r=g","contentUrl":"https:\/\/secure.gravatar.com\/avatar\/8207ca5dec2038871f4ea2e2a260a192?s=96&d=mm&r=g","caption":"adelforge"},"url":"https:\/\/portail-animation.ufcv.fr\/ateliers-seniors\/author\/adelforge\/"}]}},"_links":{"self":[{"href":"https:\/\/portail-animation.ufcv.fr\/ateliers-seniors\/wp-json\/wp\/v2\/posts\/8125","targetHints":{"allow":["GET"]}}],"collection":[{"href":"https:\/\/portail-animation.ufcv.fr\/ateliers-seniors\/wp-json\/wp\/v2\/posts"}],"about":[{"href":"https:\/\/portail-animation.ufcv.fr\/ateliers-seniors\/wp-json\/wp\/v2\/types\/post"}],"author":[{"embeddable":true,"href":"https:\/\/portail-animation.ufcv.fr\/ateliers-seniors\/wp-json\/wp\/v2\/users\/150"}],"replies":[{"embeddable":true,"href":"https:\/\/portail-animation.ufcv.fr\/ateliers-seniors\/wp-json\/wp\/v2\/comments?post=8125"}],"version-history":[{"count":1,"href":"https:\/\/portail-animation.ufcv.fr\/ateliers-seniors\/wp-json\/wp\/v2\/posts\/8125\/revisions"}],"predecessor-version":[{"id":8126,"href":"https:\/\/portail-animation.ufcv.fr\/ateliers-seniors\/wp-json\/wp\/v2\/posts\/8125\/revisions\/8126"}],"wp:attachment":[{"href":"https:\/\/portail-animation.ufcv.fr\/ateliers-seniors\/wp-json\/wp\/v2\/media?parent=8125"}],"wp:term":[{"taxonomy":"category","embeddable":true,"href":"https:\/\/portail-animation.ufcv.fr\/ateliers-seniors\/wp-json\/wp\/v2\/categories?post=8125"},{"taxonomy":"post_tag","embeddable":true,"href":"https:\/\/portail-animation.ufcv.fr\/ateliers-seniors\/wp-json\/wp\/v2\/tags?post=8125"}],"curies":[{"name":"wp","href":"https:\/\/api.w.org\/{rel}","templated":true}]}}