 {"id":8237,"date":"2025-09-05T23:33:23","date_gmt":"2025-09-05T21:33:23","guid":{"rendered":"https:\/\/portail-animation.ufcv.fr\/ateliers-seniors\/?p=8237"},"modified":"2026-09-05T23:32:51","modified_gmt":"2026-09-05T21:32:51","slug":"gestion-strategique-des-ressources-un-levier-cle-pour-la-competitivite-des-entreprises-modernes","status":"publish","type":"post","link":"https:\/\/portail-animation.ufcv.fr\/ateliers-seniors\/2025\/09\/05\/gestion-strategique-des-ressources-un-levier-cle-pour-la-competitivite-des-entreprises-modernes\/","title":{"rendered":"Gestion strat\u00e9gique des ressources : un levier cl\u00e9 pour la comp\u00e9titivit\u00e9 des entreprises modernes"},"content":{"rendered":"<p>Dans un contexte \u00e9conomique en constante \u00e9volution, la ma\u00eetrise efficace des ressources constitue un enjeu majeur pour assurer la p\u00e9rennit\u00e9 et la croissance des entreprises. La transformation digitale, la volatilit\u00e9 du march\u00e9 et la pression concurrentielle obligent les dirigeants \u00e0 repenser leurs strat\u00e9gies de gestion afin d\u2019optimiser chaque aspect de leur fonctionnement. Pour comprendre ces dynamiques profondes, il est essentiel d\u2019adopter une perspective int\u00e9gr\u00e9e et \u00e9clair\u00e9e, notamment \u00e0 travers l\u2019analyse de solutions innovantes et de m\u00e9thodologies \u00e9prouv\u00e9es.<\/p>\n<h2>Les fondamentaux de la gestion strat\u00e9gique des ressources<\/h2>\n<p>Les ressources d\u2019une entreprise englobent bien plus que le capital financier ou les \u00e9quipements physiques. Selon la th\u00e9orie de la <em>ressource-based view<\/em> (RBV), il s\u2019agit d\u2019un ensemble complexe comprenant les comp\u00e9tences, la connaissance organisationnelle, la r\u00e9putation, ainsi que la culture d\u2019entreprise. La gestion efficace de ces actifs critiques d\u00e9termine la capacit\u00e9 de l\u2019organisation \u00e0 se diff\u00e9rencier et \u00e0 maintenir un avantage concurrentiel durable.<\/p>\n<h2>Innovation digitale et gestion des actifs immat\u00e9riels<\/h2>\n<p>Une \u00e9tape incontournable dans la modernisation des strat\u00e9gies consiste \u00e0 digitaliser la gestion des ressources immat\u00e9rielles. Par exemple, la mise en place de plateformes int\u00e9gr\u00e9es permet une surveillance en temps r\u00e9el des indicateurs cl\u00e9s de performance et facilite la prise de d\u00e9cision. C\u2019est pr\u00e9cis\u00e9ment dans cette optique que des acteurs innovants proposent des solutions comme celles d\u00e9crites dans <a href=\"https:\/\/www.spinbara-enligne.fr\/f-rfrhub\/\"><em>ce lien informatif et technique<\/em><\/a>.<\/p>\n<div class=\"highlight\">\n<p>Ce site offre une ressource pr\u00e9cieuse pour comprendre comment une gestion bas\u00e9e sur des outils num\u00e9riques avanc\u00e9s participe \u00e0 la r\u00e9silience et \u00e0 l\u2019adaptabilit\u00e9 des entreprises face aux d\u00e9fis contemporains. Il fournit notamment des modules de formation, des \u00e9tudes de cas et une plateforme d\u2019\u00e9change pour les professionnels souhaitant optimiser leurs processus.<\/p>\n<\/div>\n<h2>\u00c9tudes de cas : l\u2019impact d\u2019une gestion strat\u00e9gique novatrice<\/h2>\n<table>\n<thead>\n<tr>\n<th>Entreprise<\/th>\n<th>Solution adopt\u00e9e<\/th>\n<th>R\u00e9sultats cl\u00e9s<\/th>\n<\/tr>\n<\/thead>\n<tbody>\n<tr>\n<td>Fabricant de pi\u00e8ces automobiles<\/td>\n<td>Int\u00e9gration d\u2019un syst\u00e8me ERP \u00e9volutif<\/td>\n<td>R\u00e9duction des d\u00e9lais de production de 15%, am\u00e9lioration de la tra\u00e7abilit\u00e9<\/td>\n<\/tr>\n<tr>\n<td>Soci\u00e9t\u00e9 de services num\u00e9riques<\/td>\n<td>Plateforme de gestion des comp\u00e9tences et des projets<\/td>\n<td>Optimisation des ressources humaines, hausse de la satisfaction client<\/td>\n<\/tr>\n<\/tbody>\n<\/table>\n<h2>Les enjeux du futur : durabilit\u00e9, analyse pr\u00e9dictive et automatisation<\/h2>\n<p>La gestion strat\u00e9gique doit d\u00e9sormais int\u00e9grer des dimensions telles que la durabilit\u00e9 et la responsabilit\u00e9 sociale. La collecte et l\u2019analyse de donn\u00e9es volumineuses (\u201cbig data\u201d) permettent aux entreprises d\u2019anticiper les tendances et de prendre des d\u00e9cisions proactives. L\u2019automatisation, coupl\u00e9e \u00e0 l\u2019intelligence artificielle, offre \u00e9galement des possibilit\u00e9s in\u00e9dites pour optimiser la r\u00e9partition des ressources, r\u00e9duire les co\u00fbts et am\u00e9liorer la qualit\u00e9.<\/p>\n<blockquote>\n<p>Pour rester comp\u00e9titive, l\u2019entreprise doit concevoir la gestion de ses ressources comme un v\u00e9ritable levier d\u2019innovation et d\u2019agilit\u00e9, en s\u2019appuyant sur des outils performants et adapt\u00e9s \u00e0 son contexte sp\u00e9cifique.<\/p>\n<\/blockquote>\n<h2>Conclusion<\/h2>\n<p>En d\u00e9finitive, la gestion strat\u00e9gique des ressources constitue un pilier essentiel de la r\u00e9ussite durable pour toute organisation souhaitant \u00e9voluer dans un environnement de plus en plus complexe. La disponibilit\u00e9 d\u2019outils num\u00e9riques sophistiqu\u00e9s, tels que ceux pr\u00e9sent\u00e9s dans ce lien, est un atout consid\u00e9rable pour renforcer la r\u00e9silience, l\u2019innovation et la comp\u00e9titivit\u00e9. Les entreprises qui sauront investir dans ces domaines se donneront les meilleures chances de prosp\u00e9rer face aux d\u00e9fis de demain, tout en contribuant \u00e0 une d\u00e9marche responsable et durable.<\/p>\n","protected":false},"excerpt":{"rendered":"<p>Dans un contexte \u00e9conomique en constante \u00e9volution, la ma\u00eetrise efficace des ressources constitue un enjeu majeur pour assurer la p\u00e9rennit\u00e9 et la croissance des entreprises. La transformation digitale, la volatilit\u00e9 du march\u00e9 et la pression concurrentielle obligent les dirigeants \u00e0 [&hellip;]<\/p>\n","protected":false},"author":150,"featured_media":0,"comment_status":"open","ping_status":"open","sticky":false,"template":"","format":"standard","meta":{"_acf_changed":false,"footnotes":""},"categories":[1],"tags":[],"class_list":["post-8237","post","type-post","status-publish","format-standard","hentry","category-non-classe"],"acf":[],"yoast_head":"<!-- This site is optimized with the Yoast SEO plugin v23.9 - https:\/\/yoast.com\/wordpress\/plugins\/seo\/ -->\r\n<title>Gestion strat\u00e9gique des ressources : un levier cl\u00e9 pour la comp\u00e9titivit\u00e9 des entreprises modernes - Ateliers seniors<\/title>\r\n<meta name=\"robots\" content=\"index, follow, max-snippet:-1, max-image-preview:large, max-video-preview:-1\" \/>\r\n<link rel=\"canonical\" href=\"https:\/\/portail-animation.ufcv.fr\/ateliers-seniors\/2025\/09\/05\/gestion-strategique-des-ressources-un-levier-cle-pour-la-competitivite-des-entreprises-modernes\/\" \/>\r\n<meta property=\"og:locale\" content=\"fr_FR\" \/>\r\n<meta property=\"og:type\" content=\"article\" \/>\r\n<meta property=\"og:title\" content=\"Gestion strat\u00e9gique des ressources : un levier cl\u00e9 pour la comp\u00e9titivit\u00e9 des entreprises modernes - Ateliers seniors\" \/>\r\n<meta property=\"og:description\" content=\"Dans un contexte \u00e9conomique en constante \u00e9volution, la ma\u00eetrise efficace des ressources constitue un enjeu majeur pour assurer la p\u00e9rennit\u00e9 et la croissance des entreprises. La transformation digitale, la volatilit\u00e9 du march\u00e9 et la pression concurrentielle obligent les dirigeants \u00e0 [&hellip;]\" \/>\r\n<meta property=\"og:url\" content=\"https:\/\/portail-animation.ufcv.fr\/ateliers-seniors\/2025\/09\/05\/gestion-strategique-des-ressources-un-levier-cle-pour-la-competitivite-des-entreprises-modernes\/\" \/>\r\n<meta property=\"og:site_name\" content=\"Ateliers seniors\" \/>\r\n<meta property=\"article:published_time\" content=\"2025-09-05T21:33:23+00:00\" \/>\r\n<meta property=\"article:modified_time\" content=\"2026-09-05T21:32:51+00:00\" \/>\r\n<meta name=\"author\" content=\"adelforge\" \/>\r\n<meta name=\"twitter:card\" content=\"summary_large_image\" \/>\r\n<meta name=\"twitter:label1\" content=\"\u00c9crit par\" \/>\n\t<meta name=\"twitter:data1\" content=\"adelforge\" \/>\n\t<meta name=\"twitter:label2\" content=\"Dur\u00e9e de lecture estim\u00e9e\" \/>\n\t<meta name=\"twitter:data2\" content=\"3 minutes\" \/>\r\n<script type=\"application\/ld+json\" class=\"yoast-schema-graph\">{\"@context\":\"https:\/\/schema.org\",\"@graph\":[{\"@type\":\"WebPage\",\"@id\":\"https:\/\/portail-animation.ufcv.fr\/ateliers-seniors\/2025\/09\/05\/gestion-strategique-des-ressources-un-levier-cle-pour-la-competitivite-des-entreprises-modernes\/\",\"url\":\"https:\/\/portail-animation.ufcv.fr\/ateliers-seniors\/2025\/09\/05\/gestion-strategique-des-ressources-un-levier-cle-pour-la-competitivite-des-entreprises-modernes\/\",\"name\":\"Gestion strat\u00e9gique des ressources : un levier cl\u00e9 pour la comp\u00e9titivit\u00e9 des entreprises modernes - Ateliers seniors\",\"isPartOf\":{\"@id\":\"https:\/\/portail-animation.ufcv.fr\/ateliers-seniors\/#website\"},\"datePublished\":\"2025-09-05T21:33:23+00:00\",\"dateModified\":\"2026-09-05T21:32:51+00:00\",\"author\":{\"@id\":\"https:\/\/portail-animation.ufcv.fr\/ateliers-seniors\/#\/schema\/person\/e3920f121b148283c13890813088e2a0\"},\"breadcrumb\":{\"@id\":\"https:\/\/portail-animation.ufcv.fr\/ateliers-seniors\/2025\/09\/05\/gestion-strategique-des-ressources-un-levier-cle-pour-la-competitivite-des-entreprises-modernes\/#breadcrumb\"},\"inLanguage\":\"fr-FR\",\"potentialAction\":[{\"@type\":\"ReadAction\",\"target\":[\"https:\/\/portail-animation.ufcv.fr\/ateliers-seniors\/2025\/09\/05\/gestion-strategique-des-ressources-un-levier-cle-pour-la-competitivite-des-entreprises-modernes\/\"]}]},{\"@type\":\"BreadcrumbList\",\"@id\":\"https:\/\/portail-animation.ufcv.fr\/ateliers-seniors\/2025\/09\/05\/gestion-strategique-des-ressources-un-levier-cle-pour-la-competitivite-des-entreprises-modernes\/#breadcrumb\",\"itemListElement\":[{\"@type\":\"ListItem\",\"position\":1,\"name\":\"Accueil\",\"item\":\"https:\/\/portail-animation.ufcv.fr\/ateliers-seniors\/\"},{\"@type\":\"ListItem\",\"position\":2,\"name\":\"Gestion strat\u00e9gique des ressources : un levier cl\u00e9 pour la comp\u00e9titivit\u00e9 des entreprises modernes\"}]},{\"@type\":\"WebSite\",\"@id\":\"https:\/\/portail-animation.ufcv.fr\/ateliers-seniors\/#website\",\"url\":\"https:\/\/portail-animation.ufcv.fr\/ateliers-seniors\/\",\"name\":\"Ateliers seniors\",\"description\":\"Un site utilisant R\u00e9seau Portail Animation\",\"potentialAction\":[{\"@type\":\"SearchAction\",\"target\":{\"@type\":\"EntryPoint\",\"urlTemplate\":\"https:\/\/portail-animation.ufcv.fr\/ateliers-seniors\/?s={search_term_string}\"},\"query-input\":{\"@type\":\"PropertyValueSpecification\",\"valueRequired\":true,\"valueName\":\"search_term_string\"}}],\"inLanguage\":\"fr-FR\"},{\"@type\":\"Person\",\"@id\":\"https:\/\/portail-animation.ufcv.fr\/ateliers-seniors\/#\/schema\/person\/e3920f121b148283c13890813088e2a0\",\"name\":\"adelforge\",\"image\":{\"@type\":\"ImageObject\",\"inLanguage\":\"fr-FR\",\"@id\":\"https:\/\/portail-animation.ufcv.fr\/ateliers-seniors\/#\/schema\/person\/image\/\",\"url\":\"https:\/\/secure.gravatar.com\/avatar\/8207ca5dec2038871f4ea2e2a260a192?s=96&d=mm&r=g\",\"contentUrl\":\"https:\/\/secure.gravatar.com\/avatar\/8207ca5dec2038871f4ea2e2a260a192?s=96&d=mm&r=g\",\"caption\":\"adelforge\"},\"url\":\"https:\/\/portail-animation.ufcv.fr\/ateliers-seniors\/author\/adelforge\/\"}]}<\/script>\r\n<!-- \/ Yoast SEO plugin. -->","yoast_head_json":{"title":"Gestion strat\u00e9gique des ressources : un levier cl\u00e9 pour la comp\u00e9titivit\u00e9 des entreprises modernes - Ateliers seniors","robots":{"index":"index","follow":"follow","max-snippet":"max-snippet:-1","max-image-preview":"max-image-preview:large","max-video-preview":"max-video-preview:-1"},"canonical":"https:\/\/portail-animation.ufcv.fr\/ateliers-seniors\/2025\/09\/05\/gestion-strategique-des-ressources-un-levier-cle-pour-la-competitivite-des-entreprises-modernes\/","og_locale":"fr_FR","og_type":"article","og_title":"Gestion strat\u00e9gique des ressources : un levier cl\u00e9 pour la comp\u00e9titivit\u00e9 des entreprises modernes - Ateliers seniors","og_description":"Dans un contexte \u00e9conomique en constante \u00e9volution, la ma\u00eetrise efficace des ressources constitue un enjeu majeur pour assurer la p\u00e9rennit\u00e9 et la croissance des entreprises. La transformation digitale, la volatilit\u00e9 du march\u00e9 et la pression concurrentielle obligent les dirigeants \u00e0 [&hellip;]","og_url":"https:\/\/portail-animation.ufcv.fr\/ateliers-seniors\/2025\/09\/05\/gestion-strategique-des-ressources-un-levier-cle-pour-la-competitivite-des-entreprises-modernes\/","og_site_name":"Ateliers seniors","article_published_time":"2025-09-05T21:33:23+00:00","article_modified_time":"2026-09-05T21:32:51+00:00","author":"adelforge","twitter_card":"summary_large_image","twitter_misc":{"\u00c9crit par":"adelforge","Dur\u00e9e de lecture estim\u00e9e":"3 minutes"},"schema":{"@context":"https:\/\/schema.org","@graph":[{"@type":"WebPage","@id":"https:\/\/portail-animation.ufcv.fr\/ateliers-seniors\/2025\/09\/05\/gestion-strategique-des-ressources-un-levier-cle-pour-la-competitivite-des-entreprises-modernes\/","url":"https:\/\/portail-animation.ufcv.fr\/ateliers-seniors\/2025\/09\/05\/gestion-strategique-des-ressources-un-levier-cle-pour-la-competitivite-des-entreprises-modernes\/","name":"Gestion strat\u00e9gique des ressources : un levier cl\u00e9 pour la comp\u00e9titivit\u00e9 des entreprises modernes - Ateliers seniors","isPartOf":{"@id":"https:\/\/portail-animation.ufcv.fr\/ateliers-seniors\/#website"},"datePublished":"2025-09-05T21:33:23+00:00","dateModified":"2026-09-05T21:32:51+00:00","author":{"@id":"https:\/\/portail-animation.ufcv.fr\/ateliers-seniors\/#\/schema\/person\/e3920f121b148283c13890813088e2a0"},"breadcrumb":{"@id":"https:\/\/portail-animation.ufcv.fr\/ateliers-seniors\/2025\/09\/05\/gestion-strategique-des-ressources-un-levier-cle-pour-la-competitivite-des-entreprises-modernes\/#breadcrumb"},"inLanguage":"fr-FR","potentialAction":[{"@type":"ReadAction","target":["https:\/\/portail-animation.ufcv.fr\/ateliers-seniors\/2025\/09\/05\/gestion-strategique-des-ressources-un-levier-cle-pour-la-competitivite-des-entreprises-modernes\/"]}]},{"@type":"BreadcrumbList","@id":"https:\/\/portail-animation.ufcv.fr\/ateliers-seniors\/2025\/09\/05\/gestion-strategique-des-ressources-un-levier-cle-pour-la-competitivite-des-entreprises-modernes\/#breadcrumb","itemListElement":[{"@type":"ListItem","position":1,"name":"Accueil","item":"https:\/\/portail-animation.ufcv.fr\/ateliers-seniors\/"},{"@type":"ListItem","position":2,"name":"Gestion strat\u00e9gique des ressources : un levier cl\u00e9 pour la comp\u00e9titivit\u00e9 des entreprises modernes"}]},{"@type":"WebSite","@id":"https:\/\/portail-animation.ufcv.fr\/ateliers-seniors\/#website","url":"https:\/\/portail-animation.ufcv.fr\/ateliers-seniors\/","name":"Ateliers seniors","description":"Un site utilisant R\u00e9seau Portail Animation","potentialAction":[{"@type":"SearchAction","target":{"@type":"EntryPoint","urlTemplate":"https:\/\/portail-animation.ufcv.fr\/ateliers-seniors\/?s={search_term_string}"},"query-input":{"@type":"PropertyValueSpecification","valueRequired":true,"valueName":"search_term_string"}}],"inLanguage":"fr-FR"},{"@type":"Person","@id":"https:\/\/portail-animation.ufcv.fr\/ateliers-seniors\/#\/schema\/person\/e3920f121b148283c13890813088e2a0","name":"adelforge","image":{"@type":"ImageObject","inLanguage":"fr-FR","@id":"https:\/\/portail-animation.ufcv.fr\/ateliers-seniors\/#\/schema\/person\/image\/","url":"https:\/\/secure.gravatar.com\/avatar\/8207ca5dec2038871f4ea2e2a260a192?s=96&d=mm&r=g","contentUrl":"https:\/\/secure.gravatar.com\/avatar\/8207ca5dec2038871f4ea2e2a260a192?s=96&d=mm&r=g","caption":"adelforge"},"url":"https:\/\/portail-animation.ufcv.fr\/ateliers-seniors\/author\/adelforge\/"}]}},"_links":{"self":[{"href":"https:\/\/portail-animation.ufcv.fr\/ateliers-seniors\/wp-json\/wp\/v2\/posts\/8237","targetHints":{"allow":["GET"]}}],"collection":[{"href":"https:\/\/portail-animation.ufcv.fr\/ateliers-seniors\/wp-json\/wp\/v2\/posts"}],"about":[{"href":"https:\/\/portail-animation.ufcv.fr\/ateliers-seniors\/wp-json\/wp\/v2\/types\/post"}],"author":[{"embeddable":true,"href":"https:\/\/portail-animation.ufcv.fr\/ateliers-seniors\/wp-json\/wp\/v2\/users\/150"}],"replies":[{"embeddable":true,"href":"https:\/\/portail-animation.ufcv.fr\/ateliers-seniors\/wp-json\/wp\/v2\/comments?post=8237"}],"version-history":[{"count":1,"href":"https:\/\/portail-animation.ufcv.fr\/ateliers-seniors\/wp-json\/wp\/v2\/posts\/8237\/revisions"}],"predecessor-version":[{"id":8238,"href":"https:\/\/portail-animation.ufcv.fr\/ateliers-seniors\/wp-json\/wp\/v2\/posts\/8237\/revisions\/8238"}],"wp:attachment":[{"href":"https:\/\/portail-animation.ufcv.fr\/ateliers-seniors\/wp-json\/wp\/v2\/media?parent=8237"}],"wp:term":[{"taxonomy":"category","embeddable":true,"href":"https:\/\/portail-animation.ufcv.fr\/ateliers-seniors\/wp-json\/wp\/v2\/categories?post=8237"},{"taxonomy":"post_tag","embeddable":true,"href":"https:\/\/portail-animation.ufcv.fr\/ateliers-seniors\/wp-json\/wp\/v2\/tags?post=8237"}],"curies":[{"name":"wp","href":"https:\/\/api.w.org\/{rel}","templated":true}]}}