 {"id":8301,"date":"2025-09-06T00:40:08","date_gmt":"2025-09-05T22:40:08","guid":{"rendered":"https:\/\/portail-animation.ufcv.fr\/ateliers-seniors\/?p=8301"},"modified":"2026-09-06T00:39:36","modified_gmt":"2026-09-05T22:39:36","slug":"innowacyjne-podejscia-w-branzy-rozwoju-osobistego-i-edukacji-socjalnej","status":"publish","type":"post","link":"https:\/\/portail-animation.ufcv.fr\/ateliers-seniors\/2025\/09\/06\/innowacyjne-podejscia-w-branzy-rozwoju-osobistego-i-edukacji-socjalnej\/","title":{"rendered":"Innowacyjne podej\u015bcia w bran\u017cy rozwoju osobistego i edukacji socjalnej"},"content":{"rendered":"<p>W dobie dynamicznych zmian spo\u0142eczno-gospodarczych, rozw\u00f3j osobisty oraz edukacja socjalna odgrywaj\u0105 kluczow\u0105 rol\u0119 w kszta\u0142towaniu \u015bwiadomych, kompetentnych obywateli. Ostatnie lata przynios\u0142y znacz\u0105cy post\u0119p w metodach wsparcia spo\u0142eczno\u015bci, integracji oraz samodoskonalenia, kt\u00f3re opieraj\u0105 si\u0119 na innowacyjnych narz\u0119dziach i platformach edukacyjnych. Szereg instytucji i organizacji podejmuje inicjatywy maj\u0105ce na celu przeciwdzia\u0142anie wykluczeniu oraz promowanie aktywno\u015bci spo\u0142ecznej.<\/p>\n<h2>Wyzwania i trendy w rozwoju spo\u0142eczno-edukacyjnym<\/h2>\n<p>Wed\u0142ug raport\u00f3w mi\u0119dzynarodowych organizacji, jak UNESCO czy OECD, coraz wi\u0119ksze znaczenie ma dost\u0119pno\u015b\u0107 wysokiej jako\u015bci edukacji i wsparcia rozwojowego, kt\u00f3re musz\u0105 by\u0107 dostosowane do r\u00f3\u017cnorodnych potrzeb r\u00f3\u017cnych grup spo\u0142ecznych. Zjawisko digitalizacji, popularno\u015b\u0107 edukacji online oraz rosn\u0105ce oczekiwania m\u0142odszych pokole\u0144 wymuszaj\u0105 na dostawcach us\u0142ug tworzenie innowacyjnych platform i program\u00f3w.<\/p>\n<p>Jedn\u0105 z ciekawszych inicjatyw w tym obszarze jest projekt <a href=\"https:\/\/www.goldenstar.org.pl\/\"><strong>goldenstar<\/strong><\/a>, kt\u00f3ry skupia si\u0119 na rozwoju dzieci poprzez kompleksowe wsparcie edukacyjne i integracyjne. W ramach tej platformy, organizacje i edukatorzy mog\u0105 korzysta\u0107 z szerokiego wachlarza narz\u0119dzi umo\u017cliwiaj\u0105cych rozwijanie kompetencji spo\u0142ecznych i emocjonalnych m\u0142odych ludzi.<\/p>\n<h2>Przyk\u0142ad innowacyjnych rozwi\u0105za\u0144: platforma goldenstar<\/h2>\n<div class=\"section\">\n<p>Platforma goldenstar stanowi istotny element ekosystemu wsparcia edukacyjno-spo\u0142ecznego, proponuj\u0105c metody oparte na dowodach naukowych. Jej g\u0142\u00f3wnym celem jest wspieranie dzieci i m\u0142odzie\u017cy w rozwijaniu umiej\u0119tno\u015bci interpersonalnych, radzeniu sobie z wyzwaniami emocjonalnymi oraz budowaniu pozytywnej samooceny.<\/p>\n<p>Wed\u0142ug danych dost\u0119pnych na stronie goldenstar.org.pl (stan na 2023 rok), organizacje korzystaj\u0105ce z tej platformy odnotowa\u0142y do 30% wzrost zaanga\u017cowania uczestnik\u00f3w w dzia\u0142ania wspieraj\u0105ce rozw\u00f3j kompetencji spo\u0142ecznych. Narz\u0119dzia takie jak interaktywne materia\u0142y edukacyjne, systemy monitorowania post\u0119p\u00f3w oraz szkolenia dla mentor\u00f3w zapewniaj\u0105 skuteczne wsparcie na r\u00f3\u017cnych etapach rozwojowych.<\/p>\n<\/div>\n<h2>Ekspertowe spojrzenie na wp\u0142yw technologii w edukacji spo\u0142ecznej<\/h2>\n<p>Analiza najnowszych trend\u00f3w wskazuje, \u017ce technologia odgrywa kluczow\u0105 rol\u0119 w zwi\u0119kszaniu skuteczno\u015bci dzia\u0142a\u0144 edukacyjno-spo\u0142ecznych. Platformy cyfrowe jak goldenstar pozwalaj\u0105 na personalizacj\u0119 program\u00f3w, dost\u0119p do materia\u0142\u00f3w o wysokim poziomie merytorycznym oraz umo\u017cliwiaj\u0105 sta\u0142\u0105 ocen\u0119 rezultat\u00f3w. To przek\u0142ada si\u0119 na realne zwi\u0119kszenie kompetencji uczestnik\u00f3w, ich motywacji oraz zaanga\u017cowania.<\/p>\n<p>Przyk\u0142adowo, implementacja element\u00f3w gamifikacji, jak odznaki czy systemy punktacji, motywuje m\u0142odych ludzi do aktywnego udzia\u0142u, jednocze\u015bnie sprzyjaj\u0105c wykszta\u0142ceniu trwa\u0142ych nawyk\u00f3w spo\u0142ecznych i samorozwojowych. Wnioski z bada\u0144 bran\u017cowych pokazuj\u0105, \u017ce technologie oparte na danych (data-driven) zwi\u0119kszaj\u0105 skuteczno\u015b\u0107 interwencji nawet o 40% w por\u00f3wnaniu do tradycyjnych metod.<\/p>\n<h2>Podsumowanie: innowacja i nauka w s\u0142u\u017cbie rozwoju spo\u0142ecze\u0144stwa<\/h2>\n<p>Przysz\u0142o\u015b\u0107 edukacji spo\u0142ecznej kszta\u0142towana jest przez synergiczne po\u0142\u0105czenie nauki, technologii i zaanga\u017cowania spo\u0142eczno\u015bci. Platforma goldenstar wyra\u017anie wpisuje si\u0119 w ten trend, oferuj\u0105c rozwi\u0105zania, kt\u00f3re s\u0105 nie tylko nowoczesne, ale przede wszystkim podporz\u0105dkowane realnym potrzebom spo\u0142ecze\u0144stwa. Organiczne integrowanie takich narz\u0119dzi z szeroko poj\u0119tymi programami rozwojowymi pozwala na tworzenie bardziej inkluzywnego, efektywnego i trwa\u0142ego systemu wsparcia dla m\u0142odych ludzi, kt\u00f3rzy s\u0105 przysz\u0142o\u015bci\u0105 ka\u017cdego spo\u0142ecze\u0144stwa.<\/p>\n<div class=\"highlight\">\n<p><strong>Kluczowe wnioski:<\/strong> Inwestowanie w platformy edukacyjne oparte na dowodach naukowych, takich jak goldenstar, stanowi strategiczny krok w kierunku zwi\u0119kszenia jako\u015bci i dost\u0119pno\u015bci wsparcia rozwoju spo\u0142eczno\u015bci na ka\u017cdym etapie \u017cycia.<\/p>\n<\/div>\n","protected":false},"excerpt":{"rendered":"<p>W dobie dynamicznych zmian spo\u0142eczno-gospodarczych, rozw\u00f3j osobisty oraz edukacja socjalna odgrywaj\u0105 kluczow\u0105 rol\u0119 w kszta\u0142towaniu \u015bwiadomych, kompetentnych obywateli. Ostatnie lata przynios\u0142y znacz\u0105cy post\u0119p w metodach wsparcia spo\u0142eczno\u015bci, integracji oraz samodoskonalenia, kt\u00f3re opieraj\u0105 si\u0119 na innowacyjnych narz\u0119dziach i platformach edukacyjnych. Szereg [&hellip;]<\/p>\n","protected":false},"author":150,"featured_media":0,"comment_status":"open","ping_status":"open","sticky":false,"template":"","format":"standard","meta":{"_acf_changed":false,"footnotes":""},"categories":[1],"tags":[],"class_list":["post-8301","post","type-post","status-publish","format-standard","hentry","category-non-classe"],"acf":[],"yoast_head":"<!-- This site is optimized with the Yoast SEO plugin v23.9 - https:\/\/yoast.com\/wordpress\/plugins\/seo\/ -->\r\n<title>Innowacyjne podej\u015bcia w bran\u017cy rozwoju osobistego i edukacji socjalnej - Ateliers seniors<\/title>\r\n<meta name=\"robots\" content=\"index, follow, max-snippet:-1, max-image-preview:large, max-video-preview:-1\" \/>\r\n<link rel=\"canonical\" href=\"https:\/\/portail-animation.ufcv.fr\/ateliers-seniors\/2025\/09\/06\/innowacyjne-podejscia-w-branzy-rozwoju-osobistego-i-edukacji-socjalnej\/\" \/>\r\n<meta property=\"og:locale\" content=\"fr_FR\" \/>\r\n<meta property=\"og:type\" content=\"article\" \/>\r\n<meta property=\"og:title\" content=\"Innowacyjne podej\u015bcia w bran\u017cy rozwoju osobistego i edukacji socjalnej - Ateliers seniors\" \/>\r\n<meta property=\"og:description\" content=\"W dobie dynamicznych zmian spo\u0142eczno-gospodarczych, rozw\u00f3j osobisty oraz edukacja socjalna odgrywaj\u0105 kluczow\u0105 rol\u0119 w kszta\u0142towaniu \u015bwiadomych, kompetentnych obywateli. Ostatnie lata przynios\u0142y znacz\u0105cy post\u0119p w metodach wsparcia spo\u0142eczno\u015bci, integracji oraz samodoskonalenia, kt\u00f3re opieraj\u0105 si\u0119 na innowacyjnych narz\u0119dziach i platformach edukacyjnych. Szereg [&hellip;]\" \/>\r\n<meta property=\"og:url\" content=\"https:\/\/portail-animation.ufcv.fr\/ateliers-seniors\/2025\/09\/06\/innowacyjne-podejscia-w-branzy-rozwoju-osobistego-i-edukacji-socjalnej\/\" \/>\r\n<meta property=\"og:site_name\" content=\"Ateliers seniors\" \/>\r\n<meta property=\"article:published_time\" content=\"2025-09-05T22:40:08+00:00\" \/>\r\n<meta property=\"article:modified_time\" content=\"2026-09-05T22:39:36+00:00\" \/>\r\n<meta name=\"author\" content=\"adelforge\" \/>\r\n<meta name=\"twitter:card\" content=\"summary_large_image\" \/>\r\n<meta name=\"twitter:label1\" content=\"\u00c9crit par\" \/>\n\t<meta name=\"twitter:data1\" content=\"adelforge\" \/>\n\t<meta name=\"twitter:label2\" content=\"Dur\u00e9e de lecture estim\u00e9e\" \/>\n\t<meta name=\"twitter:data2\" content=\"3 minutes\" \/>\r\n<script type=\"application\/ld+json\" class=\"yoast-schema-graph\">{\"@context\":\"https:\/\/schema.org\",\"@graph\":[{\"@type\":\"WebPage\",\"@id\":\"https:\/\/portail-animation.ufcv.fr\/ateliers-seniors\/2025\/09\/06\/innowacyjne-podejscia-w-branzy-rozwoju-osobistego-i-edukacji-socjalnej\/\",\"url\":\"https:\/\/portail-animation.ufcv.fr\/ateliers-seniors\/2025\/09\/06\/innowacyjne-podejscia-w-branzy-rozwoju-osobistego-i-edukacji-socjalnej\/\",\"name\":\"Innowacyjne podej\u015bcia w bran\u017cy rozwoju osobistego i edukacji socjalnej - Ateliers seniors\",\"isPartOf\":{\"@id\":\"https:\/\/portail-animation.ufcv.fr\/ateliers-seniors\/#website\"},\"datePublished\":\"2025-09-05T22:40:08+00:00\",\"dateModified\":\"2026-09-05T22:39:36+00:00\",\"author\":{\"@id\":\"https:\/\/portail-animation.ufcv.fr\/ateliers-seniors\/#\/schema\/person\/e3920f121b148283c13890813088e2a0\"},\"breadcrumb\":{\"@id\":\"https:\/\/portail-animation.ufcv.fr\/ateliers-seniors\/2025\/09\/06\/innowacyjne-podejscia-w-branzy-rozwoju-osobistego-i-edukacji-socjalnej\/#breadcrumb\"},\"inLanguage\":\"fr-FR\",\"potentialAction\":[{\"@type\":\"ReadAction\",\"target\":[\"https:\/\/portail-animation.ufcv.fr\/ateliers-seniors\/2025\/09\/06\/innowacyjne-podejscia-w-branzy-rozwoju-osobistego-i-edukacji-socjalnej\/\"]}]},{\"@type\":\"BreadcrumbList\",\"@id\":\"https:\/\/portail-animation.ufcv.fr\/ateliers-seniors\/2025\/09\/06\/innowacyjne-podejscia-w-branzy-rozwoju-osobistego-i-edukacji-socjalnej\/#breadcrumb\",\"itemListElement\":[{\"@type\":\"ListItem\",\"position\":1,\"name\":\"Accueil\",\"item\":\"https:\/\/portail-animation.ufcv.fr\/ateliers-seniors\/\"},{\"@type\":\"ListItem\",\"position\":2,\"name\":\"Innowacyjne podej\u015bcia w bran\u017cy rozwoju osobistego i edukacji socjalnej\"}]},{\"@type\":\"WebSite\",\"@id\":\"https:\/\/portail-animation.ufcv.fr\/ateliers-seniors\/#website\",\"url\":\"https:\/\/portail-animation.ufcv.fr\/ateliers-seniors\/\",\"name\":\"Ateliers seniors\",\"description\":\"Un site utilisant R\u00e9seau Portail Animation\",\"potentialAction\":[{\"@type\":\"SearchAction\",\"target\":{\"@type\":\"EntryPoint\",\"urlTemplate\":\"https:\/\/portail-animation.ufcv.fr\/ateliers-seniors\/?s={search_term_string}\"},\"query-input\":{\"@type\":\"PropertyValueSpecification\",\"valueRequired\":true,\"valueName\":\"search_term_string\"}}],\"inLanguage\":\"fr-FR\"},{\"@type\":\"Person\",\"@id\":\"https:\/\/portail-animation.ufcv.fr\/ateliers-seniors\/#\/schema\/person\/e3920f121b148283c13890813088e2a0\",\"name\":\"adelforge\",\"image\":{\"@type\":\"ImageObject\",\"inLanguage\":\"fr-FR\",\"@id\":\"https:\/\/portail-animation.ufcv.fr\/ateliers-seniors\/#\/schema\/person\/image\/\",\"url\":\"https:\/\/secure.gravatar.com\/avatar\/8207ca5dec2038871f4ea2e2a260a192?s=96&d=mm&r=g\",\"contentUrl\":\"https:\/\/secure.gravatar.com\/avatar\/8207ca5dec2038871f4ea2e2a260a192?s=96&d=mm&r=g\",\"caption\":\"adelforge\"},\"url\":\"https:\/\/portail-animation.ufcv.fr\/ateliers-seniors\/author\/adelforge\/\"}]}<\/script>\r\n<!-- \/ Yoast SEO plugin. -->","yoast_head_json":{"title":"Innowacyjne podej\u015bcia w bran\u017cy rozwoju osobistego i edukacji socjalnej - Ateliers seniors","robots":{"index":"index","follow":"follow","max-snippet":"max-snippet:-1","max-image-preview":"max-image-preview:large","max-video-preview":"max-video-preview:-1"},"canonical":"https:\/\/portail-animation.ufcv.fr\/ateliers-seniors\/2025\/09\/06\/innowacyjne-podejscia-w-branzy-rozwoju-osobistego-i-edukacji-socjalnej\/","og_locale":"fr_FR","og_type":"article","og_title":"Innowacyjne podej\u015bcia w bran\u017cy rozwoju osobistego i edukacji socjalnej - Ateliers seniors","og_description":"W dobie dynamicznych zmian spo\u0142eczno-gospodarczych, rozw\u00f3j osobisty oraz edukacja socjalna odgrywaj\u0105 kluczow\u0105 rol\u0119 w kszta\u0142towaniu \u015bwiadomych, kompetentnych obywateli. Ostatnie lata przynios\u0142y znacz\u0105cy post\u0119p w metodach wsparcia spo\u0142eczno\u015bci, integracji oraz samodoskonalenia, kt\u00f3re opieraj\u0105 si\u0119 na innowacyjnych narz\u0119dziach i platformach edukacyjnych. Szereg [&hellip;]","og_url":"https:\/\/portail-animation.ufcv.fr\/ateliers-seniors\/2025\/09\/06\/innowacyjne-podejscia-w-branzy-rozwoju-osobistego-i-edukacji-socjalnej\/","og_site_name":"Ateliers seniors","article_published_time":"2025-09-05T22:40:08+00:00","article_modified_time":"2026-09-05T22:39:36+00:00","author":"adelforge","twitter_card":"summary_large_image","twitter_misc":{"\u00c9crit par":"adelforge","Dur\u00e9e de lecture estim\u00e9e":"3 minutes"},"schema":{"@context":"https:\/\/schema.org","@graph":[{"@type":"WebPage","@id":"https:\/\/portail-animation.ufcv.fr\/ateliers-seniors\/2025\/09\/06\/innowacyjne-podejscia-w-branzy-rozwoju-osobistego-i-edukacji-socjalnej\/","url":"https:\/\/portail-animation.ufcv.fr\/ateliers-seniors\/2025\/09\/06\/innowacyjne-podejscia-w-branzy-rozwoju-osobistego-i-edukacji-socjalnej\/","name":"Innowacyjne podej\u015bcia w bran\u017cy rozwoju osobistego i edukacji socjalnej - Ateliers seniors","isPartOf":{"@id":"https:\/\/portail-animation.ufcv.fr\/ateliers-seniors\/#website"},"datePublished":"2025-09-05T22:40:08+00:00","dateModified":"2026-09-05T22:39:36+00:00","author":{"@id":"https:\/\/portail-animation.ufcv.fr\/ateliers-seniors\/#\/schema\/person\/e3920f121b148283c13890813088e2a0"},"breadcrumb":{"@id":"https:\/\/portail-animation.ufcv.fr\/ateliers-seniors\/2025\/09\/06\/innowacyjne-podejscia-w-branzy-rozwoju-osobistego-i-edukacji-socjalnej\/#breadcrumb"},"inLanguage":"fr-FR","potentialAction":[{"@type":"ReadAction","target":["https:\/\/portail-animation.ufcv.fr\/ateliers-seniors\/2025\/09\/06\/innowacyjne-podejscia-w-branzy-rozwoju-osobistego-i-edukacji-socjalnej\/"]}]},{"@type":"BreadcrumbList","@id":"https:\/\/portail-animation.ufcv.fr\/ateliers-seniors\/2025\/09\/06\/innowacyjne-podejscia-w-branzy-rozwoju-osobistego-i-edukacji-socjalnej\/#breadcrumb","itemListElement":[{"@type":"ListItem","position":1,"name":"Accueil","item":"https:\/\/portail-animation.ufcv.fr\/ateliers-seniors\/"},{"@type":"ListItem","position":2,"name":"Innowacyjne podej\u015bcia w bran\u017cy rozwoju osobistego i edukacji socjalnej"}]},{"@type":"WebSite","@id":"https:\/\/portail-animation.ufcv.fr\/ateliers-seniors\/#website","url":"https:\/\/portail-animation.ufcv.fr\/ateliers-seniors\/","name":"Ateliers seniors","description":"Un site utilisant R\u00e9seau Portail Animation","potentialAction":[{"@type":"SearchAction","target":{"@type":"EntryPoint","urlTemplate":"https:\/\/portail-animation.ufcv.fr\/ateliers-seniors\/?s={search_term_string}"},"query-input":{"@type":"PropertyValueSpecification","valueRequired":true,"valueName":"search_term_string"}}],"inLanguage":"fr-FR"},{"@type":"Person","@id":"https:\/\/portail-animation.ufcv.fr\/ateliers-seniors\/#\/schema\/person\/e3920f121b148283c13890813088e2a0","name":"adelforge","image":{"@type":"ImageObject","inLanguage":"fr-FR","@id":"https:\/\/portail-animation.ufcv.fr\/ateliers-seniors\/#\/schema\/person\/image\/","url":"https:\/\/secure.gravatar.com\/avatar\/8207ca5dec2038871f4ea2e2a260a192?s=96&d=mm&r=g","contentUrl":"https:\/\/secure.gravatar.com\/avatar\/8207ca5dec2038871f4ea2e2a260a192?s=96&d=mm&r=g","caption":"adelforge"},"url":"https:\/\/portail-animation.ufcv.fr\/ateliers-seniors\/author\/adelforge\/"}]}},"_links":{"self":[{"href":"https:\/\/portail-animation.ufcv.fr\/ateliers-seniors\/wp-json\/wp\/v2\/posts\/8301","targetHints":{"allow":["GET"]}}],"collection":[{"href":"https:\/\/portail-animation.ufcv.fr\/ateliers-seniors\/wp-json\/wp\/v2\/posts"}],"about":[{"href":"https:\/\/portail-animation.ufcv.fr\/ateliers-seniors\/wp-json\/wp\/v2\/types\/post"}],"author":[{"embeddable":true,"href":"https:\/\/portail-animation.ufcv.fr\/ateliers-seniors\/wp-json\/wp\/v2\/users\/150"}],"replies":[{"embeddable":true,"href":"https:\/\/portail-animation.ufcv.fr\/ateliers-seniors\/wp-json\/wp\/v2\/comments?post=8301"}],"version-history":[{"count":1,"href":"https:\/\/portail-animation.ufcv.fr\/ateliers-seniors\/wp-json\/wp\/v2\/posts\/8301\/revisions"}],"predecessor-version":[{"id":8302,"href":"https:\/\/portail-animation.ufcv.fr\/ateliers-seniors\/wp-json\/wp\/v2\/posts\/8301\/revisions\/8302"}],"wp:attachment":[{"href":"https:\/\/portail-animation.ufcv.fr\/ateliers-seniors\/wp-json\/wp\/v2\/media?parent=8301"}],"wp:term":[{"taxonomy":"category","embeddable":true,"href":"https:\/\/portail-animation.ufcv.fr\/ateliers-seniors\/wp-json\/wp\/v2\/categories?post=8301"},{"taxonomy":"post_tag","embeddable":true,"href":"https:\/\/portail-animation.ufcv.fr\/ateliers-seniors\/wp-json\/wp\/v2\/tags?post=8301"}],"curies":[{"name":"wp","href":"https:\/\/api.w.org\/{rel}","templated":true}]}}