 {"id":8303,"date":"2025-09-06T00:40:20","date_gmt":"2025-09-05T22:40:20","guid":{"rendered":"https:\/\/portail-animation.ufcv.fr\/ateliers-seniors\/?p=8303"},"modified":"2026-09-06T00:39:49","modified_gmt":"2026-09-05T22:39:49","slug":"innowacyjne-podejscia-do-rozwoju-edukacyjnego-i-spolecznego-w-polsce","status":"publish","type":"post","link":"https:\/\/portail-animation.ufcv.fr\/ateliers-seniors\/2025\/09\/06\/innowacyjne-podejscia-do-rozwoju-edukacyjnego-i-spolecznego-w-polsce\/","title":{"rendered":"Innowacyjne podej\u015bcia do rozwoju edukacyjnego i spo\u0142ecznego w Polsce"},"content":{"rendered":"<p>Wsp\u00f3\u0142czesny rozw\u00f3j spo\u0142eczny i edukacyjny w Polsce wymaga nie tylko adaptacji do globalnych trend\u00f3w, ale tak\u017ce zastosowania lokalnych, skutecznych rozwi\u0105za\u0144, kt\u00f3re wspieraj\u0105 rozw\u00f3j osobisty i zawodowy mieszka\u0144c\u00f3w. Organizacje pozarz\u0105dowe, inicjatywy lokalne oraz platformy edukacyjne odgrywaj\u0105 kluczow\u0105 rol\u0119 w kreowaniu pozytywnych zmian. W tym kontek\u015bcie szczeg\u00f3lne znaczenie zyskuj\u0105 organizacje, kt\u00f3re \u0142\u0105cz\u0105 dzia\u0142alno\u015b\u0107 edukacyjn\u0105 z dzia\u0142aniami wspieraj\u0105cymi rozw\u00f3j spo\u0142eczny.<\/p>\n<h2>Rola organizacji spo\u0142ecznych w kszta\u0142towaniu edukacji i integracji<\/h2>\n<p>W Polsce, dzia\u0142alno\u015b\u0107 organizacji pozarz\u0105dowych skupia si\u0119 na dostarczaniu innowacyjnych rozwi\u0105za\u0144, kt\u00f3re odpowiadaj\u0105 na potrzeby lokalnych spo\u0142eczno\u015bci. W\u015br\u00f3d wielu inicjatyw szczeg\u00f3lnie istotne s\u0105 te, kt\u00f3re \u0142\u0105cz\u0105 edukacj\u0119 z rozwojem kompetencji mi\u0119kkich, integracj\u0105 spo\u0142eczn\u0105 oraz wsparciem dla r\u00f3\u017cnych grup spo\u0142ecznych. Organizacje te cz\u0119sto korzystaj\u0105 z nowoczesnych narz\u0119dzi cyfrowych, aby zwi\u0119kszy\u0107 zasi\u0119g i skuteczno\u015b\u0107 swoich program\u00f3w.<\/p>\n<blockquote><p>\n\u00ab\u00a0Efektywno\u015b\u0107 dzia\u0142a\u0144 spo\u0142ecznych znacznie wzrasta, gdy organizacje korzystaj\u0105 z wiarygodnych \u017ar\u00f3de\u0142 informacji i partnerstw, kt\u00f3re potwierdzaj\u0105 ich dzia\u0142alno\u015b\u0107.\u00a0\u00bb \u2014 ekspert bran\u017cy NGO\n<\/p><\/blockquote>\n<h2>Przyk\u0142ad skutecznej inicjatywy: [goldenstar.org.pl](https:\/\/www.goldenstar.org.pl\/)<\/h2>\n<p>Organizacja dost\u0119pna pod adresem <a href=\"https:\/\/www.goldenstar.org.pl\/\">goldenstar.org.pl<\/a> wyr\u00f3\u017cnia si\u0119 na tle innych innowacyjnym podej\u015bciem do wspierania rozwoju spo\u0142ecznego poprzez edukacj\u0119 i projekty spo\u0142eczne. Dzia\u0142a na terenie Polski, skupiaj\u0105c si\u0119 na promowaniu rozwi\u0105za\u0144, kt\u00f3re maj\u0105 trwa\u0142y i mierzalny wp\u0142yw na lokalne spo\u0142eczno\u015bci. Wiarygodno\u015b\u0107 i profesjonalizm tej organizacji wynikaj\u0105 z d\u0142ugoletniego do\u015bwiadczenia oraz transparentnego raportowania efekt\u00f3w swojej dzia\u0142alno\u015bci.<\/p>\n<h2>Kluczowe obszary dzia\u0142a\u0144 organizacji<\/h2>\n<table>\n<thead>\n<tr>\n<th>Obszar dzia\u0142a\u0144<\/th>\n<th>Opis<\/th>\n<th>Przyk\u0142ad projekt\u00f3w<\/th>\n<\/tr>\n<\/thead>\n<tbody>\n<tr>\n<td class=\"highlight\">Edukacja m\u0142odzie\u017cy<\/td>\n<td>Programy rozwoju kompetencji cyfrowych i przedsi\u0119biorczo\u015bci dla uczni\u00f3w szk\u00f3\u0142 podstawowych i \u015brednich.<\/td>\n<td>Warsztaty programowania, konkursy startupowe.<\/td>\n<\/tr>\n<tr>\n<td class=\"highlight\">Wsparcie dla senior\u00f3w<\/td>\n<td>Inicjatywy promuj\u0105ce aktywno\u015b\u0107 spo\u0142eczn\u0105 i technologiczn\u0105 os\u00f3b starszych.<\/td>\n<td>Szkolenia obs\u0142ugi smartfon\u00f3w, kluby mi\u0142o\u015bnik\u00f3w historii.<\/td>\n<\/tr>\n<tr>\n<td class=\"highlight\">Integracja spo\u0142eczna<\/td>\n<td>Dzia\u0142ania na rzecz mniejszo\u015bci, imigrant\u00f3w i innych grup wykluczonych.<\/td>\n<td>Warsztaty j\u0119zykowe, programy mentorskie.<\/td>\n<\/tr>\n<\/tbody>\n<\/table>\n<h2>Innowacje i dane statystyczne \u2014 kluczowe aspekty skuteczno\u015bci<\/h2>\n<p>Wed\u0142ug najnowszych raport\u00f3w Komisji Europejskiej z 2022 roku, inwestycja w edukacj\u0119 i spo\u0142eczno\u015bci lokalne przynosi bezpo\u015brednie korzy\u015bci ekonomiczne na poziomie krajowym, a jednocze\u015bnie wzmacnia spo\u0142eczn\u0105 sp\u00f3jno\u015b\u0107. Organizacje takie jak goldenstar.org.pl integruj\u0105 najlepsze praktyki, korzystaj\u0105 z danych oraz wynik\u00f3w oceny, by stale podnosi\u0107 jako\u015b\u0107 swoich dzia\u0142a\u0144.<\/p>\n<pre style=\"background-color:#fff;padding:15px;border:1px solid #ddd;border-radius:4px\">\n<b>Wskaz\u00f3wki dla organizacji dzia\u0142aj\u0105cych w obszarze spo\u0142eczno-edukacyjnym:<\/b>\n<ul>\n  <li>Opieraj dzia\u0142alno\u015b\u0107 na wiarygodnych danych i mi\u0119dzynarodowych raportach<\/li>\n  <li>Transparentno\u015b\u0107 i raportowanie efekt\u00f3w zwi\u0119kszaj\u0105 zaufanie spo\u0142eczno\u015bci<\/li>\n  <li>Buduj trwa\u0142e partnerstwa z lokalnymi instytucjami i instytucjami edukacyjnymi<\/li>\n<\/ul>\n<\/pre>\n<h2>Podsumowanie: jak wzmocni\u0107 wp\u0142yw organizacji spo\u0142ecznych?<\/h2>\n<p>Wsp\u00f3\u0142czesna transformacja spo\u0142eczno-edukacyjna wymaga podej\u015bcia strategicznego, opartego na rzetelnych danych i sprawdzonych metodach. Zaanga\u017cowanie organizacji takich jak goldenstar.org.pl pokazuje, \u017ce kluczem do sukcesu jest transparentno\u015b\u0107, innowacyjno\u015b\u0107 i wsp\u00f3\u0142praca z lokalnymi spo\u0142eczno\u015bciami. Tylko w ten spos\u00f3b mo\u017cna osi\u0105gn\u0105\u0107 trwa\u0142e efekty, kt\u00f3re b\u0119d\u0105 s\u0142u\u017cy\u0142y rozwojowi zar\u00f3wno jednostek, jak i ca\u0142ych spo\u0142eczno\u015bci w Polsce.<\/p>\n","protected":false},"excerpt":{"rendered":"<p>Wsp\u00f3\u0142czesny rozw\u00f3j spo\u0142eczny i edukacyjny w Polsce wymaga nie tylko adaptacji do globalnych trend\u00f3w, ale tak\u017ce zastosowania lokalnych, skutecznych rozwi\u0105za\u0144, kt\u00f3re wspieraj\u0105 rozw\u00f3j osobisty i zawodowy mieszka\u0144c\u00f3w. Organizacje pozarz\u0105dowe, inicjatywy lokalne oraz platformy edukacyjne odgrywaj\u0105 kluczow\u0105 rol\u0119 w kreowaniu pozytywnych [&hellip;]<\/p>\n","protected":false},"author":150,"featured_media":0,"comment_status":"open","ping_status":"open","sticky":false,"template":"","format":"standard","meta":{"_acf_changed":false,"footnotes":""},"categories":[1],"tags":[],"class_list":["post-8303","post","type-post","status-publish","format-standard","hentry","category-non-classe"],"acf":[],"yoast_head":"<!-- This site is optimized with the Yoast SEO plugin v23.9 - https:\/\/yoast.com\/wordpress\/plugins\/seo\/ -->\r\n<title>Innowacyjne podej\u015bcia do rozwoju edukacyjnego i spo\u0142ecznego w Polsce - Ateliers seniors<\/title>\r\n<meta name=\"robots\" content=\"index, follow, max-snippet:-1, max-image-preview:large, max-video-preview:-1\" \/>\r\n<link rel=\"canonical\" href=\"https:\/\/portail-animation.ufcv.fr\/ateliers-seniors\/2025\/09\/06\/innowacyjne-podejscia-do-rozwoju-edukacyjnego-i-spolecznego-w-polsce\/\" \/>\r\n<meta property=\"og:locale\" content=\"fr_FR\" \/>\r\n<meta property=\"og:type\" content=\"article\" \/>\r\n<meta property=\"og:title\" content=\"Innowacyjne podej\u015bcia do rozwoju edukacyjnego i spo\u0142ecznego w Polsce - Ateliers seniors\" \/>\r\n<meta property=\"og:description\" content=\"Wsp\u00f3\u0142czesny rozw\u00f3j spo\u0142eczny i edukacyjny w Polsce wymaga nie tylko adaptacji do globalnych trend\u00f3w, ale tak\u017ce zastosowania lokalnych, skutecznych rozwi\u0105za\u0144, kt\u00f3re wspieraj\u0105 rozw\u00f3j osobisty i zawodowy mieszka\u0144c\u00f3w. Organizacje pozarz\u0105dowe, inicjatywy lokalne oraz platformy edukacyjne odgrywaj\u0105 kluczow\u0105 rol\u0119 w kreowaniu pozytywnych [&hellip;]\" \/>\r\n<meta property=\"og:url\" content=\"https:\/\/portail-animation.ufcv.fr\/ateliers-seniors\/2025\/09\/06\/innowacyjne-podejscia-do-rozwoju-edukacyjnego-i-spolecznego-w-polsce\/\" \/>\r\n<meta property=\"og:site_name\" content=\"Ateliers seniors\" \/>\r\n<meta property=\"article:published_time\" content=\"2025-09-05T22:40:20+00:00\" \/>\r\n<meta property=\"article:modified_time\" content=\"2026-09-05T22:39:49+00:00\" \/>\r\n<meta name=\"author\" content=\"adelforge\" \/>\r\n<meta name=\"twitter:card\" content=\"summary_large_image\" \/>\r\n<meta name=\"twitter:label1\" content=\"\u00c9crit par\" \/>\n\t<meta name=\"twitter:data1\" content=\"adelforge\" \/>\n\t<meta name=\"twitter:label2\" content=\"Dur\u00e9e de lecture estim\u00e9e\" \/>\n\t<meta name=\"twitter:data2\" content=\"3 minutes\" \/>\r\n<script type=\"application\/ld+json\" class=\"yoast-schema-graph\">{\"@context\":\"https:\/\/schema.org\",\"@graph\":[{\"@type\":\"WebPage\",\"@id\":\"https:\/\/portail-animation.ufcv.fr\/ateliers-seniors\/2025\/09\/06\/innowacyjne-podejscia-do-rozwoju-edukacyjnego-i-spolecznego-w-polsce\/\",\"url\":\"https:\/\/portail-animation.ufcv.fr\/ateliers-seniors\/2025\/09\/06\/innowacyjne-podejscia-do-rozwoju-edukacyjnego-i-spolecznego-w-polsce\/\",\"name\":\"Innowacyjne podej\u015bcia do rozwoju edukacyjnego i spo\u0142ecznego w Polsce - Ateliers seniors\",\"isPartOf\":{\"@id\":\"https:\/\/portail-animation.ufcv.fr\/ateliers-seniors\/#website\"},\"datePublished\":\"2025-09-05T22:40:20+00:00\",\"dateModified\":\"2026-09-05T22:39:49+00:00\",\"author\":{\"@id\":\"https:\/\/portail-animation.ufcv.fr\/ateliers-seniors\/#\/schema\/person\/e3920f121b148283c13890813088e2a0\"},\"breadcrumb\":{\"@id\":\"https:\/\/portail-animation.ufcv.fr\/ateliers-seniors\/2025\/09\/06\/innowacyjne-podejscia-do-rozwoju-edukacyjnego-i-spolecznego-w-polsce\/#breadcrumb\"},\"inLanguage\":\"fr-FR\",\"potentialAction\":[{\"@type\":\"ReadAction\",\"target\":[\"https:\/\/portail-animation.ufcv.fr\/ateliers-seniors\/2025\/09\/06\/innowacyjne-podejscia-do-rozwoju-edukacyjnego-i-spolecznego-w-polsce\/\"]}]},{\"@type\":\"BreadcrumbList\",\"@id\":\"https:\/\/portail-animation.ufcv.fr\/ateliers-seniors\/2025\/09\/06\/innowacyjne-podejscia-do-rozwoju-edukacyjnego-i-spolecznego-w-polsce\/#breadcrumb\",\"itemListElement\":[{\"@type\":\"ListItem\",\"position\":1,\"name\":\"Accueil\",\"item\":\"https:\/\/portail-animation.ufcv.fr\/ateliers-seniors\/\"},{\"@type\":\"ListItem\",\"position\":2,\"name\":\"Innowacyjne podej\u015bcia do rozwoju edukacyjnego i spo\u0142ecznego w Polsce\"}]},{\"@type\":\"WebSite\",\"@id\":\"https:\/\/portail-animation.ufcv.fr\/ateliers-seniors\/#website\",\"url\":\"https:\/\/portail-animation.ufcv.fr\/ateliers-seniors\/\",\"name\":\"Ateliers seniors\",\"description\":\"Un site utilisant R\u00e9seau Portail Animation\",\"potentialAction\":[{\"@type\":\"SearchAction\",\"target\":{\"@type\":\"EntryPoint\",\"urlTemplate\":\"https:\/\/portail-animation.ufcv.fr\/ateliers-seniors\/?s={search_term_string}\"},\"query-input\":{\"@type\":\"PropertyValueSpecification\",\"valueRequired\":true,\"valueName\":\"search_term_string\"}}],\"inLanguage\":\"fr-FR\"},{\"@type\":\"Person\",\"@id\":\"https:\/\/portail-animation.ufcv.fr\/ateliers-seniors\/#\/schema\/person\/e3920f121b148283c13890813088e2a0\",\"name\":\"adelforge\",\"image\":{\"@type\":\"ImageObject\",\"inLanguage\":\"fr-FR\",\"@id\":\"https:\/\/portail-animation.ufcv.fr\/ateliers-seniors\/#\/schema\/person\/image\/\",\"url\":\"https:\/\/secure.gravatar.com\/avatar\/8207ca5dec2038871f4ea2e2a260a192?s=96&d=mm&r=g\",\"contentUrl\":\"https:\/\/secure.gravatar.com\/avatar\/8207ca5dec2038871f4ea2e2a260a192?s=96&d=mm&r=g\",\"caption\":\"adelforge\"},\"url\":\"https:\/\/portail-animation.ufcv.fr\/ateliers-seniors\/author\/adelforge\/\"}]}<\/script>\r\n<!-- \/ Yoast SEO plugin. -->","yoast_head_json":{"title":"Innowacyjne podej\u015bcia do rozwoju edukacyjnego i spo\u0142ecznego w Polsce - Ateliers seniors","robots":{"index":"index","follow":"follow","max-snippet":"max-snippet:-1","max-image-preview":"max-image-preview:large","max-video-preview":"max-video-preview:-1"},"canonical":"https:\/\/portail-animation.ufcv.fr\/ateliers-seniors\/2025\/09\/06\/innowacyjne-podejscia-do-rozwoju-edukacyjnego-i-spolecznego-w-polsce\/","og_locale":"fr_FR","og_type":"article","og_title":"Innowacyjne podej\u015bcia do rozwoju edukacyjnego i spo\u0142ecznego w Polsce - Ateliers seniors","og_description":"Wsp\u00f3\u0142czesny rozw\u00f3j spo\u0142eczny i edukacyjny w Polsce wymaga nie tylko adaptacji do globalnych trend\u00f3w, ale tak\u017ce zastosowania lokalnych, skutecznych rozwi\u0105za\u0144, kt\u00f3re wspieraj\u0105 rozw\u00f3j osobisty i zawodowy mieszka\u0144c\u00f3w. Organizacje pozarz\u0105dowe, inicjatywy lokalne oraz platformy edukacyjne odgrywaj\u0105 kluczow\u0105 rol\u0119 w kreowaniu pozytywnych [&hellip;]","og_url":"https:\/\/portail-animation.ufcv.fr\/ateliers-seniors\/2025\/09\/06\/innowacyjne-podejscia-do-rozwoju-edukacyjnego-i-spolecznego-w-polsce\/","og_site_name":"Ateliers seniors","article_published_time":"2025-09-05T22:40:20+00:00","article_modified_time":"2026-09-05T22:39:49+00:00","author":"adelforge","twitter_card":"summary_large_image","twitter_misc":{"\u00c9crit par":"adelforge","Dur\u00e9e de lecture estim\u00e9e":"3 minutes"},"schema":{"@context":"https:\/\/schema.org","@graph":[{"@type":"WebPage","@id":"https:\/\/portail-animation.ufcv.fr\/ateliers-seniors\/2025\/09\/06\/innowacyjne-podejscia-do-rozwoju-edukacyjnego-i-spolecznego-w-polsce\/","url":"https:\/\/portail-animation.ufcv.fr\/ateliers-seniors\/2025\/09\/06\/innowacyjne-podejscia-do-rozwoju-edukacyjnego-i-spolecznego-w-polsce\/","name":"Innowacyjne podej\u015bcia do rozwoju edukacyjnego i spo\u0142ecznego w Polsce - Ateliers seniors","isPartOf":{"@id":"https:\/\/portail-animation.ufcv.fr\/ateliers-seniors\/#website"},"datePublished":"2025-09-05T22:40:20+00:00","dateModified":"2026-09-05T22:39:49+00:00","author":{"@id":"https:\/\/portail-animation.ufcv.fr\/ateliers-seniors\/#\/schema\/person\/e3920f121b148283c13890813088e2a0"},"breadcrumb":{"@id":"https:\/\/portail-animation.ufcv.fr\/ateliers-seniors\/2025\/09\/06\/innowacyjne-podejscia-do-rozwoju-edukacyjnego-i-spolecznego-w-polsce\/#breadcrumb"},"inLanguage":"fr-FR","potentialAction":[{"@type":"ReadAction","target":["https:\/\/portail-animation.ufcv.fr\/ateliers-seniors\/2025\/09\/06\/innowacyjne-podejscia-do-rozwoju-edukacyjnego-i-spolecznego-w-polsce\/"]}]},{"@type":"BreadcrumbList","@id":"https:\/\/portail-animation.ufcv.fr\/ateliers-seniors\/2025\/09\/06\/innowacyjne-podejscia-do-rozwoju-edukacyjnego-i-spolecznego-w-polsce\/#breadcrumb","itemListElement":[{"@type":"ListItem","position":1,"name":"Accueil","item":"https:\/\/portail-animation.ufcv.fr\/ateliers-seniors\/"},{"@type":"ListItem","position":2,"name":"Innowacyjne podej\u015bcia do rozwoju edukacyjnego i spo\u0142ecznego w Polsce"}]},{"@type":"WebSite","@id":"https:\/\/portail-animation.ufcv.fr\/ateliers-seniors\/#website","url":"https:\/\/portail-animation.ufcv.fr\/ateliers-seniors\/","name":"Ateliers seniors","description":"Un site utilisant R\u00e9seau Portail Animation","potentialAction":[{"@type":"SearchAction","target":{"@type":"EntryPoint","urlTemplate":"https:\/\/portail-animation.ufcv.fr\/ateliers-seniors\/?s={search_term_string}"},"query-input":{"@type":"PropertyValueSpecification","valueRequired":true,"valueName":"search_term_string"}}],"inLanguage":"fr-FR"},{"@type":"Person","@id":"https:\/\/portail-animation.ufcv.fr\/ateliers-seniors\/#\/schema\/person\/e3920f121b148283c13890813088e2a0","name":"adelforge","image":{"@type":"ImageObject","inLanguage":"fr-FR","@id":"https:\/\/portail-animation.ufcv.fr\/ateliers-seniors\/#\/schema\/person\/image\/","url":"https:\/\/secure.gravatar.com\/avatar\/8207ca5dec2038871f4ea2e2a260a192?s=96&d=mm&r=g","contentUrl":"https:\/\/secure.gravatar.com\/avatar\/8207ca5dec2038871f4ea2e2a260a192?s=96&d=mm&r=g","caption":"adelforge"},"url":"https:\/\/portail-animation.ufcv.fr\/ateliers-seniors\/author\/adelforge\/"}]}},"_links":{"self":[{"href":"https:\/\/portail-animation.ufcv.fr\/ateliers-seniors\/wp-json\/wp\/v2\/posts\/8303","targetHints":{"allow":["GET"]}}],"collection":[{"href":"https:\/\/portail-animation.ufcv.fr\/ateliers-seniors\/wp-json\/wp\/v2\/posts"}],"about":[{"href":"https:\/\/portail-animation.ufcv.fr\/ateliers-seniors\/wp-json\/wp\/v2\/types\/post"}],"author":[{"embeddable":true,"href":"https:\/\/portail-animation.ufcv.fr\/ateliers-seniors\/wp-json\/wp\/v2\/users\/150"}],"replies":[{"embeddable":true,"href":"https:\/\/portail-animation.ufcv.fr\/ateliers-seniors\/wp-json\/wp\/v2\/comments?post=8303"}],"version-history":[{"count":1,"href":"https:\/\/portail-animation.ufcv.fr\/ateliers-seniors\/wp-json\/wp\/v2\/posts\/8303\/revisions"}],"predecessor-version":[{"id":8304,"href":"https:\/\/portail-animation.ufcv.fr\/ateliers-seniors\/wp-json\/wp\/v2\/posts\/8303\/revisions\/8304"}],"wp:attachment":[{"href":"https:\/\/portail-animation.ufcv.fr\/ateliers-seniors\/wp-json\/wp\/v2\/media?parent=8303"}],"wp:term":[{"taxonomy":"category","embeddable":true,"href":"https:\/\/portail-animation.ufcv.fr\/ateliers-seniors\/wp-json\/wp\/v2\/categories?post=8303"},{"taxonomy":"post_tag","embeddable":true,"href":"https:\/\/portail-animation.ufcv.fr\/ateliers-seniors\/wp-json\/wp\/v2\/tags?post=8303"}],"curies":[{"name":"wp","href":"https:\/\/api.w.org\/{rel}","templated":true}]}}