 {"id":8397,"date":"2025-09-06T02:08:57","date_gmt":"2025-09-06T00:08:57","guid":{"rendered":"https:\/\/portail-animation.ufcv.fr\/ateliers-seniors\/?p=8397"},"modified":"2026-09-06T02:08:25","modified_gmt":"2026-09-06T00:08:25","slug":"la-gestion-responsable-des-forets-un-modele-durable-a-l-epreuve","status":"publish","type":"post","link":"https:\/\/portail-animation.ufcv.fr\/ateliers-seniors\/2025\/09\/06\/la-gestion-responsable-des-forets-un-modele-durable-a-l-epreuve\/","title":{"rendered":"La Gestion Responsable des For\u00eats : Un Mod\u00e8le Durable \u00e0 l&rsquo;\u00c9preuve"},"content":{"rendered":"<p>Dans un contexte mondial marqu\u00e9 par une d\u00e9forestation acc\u00e9l\u00e9r\u00e9e et une crise climatique sans pr\u00e9c\u00e9dent, la gestion durable des for\u00eats appara\u00eet comme une r\u00e9ponse strat\u00e9gique essentielle. La fili\u00e8re foresti\u00e8re, en tant que composante cl\u00e9 de l&rsquo;\u00e9conomie verte, doit allier rentabilit\u00e9, pr\u00e9servation de la biodiversit\u00e9 et respect des communaut\u00e9s locales. En s&rsquo;appuyant sur des donn\u00e9es pr\u00e9cises et des standards internationaux, les acteurs du secteur doivent repenser leurs pratiques pour assurer une durabilit\u00e9 \u00e0 long terme.<\/p>\n<h2>Les Enjeux \u00c9conomiques et Environnementaux de la Gestion Foresti\u00e8re<\/h2>\n<p>Selon le rapport r\u00e9cent de l&rsquo;<a href=\"https:\/\/www.europefortune-fr.fr\/ffrffr\/\"><strong>F\u00e9d\u00e9ration Fran\u00e7aise des For\u00eats<\/strong><\/a>, la foresterie en France repr\u00e9sente un secteur \u00e9conomique vital, g\u00e9n\u00e9rant plusieurs milliards d&rsquo;euros annuellement et employant des milliers de personnes. Pourtant, la pression exerc\u00e9e par la demande croissante en produits d\u00e9riv\u00e9s du bois \u2013 comme le papier, le mobilier, ou encore le biocarburant \u2013 pose des questions majeures sur la gestion durable de ces ressources.<\/p>\n<p>Il est imp\u00e9ratif d\u2019adopter des certifications telles que FSC (Forest Stewardship Council) ou PEFC (Programme for the Endorsement of Forest Certification), qui garantissent que la r\u00e9colte du bois respecte des normes \u00e9cologiques, sociales et \u00e9conomiques strictes. En pratique, ces d\u00e9marches contribuent \u00e0 limiter la d\u00e9gradation des \u00e9cosyst\u00e8mes forestiers tout en assurant la viabilit\u00e9 \u00e9conomique des exploitations.<\/p>\n<h2>Innovations et Normes pour S\u2019assurer de la Durabilit\u00e9<\/h2>\n<table>\n<thead>\n<tr>\n<th>Standard<\/th>\n<th>Objectifs<\/th>\n<th>Impact<\/th>\n<\/tr>\n<\/thead>\n<tbody>\n<tr>\n<td>FSC<\/td>\n<td>Gestion responsable, pr\u00e9servation de la biodiversit\u00e9, droits des communaut\u00e9s locales<\/td>\n<td>Accro\u00eet la tra\u00e7abilit\u00e9 et la confiance des consommateurs<\/td>\n<\/tr>\n<tr>\n<td>PEFC<\/td>\n<td>Promotion de la gestion durable selon des crit\u00e8res stricts<\/td>\n<td>Facilite l\u2019acc\u00e8s \u00e0 un march\u00e9 global et encourage la transparence<\/td>\n<\/tr>\n<tr>\n<td>ISO 14001<\/td>\n<td>Management environnemental, r\u00e9duction des impacts n\u00e9gatifs<\/td>\n<td>Am\u00e9liore la performance globale des acteurs<\/td>\n<\/tr>\n<\/tbody>\n<\/table>\n<p>Ces normes ne se contentent pas d\u2019\u00e9tablir des cadres r\u00e9glementaires ; elles servent de leviers pour transformer l\u2019ensemble de la cha\u00eene d\u2019approvisionnement. L\u2019adoption de ces standards est souvent soutenue par des audits rigoureux, comme le montre la croissance des labels certifi\u00e9s, qui demeure un indicateur fiable de l\u2019engagement vers la durabilit\u00e9.<\/p>\n<h2>Le R\u00f4le de la Technologie et de l\u2019Innovation dans la Gestion Foresti\u00e8re<\/h2>\n<p>Au-del\u00e0 des certificats, les avanc\u00e9es technologiques offrent des opportunit\u00e9s in\u00e9dites pour surveiller la sant\u00e9 des for\u00eats, optimiser les r\u00e9coltes et r\u00e9duire leur empreinte \u00e9cologique. Des outils comme la t\u00e9l\u00e9d\u00e9tection par satellites ou les drones \u00e9quip\u00e9s de capteurs multispectraux permettent d\u2019obtenir des donn\u00e9es pr\u00e9cises en temps r\u00e9el. Ces innovations \u00e9loignent progressivement les pratiques obsol\u00e8tes, souvent destructrices, pour faire place \u00e0 une gestion bas\u00e9e sur la science et la pr\u00e9cision.<\/p>\n<p>Notamment, des solutions d\u2019intelligence artificielle permettent aujourd\u2019hui d\u2019anticiper les risques li\u00e9s aux incendies ou aux infestations, renfor\u00e7ant ainsi la r\u00e9silience des \u00e9cosyst\u00e8mes forestiers face aux al\u00e9as climatiques.<\/p>\n<h2>Les D\u00e9fis Sociaux et la Dimension \u00c9thique<\/h2>\n<blockquote>\n<p>Une gestion durable ne peut se limiter \u00e0 l\u2019aspect environnemental. Il faut aussi garantir la justice sociale, le respect des droits des peuples autochtones, et la pr\u00e9servation des communaut\u00e9s rurales. La concertation avec ces acteurs est essentielle pour \u00e9viter l\u2019\u00e9mergence de conflits et favoriser une gestion partag\u00e9e.<\/p>\n<\/blockquote>\n<p>Les initiatives comme les programmes de certification exigent \u00e9galement un engagement social fort, assurant que la r\u00e9colte de bois ne contribue pas \u00e0 des pertes d\u2019emploi ou \u00e0 des violations des droits humains. La r\u00e9cente tendance \u00e0 inscrire ces imp\u00e9ratifs dans des cadres l\u00e9gislatifs plus stricts marque une \u00e9tape vers une responsabilit\u00e9 accrue de l&rsquo;industrie.<\/p>\n<h2>Conclusion : Vers une Foresterie en Harmonie avec le Climat et la Biodiversit\u00e9<\/h2>\n<p>Alors que le mod\u00e8le \u00e9conomique global est en mutation face aux enjeux climatiques et environnementaux, la gestion responsable des for\u00eats devient une priorit\u00e9 strat\u00e9gique pour tous les acteurs concern\u00e9s. En adoptant des normes robustes, en int\u00e9grant les innovations technologiques et en respectant une dimension sociale \u00e9thique, l&rsquo;industrie foresti\u00e8re peut jouer un r\u00f4le d\u00e9terminant dans la transition vers une \u00e9conomie verte.<\/p>\n<p>Pour approfondir cette th\u00e9matique et suivre les initiatives en cours, il est utile de consulter notamment cette ressource cr\u00e9dible et cl\u00e9 dans l\u2019univers de la foresti\u00e8re durable : <a href=\"https:\/\/europefortune-fr.fr\/ffrffr\/\">F\u00e9d\u00e9ration Fran\u00e7aise des For\u00eats<\/a>.<\/p>\n<p><em>Le chemin vers une gestion foresti\u00e8re durable est complexe, mais essentiel pour assurer la pr\u00e9servation de nos \u00e9cosyst\u00e8mes pour les g\u00e9n\u00e9rations futures.<\/em><\/p>\n","protected":false},"excerpt":{"rendered":"<p>Dans un contexte mondial marqu\u00e9 par une d\u00e9forestation acc\u00e9l\u00e9r\u00e9e et une crise climatique sans pr\u00e9c\u00e9dent, la gestion durable des for\u00eats appara\u00eet comme une r\u00e9ponse strat\u00e9gique essentielle. La fili\u00e8re foresti\u00e8re, en tant que composante cl\u00e9 de l&rsquo;\u00e9conomie verte, doit allier rentabilit\u00e9, [&hellip;]<\/p>\n","protected":false},"author":150,"featured_media":0,"comment_status":"open","ping_status":"open","sticky":false,"template":"","format":"standard","meta":{"_acf_changed":false,"footnotes":""},"categories":[1],"tags":[],"class_list":["post-8397","post","type-post","status-publish","format-standard","hentry","category-non-classe"],"acf":[],"yoast_head":"<!-- This site is optimized with the Yoast SEO plugin v23.9 - https:\/\/yoast.com\/wordpress\/plugins\/seo\/ -->\r\n<title>La Gestion Responsable des For\u00eats : Un Mod\u00e8le Durable \u00e0 l&#039;\u00c9preuve - Ateliers seniors<\/title>\r\n<meta name=\"robots\" content=\"index, follow, max-snippet:-1, max-image-preview:large, max-video-preview:-1\" \/>\r\n<link rel=\"canonical\" href=\"https:\/\/portail-animation.ufcv.fr\/ateliers-seniors\/2025\/09\/06\/la-gestion-responsable-des-forets-un-modele-durable-a-l-epreuve\/\" \/>\r\n<meta property=\"og:locale\" content=\"fr_FR\" \/>\r\n<meta property=\"og:type\" content=\"article\" \/>\r\n<meta property=\"og:title\" content=\"La Gestion Responsable des For\u00eats : Un Mod\u00e8le Durable \u00e0 l&#039;\u00c9preuve - Ateliers seniors\" \/>\r\n<meta property=\"og:description\" content=\"Dans un contexte mondial marqu\u00e9 par une d\u00e9forestation acc\u00e9l\u00e9r\u00e9e et une crise climatique sans pr\u00e9c\u00e9dent, la gestion durable des for\u00eats appara\u00eet comme une r\u00e9ponse strat\u00e9gique essentielle. La fili\u00e8re foresti\u00e8re, en tant que composante cl\u00e9 de l&rsquo;\u00e9conomie verte, doit allier rentabilit\u00e9, [&hellip;]\" \/>\r\n<meta property=\"og:url\" content=\"https:\/\/portail-animation.ufcv.fr\/ateliers-seniors\/2025\/09\/06\/la-gestion-responsable-des-forets-un-modele-durable-a-l-epreuve\/\" \/>\r\n<meta property=\"og:site_name\" content=\"Ateliers seniors\" \/>\r\n<meta property=\"article:published_time\" content=\"2025-09-06T00:08:57+00:00\" \/>\r\n<meta property=\"article:modified_time\" content=\"2026-09-06T00:08:25+00:00\" \/>\r\n<meta name=\"author\" content=\"adelforge\" \/>\r\n<meta name=\"twitter:card\" content=\"summary_large_image\" \/>\r\n<meta name=\"twitter:label1\" content=\"\u00c9crit par\" \/>\n\t<meta name=\"twitter:data1\" content=\"adelforge\" \/>\n\t<meta name=\"twitter:label2\" content=\"Dur\u00e9e de lecture estim\u00e9e\" \/>\n\t<meta name=\"twitter:data2\" content=\"4 minutes\" \/>\r\n<script type=\"application\/ld+json\" class=\"yoast-schema-graph\">{\"@context\":\"https:\/\/schema.org\",\"@graph\":[{\"@type\":\"WebPage\",\"@id\":\"https:\/\/portail-animation.ufcv.fr\/ateliers-seniors\/2025\/09\/06\/la-gestion-responsable-des-forets-un-modele-durable-a-l-epreuve\/\",\"url\":\"https:\/\/portail-animation.ufcv.fr\/ateliers-seniors\/2025\/09\/06\/la-gestion-responsable-des-forets-un-modele-durable-a-l-epreuve\/\",\"name\":\"La Gestion Responsable des For\u00eats : Un Mod\u00e8le Durable \u00e0 l'\u00c9preuve - Ateliers seniors\",\"isPartOf\":{\"@id\":\"https:\/\/portail-animation.ufcv.fr\/ateliers-seniors\/#website\"},\"datePublished\":\"2025-09-06T00:08:57+00:00\",\"dateModified\":\"2026-09-06T00:08:25+00:00\",\"author\":{\"@id\":\"https:\/\/portail-animation.ufcv.fr\/ateliers-seniors\/#\/schema\/person\/e3920f121b148283c13890813088e2a0\"},\"breadcrumb\":{\"@id\":\"https:\/\/portail-animation.ufcv.fr\/ateliers-seniors\/2025\/09\/06\/la-gestion-responsable-des-forets-un-modele-durable-a-l-epreuve\/#breadcrumb\"},\"inLanguage\":\"fr-FR\",\"potentialAction\":[{\"@type\":\"ReadAction\",\"target\":[\"https:\/\/portail-animation.ufcv.fr\/ateliers-seniors\/2025\/09\/06\/la-gestion-responsable-des-forets-un-modele-durable-a-l-epreuve\/\"]}]},{\"@type\":\"BreadcrumbList\",\"@id\":\"https:\/\/portail-animation.ufcv.fr\/ateliers-seniors\/2025\/09\/06\/la-gestion-responsable-des-forets-un-modele-durable-a-l-epreuve\/#breadcrumb\",\"itemListElement\":[{\"@type\":\"ListItem\",\"position\":1,\"name\":\"Accueil\",\"item\":\"https:\/\/portail-animation.ufcv.fr\/ateliers-seniors\/\"},{\"@type\":\"ListItem\",\"position\":2,\"name\":\"La Gestion Responsable des For\u00eats : Un Mod\u00e8le Durable \u00e0 l&rsquo;\u00c9preuve\"}]},{\"@type\":\"WebSite\",\"@id\":\"https:\/\/portail-animation.ufcv.fr\/ateliers-seniors\/#website\",\"url\":\"https:\/\/portail-animation.ufcv.fr\/ateliers-seniors\/\",\"name\":\"Ateliers seniors\",\"description\":\"Un site utilisant R\u00e9seau Portail Animation\",\"potentialAction\":[{\"@type\":\"SearchAction\",\"target\":{\"@type\":\"EntryPoint\",\"urlTemplate\":\"https:\/\/portail-animation.ufcv.fr\/ateliers-seniors\/?s={search_term_string}\"},\"query-input\":{\"@type\":\"PropertyValueSpecification\",\"valueRequired\":true,\"valueName\":\"search_term_string\"}}],\"inLanguage\":\"fr-FR\"},{\"@type\":\"Person\",\"@id\":\"https:\/\/portail-animation.ufcv.fr\/ateliers-seniors\/#\/schema\/person\/e3920f121b148283c13890813088e2a0\",\"name\":\"adelforge\",\"image\":{\"@type\":\"ImageObject\",\"inLanguage\":\"fr-FR\",\"@id\":\"https:\/\/portail-animation.ufcv.fr\/ateliers-seniors\/#\/schema\/person\/image\/\",\"url\":\"https:\/\/secure.gravatar.com\/avatar\/8207ca5dec2038871f4ea2e2a260a192?s=96&d=mm&r=g\",\"contentUrl\":\"https:\/\/secure.gravatar.com\/avatar\/8207ca5dec2038871f4ea2e2a260a192?s=96&d=mm&r=g\",\"caption\":\"adelforge\"},\"url\":\"https:\/\/portail-animation.ufcv.fr\/ateliers-seniors\/author\/adelforge\/\"}]}<\/script>\r\n<!-- \/ Yoast SEO plugin. -->","yoast_head_json":{"title":"La Gestion Responsable des For\u00eats : Un Mod\u00e8le Durable \u00e0 l'\u00c9preuve - Ateliers seniors","robots":{"index":"index","follow":"follow","max-snippet":"max-snippet:-1","max-image-preview":"max-image-preview:large","max-video-preview":"max-video-preview:-1"},"canonical":"https:\/\/portail-animation.ufcv.fr\/ateliers-seniors\/2025\/09\/06\/la-gestion-responsable-des-forets-un-modele-durable-a-l-epreuve\/","og_locale":"fr_FR","og_type":"article","og_title":"La Gestion Responsable des For\u00eats : Un Mod\u00e8le Durable \u00e0 l'\u00c9preuve - Ateliers seniors","og_description":"Dans un contexte mondial marqu\u00e9 par une d\u00e9forestation acc\u00e9l\u00e9r\u00e9e et une crise climatique sans pr\u00e9c\u00e9dent, la gestion durable des for\u00eats appara\u00eet comme une r\u00e9ponse strat\u00e9gique essentielle. La fili\u00e8re foresti\u00e8re, en tant que composante cl\u00e9 de l&rsquo;\u00e9conomie verte, doit allier rentabilit\u00e9, [&hellip;]","og_url":"https:\/\/portail-animation.ufcv.fr\/ateliers-seniors\/2025\/09\/06\/la-gestion-responsable-des-forets-un-modele-durable-a-l-epreuve\/","og_site_name":"Ateliers seniors","article_published_time":"2025-09-06T00:08:57+00:00","article_modified_time":"2026-09-06T00:08:25+00:00","author":"adelforge","twitter_card":"summary_large_image","twitter_misc":{"\u00c9crit par":"adelforge","Dur\u00e9e de lecture estim\u00e9e":"4 minutes"},"schema":{"@context":"https:\/\/schema.org","@graph":[{"@type":"WebPage","@id":"https:\/\/portail-animation.ufcv.fr\/ateliers-seniors\/2025\/09\/06\/la-gestion-responsable-des-forets-un-modele-durable-a-l-epreuve\/","url":"https:\/\/portail-animation.ufcv.fr\/ateliers-seniors\/2025\/09\/06\/la-gestion-responsable-des-forets-un-modele-durable-a-l-epreuve\/","name":"La Gestion Responsable des For\u00eats : Un Mod\u00e8le Durable \u00e0 l'\u00c9preuve - Ateliers seniors","isPartOf":{"@id":"https:\/\/portail-animation.ufcv.fr\/ateliers-seniors\/#website"},"datePublished":"2025-09-06T00:08:57+00:00","dateModified":"2026-09-06T00:08:25+00:00","author":{"@id":"https:\/\/portail-animation.ufcv.fr\/ateliers-seniors\/#\/schema\/person\/e3920f121b148283c13890813088e2a0"},"breadcrumb":{"@id":"https:\/\/portail-animation.ufcv.fr\/ateliers-seniors\/2025\/09\/06\/la-gestion-responsable-des-forets-un-modele-durable-a-l-epreuve\/#breadcrumb"},"inLanguage":"fr-FR","potentialAction":[{"@type":"ReadAction","target":["https:\/\/portail-animation.ufcv.fr\/ateliers-seniors\/2025\/09\/06\/la-gestion-responsable-des-forets-un-modele-durable-a-l-epreuve\/"]}]},{"@type":"BreadcrumbList","@id":"https:\/\/portail-animation.ufcv.fr\/ateliers-seniors\/2025\/09\/06\/la-gestion-responsable-des-forets-un-modele-durable-a-l-epreuve\/#breadcrumb","itemListElement":[{"@type":"ListItem","position":1,"name":"Accueil","item":"https:\/\/portail-animation.ufcv.fr\/ateliers-seniors\/"},{"@type":"ListItem","position":2,"name":"La Gestion Responsable des For\u00eats : Un Mod\u00e8le Durable \u00e0 l&rsquo;\u00c9preuve"}]},{"@type":"WebSite","@id":"https:\/\/portail-animation.ufcv.fr\/ateliers-seniors\/#website","url":"https:\/\/portail-animation.ufcv.fr\/ateliers-seniors\/","name":"Ateliers seniors","description":"Un site utilisant R\u00e9seau Portail Animation","potentialAction":[{"@type":"SearchAction","target":{"@type":"EntryPoint","urlTemplate":"https:\/\/portail-animation.ufcv.fr\/ateliers-seniors\/?s={search_term_string}"},"query-input":{"@type":"PropertyValueSpecification","valueRequired":true,"valueName":"search_term_string"}}],"inLanguage":"fr-FR"},{"@type":"Person","@id":"https:\/\/portail-animation.ufcv.fr\/ateliers-seniors\/#\/schema\/person\/e3920f121b148283c13890813088e2a0","name":"adelforge","image":{"@type":"ImageObject","inLanguage":"fr-FR","@id":"https:\/\/portail-animation.ufcv.fr\/ateliers-seniors\/#\/schema\/person\/image\/","url":"https:\/\/secure.gravatar.com\/avatar\/8207ca5dec2038871f4ea2e2a260a192?s=96&d=mm&r=g","contentUrl":"https:\/\/secure.gravatar.com\/avatar\/8207ca5dec2038871f4ea2e2a260a192?s=96&d=mm&r=g","caption":"adelforge"},"url":"https:\/\/portail-animation.ufcv.fr\/ateliers-seniors\/author\/adelforge\/"}]}},"_links":{"self":[{"href":"https:\/\/portail-animation.ufcv.fr\/ateliers-seniors\/wp-json\/wp\/v2\/posts\/8397","targetHints":{"allow":["GET"]}}],"collection":[{"href":"https:\/\/portail-animation.ufcv.fr\/ateliers-seniors\/wp-json\/wp\/v2\/posts"}],"about":[{"href":"https:\/\/portail-animation.ufcv.fr\/ateliers-seniors\/wp-json\/wp\/v2\/types\/post"}],"author":[{"embeddable":true,"href":"https:\/\/portail-animation.ufcv.fr\/ateliers-seniors\/wp-json\/wp\/v2\/users\/150"}],"replies":[{"embeddable":true,"href":"https:\/\/portail-animation.ufcv.fr\/ateliers-seniors\/wp-json\/wp\/v2\/comments?post=8397"}],"version-history":[{"count":1,"href":"https:\/\/portail-animation.ufcv.fr\/ateliers-seniors\/wp-json\/wp\/v2\/posts\/8397\/revisions"}],"predecessor-version":[{"id":8398,"href":"https:\/\/portail-animation.ufcv.fr\/ateliers-seniors\/wp-json\/wp\/v2\/posts\/8397\/revisions\/8398"}],"wp:attachment":[{"href":"https:\/\/portail-animation.ufcv.fr\/ateliers-seniors\/wp-json\/wp\/v2\/media?parent=8397"}],"wp:term":[{"taxonomy":"category","embeddable":true,"href":"https:\/\/portail-animation.ufcv.fr\/ateliers-seniors\/wp-json\/wp\/v2\/categories?post=8397"},{"taxonomy":"post_tag","embeddable":true,"href":"https:\/\/portail-animation.ufcv.fr\/ateliers-seniors\/wp-json\/wp\/v2\/tags?post=8397"}],"curies":[{"name":"wp","href":"https:\/\/api.w.org\/{rel}","templated":true}]}}