 {"id":8445,"date":"2025-09-06T02:54:17","date_gmt":"2025-09-06T00:54:17","guid":{"rendered":"https:\/\/portail-animation.ufcv.fr\/ateliers-seniors\/?p=8445"},"modified":"2026-09-06T02:53:46","modified_gmt":"2026-09-06T00:53:46","slug":"optimisation-de-la-gestion-des-operations-logistiques-a-l-ere-numerique","status":"publish","type":"post","link":"https:\/\/portail-animation.ufcv.fr\/ateliers-seniors\/2025\/09\/06\/optimisation-de-la-gestion-des-operations-logistiques-a-l-ere-numerique\/","title":{"rendered":"Optimisation de la gestion des op\u00e9rations logistiques \u00e0 l&rsquo;\u00e8re num\u00e9rique"},"content":{"rendered":"<p>\nDans un contexte o\u00f9 la comp\u00e9titivit\u00e9 industrielle se joue de plus en plus sur la rapidit\u00e9, la fiabilit\u00e9 et l&rsquo;efficacit\u00e9 des processus logistiques, les entreprises innovantes cherchent \u00e0 transformer leur gestion op\u00e9rationnelle en int\u00e9grant des solutions technologiques avanc\u00e9es. La digitalisation de la supply chain n\u2019est plus une option, mais une n\u00e9cessit\u00e9 strat\u00e9gique pour r\u00e9pondre aux exigences croissantes du march\u00e9 mondial.\n<\/p>\n<h2>Le d\u00e9fi de la digitalisation logistique<\/h2>\n<p>\nLa coordination des op\u00e9rations, la gestion des stocks, la planification des livraisons et la tra\u00e7abilit\u00e9 sont autant d&rsquo;aspects fondamentaux qui influencent la performance globale d&rsquo;une entreprise. Cependant, leur complexit\u00e9 croissante, aliment\u00e9e par l&rsquo;augmentation des volumes de donn\u00e9es et la diversification des canaux de distribution, requiert une approche int\u00e9gr\u00e9e, pilot\u00e9e par des outils num\u00e9riques performants.\n<\/p>\n<blockquote><p>\n\u00ab\u00a0L\u2019automatisation et la digitalisation ne sont plus des options mais des imp\u00e9ratifs pour toute entreprise souhaitant maintenir son avantage concurrentiel dans un environnement en constante \u00e9volution.\u00a0\u00bb<\/p><\/blockquote>\n<h2>Les leviers technologiques pour une logistique performante<\/h2>\n<p>\nPlusieurs innovations techniques permettent aujourd&rsquo;hui d&rsquo;optimiser ces processus, notamment :<\/p>\n<ul>\n<li><strong>La gestion intelligent des stocks :<\/strong> gr\u00e2ce \u00e0 l&rsquo;IoT (Internet des Objets), les entreprises peuvent surveiller en temps r\u00e9el l\u2019\u00e9tat des inventaires et anticiper les ruptures.<\/li>\n<li><strong>La planification automatis\u00e9e :<\/strong> l\u2019utilisation d\u2019algorithmes avanc\u00e9s permet d\u2019optimiser les itin\u00e9raires de livraison et de r\u00e9duire le co\u00fbt logistique.<\/li>\n<li><strong>La tra\u00e7abilit\u00e9 transparente :<\/strong> la blockchain offre une solution d\u00e9centralis\u00e9e et infalsifiable pour suivre toutes les \u00e9tapes d\u2019un produit, de la fabrication \u00e0 la livraison.<\/li>\n<\/ul>\n<h2>Les avantages d&rsquo;une plateforme logistique int\u00e9gr\u00e9e<\/h2>\n<p>\nDe nombreuses entreprises se tournent vers des solutions int\u00e9gr\u00e9es pour centraliser leurs op\u00e9rations. Ces plates-formes offrent une vue unifi\u00e9e sur l\u2019ensemble de la supply chain, permettant une prise de d\u00e9cision plus rapide et plus pr\u00e9cise.\n<\/p>\n<p>\nPar exemple, chez <a href=\"https:\/\/www.slottio-fr.fr\/\"><strong>Slottio<\/strong><\/a>, une plateforme sp\u00e9cialis\u00e9e dans la gestion logistique, l\u2019accent est mis sur l\u2019optimisation des flux, la r\u00e9duction des co\u00fbts et l&rsquo;am\u00e9lioration de la satisfaction client par la transparence et l\u2019agilit\u00e9.\n<\/p>\n<h2>\u00c9tudes de cas et perspectives d\u2019avenir<\/h2>\n<table>\n<thead>\n<tr>\n<th>Entreprise<\/th>\n<th>Solution mise en oeuvre<\/th>\n<th>R\u00e9sultats cl\u00e9s<\/th>\n<\/tr>\n<\/thead>\n<tbody>\n<tr>\n<td>Groupe X<\/td>\n<td>Int\u00e9gration d&rsquo;une plateforme SaaS pour la gestion des livraisons<\/td>\n<td>R\u00e9duction des d\u00e9lais de livraison de 25 %, r\u00e9duction des co\u00fbts de 15%<\/td>\n<\/tr>\n<tr>\n<td>Y Company<\/td>\n<td>Adoption de IoT pour le suivi en temps r\u00e9el des stocks<\/td>\n<td>Am\u00e9lioration de la pr\u00e9cision des stocks \u00e0 98 %, baisse des ruptures de stock de 40%<\/td>\n<\/tr>\n<\/tbody>\n<\/table>\n<p>\nCes exemples illustrent comment la transformation num\u00e9rique peut d\u00e9cupler la performance logistique, un enjeu majeur pour toute entreprise qui souhaite anticiper les tendances futures et renforcer sa r\u00e9silience.\n<\/p>\n<h2>Conclusion : Vers une cha\u00eene logistique 4.0<\/h2>\n<p>\nL\u2019avenir de la gestion logistique repose sur l\u2019int\u00e9gration strat\u00e9gique de nouvelles technologies, permettant une adaptabilit\u00e9 accrue face aux changements rapides du march\u00e9 global. La sophistication des outils et leur d\u00e9ploiement doivent \u00eatre accompagn\u00e9s d\u2019une vision claire centr\u00e9e sur la data, l\u2019automatisation et la collaboration.\n<\/p>\n<p>\nPour \u00e9tayer cette strat\u00e9gie, il est essentiel de s\u2019appuyer sur des partenaires exp\u00e9riment\u00e9s, capables d\u2019apporter une expertise \u00e0 la fois technique et op\u00e9rationnelle. \u00c0 cet \u00e9gard, http:\/\/slottio-fr.fr\/ incarne une plateforme innovante d\u00e9di\u00e9e \u00e0 la simplification et \u00e0 l\u2019optimisation de ces processus complexes, permettant ainsi aux entreprises de transformer leurs d\u00e9fis logistiques en leviers de croissance.\n<\/p>\n<div class=\"note\">\n<p><strong>Note :<\/strong> La qu\u00eate de performance logistique doit toujours \u00eatre abord\u00e9e de mani\u00e8re holistique, int\u00e9grant les dimensions humaines, technologiques et organisationnelles pour une r\u00e9ussite durable.<\/p>\n<\/div>\n<div class=\"source\">\n<p>Pour en savoir plus sur les solutions num\u00e9riques d\u00e9di\u00e9es \u00e0 la logistique, visitez : http:\/\/slottio-fr.fr\/<\/p>\n<\/div>\n","protected":false},"excerpt":{"rendered":"<p>Dans un contexte o\u00f9 la comp\u00e9titivit\u00e9 industrielle se joue de plus en plus sur la rapidit\u00e9, la fiabilit\u00e9 et l&rsquo;efficacit\u00e9 des processus logistiques, les entreprises innovantes cherchent \u00e0 transformer leur gestion op\u00e9rationnelle en int\u00e9grant des solutions technologiques avanc\u00e9es. La digitalisation [&hellip;]<\/p>\n","protected":false},"author":150,"featured_media":0,"comment_status":"open","ping_status":"open","sticky":false,"template":"","format":"standard","meta":{"_acf_changed":false,"footnotes":""},"categories":[1],"tags":[],"class_list":["post-8445","post","type-post","status-publish","format-standard","hentry","category-non-classe"],"acf":[],"yoast_head":"<!-- This site is optimized with the Yoast SEO plugin v23.9 - https:\/\/yoast.com\/wordpress\/plugins\/seo\/ -->\r\n<title>Optimisation de la gestion des op\u00e9rations logistiques \u00e0 l&#039;\u00e8re num\u00e9rique - Ateliers seniors<\/title>\r\n<meta name=\"robots\" content=\"index, follow, max-snippet:-1, max-image-preview:large, max-video-preview:-1\" \/>\r\n<link rel=\"canonical\" href=\"https:\/\/portail-animation.ufcv.fr\/ateliers-seniors\/2025\/09\/06\/optimisation-de-la-gestion-des-operations-logistiques-a-l-ere-numerique\/\" \/>\r\n<meta property=\"og:locale\" content=\"fr_FR\" \/>\r\n<meta property=\"og:type\" content=\"article\" \/>\r\n<meta property=\"og:title\" content=\"Optimisation de la gestion des op\u00e9rations logistiques \u00e0 l&#039;\u00e8re num\u00e9rique - Ateliers seniors\" \/>\r\n<meta property=\"og:description\" content=\"Dans un contexte o\u00f9 la comp\u00e9titivit\u00e9 industrielle se joue de plus en plus sur la rapidit\u00e9, la fiabilit\u00e9 et l&rsquo;efficacit\u00e9 des processus logistiques, les entreprises innovantes cherchent \u00e0 transformer leur gestion op\u00e9rationnelle en int\u00e9grant des solutions technologiques avanc\u00e9es. La digitalisation [&hellip;]\" \/>\r\n<meta property=\"og:url\" content=\"https:\/\/portail-animation.ufcv.fr\/ateliers-seniors\/2025\/09\/06\/optimisation-de-la-gestion-des-operations-logistiques-a-l-ere-numerique\/\" \/>\r\n<meta property=\"og:site_name\" content=\"Ateliers seniors\" \/>\r\n<meta property=\"article:published_time\" content=\"2025-09-06T00:54:17+00:00\" \/>\r\n<meta property=\"article:modified_time\" content=\"2026-09-06T00:53:46+00:00\" \/>\r\n<meta name=\"author\" content=\"adelforge\" \/>\r\n<meta name=\"twitter:card\" content=\"summary_large_image\" \/>\r\n<meta name=\"twitter:label1\" content=\"\u00c9crit par\" \/>\n\t<meta name=\"twitter:data1\" content=\"adelforge\" \/>\n\t<meta name=\"twitter:label2\" content=\"Dur\u00e9e de lecture estim\u00e9e\" \/>\n\t<meta name=\"twitter:data2\" content=\"3 minutes\" \/>\r\n<script type=\"application\/ld+json\" class=\"yoast-schema-graph\">{\"@context\":\"https:\/\/schema.org\",\"@graph\":[{\"@type\":\"WebPage\",\"@id\":\"https:\/\/portail-animation.ufcv.fr\/ateliers-seniors\/2025\/09\/06\/optimisation-de-la-gestion-des-operations-logistiques-a-l-ere-numerique\/\",\"url\":\"https:\/\/portail-animation.ufcv.fr\/ateliers-seniors\/2025\/09\/06\/optimisation-de-la-gestion-des-operations-logistiques-a-l-ere-numerique\/\",\"name\":\"Optimisation de la gestion des op\u00e9rations logistiques \u00e0 l'\u00e8re num\u00e9rique - Ateliers seniors\",\"isPartOf\":{\"@id\":\"https:\/\/portail-animation.ufcv.fr\/ateliers-seniors\/#website\"},\"datePublished\":\"2025-09-06T00:54:17+00:00\",\"dateModified\":\"2026-09-06T00:53:46+00:00\",\"author\":{\"@id\":\"https:\/\/portail-animation.ufcv.fr\/ateliers-seniors\/#\/schema\/person\/e3920f121b148283c13890813088e2a0\"},\"breadcrumb\":{\"@id\":\"https:\/\/portail-animation.ufcv.fr\/ateliers-seniors\/2025\/09\/06\/optimisation-de-la-gestion-des-operations-logistiques-a-l-ere-numerique\/#breadcrumb\"},\"inLanguage\":\"fr-FR\",\"potentialAction\":[{\"@type\":\"ReadAction\",\"target\":[\"https:\/\/portail-animation.ufcv.fr\/ateliers-seniors\/2025\/09\/06\/optimisation-de-la-gestion-des-operations-logistiques-a-l-ere-numerique\/\"]}]},{\"@type\":\"BreadcrumbList\",\"@id\":\"https:\/\/portail-animation.ufcv.fr\/ateliers-seniors\/2025\/09\/06\/optimisation-de-la-gestion-des-operations-logistiques-a-l-ere-numerique\/#breadcrumb\",\"itemListElement\":[{\"@type\":\"ListItem\",\"position\":1,\"name\":\"Accueil\",\"item\":\"https:\/\/portail-animation.ufcv.fr\/ateliers-seniors\/\"},{\"@type\":\"ListItem\",\"position\":2,\"name\":\"Optimisation de la gestion des op\u00e9rations logistiques \u00e0 l&rsquo;\u00e8re num\u00e9rique\"}]},{\"@type\":\"WebSite\",\"@id\":\"https:\/\/portail-animation.ufcv.fr\/ateliers-seniors\/#website\",\"url\":\"https:\/\/portail-animation.ufcv.fr\/ateliers-seniors\/\",\"name\":\"Ateliers seniors\",\"description\":\"Un site utilisant R\u00e9seau Portail Animation\",\"potentialAction\":[{\"@type\":\"SearchAction\",\"target\":{\"@type\":\"EntryPoint\",\"urlTemplate\":\"https:\/\/portail-animation.ufcv.fr\/ateliers-seniors\/?s={search_term_string}\"},\"query-input\":{\"@type\":\"PropertyValueSpecification\",\"valueRequired\":true,\"valueName\":\"search_term_string\"}}],\"inLanguage\":\"fr-FR\"},{\"@type\":\"Person\",\"@id\":\"https:\/\/portail-animation.ufcv.fr\/ateliers-seniors\/#\/schema\/person\/e3920f121b148283c13890813088e2a0\",\"name\":\"adelforge\",\"image\":{\"@type\":\"ImageObject\",\"inLanguage\":\"fr-FR\",\"@id\":\"https:\/\/portail-animation.ufcv.fr\/ateliers-seniors\/#\/schema\/person\/image\/\",\"url\":\"https:\/\/secure.gravatar.com\/avatar\/8207ca5dec2038871f4ea2e2a260a192?s=96&d=mm&r=g\",\"contentUrl\":\"https:\/\/secure.gravatar.com\/avatar\/8207ca5dec2038871f4ea2e2a260a192?s=96&d=mm&r=g\",\"caption\":\"adelforge\"},\"url\":\"https:\/\/portail-animation.ufcv.fr\/ateliers-seniors\/author\/adelforge\/\"}]}<\/script>\r\n<!-- \/ Yoast SEO plugin. -->","yoast_head_json":{"title":"Optimisation de la gestion des op\u00e9rations logistiques \u00e0 l'\u00e8re num\u00e9rique - Ateliers seniors","robots":{"index":"index","follow":"follow","max-snippet":"max-snippet:-1","max-image-preview":"max-image-preview:large","max-video-preview":"max-video-preview:-1"},"canonical":"https:\/\/portail-animation.ufcv.fr\/ateliers-seniors\/2025\/09\/06\/optimisation-de-la-gestion-des-operations-logistiques-a-l-ere-numerique\/","og_locale":"fr_FR","og_type":"article","og_title":"Optimisation de la gestion des op\u00e9rations logistiques \u00e0 l'\u00e8re num\u00e9rique - Ateliers seniors","og_description":"Dans un contexte o\u00f9 la comp\u00e9titivit\u00e9 industrielle se joue de plus en plus sur la rapidit\u00e9, la fiabilit\u00e9 et l&rsquo;efficacit\u00e9 des processus logistiques, les entreprises innovantes cherchent \u00e0 transformer leur gestion op\u00e9rationnelle en int\u00e9grant des solutions technologiques avanc\u00e9es. La digitalisation [&hellip;]","og_url":"https:\/\/portail-animation.ufcv.fr\/ateliers-seniors\/2025\/09\/06\/optimisation-de-la-gestion-des-operations-logistiques-a-l-ere-numerique\/","og_site_name":"Ateliers seniors","article_published_time":"2025-09-06T00:54:17+00:00","article_modified_time":"2026-09-06T00:53:46+00:00","author":"adelforge","twitter_card":"summary_large_image","twitter_misc":{"\u00c9crit par":"adelforge","Dur\u00e9e de lecture estim\u00e9e":"3 minutes"},"schema":{"@context":"https:\/\/schema.org","@graph":[{"@type":"WebPage","@id":"https:\/\/portail-animation.ufcv.fr\/ateliers-seniors\/2025\/09\/06\/optimisation-de-la-gestion-des-operations-logistiques-a-l-ere-numerique\/","url":"https:\/\/portail-animation.ufcv.fr\/ateliers-seniors\/2025\/09\/06\/optimisation-de-la-gestion-des-operations-logistiques-a-l-ere-numerique\/","name":"Optimisation de la gestion des op\u00e9rations logistiques \u00e0 l'\u00e8re num\u00e9rique - Ateliers seniors","isPartOf":{"@id":"https:\/\/portail-animation.ufcv.fr\/ateliers-seniors\/#website"},"datePublished":"2025-09-06T00:54:17+00:00","dateModified":"2026-09-06T00:53:46+00:00","author":{"@id":"https:\/\/portail-animation.ufcv.fr\/ateliers-seniors\/#\/schema\/person\/e3920f121b148283c13890813088e2a0"},"breadcrumb":{"@id":"https:\/\/portail-animation.ufcv.fr\/ateliers-seniors\/2025\/09\/06\/optimisation-de-la-gestion-des-operations-logistiques-a-l-ere-numerique\/#breadcrumb"},"inLanguage":"fr-FR","potentialAction":[{"@type":"ReadAction","target":["https:\/\/portail-animation.ufcv.fr\/ateliers-seniors\/2025\/09\/06\/optimisation-de-la-gestion-des-operations-logistiques-a-l-ere-numerique\/"]}]},{"@type":"BreadcrumbList","@id":"https:\/\/portail-animation.ufcv.fr\/ateliers-seniors\/2025\/09\/06\/optimisation-de-la-gestion-des-operations-logistiques-a-l-ere-numerique\/#breadcrumb","itemListElement":[{"@type":"ListItem","position":1,"name":"Accueil","item":"https:\/\/portail-animation.ufcv.fr\/ateliers-seniors\/"},{"@type":"ListItem","position":2,"name":"Optimisation de la gestion des op\u00e9rations logistiques \u00e0 l&rsquo;\u00e8re num\u00e9rique"}]},{"@type":"WebSite","@id":"https:\/\/portail-animation.ufcv.fr\/ateliers-seniors\/#website","url":"https:\/\/portail-animation.ufcv.fr\/ateliers-seniors\/","name":"Ateliers seniors","description":"Un site utilisant R\u00e9seau Portail Animation","potentialAction":[{"@type":"SearchAction","target":{"@type":"EntryPoint","urlTemplate":"https:\/\/portail-animation.ufcv.fr\/ateliers-seniors\/?s={search_term_string}"},"query-input":{"@type":"PropertyValueSpecification","valueRequired":true,"valueName":"search_term_string"}}],"inLanguage":"fr-FR"},{"@type":"Person","@id":"https:\/\/portail-animation.ufcv.fr\/ateliers-seniors\/#\/schema\/person\/e3920f121b148283c13890813088e2a0","name":"adelforge","image":{"@type":"ImageObject","inLanguage":"fr-FR","@id":"https:\/\/portail-animation.ufcv.fr\/ateliers-seniors\/#\/schema\/person\/image\/","url":"https:\/\/secure.gravatar.com\/avatar\/8207ca5dec2038871f4ea2e2a260a192?s=96&d=mm&r=g","contentUrl":"https:\/\/secure.gravatar.com\/avatar\/8207ca5dec2038871f4ea2e2a260a192?s=96&d=mm&r=g","caption":"adelforge"},"url":"https:\/\/portail-animation.ufcv.fr\/ateliers-seniors\/author\/adelforge\/"}]}},"_links":{"self":[{"href":"https:\/\/portail-animation.ufcv.fr\/ateliers-seniors\/wp-json\/wp\/v2\/posts\/8445","targetHints":{"allow":["GET"]}}],"collection":[{"href":"https:\/\/portail-animation.ufcv.fr\/ateliers-seniors\/wp-json\/wp\/v2\/posts"}],"about":[{"href":"https:\/\/portail-animation.ufcv.fr\/ateliers-seniors\/wp-json\/wp\/v2\/types\/post"}],"author":[{"embeddable":true,"href":"https:\/\/portail-animation.ufcv.fr\/ateliers-seniors\/wp-json\/wp\/v2\/users\/150"}],"replies":[{"embeddable":true,"href":"https:\/\/portail-animation.ufcv.fr\/ateliers-seniors\/wp-json\/wp\/v2\/comments?post=8445"}],"version-history":[{"count":1,"href":"https:\/\/portail-animation.ufcv.fr\/ateliers-seniors\/wp-json\/wp\/v2\/posts\/8445\/revisions"}],"predecessor-version":[{"id":8446,"href":"https:\/\/portail-animation.ufcv.fr\/ateliers-seniors\/wp-json\/wp\/v2\/posts\/8445\/revisions\/8446"}],"wp:attachment":[{"href":"https:\/\/portail-animation.ufcv.fr\/ateliers-seniors\/wp-json\/wp\/v2\/media?parent=8445"}],"wp:term":[{"taxonomy":"category","embeddable":true,"href":"https:\/\/portail-animation.ufcv.fr\/ateliers-seniors\/wp-json\/wp\/v2\/categories?post=8445"},{"taxonomy":"post_tag","embeddable":true,"href":"https:\/\/portail-animation.ufcv.fr\/ateliers-seniors\/wp-json\/wp\/v2\/tags?post=8445"}],"curies":[{"name":"wp","href":"https:\/\/api.w.org\/{rel}","templated":true}]}}