{"id":311,"date":"2024-03-18T14:10:06","date_gmt":"2024-03-18T13:10:06","guid":{"rendered":"https:\/\/portail-animation.ufcv.fr\/periscolaire-maxeville\/?p=311"},"modified":"2024-03-20T17:16:28","modified_gmt":"2024-03-20T16:16:28","slug":"bombes-a-graines-pour-faire-exploser-la-biodiversite","status":"publish","type":"post","link":"https:\/\/portail-animation.ufcv.fr\/periscolaire-maxeville\/2024\/03\/18\/bombes-a-graines-pour-faire-exploser-la-biodiversite\/","title":{"rendered":"Bombes \u00e0 graines pour faire exploser la biodiversit\u00e9"},"content":{"rendered":"\n<p class=\"has-medium-font-size\">Le lundi 11 mars, les petits jardiniers de Moselly ont v\u00e9cu une premi\u00e8re s\u00e9ance d&rsquo;atelier jardinage. Sous la direction d&rsquo;Emilie, intervenante du Jardin de L\u00e9o, ces jeunes explorateurs ont plong\u00e9 dans l&rsquo;univers des bombes \u00e0 graines.<\/p>\n\n\n<div class=\"wp-block-image\">\n<figure class=\"aligncenter size-large\"><img loading=\"lazy\" decoding=\"async\" width=\"576\" height=\"1024\" src=\"https:\/\/portail-animation.ufcv.fr\/periscolaire-maxeville\/wp-content\/uploads\/sites\/252\/2024\/03\/photo_6035046551669293345_y-576x1024.jpg\" alt=\"\" class=\"wp-image-313\" srcset=\"https:\/\/portail-animation.ufcv.fr\/periscolaire-maxeville\/wp-content\/uploads\/sites\/252\/2024\/03\/photo_6035046551669293345_y-576x1024.jpg 576w, https:\/\/portail-animation.ufcv.fr\/periscolaire-maxeville\/wp-content\/uploads\/sites\/252\/2024\/03\/photo_6035046551669293345_y-169x300.jpg 169w, https:\/\/portail-animation.ufcv.fr\/periscolaire-maxeville\/wp-content\/uploads\/sites\/252\/2024\/03\/photo_6035046551669293345_y-45x80.jpg 45w, https:\/\/portail-animation.ufcv.fr\/periscolaire-maxeville\/wp-content\/uploads\/sites\/252\/2024\/03\/photo_6035046551669293345_y-128x227.jpg 128w, https:\/\/portail-animation.ufcv.fr\/periscolaire-maxeville\/wp-content\/uploads\/sites\/252\/2024\/03\/photo_6035046551669293345_y.jpg 720w\" sizes=\"auto, (max-width: 576px) 100vw, 576px\" \/><\/figure><\/div>\n\n\n<p class=\"has-medium-font-size\">Au c\u0153ur de cette aventure p\u00e9dagogique, les enfants ont d\u00e9couvert la magie de la nature \u00e0 travers trois types de graines : le coquelicot, le lin, et le pavot. Guid\u00e9s par Emeline, ils ont appris les secrets de la germination et la pr\u00e9cieuse symbiose entre la terre et les graines.<\/p>\n\n\n<div class=\"wp-block-image\">\n<figure class=\"aligncenter size-full\"><img loading=\"lazy\" decoding=\"async\" width=\"486\" height=\"690\" src=\"https:\/\/portail-animation.ufcv.fr\/periscolaire-maxeville\/wp-content\/uploads\/sites\/252\/2024\/03\/Bombes-a-graines.png\" alt=\"\" class=\"wp-image-312\" srcset=\"https:\/\/portail-animation.ufcv.fr\/periscolaire-maxeville\/wp-content\/uploads\/sites\/252\/2024\/03\/Bombes-a-graines.png 486w, https:\/\/portail-animation.ufcv.fr\/periscolaire-maxeville\/wp-content\/uploads\/sites\/252\/2024\/03\/Bombes-a-graines-211x300.png 211w, https:\/\/portail-animation.ufcv.fr\/periscolaire-maxeville\/wp-content\/uploads\/sites\/252\/2024\/03\/Bombes-a-graines-56x80.png 56w, https:\/\/portail-animation.ufcv.fr\/periscolaire-maxeville\/wp-content\/uploads\/sites\/252\/2024\/03\/Bombes-a-graines-160x227.png 160w\" sizes=\"auto, (max-width: 486px) 100vw, 486px\" \/><\/figure><\/div>\n\n\n<p class=\"has-medium-font-size\">Les petites mains se sont occup\u00e9es de fabriquer des bombes \u00e0 graines, m\u00ealant avec soin les diff\u00e9rents types de semences. <\/p>\n\n\n\n<p class=\"has-medium-font-size\">Sous le regard \u00e9merveill\u00e9 des enfants, Emelie a partag\u00e9 ses connaissances, transformant cette s\u00e9ance en une exp\u00e9rience \u00e9ducative et ludique.<\/p>\n\n\n\n<p class=\"has-medium-font-size\"><\/p>\n","protected":false},"excerpt":{"rendered":"<p>Le lundi 11 mars, les petits jardiniers de Moselly ont v\u00e9cu une premi\u00e8re s\u00e9ance d&rsquo;atelier jardinage. Sous la direction d&rsquo;Emilie, intervenante du Jardin de L\u00e9o, ces jeunes explorateurs ont plong\u00e9 dans l&rsquo;univers des bombes \u00e0 graines. Au c\u0153ur de cette [&hellip;]<\/p>\n","protected":false},"author":225,"featured_media":0,"comment_status":"open","ping_status":"open","sticky":false,"template":"","format":"standard","meta":{"_acf_changed":false,"footnotes":""},"categories":[1],"tags":[],"class_list":["post-311","post","type-post","status-publish","format-standard","hentry","category-mos"],"acf":[],"yoast_head":"<!-- This site is optimized with the Yoast SEO plugin v23.9 - https:\/\/yoast.com\/wordpress\/plugins\/seo\/ -->\r\n<title>Bombes \u00e0 graines pour faire exploser la biodiversit\u00e9 - Max Anim<\/title>\r\n<meta name=\"robots\" content=\"index, follow, max-snippet:-1, max-image-preview:large, max-video-preview:-1\" \/>\r\n<link rel=\"canonical\" href=\"https:\/\/portail-animation.ufcv.fr\/periscolaire-maxeville\/2024\/03\/18\/bombes-a-graines-pour-faire-exploser-la-biodiversite\/\" \/>\r\n<meta property=\"og:locale\" content=\"fr_FR\" \/>\r\n<meta property=\"og:type\" content=\"article\" \/>\r\n<meta property=\"og:title\" content=\"Bombes \u00e0 graines pour faire exploser la biodiversit\u00e9 - Max Anim\" \/>\r\n<meta property=\"og:description\" content=\"Le lundi 11 mars, les petits jardiniers de Moselly ont v\u00e9cu une premi\u00e8re s\u00e9ance d&rsquo;atelier jardinage. Sous la direction d&rsquo;Emilie, intervenante du Jardin de L\u00e9o, ces jeunes explorateurs ont plong\u00e9 dans l&rsquo;univers des bombes \u00e0 graines. Au c\u0153ur de cette [&hellip;]\" \/>\r\n<meta property=\"og:url\" content=\"https:\/\/portail-animation.ufcv.fr\/periscolaire-maxeville\/2024\/03\/18\/bombes-a-graines-pour-faire-exploser-la-biodiversite\/\" \/>\r\n<meta property=\"og:site_name\" content=\"Max Anim\" \/>\r\n<meta property=\"article:published_time\" content=\"2024-03-18T13:10:06+00:00\" \/>\r\n<meta property=\"article:modified_time\" content=\"2024-03-20T16:16:28+00:00\" \/>\r\n<meta property=\"og:image\" content=\"https:\/\/portail-animation.ufcv.fr\/periscolaire-maxeville\/wp-content\/uploads\/sites\/252\/2024\/03\/photo_6035046551669293345_y-576x1024.jpg\" \/>\r\n<meta name=\"author\" content=\"bloucif\" \/>\r\n<meta name=\"twitter:card\" content=\"summary_large_image\" \/>\r\n<meta name=\"twitter:label1\" content=\"\u00c9crit par\" \/>\n\t<meta name=\"twitter:data1\" content=\"bloucif\" \/>\n\t<meta name=\"twitter:label2\" content=\"Dur\u00e9e de lecture estim\u00e9e\" \/>\n\t<meta name=\"twitter:data2\" content=\"2 minutes\" \/>\r\n<script type=\"application\/ld+json\" class=\"yoast-schema-graph\">{\"@context\":\"https:\/\/schema.org\",\"@graph\":[{\"@type\":\"WebPage\",\"@id\":\"https:\/\/portail-animation.ufcv.fr\/periscolaire-maxeville\/2024\/03\/18\/bombes-a-graines-pour-faire-exploser-la-biodiversite\/\",\"url\":\"https:\/\/portail-animation.ufcv.fr\/periscolaire-maxeville\/2024\/03\/18\/bombes-a-graines-pour-faire-exploser-la-biodiversite\/\",\"name\":\"Bombes \u00e0 graines pour faire exploser la biodiversit\u00e9 - Max Anim\",\"isPartOf\":{\"@id\":\"https:\/\/portail-animation.ufcv.fr\/periscolaire-maxeville\/#website\"},\"primaryImageOfPage\":{\"@id\":\"https:\/\/portail-animation.ufcv.fr\/periscolaire-maxeville\/2024\/03\/18\/bombes-a-graines-pour-faire-exploser-la-biodiversite\/#primaryimage\"},\"image\":{\"@id\":\"https:\/\/portail-animation.ufcv.fr\/periscolaire-maxeville\/2024\/03\/18\/bombes-a-graines-pour-faire-exploser-la-biodiversite\/#primaryimage\"},\"thumbnailUrl\":\"https:\/\/portail-animation.ufcv.fr\/periscolaire-maxeville\/wp-content\/uploads\/sites\/252\/2024\/03\/photo_6035046551669293345_y-576x1024.jpg\",\"datePublished\":\"2024-03-18T13:10:06+00:00\",\"dateModified\":\"2024-03-20T16:16:28+00:00\",\"author\":{\"@id\":\"https:\/\/portail-animation.ufcv.fr\/periscolaire-maxeville\/#\/schema\/person\/89ace4a814d580bf5e620717c3f7454b\"},\"breadcrumb\":{\"@id\":\"https:\/\/portail-animation.ufcv.fr\/periscolaire-maxeville\/2024\/03\/18\/bombes-a-graines-pour-faire-exploser-la-biodiversite\/#breadcrumb\"},\"inLanguage\":\"fr-FR\",\"potentialAction\":[{\"@type\":\"ReadAction\",\"target\":[\"https:\/\/portail-animation.ufcv.fr\/periscolaire-maxeville\/2024\/03\/18\/bombes-a-graines-pour-faire-exploser-la-biodiversite\/\"]}]},{\"@type\":\"ImageObject\",\"inLanguage\":\"fr-FR\",\"@id\":\"https:\/\/portail-animation.ufcv.fr\/periscolaire-maxeville\/2024\/03\/18\/bombes-a-graines-pour-faire-exploser-la-biodiversite\/#primaryimage\",\"url\":\"https:\/\/portail-animation.ufcv.fr\/periscolaire-maxeville\/wp-content\/uploads\/sites\/252\/2024\/03\/photo_6035046551669293345_y.jpg\",\"contentUrl\":\"https:\/\/portail-animation.ufcv.fr\/periscolaire-maxeville\/wp-content\/uploads\/sites\/252\/2024\/03\/photo_6035046551669293345_y.jpg\",\"width\":720,\"height\":1280},{\"@type\":\"BreadcrumbList\",\"@id\":\"https:\/\/portail-animation.ufcv.fr\/periscolaire-maxeville\/2024\/03\/18\/bombes-a-graines-pour-faire-exploser-la-biodiversite\/#breadcrumb\",\"itemListElement\":[{\"@type\":\"ListItem\",\"position\":1,\"name\":\"Accueil\",\"item\":\"https:\/\/portail-animation.ufcv.fr\/periscolaire-maxeville\/\"},{\"@type\":\"ListItem\",\"position\":2,\"name\":\"Bombes \u00e0 graines pour faire exploser la biodiversit\u00e9\"}]},{\"@type\":\"WebSite\",\"@id\":\"https:\/\/portail-animation.ufcv.fr\/periscolaire-maxeville\/#website\",\"url\":\"https:\/\/portail-animation.ufcv.fr\/periscolaire-maxeville\/\",\"name\":\"Max Anim\",\"description\":\"Un site utilisant R\u00e9seau Portail Animation\",\"potentialAction\":[{\"@type\":\"SearchAction\",\"target\":{\"@type\":\"EntryPoint\",\"urlTemplate\":\"https:\/\/portail-animation.ufcv.fr\/periscolaire-maxeville\/?s={search_term_string}\"},\"query-input\":{\"@type\":\"PropertyValueSpecification\",\"valueRequired\":true,\"valueName\":\"search_term_string\"}}],\"inLanguage\":\"fr-FR\"},{\"@type\":\"Person\",\"@id\":\"https:\/\/portail-animation.ufcv.fr\/periscolaire-maxeville\/#\/schema\/person\/89ace4a814d580bf5e620717c3f7454b\",\"name\":\"bloucif\",\"image\":{\"@type\":\"ImageObject\",\"inLanguage\":\"fr-FR\",\"@id\":\"https:\/\/portail-animation.ufcv.fr\/periscolaire-maxeville\/#\/schema\/person\/image\/\",\"url\":\"https:\/\/secure.gravatar.com\/avatar\/4cedc024b6c2bfd9e825072e7278fa7f?s=96&d=mm&r=g\",\"contentUrl\":\"https:\/\/secure.gravatar.com\/avatar\/4cedc024b6c2bfd9e825072e7278fa7f?s=96&d=mm&r=g\",\"caption\":\"bloucif\"},\"url\":\"https:\/\/portail-animation.ufcv.fr\/periscolaire-maxeville\/author\/bloucif\/\"}]}<\/script>\r\n<!-- \/ Yoast SEO plugin. -->","yoast_head_json":{"title":"Bombes \u00e0 graines pour faire exploser la biodiversit\u00e9 - Max Anim","robots":{"index":"index","follow":"follow","max-snippet":"max-snippet:-1","max-image-preview":"max-image-preview:large","max-video-preview":"max-video-preview:-1"},"canonical":"https:\/\/portail-animation.ufcv.fr\/periscolaire-maxeville\/2024\/03\/18\/bombes-a-graines-pour-faire-exploser-la-biodiversite\/","og_locale":"fr_FR","og_type":"article","og_title":"Bombes \u00e0 graines pour faire exploser la biodiversit\u00e9 - Max Anim","og_description":"Le lundi 11 mars, les petits jardiniers de Moselly ont v\u00e9cu une premi\u00e8re s\u00e9ance d&rsquo;atelier jardinage. Sous la direction d&rsquo;Emilie, intervenante du Jardin de L\u00e9o, ces jeunes explorateurs ont plong\u00e9 dans l&rsquo;univers des bombes \u00e0 graines. Au c\u0153ur de cette [&hellip;]","og_url":"https:\/\/portail-animation.ufcv.fr\/periscolaire-maxeville\/2024\/03\/18\/bombes-a-graines-pour-faire-exploser-la-biodiversite\/","og_site_name":"Max Anim","article_published_time":"2024-03-18T13:10:06+00:00","article_modified_time":"2024-03-20T16:16:28+00:00","og_image":[{"url":"https:\/\/portail-animation.ufcv.fr\/periscolaire-maxeville\/wp-content\/uploads\/sites\/252\/2024\/03\/photo_6035046551669293345_y-576x1024.jpg"}],"author":"bloucif","twitter_card":"summary_large_image","twitter_misc":{"\u00c9crit par":"bloucif","Dur\u00e9e de lecture estim\u00e9e":"2 minutes"},"schema":{"@context":"https:\/\/schema.org","@graph":[{"@type":"WebPage","@id":"https:\/\/portail-animation.ufcv.fr\/periscolaire-maxeville\/2024\/03\/18\/bombes-a-graines-pour-faire-exploser-la-biodiversite\/","url":"https:\/\/portail-animation.ufcv.fr\/periscolaire-maxeville\/2024\/03\/18\/bombes-a-graines-pour-faire-exploser-la-biodiversite\/","name":"Bombes \u00e0 graines pour faire exploser la biodiversit\u00e9 - Max Anim","isPartOf":{"@id":"https:\/\/portail-animation.ufcv.fr\/periscolaire-maxeville\/#website"},"primaryImageOfPage":{"@id":"https:\/\/portail-animation.ufcv.fr\/periscolaire-maxeville\/2024\/03\/18\/bombes-a-graines-pour-faire-exploser-la-biodiversite\/#primaryimage"},"image":{"@id":"https:\/\/portail-animation.ufcv.fr\/periscolaire-maxeville\/2024\/03\/18\/bombes-a-graines-pour-faire-exploser-la-biodiversite\/#primaryimage"},"thumbnailUrl":"https:\/\/portail-animation.ufcv.fr\/periscolaire-maxeville\/wp-content\/uploads\/sites\/252\/2024\/03\/photo_6035046551669293345_y-576x1024.jpg","datePublished":"2024-03-18T13:10:06+00:00","dateModified":"2024-03-20T16:16:28+00:00","author":{"@id":"https:\/\/portail-animation.ufcv.fr\/periscolaire-maxeville\/#\/schema\/person\/89ace4a814d580bf5e620717c3f7454b"},"breadcrumb":{"@id":"https:\/\/portail-animation.ufcv.fr\/periscolaire-maxeville\/2024\/03\/18\/bombes-a-graines-pour-faire-exploser-la-biodiversite\/#breadcrumb"},"inLanguage":"fr-FR","potentialAction":[{"@type":"ReadAction","target":["https:\/\/portail-animation.ufcv.fr\/periscolaire-maxeville\/2024\/03\/18\/bombes-a-graines-pour-faire-exploser-la-biodiversite\/"]}]},{"@type":"ImageObject","inLanguage":"fr-FR","@id":"https:\/\/portail-animation.ufcv.fr\/periscolaire-maxeville\/2024\/03\/18\/bombes-a-graines-pour-faire-exploser-la-biodiversite\/#primaryimage","url":"https:\/\/portail-animation.ufcv.fr\/periscolaire-maxeville\/wp-content\/uploads\/sites\/252\/2024\/03\/photo_6035046551669293345_y.jpg","contentUrl":"https:\/\/portail-animation.ufcv.fr\/periscolaire-maxeville\/wp-content\/uploads\/sites\/252\/2024\/03\/photo_6035046551669293345_y.jpg","width":720,"height":1280},{"@type":"BreadcrumbList","@id":"https:\/\/portail-animation.ufcv.fr\/periscolaire-maxeville\/2024\/03\/18\/bombes-a-graines-pour-faire-exploser-la-biodiversite\/#breadcrumb","itemListElement":[{"@type":"ListItem","position":1,"name":"Accueil","item":"https:\/\/portail-animation.ufcv.fr\/periscolaire-maxeville\/"},{"@type":"ListItem","position":2,"name":"Bombes \u00e0 graines pour faire exploser la biodiversit\u00e9"}]},{"@type":"WebSite","@id":"https:\/\/portail-animation.ufcv.fr\/periscolaire-maxeville\/#website","url":"https:\/\/portail-animation.ufcv.fr\/periscolaire-maxeville\/","name":"Max Anim","description":"Un site utilisant R\u00e9seau Portail Animation","potentialAction":[{"@type":"SearchAction","target":{"@type":"EntryPoint","urlTemplate":"https:\/\/portail-animation.ufcv.fr\/periscolaire-maxeville\/?s={search_term_string}"},"query-input":{"@type":"PropertyValueSpecification","valueRequired":true,"valueName":"search_term_string"}}],"inLanguage":"fr-FR"},{"@type":"Person","@id":"https:\/\/portail-animation.ufcv.fr\/periscolaire-maxeville\/#\/schema\/person\/89ace4a814d580bf5e620717c3f7454b","name":"bloucif","image":{"@type":"ImageObject","inLanguage":"fr-FR","@id":"https:\/\/portail-animation.ufcv.fr\/periscolaire-maxeville\/#\/schema\/person\/image\/","url":"https:\/\/secure.gravatar.com\/avatar\/4cedc024b6c2bfd9e825072e7278fa7f?s=96&d=mm&r=g","contentUrl":"https:\/\/secure.gravatar.com\/avatar\/4cedc024b6c2bfd9e825072e7278fa7f?s=96&d=mm&r=g","caption":"bloucif"},"url":"https:\/\/portail-animation.ufcv.fr\/periscolaire-maxeville\/author\/bloucif\/"}]}},"_links":{"self":[{"href":"https:\/\/portail-animation.ufcv.fr\/periscolaire-maxeville\/wp-json\/wp\/v2\/posts\/311","targetHints":{"allow":["GET"]}}],"collection":[{"href":"https:\/\/portail-animation.ufcv.fr\/periscolaire-maxeville\/wp-json\/wp\/v2\/posts"}],"about":[{"href":"https:\/\/portail-animation.ufcv.fr\/periscolaire-maxeville\/wp-json\/wp\/v2\/types\/post"}],"author":[{"embeddable":true,"href":"https:\/\/portail-animation.ufcv.fr\/periscolaire-maxeville\/wp-json\/wp\/v2\/users\/225"}],"replies":[{"embeddable":true,"href":"https:\/\/portail-animation.ufcv.fr\/periscolaire-maxeville\/wp-json\/wp\/v2\/comments?post=311"}],"version-history":[{"count":3,"href":"https:\/\/portail-animation.ufcv.fr\/periscolaire-maxeville\/wp-json\/wp\/v2\/posts\/311\/revisions"}],"predecessor-version":[{"id":347,"href":"https:\/\/portail-animation.ufcv.fr\/periscolaire-maxeville\/wp-json\/wp\/v2\/posts\/311\/revisions\/347"}],"wp:attachment":[{"href":"https:\/\/portail-animation.ufcv.fr\/periscolaire-maxeville\/wp-json\/wp\/v2\/media?parent=311"}],"wp:term":[{"taxonomy":"category","embeddable":true,"href":"https:\/\/portail-animation.ufcv.fr\/periscolaire-maxeville\/wp-json\/wp\/v2\/categories?post=311"},{"taxonomy":"post_tag","embeddable":true,"href":"https:\/\/portail-animation.ufcv.fr\/periscolaire-maxeville\/wp-json\/wp\/v2\/tags?post=311"}],"curies":[{"name":"wp","href":"https:\/\/api.w.org\/{rel}","templated":true}]}}